{"id":478,"date":"2008-09-28T23:52:10","date_gmt":"2008-09-28T23:52:10","guid":{"rendered":"http:\/\/blogs.thesocialmedia.com\/leblogmoto\/2008\/09\/28\/un-communiqu-de\/"},"modified":"2012-07-11T16:23:38","modified_gmt":"2012-07-11T16:23:38","slug":"un-communiqu-de","status":"publish","type":"post","link":"https:\/\/blogs.thesocialmedia.com\/leblogmoto\/2008\/09\/28\/un-communiqu-de\/","title":{"rendered":"Un communiqu\u00e9 de la FIM confirme le manufacturier unique en 2009."},"content":{"rendered":"<p><a href=\"http:\/\/blogs.thesocialmedia.com\/leblogmoto\/files\/2012\/07\/moto_motogp_press_release_fim.jpg\"><img loading=\"lazy\" decoding=\"async\" height=\"605\"  width=\"470\" src=\"http:\/\/www.leblogmoto.com\/images\/2008\/09\/28\/moto_motogp_press_release_fim.jpg\" alt=\"Moto_motogp_press_release_fim\" \/><\/a><\/p>\n<p>Comme nous l&rsquo;envisagions avant l&rsquo;\u00e9preuve, la FIM r\u00e9unie en Commission \u00e0 Motegi en parall\u00e8le du Grand Prix, a d\u00e9cid\u00e9 de franchir le pas &#8211; ce qu&rsquo;elle ne <a href=\"http:\/\/www.leblogmoto.com\/2007\/10\/il-ny-aura-pas-.html\">s&rsquo;\u00e9tait pas autoris\u00e9e<\/a> \u00e0 faire l&rsquo;ann\u00e9e pr\u00e9c\u00e9dente &#8211; en optant pour le &quot;mono-marque&quot;, l&rsquo;\u00e9quipementier unique, pour l&rsquo;ann\u00e9e prochaine dans la classe MotoGP. Elle \u00e9voque des raisons \u00e9conomique et de s\u00e9curit\u00e9, passant sur l&rsquo;am\u00e9lioration des performances n\u00e9e de l&rsquo;\u00e9mulation entre fournisseurs. Ironie du sort, l&rsquo;\u00e9preuve japonaise de ce week-end a vu le couronnement de Valentino Rossi, sur lequel nous reviendrons d\u00e8s demain, un champion dont le passage de Michelin \u00e0 Bridgestone avait fait couler beaucoup d&rsquo;encre (et <a href=\"http:\/\/www.leblogmoto.com\/2007\/11\/voici-limage-qu.html\">chauffer<\/a> nos grands doigts sur les claviers). C&rsquo;est aussi <a href=\"http:\/\/www.leblogmoto.com\/2008\/06\/pendant-vingt-c.html\">Dani Pedrosa<\/a> qui compl\u00e8te le podium nippon, lui qui changea de manufacturier en plein milieu de la saison, avec des Auvergnats qui se retrouv\u00e8rent encore fanny. Pire pour les Clermontois, le podium est \u00e0 100% Bridge avec Stoner. Nul doute que certains parmi Ezpeleta, Poncharal et consorts y ont vu une validation par la piste de leur d\u00e9cision prise dans les pi\u00e8ces calfeutr\u00e9es. A partir&#8230; <\/p>\n<p>&#8230;de ce dimanche les appels d&rsquo;offre courent jusqu&rsquo;au 3 octobre \u00e0 minuit, et l&rsquo;annonce officielle du fournisseur sera faite le 18 octobre <em>au plus tard<\/em>. On se souvient que lors du m\u00eame \u00e9pisode en Formule 1, discipline qui a fini par c\u00e9der aux sir\u00e8nes de Bridgestone, dont le <em>Potenza<\/em> s&rsquo;affiche sur les flancs des pneus de tout le plateau, Michelin avait dit ne pas \u00eatre int\u00e9ress\u00e9 par l&rsquo;absence de concurrence au sommet. Le MotoGP va donc rejoindre le Superbike avec Pirelli dans l&rsquo;uniformisation des gommes. Et vu l&rsquo;attitude pr\u00e9c\u00e9dente de Bibendum et le fait que Bridgestone \u00e9quipe actuellement les deux tiers des teams, il y a de grandes chances que ces gommes soient japonaises.<\/p>\n","protected":false},"excerpt":{"rendered":"<p>Comme nous l&rsquo;envisagions avant l&rsquo;\u00e9preuve, la FIM r\u00e9unie en Commission \u00e0 Motegi en parall\u00e8le du Grand Prix, a d\u00e9cid\u00e9 de franchir le pas &#8211; ce qu&rsquo;elle ne s&rsquo;\u00e9tait pas autoris\u00e9e \u00e0 faire l&rsquo;ann\u00e9e pr\u00e9c\u00e9dente &#8211; en optant pour le &quot;mono-marque&quot;, l&rsquo;\u00e9quipementier unique, pour l&rsquo;ann\u00e9e prochaine dans la classe MotoGP. Elle \u00e9voque des raisons \u00e9conomique et [&hellip;]<\/p>\n","protected":false},"author":324,"featured_media":0,"comment_status":"open","ping_status":"open","sticky":false,"template":"","format":"standard","meta":{"footnotes":""},"categories":[3,22,32],"tags":[],"class_list":["post-478","post","type-post","status-publish","format-standard","hentry","category-actualite","category-motogp","category-sport-moto"],"yoast_head":"<!-- This site is optimized with the Yoast SEO plugin v26.0 - https:\/\/yoast.com\/wordpress\/plugins\/seo\/ -->\n<title>Un communiqu\u00e9 de la FIM confirme le manufacturier unique en 2009. - leblogmoto.com<\/title>\n<meta name=\"robots\" content=\"index, follow, max-snippet:-1, max-image-preview:large, max-video-preview:-1\" \/>\n<link rel=\"canonical\" href=\"https:\/\/blogs.thesocialmedia.com\/leblogmoto\/2008\/09\/28\/un-communiqu-de\/\" \/>\n<meta name=\"twitter:card\" content=\"summary_large_image\" \/>\n<meta name=\"twitter:title\" content=\"Un communiqu\u00e9 de la FIM confirme le manufacturier unique en 2009. - leblogmoto.com\" \/>\n<meta name=\"twitter:description\" content=\"Comme nous l&rsquo;envisagions avant l&rsquo;\u00e9preuve, la FIM r\u00e9unie en Commission \u00e0 Motegi en parall\u00e8le du Grand Prix, a d\u00e9cid\u00e9 de franchir le pas &#8211; ce qu&rsquo;elle ne s&rsquo;\u00e9tait pas autoris\u00e9e \u00e0 faire l&rsquo;ann\u00e9e pr\u00e9c\u00e9dente &#8211; en optant pour le &quot;mono-marque&quot;, l&rsquo;\u00e9quipementier unique, pour l&rsquo;ann\u00e9e prochaine dans la classe MotoGP. Elle \u00e9voque des raisons \u00e9conomique et [&hellip;]\" \/>\n<meta name=\"twitter:image\" content=\"http:\/\/www.leblogmoto.com\/images\/2008\/09\/28\/moto_motogp_press_release_fim.jpg\" \/>\n<meta name=\"twitter:label1\" content=\"\u00c9crit par\" \/>\n\t<meta name=\"twitter:data1\" content=\"benoit rieu\" \/>\n\t<meta name=\"twitter:label2\" content=\"Dur\u00e9e de lecture estim\u00e9e\" \/>\n\t<meta name=\"twitter:data2\" content=\"2 minutes\" \/>\n<script type=\"application\/ld+json\" class=\"yoast-schema-graph\">{\"@context\":\"https:\/\/schema.org\",\"@graph\":[{\"@type\":\"WebPage\",\"@id\":\"https:\/\/blogs.thesocialmedia.com\/leblogmoto\/2008\/09\/28\/un-communiqu-de\/\",\"url\":\"https:\/\/blogs.thesocialmedia.com\/leblogmoto\/2008\/09\/28\/un-communiqu-de\/\",\"name\":\"Un communiqu\u00e9 de la FIM confirme le manufacturier unique en 2009. - leblogmoto.com\",\"isPartOf\":{\"@id\":\"https:\/\/blogs.thesocialmedia.com\/leblogmoto\/#website\"},\"primaryImageOfPage\":{\"@id\":\"https:\/\/blogs.thesocialmedia.com\/leblogmoto\/2008\/09\/28\/un-communiqu-de\/#primaryimage\"},\"image\":{\"@id\":\"https:\/\/blogs.thesocialmedia.com\/leblogmoto\/2008\/09\/28\/un-communiqu-de\/#primaryimage\"},\"thumbnailUrl\":\"http:\/\/www.leblogmoto.com\/images\/2008\/09\/28\/moto_motogp_press_release_fim.jpg\",\"datePublished\":\"2008-09-28T23:52:10+00:00\",\"dateModified\":\"2012-07-11T16:23:38+00:00\",\"author\":{\"@id\":\"https:\/\/blogs.thesocialmedia.com\/leblogmoto\/#\/schema\/person\/18bfe773e5725ed6d24f743da805362a\"},\"breadcrumb\":{\"@id\":\"https:\/\/blogs.thesocialmedia.com\/leblogmoto\/2008\/09\/28\/un-communiqu-de\/#breadcrumb\"},\"inLanguage\":\"fr-FR\",\"potentialAction\":[{\"@type\":\"ReadAction\",\"target\":[\"https:\/\/blogs.thesocialmedia.com\/leblogmoto\/2008\/09\/28\/un-communiqu-de\/\"]}]},{\"@type\":\"ImageObject\",\"inLanguage\":\"fr-FR\",\"@id\":\"https:\/\/blogs.thesocialmedia.com\/leblogmoto\/2008\/09\/28\/un-communiqu-de\/#primaryimage\",\"url\":\"http:\/\/www.leblogmoto.com\/images\/2008\/09\/28\/moto_motogp_press_release_fim.jpg\",\"contentUrl\":\"http:\/\/www.leblogmoto.com\/images\/2008\/09\/28\/moto_motogp_press_release_fim.jpg\"},{\"@type\":\"BreadcrumbList\",\"@id\":\"https:\/\/blogs.thesocialmedia.com\/leblogmoto\/2008\/09\/28\/un-communiqu-de\/#breadcrumb\",\"itemListElement\":[{\"@type\":\"ListItem\",\"position\":1,\"name\":\"Accueil\",\"item\":\"https:\/\/blogs.thesocialmedia.com\/leblogmoto\/\"},{\"@type\":\"ListItem\",\"position\":2,\"name\":\"Un communiqu\u00e9 de la FIM confirme le manufacturier unique en 2009.\"}]},{\"@type\":\"WebSite\",\"@id\":\"https:\/\/blogs.thesocialmedia.com\/leblogmoto\/#website\",\"url\":\"https:\/\/blogs.thesocialmedia.com\/leblogmoto\/\",\"name\":\"leblogmoto\",\"description\":\"Toute l&#039;actualit\u00e9 des 2 roues\",\"potentialAction\":[{\"@type\":\"SearchAction\",\"target\":{\"@type\":\"EntryPoint\",\"urlTemplate\":\"https:\/\/blogs.thesocialmedia.com\/leblogmoto\/?s={search_term_string}\"},\"query-input\":{\"@type\":\"PropertyValueSpecification\",\"valueRequired\":true,\"valueName\":\"search_term_string\"}}],\"inLanguage\":\"fr-FR\"},{\"@type\":\"Person\",\"@id\":\"https:\/\/blogs.thesocialmedia.com\/leblogmoto\/#\/schema\/person\/18bfe773e5725ed6d24f743da805362a\",\"name\":\"benoit rieu\",\"image\":{\"@type\":\"ImageObject\",\"inLanguage\":\"fr-FR\",\"@id\":\"https:\/\/blogs.thesocialmedia.com\/leblogmoto\/#\/schema\/person\/image\/\",\"url\":\"https:\/\/secure.gravatar.com\/avatar\/?s=96&d=mm&r=g\",\"contentUrl\":\"https:\/\/secure.gravatar.com\/avatar\/?s=96&d=mm&r=g\",\"caption\":\"benoit rieu\"},\"url\":\"https:\/\/blogs.thesocialmedia.com\/leblogmoto\/author\/benoit-rieu\/\"}]}<\/script>\n<!-- \/ Yoast SEO plugin. -->","yoast_head_json":{"title":"Un communiqu\u00e9 de la FIM confirme le manufacturier unique en 2009. - leblogmoto.com","robots":{"index":"index","follow":"follow","max-snippet":"max-snippet:-1","max-image-preview":"max-image-preview:large","max-video-preview":"max-video-preview:-1"},"canonical":"https:\/\/blogs.thesocialmedia.com\/leblogmoto\/2008\/09\/28\/un-communiqu-de\/","twitter_card":"summary_large_image","twitter_title":"Un communiqu\u00e9 de la FIM confirme le manufacturier unique en 2009. - leblogmoto.com","twitter_description":"Comme nous l&rsquo;envisagions avant l&rsquo;\u00e9preuve, la FIM r\u00e9unie en Commission \u00e0 Motegi en parall\u00e8le du Grand Prix, a d\u00e9cid\u00e9 de franchir le pas &#8211; ce qu&rsquo;elle ne s&rsquo;\u00e9tait pas autoris\u00e9e \u00e0 faire l&rsquo;ann\u00e9e pr\u00e9c\u00e9dente &#8211; en optant pour le &quot;mono-marque&quot;, l&rsquo;\u00e9quipementier unique, pour l&rsquo;ann\u00e9e prochaine dans la classe MotoGP. Elle \u00e9voque des raisons \u00e9conomique et [&hellip;]","twitter_image":"http:\/\/www.leblogmoto.com\/images\/2008\/09\/28\/moto_motogp_press_release_fim.jpg","twitter_misc":{"\u00c9crit par":"benoit rieu","Dur\u00e9e de lecture estim\u00e9e":"2 minutes"},"schema":{"@context":"https:\/\/schema.org","@graph":[{"@type":"WebPage","@id":"https:\/\/blogs.thesocialmedia.com\/leblogmoto\/2008\/09\/28\/un-communiqu-de\/","url":"https:\/\/blogs.thesocialmedia.com\/leblogmoto\/2008\/09\/28\/un-communiqu-de\/","name":"Un communiqu\u00e9 de la FIM confirme le manufacturier unique en 2009. - leblogmoto.com","isPartOf":{"@id":"https:\/\/blogs.thesocialmedia.com\/leblogmoto\/#website"},"primaryImageOfPage":{"@id":"https:\/\/blogs.thesocialmedia.com\/leblogmoto\/2008\/09\/28\/un-communiqu-de\/#primaryimage"},"image":{"@id":"https:\/\/blogs.thesocialmedia.com\/leblogmoto\/2008\/09\/28\/un-communiqu-de\/#primaryimage"},"thumbnailUrl":"http:\/\/www.leblogmoto.com\/images\/2008\/09\/28\/moto_motogp_press_release_fim.jpg","datePublished":"2008-09-28T23:52:10+00:00","dateModified":"2012-07-11T16:23:38+00:00","author":{"@id":"https:\/\/blogs.thesocialmedia.com\/leblogmoto\/#\/schema\/person\/18bfe773e5725ed6d24f743da805362a"},"breadcrumb":{"@id":"https:\/\/blogs.thesocialmedia.com\/leblogmoto\/2008\/09\/28\/un-communiqu-de\/#breadcrumb"},"inLanguage":"fr-FR","potentialAction":[{"@type":"ReadAction","target":["https:\/\/blogs.thesocialmedia.com\/leblogmoto\/2008\/09\/28\/un-communiqu-de\/"]}]},{"@type":"ImageObject","inLanguage":"fr-FR","@id":"https:\/\/blogs.thesocialmedia.com\/leblogmoto\/2008\/09\/28\/un-communiqu-de\/#primaryimage","url":"http:\/\/www.leblogmoto.com\/images\/2008\/09\/28\/moto_motogp_press_release_fim.jpg","contentUrl":"http:\/\/www.leblogmoto.com\/images\/2008\/09\/28\/moto_motogp_press_release_fim.jpg"},{"@type":"BreadcrumbList","@id":"https:\/\/blogs.thesocialmedia.com\/leblogmoto\/2008\/09\/28\/un-communiqu-de\/#breadcrumb","itemListElement":[{"@type":"ListItem","position":1,"name":"Accueil","item":"https:\/\/blogs.thesocialmedia.com\/leblogmoto\/"},{"@type":"ListItem","position":2,"name":"Un communiqu\u00e9 de la FIM confirme le manufacturier unique en 2009."}]},{"@type":"WebSite","@id":"https:\/\/blogs.thesocialmedia.com\/leblogmoto\/#website","url":"https:\/\/blogs.thesocialmedia.com\/leblogmoto\/","name":"leblogmoto","description":"Toute l&#039;actualit\u00e9 des 2 roues","potentialAction":[{"@type":"SearchAction","target":{"@type":"EntryPoint","urlTemplate":"https:\/\/blogs.thesocialmedia.com\/leblogmoto\/?s={search_term_string}"},"query-input":{"@type":"PropertyValueSpecification","valueRequired":true,"valueName":"search_term_string"}}],"inLanguage":"fr-FR"},{"@type":"Person","@id":"https:\/\/blogs.thesocialmedia.com\/leblogmoto\/#\/schema\/person\/18bfe773e5725ed6d24f743da805362a","name":"benoit rieu","image":{"@type":"ImageObject","inLanguage":"fr-FR","@id":"https:\/\/blogs.thesocialmedia.com\/leblogmoto\/#\/schema\/person\/image\/","url":"https:\/\/secure.gravatar.com\/avatar\/?s=96&d=mm&r=g","contentUrl":"https:\/\/secure.gravatar.com\/avatar\/?s=96&d=mm&r=g","caption":"benoit rieu"},"url":"https:\/\/blogs.thesocialmedia.com\/leblogmoto\/author\/benoit-rieu\/"}]}},"_links":{"self":[{"href":"https:\/\/blogs.thesocialmedia.com\/leblogmoto\/wp-json\/wp\/v2\/posts\/478","targetHints":{"allow":["GET"]}}],"collection":[{"href":"https:\/\/blogs.thesocialmedia.com\/leblogmoto\/wp-json\/wp\/v2\/posts"}],"about":[{"href":"https:\/\/blogs.thesocialmedia.com\/leblogmoto\/wp-json\/wp\/v2\/types\/post"}],"author":[{"embeddable":true,"href":"https:\/\/blogs.thesocialmedia.com\/leblogmoto\/wp-json\/wp\/v2\/users\/324"}],"replies":[{"embeddable":true,"href":"https:\/\/blogs.thesocialmedia.com\/leblogmoto\/wp-json\/wp\/v2\/comments?post=478"}],"version-history":[{"count":2,"href":"https:\/\/blogs.thesocialmedia.com\/leblogmoto\/wp-json\/wp\/v2\/posts\/478\/revisions"}],"predecessor-version":[{"id":11749,"href":"https:\/\/blogs.thesocialmedia.com\/leblogmoto\/wp-json\/wp\/v2\/posts\/478\/revisions\/11749"}],"wp:attachment":[{"href":"https:\/\/blogs.thesocialmedia.com\/leblogmoto\/wp-json\/wp\/v2\/media?parent=478"}],"wp:term":[{"taxonomy":"category","embeddable":true,"href":"https:\/\/blogs.thesocialmedia.com\/leblogmoto\/wp-json\/wp\/v2\/categories?post=478"},{"taxonomy":"post_tag","embeddable":true,"href":"https:\/\/blogs.thesocialmedia.com\/leblogmoto\/wp-json\/wp\/v2\/tags?post=478"}],"curies":[{"name":"wp","href":"https:\/\/api.w.org\/{rel}","templated":true}]}}