{"id":48,"date":"2009-10-14T10:15:48","date_gmt":"2009-10-14T10:15:48","guid":{"rendered":"http:\/\/blogs.thesocialmedia.com\/leblogmoto\/2009\/10\/14\/vido-de-la-rs-500-gp-en-ballade\/"},"modified":"2012-07-11T17:40:14","modified_gmt":"2012-07-11T17:40:14","slug":"vido-de-la-rs-500-gp-en-ballade","status":"publish","type":"post","link":"https:\/\/blogs.thesocialmedia.com\/leblogmoto\/2009\/10\/14\/vido-de-la-rs-500-gp-en-ballade\/","title":{"rendered":"Vid\u00e9o de la RS 500 GP 2T en ballade"},"content":{"rendered":"<p><a href=\"http:\/\/blogs.thesocialmedia.com\/leblogmoto\/files\/2012\/07\/6a00d83451b18369e20120a5e41ffc970b-pi.jpg\"><img decoding=\"async\" alt=\"RS500 GP\" class=\"asset asset-image at-xid-6a00d83451b18369e20120a5e41ffc970b \" src=\"http:\/\/blogs.thesocialmedia.com\/leblogmoto\/files\/2012\/07\/6a00d83451b18369e20120a5e41ffc970b-500wi.jpg\" \/><\/a> <\/p>\n<p>On ne vous pr\u00e9sente plus la soci\u00e9t\u00e9 Two Stroke Shop, connu pour ses pr\u00e9parations irraisonnables et greffes contre nature&#160;telles que RS500 GP et <a href=\"http:\/\/blogs.thesocialmedia.com\/leblogmoto\/files\/2012\/07\/zx-10r-2t.html_.png\">ZX-10 R 2T.<\/a>..<\/p>\n<\/p>\n<p><a href=\"http:\/\/clabedan.typepad.com\/.a\/6a00d83451b18369e20120a5e42030970b-pi\"><img decoding=\"async\" alt=\"RS500 GP 2\" class=\"asset asset-image at-xid-6a00d83451b18369e20120a5e42030970b \" src=\"http:\/\/blogs.thesocialmedia.com\/leblogmoto\/files\/2012\/07\/6a00d83451b18369e20120a5e42030970b-500wi.jpg\" \/><\/a> <\/p>\n<p>Aujourd&#039;hui petite ballade dans l&#039;arri\u00e8re pays n\u00e9o zelandais \u00e0 l&#039;occasion du rodage d&#039;une Aprilia RS250, nouvellement&#160;\u00e9quip\u00e9e d&#039;un bloc moteur de 500 cm3&#160;issu de l&#039;accouplement de deux moteurs de Honda CR&#160;250 cm3&#8230;<\/p>\n<p><a href=\"http:\/\/blogs.thesocialmedia.com\/leblogmoto\/files\/2012\/07\/6a00d83451b18369e20120a63a93ee970c-pi.jpg\"><img decoding=\"async\" alt=\"RS500 GP 3\" class=\"asset asset-image at-xid-6a00d83451b18369e20120a63a93ee970c \" src=\"http:\/\/blogs.thesocialmedia.com\/leblogmoto\/files\/2012\/07\/6a00d83451b18369e20120a63a93ee970c-500wi.jpg\" \/><\/a> <\/p>\n<p>Le poids de la machine est&#160;\u00e0 peine&#160;sup\u00e9rieur \u00e0 100 kg pour une puissance disponible \u00e0 la roue arri\u00e8re de plus de 115 cv.<\/p>\n<p><a href=\"http:\/\/blogs.thesocialmedia.com\/leblogmoto\/files\/2012\/07\/6a00d83451b18369e20120a63a94bc970c-pi.jpg\"><img decoding=\"async\" alt=\"RS500 GP 4\" class=\"asset asset-image at-xid-6a00d83451b18369e20120a63a94bc970c \" src=\"http:\/\/blogs.thesocialmedia.com\/leblogmoto\/files\/2012\/07\/6a00d83451b18369e20120a63a94bc970c-500wi.jpg\" \/><\/a>&#160;<br \/>&#160;<br \/>&#160;<\/p>\n<p> <object height=\"344\" width=\"425\"><param name=\"movie\" value=\"http:\/\/www.youtube.com\/v\/A_vzR6r8zOs&amp;hl=fr&amp;fs=1&amp;\" \/><param name=\"allowFullScreen\" value=\"true\" \/><param name=\"allowscriptaccess\" value=\"always\" \/><embed height=\"367\" src=\"http:\/\/www.youtube.com\/v\/A_vzR6r8zOs&amp;hl=fr&amp;fs=1&amp;\" type=\"application\/x-shockwave-flash\" width=\"470\" \/><\/object> <\/p>\n","protected":false},"excerpt":{"rendered":"<p>On ne vous pr\u00e9sente plus la soci\u00e9t\u00e9 Two Stroke Shop, connu pour ses pr\u00e9parations irraisonnables et greffes contre nature&#160;telles que RS500 GP et ZX-10 R 2T&#8230; Aujourd&#039;hui petite ballade dans l&#039;arri\u00e8re pays n\u00e9o zelandais \u00e0 l&#039;occasion du rodage d&#039;une Aprilia RS250, nouvellement&#160;\u00e9quip\u00e9e d&#039;un bloc moteur de 500 cm3&#160;issu de l&#039;accouplement de deux moteurs de Honda [&hellip;]<\/p>\n","protected":false},"author":323,"featured_media":14219,"comment_status":"open","ping_status":"open","sticky":false,"template":"","format":"standard","meta":{"footnotes":""},"categories":[31,12],"tags":[],"class_list":["post-48","post","type-post","status-publish","format-standard","has-post-thumbnail","hentry","category-aprilia","category-videos"],"yoast_head":"<!-- This site is optimized with the Yoast SEO plugin v26.0 - https:\/\/yoast.com\/wordpress\/plugins\/seo\/ -->\n<title>Vid\u00e9o de la RS 500 GP 2T en ballade - leblogmoto.com<\/title>\n<meta name=\"robots\" content=\"index, follow, max-snippet:-1, max-image-preview:large, max-video-preview:-1\" \/>\n<link rel=\"canonical\" href=\"https:\/\/blogs.thesocialmedia.com\/leblogmoto\/2009\/10\/14\/vido-de-la-rs-500-gp-en-ballade\/\" \/>\n<meta name=\"twitter:card\" content=\"summary_large_image\" \/>\n<meta name=\"twitter:title\" content=\"Vid\u00e9o de la RS 500 GP 2T en ballade - leblogmoto.com\" \/>\n<meta name=\"twitter:description\" content=\"On ne vous pr\u00e9sente plus la soci\u00e9t\u00e9 Two Stroke Shop, connu pour ses pr\u00e9parations irraisonnables et greffes contre nature&#160;telles que RS500 GP et ZX-10 R 2T... Aujourd&#039;hui petite ballade dans l&#039;arri\u00e8re pays n\u00e9o zelandais \u00e0 l&#039;occasion du rodage d&#039;une Aprilia RS250, nouvellement&#160;\u00e9quip\u00e9e d&#039;un bloc moteur de 500 cm3&#160;issu de l&#039;accouplement de deux moteurs de Honda [&hellip;]\" \/>\n<meta name=\"twitter:image\" content=\"https:\/\/blogs.thesocialmedia.com\/leblogmoto\/files\/2012\/07\/6a00d83451b18369e20120a5e41ffc970b-500wi.jpg\" \/>\n<meta name=\"twitter:label1\" content=\"\u00c9crit par\" \/>\n\t<meta name=\"twitter:data1\" content=\"albin le guyader\" \/>\n<script type=\"application\/ld+json\" class=\"yoast-schema-graph\">{\"@context\":\"https:\/\/schema.org\",\"@graph\":[{\"@type\":\"WebPage\",\"@id\":\"https:\/\/blogs.thesocialmedia.com\/leblogmoto\/2009\/10\/14\/vido-de-la-rs-500-gp-en-ballade\/\",\"url\":\"https:\/\/blogs.thesocialmedia.com\/leblogmoto\/2009\/10\/14\/vido-de-la-rs-500-gp-en-ballade\/\",\"name\":\"Vid\u00e9o de la RS 500 GP 2T en ballade - leblogmoto.com\",\"isPartOf\":{\"@id\":\"https:\/\/blogs.thesocialmedia.com\/leblogmoto\/#website\"},\"primaryImageOfPage\":{\"@id\":\"https:\/\/blogs.thesocialmedia.com\/leblogmoto\/2009\/10\/14\/vido-de-la-rs-500-gp-en-ballade\/#primaryimage\"},\"image\":{\"@id\":\"https:\/\/blogs.thesocialmedia.com\/leblogmoto\/2009\/10\/14\/vido-de-la-rs-500-gp-en-ballade\/#primaryimage\"},\"thumbnailUrl\":\"https:\/\/blogs.thesocialmedia.com\/leblogmoto\/files\/2012\/07\/6a00d83451b18369e20120a5e41ffc970b-500wi.jpg\",\"datePublished\":\"2009-10-14T10:15:48+00:00\",\"dateModified\":\"2012-07-11T17:40:14+00:00\",\"author\":{\"@id\":\"https:\/\/blogs.thesocialmedia.com\/leblogmoto\/#\/schema\/person\/b496d27c898c29a39678e2425cafb9ae\"},\"breadcrumb\":{\"@id\":\"https:\/\/blogs.thesocialmedia.com\/leblogmoto\/2009\/10\/14\/vido-de-la-rs-500-gp-en-ballade\/#breadcrumb\"},\"inLanguage\":\"fr-FR\",\"potentialAction\":[{\"@type\":\"ReadAction\",\"target\":[\"https:\/\/blogs.thesocialmedia.com\/leblogmoto\/2009\/10\/14\/vido-de-la-rs-500-gp-en-ballade\/\"]}]},{\"@type\":\"ImageObject\",\"inLanguage\":\"fr-FR\",\"@id\":\"https:\/\/blogs.thesocialmedia.com\/leblogmoto\/2009\/10\/14\/vido-de-la-rs-500-gp-en-ballade\/#primaryimage\",\"url\":\"https:\/\/blogs.thesocialmedia.com\/leblogmoto\/files\/2012\/07\/6a00d83451b18369e20120a5e41ffc970b-500wi.jpg\",\"contentUrl\":\"https:\/\/blogs.thesocialmedia.com\/leblogmoto\/files\/2012\/07\/6a00d83451b18369e20120a5e41ffc970b-500wi.jpg\",\"width\":\"500\",\"height\":\"318\"},{\"@type\":\"BreadcrumbList\",\"@id\":\"https:\/\/blogs.thesocialmedia.com\/leblogmoto\/2009\/10\/14\/vido-de-la-rs-500-gp-en-ballade\/#breadcrumb\",\"itemListElement\":[{\"@type\":\"ListItem\",\"position\":1,\"name\":\"Accueil\",\"item\":\"https:\/\/blogs.thesocialmedia.com\/leblogmoto\/\"},{\"@type\":\"ListItem\",\"position\":2,\"name\":\"Vid\u00e9o de la RS 500 GP 2T en ballade\"}]},{\"@type\":\"WebSite\",\"@id\":\"https:\/\/blogs.thesocialmedia.com\/leblogmoto\/#website\",\"url\":\"https:\/\/blogs.thesocialmedia.com\/leblogmoto\/\",\"name\":\"leblogmoto\",\"description\":\"Toute l&#039;actualit\u00e9 des 2 roues\",\"potentialAction\":[{\"@type\":\"SearchAction\",\"target\":{\"@type\":\"EntryPoint\",\"urlTemplate\":\"https:\/\/blogs.thesocialmedia.com\/leblogmoto\/?s={search_term_string}\"},\"query-input\":{\"@type\":\"PropertyValueSpecification\",\"valueRequired\":true,\"valueName\":\"search_term_string\"}}],\"inLanguage\":\"fr-FR\"},{\"@type\":\"Person\",\"@id\":\"https:\/\/blogs.thesocialmedia.com\/leblogmoto\/#\/schema\/person\/b496d27c898c29a39678e2425cafb9ae\",\"name\":\"albin le guyader\",\"image\":{\"@type\":\"ImageObject\",\"inLanguage\":\"fr-FR\",\"@id\":\"https:\/\/blogs.thesocialmedia.com\/leblogmoto\/#\/schema\/person\/image\/\",\"url\":\"https:\/\/secure.gravatar.com\/avatar\/?s=96&d=mm&r=g\",\"contentUrl\":\"https:\/\/secure.gravatar.com\/avatar\/?s=96&d=mm&r=g\",\"caption\":\"albin le guyader\"},\"url\":\"https:\/\/blogs.thesocialmedia.com\/leblogmoto\/author\/albin-le-guyader\/\"}]}<\/script>\n<!-- \/ Yoast SEO plugin. -->","yoast_head_json":{"title":"Vid\u00e9o de la RS 500 GP 2T en ballade - leblogmoto.com","robots":{"index":"index","follow":"follow","max-snippet":"max-snippet:-1","max-image-preview":"max-image-preview:large","max-video-preview":"max-video-preview:-1"},"canonical":"https:\/\/blogs.thesocialmedia.com\/leblogmoto\/2009\/10\/14\/vido-de-la-rs-500-gp-en-ballade\/","twitter_card":"summary_large_image","twitter_title":"Vid\u00e9o de la RS 500 GP 2T en ballade - leblogmoto.com","twitter_description":"On ne vous pr\u00e9sente plus la soci\u00e9t\u00e9 Two Stroke Shop, connu pour ses pr\u00e9parations irraisonnables et greffes contre nature&#160;telles que RS500 GP et ZX-10 R 2T... Aujourd&#039;hui petite ballade dans l&#039;arri\u00e8re pays n\u00e9o zelandais \u00e0 l&#039;occasion du rodage d&#039;une Aprilia RS250, nouvellement&#160;\u00e9quip\u00e9e d&#039;un bloc moteur de 500 cm3&#160;issu de l&#039;accouplement de deux moteurs de Honda [&hellip;]","twitter_image":"https:\/\/blogs.thesocialmedia.com\/leblogmoto\/files\/2012\/07\/6a00d83451b18369e20120a5e41ffc970b-500wi.jpg","twitter_misc":{"\u00c9crit par":"albin le guyader"},"schema":{"@context":"https:\/\/schema.org","@graph":[{"@type":"WebPage","@id":"https:\/\/blogs.thesocialmedia.com\/leblogmoto\/2009\/10\/14\/vido-de-la-rs-500-gp-en-ballade\/","url":"https:\/\/blogs.thesocialmedia.com\/leblogmoto\/2009\/10\/14\/vido-de-la-rs-500-gp-en-ballade\/","name":"Vid\u00e9o de la RS 500 GP 2T en ballade - leblogmoto.com","isPartOf":{"@id":"https:\/\/blogs.thesocialmedia.com\/leblogmoto\/#website"},"primaryImageOfPage":{"@id":"https:\/\/blogs.thesocialmedia.com\/leblogmoto\/2009\/10\/14\/vido-de-la-rs-500-gp-en-ballade\/#primaryimage"},"image":{"@id":"https:\/\/blogs.thesocialmedia.com\/leblogmoto\/2009\/10\/14\/vido-de-la-rs-500-gp-en-ballade\/#primaryimage"},"thumbnailUrl":"https:\/\/blogs.thesocialmedia.com\/leblogmoto\/files\/2012\/07\/6a00d83451b18369e20120a5e41ffc970b-500wi.jpg","datePublished":"2009-10-14T10:15:48+00:00","dateModified":"2012-07-11T17:40:14+00:00","author":{"@id":"https:\/\/blogs.thesocialmedia.com\/leblogmoto\/#\/schema\/person\/b496d27c898c29a39678e2425cafb9ae"},"breadcrumb":{"@id":"https:\/\/blogs.thesocialmedia.com\/leblogmoto\/2009\/10\/14\/vido-de-la-rs-500-gp-en-ballade\/#breadcrumb"},"inLanguage":"fr-FR","potentialAction":[{"@type":"ReadAction","target":["https:\/\/blogs.thesocialmedia.com\/leblogmoto\/2009\/10\/14\/vido-de-la-rs-500-gp-en-ballade\/"]}]},{"@type":"ImageObject","inLanguage":"fr-FR","@id":"https:\/\/blogs.thesocialmedia.com\/leblogmoto\/2009\/10\/14\/vido-de-la-rs-500-gp-en-ballade\/#primaryimage","url":"https:\/\/blogs.thesocialmedia.com\/leblogmoto\/files\/2012\/07\/6a00d83451b18369e20120a5e41ffc970b-500wi.jpg","contentUrl":"https:\/\/blogs.thesocialmedia.com\/leblogmoto\/files\/2012\/07\/6a00d83451b18369e20120a5e41ffc970b-500wi.jpg","width":"500","height":"318"},{"@type":"BreadcrumbList","@id":"https:\/\/blogs.thesocialmedia.com\/leblogmoto\/2009\/10\/14\/vido-de-la-rs-500-gp-en-ballade\/#breadcrumb","itemListElement":[{"@type":"ListItem","position":1,"name":"Accueil","item":"https:\/\/blogs.thesocialmedia.com\/leblogmoto\/"},{"@type":"ListItem","position":2,"name":"Vid\u00e9o de la RS 500 GP 2T en ballade"}]},{"@type":"WebSite","@id":"https:\/\/blogs.thesocialmedia.com\/leblogmoto\/#website","url":"https:\/\/blogs.thesocialmedia.com\/leblogmoto\/","name":"leblogmoto","description":"Toute l&#039;actualit\u00e9 des 2 roues","potentialAction":[{"@type":"SearchAction","target":{"@type":"EntryPoint","urlTemplate":"https:\/\/blogs.thesocialmedia.com\/leblogmoto\/?s={search_term_string}"},"query-input":{"@type":"PropertyValueSpecification","valueRequired":true,"valueName":"search_term_string"}}],"inLanguage":"fr-FR"},{"@type":"Person","@id":"https:\/\/blogs.thesocialmedia.com\/leblogmoto\/#\/schema\/person\/b496d27c898c29a39678e2425cafb9ae","name":"albin le guyader","image":{"@type":"ImageObject","inLanguage":"fr-FR","@id":"https:\/\/blogs.thesocialmedia.com\/leblogmoto\/#\/schema\/person\/image\/","url":"https:\/\/secure.gravatar.com\/avatar\/?s=96&d=mm&r=g","contentUrl":"https:\/\/secure.gravatar.com\/avatar\/?s=96&d=mm&r=g","caption":"albin le guyader"},"url":"https:\/\/blogs.thesocialmedia.com\/leblogmoto\/author\/albin-le-guyader\/"}]}},"_links":{"self":[{"href":"https:\/\/blogs.thesocialmedia.com\/leblogmoto\/wp-json\/wp\/v2\/posts\/48","targetHints":{"allow":["GET"]}}],"collection":[{"href":"https:\/\/blogs.thesocialmedia.com\/leblogmoto\/wp-json\/wp\/v2\/posts"}],"about":[{"href":"https:\/\/blogs.thesocialmedia.com\/leblogmoto\/wp-json\/wp\/v2\/types\/post"}],"author":[{"embeddable":true,"href":"https:\/\/blogs.thesocialmedia.com\/leblogmoto\/wp-json\/wp\/v2\/users\/323"}],"replies":[{"embeddable":true,"href":"https:\/\/blogs.thesocialmedia.com\/leblogmoto\/wp-json\/wp\/v2\/comments?post=48"}],"version-history":[{"count":2,"href":"https:\/\/blogs.thesocialmedia.com\/leblogmoto\/wp-json\/wp\/v2\/posts\/48\/revisions"}],"predecessor-version":[{"id":14226,"href":"https:\/\/blogs.thesocialmedia.com\/leblogmoto\/wp-json\/wp\/v2\/posts\/48\/revisions\/14226"}],"wp:featuredmedia":[{"embeddable":true,"href":"https:\/\/blogs.thesocialmedia.com\/leblogmoto\/wp-json\/wp\/v2\/media\/14219"}],"wp:attachment":[{"href":"https:\/\/blogs.thesocialmedia.com\/leblogmoto\/wp-json\/wp\/v2\/media?parent=48"}],"wp:term":[{"taxonomy":"category","embeddable":true,"href":"https:\/\/blogs.thesocialmedia.com\/leblogmoto\/wp-json\/wp\/v2\/categories?post=48"},{"taxonomy":"post_tag","embeddable":true,"href":"https:\/\/blogs.thesocialmedia.com\/leblogmoto\/wp-json\/wp\/v2\/tags?post=48"}],"curies":[{"name":"wp","href":"https:\/\/api.w.org\/{rel}","templated":true}]}}