{"id":480,"date":"2008-09-28T22:41:33","date_gmt":"2008-09-28T22:41:33","guid":{"rendered":"http:\/\/blogs.thesocialmedia.com\/leblogmoto\/2008\/09\/28\/victoire-des-us\/"},"modified":"2012-07-11T16:23:29","modified_gmt":"2012-07-11T16:23:29","slug":"victoire-des-us","status":"publish","type":"post","link":"https:\/\/blogs.thesocialmedia.com\/leblogmoto\/2008\/09\/28\/victoire-des-us\/","title":{"rendered":"Victoire des USA au MX des Nations devant la France et la Belgique."},"content":{"rendered":"<p><a href=\"http:\/\/blogs.thesocialmedia.com\/leblogmoto\/files\/2012\/07\/moto_mx_james_bubba_stewart.jpg\"><img loading=\"lazy\" decoding=\"async\" height=\"352\"  width=\"470\" src=\"http:\/\/www.leblogmoto.com\/images\/2008\/09\/28\/moto_mx_james_bubba_stewart.jpg\" alt=\"Moto_mx_james_bubba_stewart\" \/><\/a> <\/p>\n<p>Cette quatri\u00e8me victoire d&rsquo;affil\u00e9e des Etats-Unis permet d&rsquo;\u00e9tablir un record puisqu&rsquo;il s&rsquo;agit de leur 19\u00e8me troph\u00e9e en 62 \u00e9ditions de ce championnat du monde par \u00e9quipe. Tim Ferry, \u00e9l\u00e8ve un peu besogneux mais constant avec ses 5\u00e8me et 9\u00e8me places a scell\u00e9 le sort de son <em>team<\/em>. Une \u00e9quipe o\u00f9 les ma\u00eetres, comme le revenant James &lsquo;Bubba&rsquo; Stewart (ici en photo, absent en 2007 pour cause de blessure au genou) et Ryan Villopoto, avaient auparavant brill\u00e9 dans la journ\u00e9e, en remportant chacun l&rsquo;une des trois courses* du jour sur le circuit du Leicestershire. Seule la France a \u00e9t\u00e9 en mesure de leur disputer le titre, gr\u00e2ce notamment \u00e0 un S\u00e9bastien Pourcel survolt\u00e9 terminant premier d&rsquo;une course et deuxi\u00e8me de la seconde. Ses co\u00e9quipiers ont un peu p\u00each\u00e9 par leurs performances: Nicolas Aubin finit 7\u00e8me et 10\u00e8me alors qu&rsquo;Anthony Boissi\u00e8re se retrouve 11\u00e8me et 18\u00e8me. Ce n&rsquo;\u00e9tait pas assez pour jusqu&rsquo;au bout contester \u00e0 une \u00e9quipe US plus homog\u00e8ne et dou\u00e9e, sa m\u00e9daille d&rsquo;or. A noter que cette derni\u00e8re \u00e9tait exclusivement mont\u00e9e sur Kawasaki. Le classement final du Redbull Motocross des nations de la FIM, \u00e0 Donington Park est le suivant: 26 points pour les Am\u00e9ricains, 31 pour la France et 41 pour la Belgique.<\/p>\n<p><em>*Le Motocross des Nations se d\u00e9roule au meilleur des trois manches compos\u00e9es des cat\u00e9gories MX1, les 450cc, MX2, les 250cc et enfin l&rsquo;Open.<\/em><\/p>\n<p><em>via d\u00e9p\u00eache AFP.<br \/><\/em><\/p>\n","protected":false},"excerpt":{"rendered":"<p>Cette quatri\u00e8me victoire d&rsquo;affil\u00e9e des Etats-Unis permet d&rsquo;\u00e9tablir un record puisqu&rsquo;il s&rsquo;agit de leur 19\u00e8me troph\u00e9e en 62 \u00e9ditions de ce championnat du monde par \u00e9quipe. Tim Ferry, \u00e9l\u00e8ve un peu besogneux mais constant avec ses 5\u00e8me et 9\u00e8me places a scell\u00e9 le sort de son team. Une \u00e9quipe o\u00f9 les ma\u00eetres, comme le revenant [&hellip;]<\/p>\n","protected":false},"author":324,"featured_media":0,"comment_status":"open","ping_status":"open","sticky":false,"template":"","format":"standard","meta":{"footnotes":""},"categories":[3,45,66,32],"tags":[],"class_list":["post-480","post","type-post","status-publish","format-standard","hentry","category-actualite","category-kawasaki","category-moto-cross","category-sport-moto"],"yoast_head":"<!-- This site is optimized with the Yoast SEO plugin v26.0 - https:\/\/yoast.com\/wordpress\/plugins\/seo\/ -->\n<title>Victoire des USA au MX des Nations devant la France et la Belgique. - leblogmoto.com<\/title>\n<meta name=\"robots\" content=\"index, follow, max-snippet:-1, max-image-preview:large, max-video-preview:-1\" \/>\n<link rel=\"canonical\" href=\"https:\/\/blogs.thesocialmedia.com\/leblogmoto\/2008\/09\/28\/victoire-des-us\/\" \/>\n<meta name=\"twitter:card\" content=\"summary_large_image\" \/>\n<meta name=\"twitter:title\" content=\"Victoire des USA au MX des Nations devant la France et la Belgique. - leblogmoto.com\" \/>\n<meta name=\"twitter:description\" content=\"Cette quatri\u00e8me victoire d&rsquo;affil\u00e9e des Etats-Unis permet d&rsquo;\u00e9tablir un record puisqu&rsquo;il s&rsquo;agit de leur 19\u00e8me troph\u00e9e en 62 \u00e9ditions de ce championnat du monde par \u00e9quipe. Tim Ferry, \u00e9l\u00e8ve un peu besogneux mais constant avec ses 5\u00e8me et 9\u00e8me places a scell\u00e9 le sort de son team. Une \u00e9quipe o\u00f9 les ma\u00eetres, comme le revenant [&hellip;]\" \/>\n<meta name=\"twitter:image\" content=\"http:\/\/www.leblogmoto.com\/images\/2008\/09\/28\/moto_mx_james_bubba_stewart.jpg\" \/>\n<meta name=\"twitter:label1\" content=\"\u00c9crit par\" \/>\n\t<meta name=\"twitter:data1\" content=\"benoit rieu\" \/>\n\t<meta name=\"twitter:label2\" content=\"Dur\u00e9e de lecture estim\u00e9e\" \/>\n\t<meta name=\"twitter:data2\" content=\"1 minute\" \/>\n<script type=\"application\/ld+json\" class=\"yoast-schema-graph\">{\"@context\":\"https:\/\/schema.org\",\"@graph\":[{\"@type\":\"WebPage\",\"@id\":\"https:\/\/blogs.thesocialmedia.com\/leblogmoto\/2008\/09\/28\/victoire-des-us\/\",\"url\":\"https:\/\/blogs.thesocialmedia.com\/leblogmoto\/2008\/09\/28\/victoire-des-us\/\",\"name\":\"Victoire des USA au MX des Nations devant la France et la Belgique. - leblogmoto.com\",\"isPartOf\":{\"@id\":\"https:\/\/blogs.thesocialmedia.com\/leblogmoto\/#website\"},\"primaryImageOfPage\":{\"@id\":\"https:\/\/blogs.thesocialmedia.com\/leblogmoto\/2008\/09\/28\/victoire-des-us\/#primaryimage\"},\"image\":{\"@id\":\"https:\/\/blogs.thesocialmedia.com\/leblogmoto\/2008\/09\/28\/victoire-des-us\/#primaryimage\"},\"thumbnailUrl\":\"http:\/\/www.leblogmoto.com\/images\/2008\/09\/28\/moto_mx_james_bubba_stewart.jpg\",\"datePublished\":\"2008-09-28T22:41:33+00:00\",\"dateModified\":\"2012-07-11T16:23:29+00:00\",\"author\":{\"@id\":\"https:\/\/blogs.thesocialmedia.com\/leblogmoto\/#\/schema\/person\/18bfe773e5725ed6d24f743da805362a\"},\"breadcrumb\":{\"@id\":\"https:\/\/blogs.thesocialmedia.com\/leblogmoto\/2008\/09\/28\/victoire-des-us\/#breadcrumb\"},\"inLanguage\":\"fr-FR\",\"potentialAction\":[{\"@type\":\"ReadAction\",\"target\":[\"https:\/\/blogs.thesocialmedia.com\/leblogmoto\/2008\/09\/28\/victoire-des-us\/\"]}]},{\"@type\":\"ImageObject\",\"inLanguage\":\"fr-FR\",\"@id\":\"https:\/\/blogs.thesocialmedia.com\/leblogmoto\/2008\/09\/28\/victoire-des-us\/#primaryimage\",\"url\":\"http:\/\/www.leblogmoto.com\/images\/2008\/09\/28\/moto_mx_james_bubba_stewart.jpg\",\"contentUrl\":\"http:\/\/www.leblogmoto.com\/images\/2008\/09\/28\/moto_mx_james_bubba_stewart.jpg\"},{\"@type\":\"BreadcrumbList\",\"@id\":\"https:\/\/blogs.thesocialmedia.com\/leblogmoto\/2008\/09\/28\/victoire-des-us\/#breadcrumb\",\"itemListElement\":[{\"@type\":\"ListItem\",\"position\":1,\"name\":\"Accueil\",\"item\":\"https:\/\/blogs.thesocialmedia.com\/leblogmoto\/\"},{\"@type\":\"ListItem\",\"position\":2,\"name\":\"Victoire des USA au MX des Nations devant la France et la Belgique.\"}]},{\"@type\":\"WebSite\",\"@id\":\"https:\/\/blogs.thesocialmedia.com\/leblogmoto\/#website\",\"url\":\"https:\/\/blogs.thesocialmedia.com\/leblogmoto\/\",\"name\":\"leblogmoto\",\"description\":\"Toute l&#039;actualit\u00e9 des 2 roues\",\"potentialAction\":[{\"@type\":\"SearchAction\",\"target\":{\"@type\":\"EntryPoint\",\"urlTemplate\":\"https:\/\/blogs.thesocialmedia.com\/leblogmoto\/?s={search_term_string}\"},\"query-input\":{\"@type\":\"PropertyValueSpecification\",\"valueRequired\":true,\"valueName\":\"search_term_string\"}}],\"inLanguage\":\"fr-FR\"},{\"@type\":\"Person\",\"@id\":\"https:\/\/blogs.thesocialmedia.com\/leblogmoto\/#\/schema\/person\/18bfe773e5725ed6d24f743da805362a\",\"name\":\"benoit rieu\",\"image\":{\"@type\":\"ImageObject\",\"inLanguage\":\"fr-FR\",\"@id\":\"https:\/\/blogs.thesocialmedia.com\/leblogmoto\/#\/schema\/person\/image\/\",\"url\":\"https:\/\/secure.gravatar.com\/avatar\/?s=96&d=mm&r=g\",\"contentUrl\":\"https:\/\/secure.gravatar.com\/avatar\/?s=96&d=mm&r=g\",\"caption\":\"benoit rieu\"},\"url\":\"https:\/\/blogs.thesocialmedia.com\/leblogmoto\/author\/benoit-rieu\/\"}]}<\/script>\n<!-- \/ Yoast SEO plugin. -->","yoast_head_json":{"title":"Victoire des USA au MX des Nations devant la France et la Belgique. - leblogmoto.com","robots":{"index":"index","follow":"follow","max-snippet":"max-snippet:-1","max-image-preview":"max-image-preview:large","max-video-preview":"max-video-preview:-1"},"canonical":"https:\/\/blogs.thesocialmedia.com\/leblogmoto\/2008\/09\/28\/victoire-des-us\/","twitter_card":"summary_large_image","twitter_title":"Victoire des USA au MX des Nations devant la France et la Belgique. - leblogmoto.com","twitter_description":"Cette quatri\u00e8me victoire d&rsquo;affil\u00e9e des Etats-Unis permet d&rsquo;\u00e9tablir un record puisqu&rsquo;il s&rsquo;agit de leur 19\u00e8me troph\u00e9e en 62 \u00e9ditions de ce championnat du monde par \u00e9quipe. Tim Ferry, \u00e9l\u00e8ve un peu besogneux mais constant avec ses 5\u00e8me et 9\u00e8me places a scell\u00e9 le sort de son team. Une \u00e9quipe o\u00f9 les ma\u00eetres, comme le revenant [&hellip;]","twitter_image":"http:\/\/www.leblogmoto.com\/images\/2008\/09\/28\/moto_mx_james_bubba_stewart.jpg","twitter_misc":{"\u00c9crit par":"benoit rieu","Dur\u00e9e de lecture estim\u00e9e":"1 minute"},"schema":{"@context":"https:\/\/schema.org","@graph":[{"@type":"WebPage","@id":"https:\/\/blogs.thesocialmedia.com\/leblogmoto\/2008\/09\/28\/victoire-des-us\/","url":"https:\/\/blogs.thesocialmedia.com\/leblogmoto\/2008\/09\/28\/victoire-des-us\/","name":"Victoire des USA au MX des Nations devant la France et la Belgique. - leblogmoto.com","isPartOf":{"@id":"https:\/\/blogs.thesocialmedia.com\/leblogmoto\/#website"},"primaryImageOfPage":{"@id":"https:\/\/blogs.thesocialmedia.com\/leblogmoto\/2008\/09\/28\/victoire-des-us\/#primaryimage"},"image":{"@id":"https:\/\/blogs.thesocialmedia.com\/leblogmoto\/2008\/09\/28\/victoire-des-us\/#primaryimage"},"thumbnailUrl":"http:\/\/www.leblogmoto.com\/images\/2008\/09\/28\/moto_mx_james_bubba_stewart.jpg","datePublished":"2008-09-28T22:41:33+00:00","dateModified":"2012-07-11T16:23:29+00:00","author":{"@id":"https:\/\/blogs.thesocialmedia.com\/leblogmoto\/#\/schema\/person\/18bfe773e5725ed6d24f743da805362a"},"breadcrumb":{"@id":"https:\/\/blogs.thesocialmedia.com\/leblogmoto\/2008\/09\/28\/victoire-des-us\/#breadcrumb"},"inLanguage":"fr-FR","potentialAction":[{"@type":"ReadAction","target":["https:\/\/blogs.thesocialmedia.com\/leblogmoto\/2008\/09\/28\/victoire-des-us\/"]}]},{"@type":"ImageObject","inLanguage":"fr-FR","@id":"https:\/\/blogs.thesocialmedia.com\/leblogmoto\/2008\/09\/28\/victoire-des-us\/#primaryimage","url":"http:\/\/www.leblogmoto.com\/images\/2008\/09\/28\/moto_mx_james_bubba_stewart.jpg","contentUrl":"http:\/\/www.leblogmoto.com\/images\/2008\/09\/28\/moto_mx_james_bubba_stewart.jpg"},{"@type":"BreadcrumbList","@id":"https:\/\/blogs.thesocialmedia.com\/leblogmoto\/2008\/09\/28\/victoire-des-us\/#breadcrumb","itemListElement":[{"@type":"ListItem","position":1,"name":"Accueil","item":"https:\/\/blogs.thesocialmedia.com\/leblogmoto\/"},{"@type":"ListItem","position":2,"name":"Victoire des USA au MX des Nations devant la France et la Belgique."}]},{"@type":"WebSite","@id":"https:\/\/blogs.thesocialmedia.com\/leblogmoto\/#website","url":"https:\/\/blogs.thesocialmedia.com\/leblogmoto\/","name":"leblogmoto","description":"Toute l&#039;actualit\u00e9 des 2 roues","potentialAction":[{"@type":"SearchAction","target":{"@type":"EntryPoint","urlTemplate":"https:\/\/blogs.thesocialmedia.com\/leblogmoto\/?s={search_term_string}"},"query-input":{"@type":"PropertyValueSpecification","valueRequired":true,"valueName":"search_term_string"}}],"inLanguage":"fr-FR"},{"@type":"Person","@id":"https:\/\/blogs.thesocialmedia.com\/leblogmoto\/#\/schema\/person\/18bfe773e5725ed6d24f743da805362a","name":"benoit rieu","image":{"@type":"ImageObject","inLanguage":"fr-FR","@id":"https:\/\/blogs.thesocialmedia.com\/leblogmoto\/#\/schema\/person\/image\/","url":"https:\/\/secure.gravatar.com\/avatar\/?s=96&d=mm&r=g","contentUrl":"https:\/\/secure.gravatar.com\/avatar\/?s=96&d=mm&r=g","caption":"benoit rieu"},"url":"https:\/\/blogs.thesocialmedia.com\/leblogmoto\/author\/benoit-rieu\/"}]}},"_links":{"self":[{"href":"https:\/\/blogs.thesocialmedia.com\/leblogmoto\/wp-json\/wp\/v2\/posts\/480","targetHints":{"allow":["GET"]}}],"collection":[{"href":"https:\/\/blogs.thesocialmedia.com\/leblogmoto\/wp-json\/wp\/v2\/posts"}],"about":[{"href":"https:\/\/blogs.thesocialmedia.com\/leblogmoto\/wp-json\/wp\/v2\/types\/post"}],"author":[{"embeddable":true,"href":"https:\/\/blogs.thesocialmedia.com\/leblogmoto\/wp-json\/wp\/v2\/users\/324"}],"replies":[{"embeddable":true,"href":"https:\/\/blogs.thesocialmedia.com\/leblogmoto\/wp-json\/wp\/v2\/comments?post=480"}],"version-history":[{"count":2,"href":"https:\/\/blogs.thesocialmedia.com\/leblogmoto\/wp-json\/wp\/v2\/posts\/480\/revisions"}],"predecessor-version":[{"id":11744,"href":"https:\/\/blogs.thesocialmedia.com\/leblogmoto\/wp-json\/wp\/v2\/posts\/480\/revisions\/11744"}],"wp:attachment":[{"href":"https:\/\/blogs.thesocialmedia.com\/leblogmoto\/wp-json\/wp\/v2\/media?parent=480"}],"wp:term":[{"taxonomy":"category","embeddable":true,"href":"https:\/\/blogs.thesocialmedia.com\/leblogmoto\/wp-json\/wp\/v2\/categories?post=480"},{"taxonomy":"post_tag","embeddable":true,"href":"https:\/\/blogs.thesocialmedia.com\/leblogmoto\/wp-json\/wp\/v2\/tags?post=480"}],"curies":[{"name":"wp","href":"https:\/\/api.w.org\/{rel}","templated":true}]}}