{"id":482,"date":"2008-09-28T00:20:38","date_gmt":"2008-09-28T00:20:38","guid":{"rendered":"http:\/\/blogs.thesocialmedia.com\/leblogmoto\/2008\/09\/28\/insatiable-vale\/"},"modified":"2012-07-11T16:23:16","modified_gmt":"2012-07-11T16:23:16","slug":"insatiable-vale","status":"publish","type":"post","link":"https:\/\/blogs.thesocialmedia.com\/leblogmoto\/2008\/09\/28\/insatiable-vale\/","title":{"rendered":"Malgr\u00e9 sa 4\u00e8me place sur la grille de Motegi, Vale compte bien tous les manger."},"content":{"rendered":"<p><a href=\"http:\/\/blogs.thesocialmedia.com\/leblogmoto\/files\/2012\/07\/2008yamahaqatarrossi580187.jpg\"><img loading=\"lazy\" decoding=\"async\" height=\"352\"  width=\"470\" src=\"http:\/\/www.leblogmoto.com\/images\/2008\/09\/27\/2008yamahaqatarrossi580187.jpg\" alt=\"2008yamahaqatarrossi580187\" \/><\/a><\/p>\n<p>C&rsquo;est avec un plaisir non dissimul\u00e9 que nous retrouvons le Majorquin Jorge Lorenzo en pole position sur le <em>Twin Ring<\/em> japonais, lui qui apr\u00e8s son d\u00e9but de saison tonitruant avait encha\u00een\u00e9 les blessures, des p\u00e9pins qui avaient r\u00e9ussi \u00e0 instiller le doute dans l&rsquo;esprit du souverain de &quot;Lorenzoland&quot; <em>(sic)<\/em>. Et voil\u00e0 qu&rsquo;en terre nippone, il bat de 18 centi\u00e8mes le record du tour d\u00e9croch\u00e9 par Capirex sur une Ducati (cubant du 990cc en 2006) et se permet de rel\u00e9guer trois champions du monde derri\u00e8re lui: le champion du monde en titre Casey Stoner, le requinqu\u00e9 et futur <a href=\"http:\/\/www.leblogmoto.com\/2008\/08\/nicky-hayden-pa.html\"><em>ducatista<\/em><\/a> Nicky Hayden champion 2006 et le septuple champion du monde Valentino Rossi, qui pointe \u00e0 une d\u00e9cevante quatri\u00e8me place. Mais le prodige de Tavullia assure qu&rsquo;il a un tr\u00e8s bon rythme en course avec ses pneus et qu&rsquo;il faudra compter avec lui apr\u00e8s sa victoire \u00e0 <a href=\"http:\/\/www.leblogmoto.com\/2008\/09\/moto-gp-indiana.html\">Indianapolis<\/a>, pour peut-\u00eatre remporter son sixi\u00e8me titre (dans la cat\u00e9gorie reine) alors qu&rsquo;il reste quatre courses avant la fin de la saison. Il lui suffit pour cela d&rsquo;assurer une quatri\u00e8me place, \u00e0 l&rsquo;arriv\u00e9e cette fois. A ceci pr\u00e8s que le verbe assurer ne fait, heureusement pour nous, pas partie de son vocabulaire.<\/p>\n<p>Fallait-il y voir un clin d&rsquo;\u0153il quand son co\u00e9quipier chez Yamaha remerciait Michelin pour ses r\u00e9cents progr\u00e8s alors que Vale est \u00e9quip\u00e9 en Bridges et que l&rsquo;on discute tr\u00e8s s\u00e9rieusement (encore plus s\u00e9rieusement que l&rsquo;ann\u00e9e derni\u00e8re) d&rsquo;un \u00e9quipementier unique ? A noter qu&rsquo;en 125, le Toulousain Mike Di Meglio occupera la premi\u00e8re place au d\u00e9part.<\/p>\n<p><strong><br \/><\/strong><span class=\"pre\"><\/p>\n<pre><strong>Pos&nbsp; Rider&nbsp; &nbsp;&nbsp; &nbsp;&nbsp; &nbsp;&nbsp; &nbsp; Bike&nbsp; &nbsp;&nbsp; &nbsp;&nbsp; &nbsp;&nbsp; Time<\/strong><br \/> 1.&nbsp; Jorge Lorenzo&nbsp; &nbsp;&nbsp; Yamaha&nbsp; &nbsp; (M)&nbsp; 1:45.543<br \/> 2.&nbsp; Casey Stoner&nbsp; &nbsp;&nbsp; &nbsp;Ducati&nbsp; &nbsp; (B)&nbsp; 1:45.831&nbsp; + 0.288<br \/> 3.&nbsp; Nicky Hayden&nbsp; &nbsp;&nbsp; &nbsp;Honda&nbsp; &nbsp;&nbsp; (M)&nbsp; 1:45.971&nbsp; + 0.428<br \/> 4.&nbsp; Valentino Rossi&nbsp; &nbsp;Yamaha&nbsp; &nbsp; (B)&nbsp; 1:46.060&nbsp; + 0.517<br \/> 5.&nbsp; Dani Pedrosa&nbsp; &nbsp;&nbsp; &nbsp;Honda&nbsp; &nbsp;&nbsp; (B)&nbsp; 1:46.303&nbsp; + 0.760<br \/> 6.&nbsp; Loris Capirossi&nbsp; &nbsp;Suzuki&nbsp; &nbsp; (B)&nbsp; 1:46.450&nbsp; + 0.907<br \/> 7.&nbsp; Colin Edwards&nbsp; &nbsp;&nbsp; Yamaha&nbsp; &nbsp; (M)&nbsp; 1:46.496&nbsp; + 0.953<br \/> 8.&nbsp; Randy de Puniet&nbsp; &nbsp;Honda&nbsp; &nbsp;&nbsp; (M)&nbsp; 1:46.574&nbsp; + 1.011<br \/> 9.&nbsp; Shinya Nakano&nbsp; &nbsp;&nbsp; Honda&nbsp; &nbsp;&nbsp; (B)&nbsp; 1:46.616&nbsp; + 1.073<br \/>10.&nbsp; James Toseland&nbsp; &nbsp; Yamaha&nbsp; &nbsp; (M)&nbsp; 1:46.863&nbsp; + 1.320<br \/>11.&nbsp; John Hopkins&nbsp; &nbsp;&nbsp; &nbsp;Kawasaki&nbsp; (B)&nbsp; 1:46.888&nbsp; + 1.345<br \/>12.&nbsp; Chris Vermeulen&nbsp; &nbsp;Suzuki&nbsp; &nbsp; (B)&nbsp; 1:46.904&nbsp; + 1.361<br \/>13.&nbsp; Andrea Dovizioso&nbsp; Honda&nbsp; &nbsp;&nbsp; (M)&nbsp; 1:46.907&nbsp; + 1.364<br \/>14.&nbsp; Toni Elias&nbsp; &nbsp;&nbsp; &nbsp;&nbsp; Ducati&nbsp; &nbsp; (B)&nbsp; 1:46.958&nbsp; + 1.415<br \/>15.&nbsp; Sylvain Guintoli&nbsp; Ducati&nbsp; &nbsp; (B)&nbsp; 1:47.400&nbsp; + 1.857<br \/>16.&nbsp; Marco Melandri&nbsp; &nbsp; Ducati&nbsp; &nbsp; (B)&nbsp; 1:47.475&nbsp; + 1.932<br \/>17.&nbsp; Anthony West&nbsp; &nbsp;&nbsp; &nbsp;Kawasaki&nbsp; (B)&nbsp; 1:47.669&nbsp; + 2.126<br \/>18.&nbsp; Alex de Angelis&nbsp; &nbsp;Honda&nbsp; &nbsp;&nbsp; (B)&nbsp; 1:47.680&nbsp; + 2.137<br \/>19.&nbsp; Kousuke Akiyoshi&nbsp; Suzuki&nbsp; &nbsp; (B)&nbsp; 1:48.671&nbsp; + 3.128<br \/><br \/>source <a href=\"http:\/\/www.autosport.com\">Autosport.com<\/a><\/pre>\n<p><\/span><\/p>\n","protected":false},"excerpt":{"rendered":"<p>C&rsquo;est avec un plaisir non dissimul\u00e9 que nous retrouvons le Majorquin Jorge Lorenzo en pole position sur le Twin Ring japonais, lui qui apr\u00e8s son d\u00e9but de saison tonitruant avait encha\u00een\u00e9 les blessures, des p\u00e9pins qui avaient r\u00e9ussi \u00e0 instiller le doute dans l&rsquo;esprit du souverain de &quot;Lorenzoland&quot; (sic). Et voil\u00e0 qu&rsquo;en terre nippone, il [&hellip;]<\/p>\n","protected":false},"author":324,"featured_media":0,"comment_status":"open","ping_status":"open","sticky":false,"template":"","format":"standard","meta":{"footnotes":""},"categories":[3,22],"tags":[],"class_list":["post-482","post","type-post","status-publish","format-standard","hentry","category-actualite","category-motogp"],"yoast_head":"<!-- This site is optimized with the Yoast SEO plugin v26.0 - https:\/\/yoast.com\/wordpress\/plugins\/seo\/ -->\n<title>Malgr\u00e9 sa 4\u00e8me place sur la grille de Motegi, Vale compte bien tous les manger. - leblogmoto.com<\/title>\n<meta name=\"robots\" content=\"index, follow, max-snippet:-1, max-image-preview:large, max-video-preview:-1\" \/>\n<link rel=\"canonical\" href=\"https:\/\/blogs.thesocialmedia.com\/leblogmoto\/2008\/09\/28\/insatiable-vale\/\" \/>\n<meta name=\"twitter:card\" content=\"summary_large_image\" \/>\n<meta name=\"twitter:title\" content=\"Malgr\u00e9 sa 4\u00e8me place sur la grille de Motegi, Vale compte bien tous les manger. - leblogmoto.com\" \/>\n<meta name=\"twitter:description\" content=\"C&rsquo;est avec un plaisir non dissimul\u00e9 que nous retrouvons le Majorquin Jorge Lorenzo en pole position sur le Twin Ring japonais, lui qui apr\u00e8s son d\u00e9but de saison tonitruant avait encha\u00een\u00e9 les blessures, des p\u00e9pins qui avaient r\u00e9ussi \u00e0 instiller le doute dans l&rsquo;esprit du souverain de &quot;Lorenzoland&quot; (sic). Et voil\u00e0 qu&rsquo;en terre nippone, il [&hellip;]\" \/>\n<meta name=\"twitter:image\" content=\"http:\/\/www.leblogmoto.com\/images\/2008\/09\/27\/2008yamahaqatarrossi580187.jpg\" \/>\n<meta name=\"twitter:label1\" content=\"\u00c9crit par\" \/>\n\t<meta name=\"twitter:data1\" content=\"benoit rieu\" \/>\n\t<meta name=\"twitter:label2\" content=\"Dur\u00e9e de lecture estim\u00e9e\" \/>\n\t<meta name=\"twitter:data2\" content=\"3 minutes\" \/>\n<script type=\"application\/ld+json\" class=\"yoast-schema-graph\">{\"@context\":\"https:\/\/schema.org\",\"@graph\":[{\"@type\":\"WebPage\",\"@id\":\"https:\/\/blogs.thesocialmedia.com\/leblogmoto\/2008\/09\/28\/insatiable-vale\/\",\"url\":\"https:\/\/blogs.thesocialmedia.com\/leblogmoto\/2008\/09\/28\/insatiable-vale\/\",\"name\":\"Malgr\u00e9 sa 4\u00e8me place sur la grille de Motegi, Vale compte bien tous les manger. - leblogmoto.com\",\"isPartOf\":{\"@id\":\"https:\/\/blogs.thesocialmedia.com\/leblogmoto\/#website\"},\"primaryImageOfPage\":{\"@id\":\"https:\/\/blogs.thesocialmedia.com\/leblogmoto\/2008\/09\/28\/insatiable-vale\/#primaryimage\"},\"image\":{\"@id\":\"https:\/\/blogs.thesocialmedia.com\/leblogmoto\/2008\/09\/28\/insatiable-vale\/#primaryimage\"},\"thumbnailUrl\":\"http:\/\/www.leblogmoto.com\/images\/2008\/09\/27\/2008yamahaqatarrossi580187.jpg\",\"datePublished\":\"2008-09-28T00:20:38+00:00\",\"dateModified\":\"2012-07-11T16:23:16+00:00\",\"author\":{\"@id\":\"https:\/\/blogs.thesocialmedia.com\/leblogmoto\/#\/schema\/person\/18bfe773e5725ed6d24f743da805362a\"},\"breadcrumb\":{\"@id\":\"https:\/\/blogs.thesocialmedia.com\/leblogmoto\/2008\/09\/28\/insatiable-vale\/#breadcrumb\"},\"inLanguage\":\"fr-FR\",\"potentialAction\":[{\"@type\":\"ReadAction\",\"target\":[\"https:\/\/blogs.thesocialmedia.com\/leblogmoto\/2008\/09\/28\/insatiable-vale\/\"]}]},{\"@type\":\"ImageObject\",\"inLanguage\":\"fr-FR\",\"@id\":\"https:\/\/blogs.thesocialmedia.com\/leblogmoto\/2008\/09\/28\/insatiable-vale\/#primaryimage\",\"url\":\"http:\/\/www.leblogmoto.com\/images\/2008\/09\/27\/2008yamahaqatarrossi580187.jpg\",\"contentUrl\":\"http:\/\/www.leblogmoto.com\/images\/2008\/09\/27\/2008yamahaqatarrossi580187.jpg\"},{\"@type\":\"BreadcrumbList\",\"@id\":\"https:\/\/blogs.thesocialmedia.com\/leblogmoto\/2008\/09\/28\/insatiable-vale\/#breadcrumb\",\"itemListElement\":[{\"@type\":\"ListItem\",\"position\":1,\"name\":\"Accueil\",\"item\":\"https:\/\/blogs.thesocialmedia.com\/leblogmoto\/\"},{\"@type\":\"ListItem\",\"position\":2,\"name\":\"Malgr\u00e9 sa 4\u00e8me place sur la grille de Motegi, Vale compte bien tous les manger.\"}]},{\"@type\":\"WebSite\",\"@id\":\"https:\/\/blogs.thesocialmedia.com\/leblogmoto\/#website\",\"url\":\"https:\/\/blogs.thesocialmedia.com\/leblogmoto\/\",\"name\":\"leblogmoto\",\"description\":\"Toute l&#039;actualit\u00e9 des 2 roues\",\"potentialAction\":[{\"@type\":\"SearchAction\",\"target\":{\"@type\":\"EntryPoint\",\"urlTemplate\":\"https:\/\/blogs.thesocialmedia.com\/leblogmoto\/?s={search_term_string}\"},\"query-input\":{\"@type\":\"PropertyValueSpecification\",\"valueRequired\":true,\"valueName\":\"search_term_string\"}}],\"inLanguage\":\"fr-FR\"},{\"@type\":\"Person\",\"@id\":\"https:\/\/blogs.thesocialmedia.com\/leblogmoto\/#\/schema\/person\/18bfe773e5725ed6d24f743da805362a\",\"name\":\"benoit rieu\",\"image\":{\"@type\":\"ImageObject\",\"inLanguage\":\"fr-FR\",\"@id\":\"https:\/\/blogs.thesocialmedia.com\/leblogmoto\/#\/schema\/person\/image\/\",\"url\":\"https:\/\/secure.gravatar.com\/avatar\/?s=96&d=mm&r=g\",\"contentUrl\":\"https:\/\/secure.gravatar.com\/avatar\/?s=96&d=mm&r=g\",\"caption\":\"benoit rieu\"},\"url\":\"https:\/\/blogs.thesocialmedia.com\/leblogmoto\/author\/benoit-rieu\/\"}]}<\/script>\n<!-- \/ Yoast SEO plugin. -->","yoast_head_json":{"title":"Malgr\u00e9 sa 4\u00e8me place sur la grille de Motegi, Vale compte bien tous les manger. - leblogmoto.com","robots":{"index":"index","follow":"follow","max-snippet":"max-snippet:-1","max-image-preview":"max-image-preview:large","max-video-preview":"max-video-preview:-1"},"canonical":"https:\/\/blogs.thesocialmedia.com\/leblogmoto\/2008\/09\/28\/insatiable-vale\/","twitter_card":"summary_large_image","twitter_title":"Malgr\u00e9 sa 4\u00e8me place sur la grille de Motegi, Vale compte bien tous les manger. - leblogmoto.com","twitter_description":"C&rsquo;est avec un plaisir non dissimul\u00e9 que nous retrouvons le Majorquin Jorge Lorenzo en pole position sur le Twin Ring japonais, lui qui apr\u00e8s son d\u00e9but de saison tonitruant avait encha\u00een\u00e9 les blessures, des p\u00e9pins qui avaient r\u00e9ussi \u00e0 instiller le doute dans l&rsquo;esprit du souverain de &quot;Lorenzoland&quot; (sic). Et voil\u00e0 qu&rsquo;en terre nippone, il [&hellip;]","twitter_image":"http:\/\/www.leblogmoto.com\/images\/2008\/09\/27\/2008yamahaqatarrossi580187.jpg","twitter_misc":{"\u00c9crit par":"benoit rieu","Dur\u00e9e de lecture estim\u00e9e":"3 minutes"},"schema":{"@context":"https:\/\/schema.org","@graph":[{"@type":"WebPage","@id":"https:\/\/blogs.thesocialmedia.com\/leblogmoto\/2008\/09\/28\/insatiable-vale\/","url":"https:\/\/blogs.thesocialmedia.com\/leblogmoto\/2008\/09\/28\/insatiable-vale\/","name":"Malgr\u00e9 sa 4\u00e8me place sur la grille de Motegi, Vale compte bien tous les manger. - leblogmoto.com","isPartOf":{"@id":"https:\/\/blogs.thesocialmedia.com\/leblogmoto\/#website"},"primaryImageOfPage":{"@id":"https:\/\/blogs.thesocialmedia.com\/leblogmoto\/2008\/09\/28\/insatiable-vale\/#primaryimage"},"image":{"@id":"https:\/\/blogs.thesocialmedia.com\/leblogmoto\/2008\/09\/28\/insatiable-vale\/#primaryimage"},"thumbnailUrl":"http:\/\/www.leblogmoto.com\/images\/2008\/09\/27\/2008yamahaqatarrossi580187.jpg","datePublished":"2008-09-28T00:20:38+00:00","dateModified":"2012-07-11T16:23:16+00:00","author":{"@id":"https:\/\/blogs.thesocialmedia.com\/leblogmoto\/#\/schema\/person\/18bfe773e5725ed6d24f743da805362a"},"breadcrumb":{"@id":"https:\/\/blogs.thesocialmedia.com\/leblogmoto\/2008\/09\/28\/insatiable-vale\/#breadcrumb"},"inLanguage":"fr-FR","potentialAction":[{"@type":"ReadAction","target":["https:\/\/blogs.thesocialmedia.com\/leblogmoto\/2008\/09\/28\/insatiable-vale\/"]}]},{"@type":"ImageObject","inLanguage":"fr-FR","@id":"https:\/\/blogs.thesocialmedia.com\/leblogmoto\/2008\/09\/28\/insatiable-vale\/#primaryimage","url":"http:\/\/www.leblogmoto.com\/images\/2008\/09\/27\/2008yamahaqatarrossi580187.jpg","contentUrl":"http:\/\/www.leblogmoto.com\/images\/2008\/09\/27\/2008yamahaqatarrossi580187.jpg"},{"@type":"BreadcrumbList","@id":"https:\/\/blogs.thesocialmedia.com\/leblogmoto\/2008\/09\/28\/insatiable-vale\/#breadcrumb","itemListElement":[{"@type":"ListItem","position":1,"name":"Accueil","item":"https:\/\/blogs.thesocialmedia.com\/leblogmoto\/"},{"@type":"ListItem","position":2,"name":"Malgr\u00e9 sa 4\u00e8me place sur la grille de Motegi, Vale compte bien tous les manger."}]},{"@type":"WebSite","@id":"https:\/\/blogs.thesocialmedia.com\/leblogmoto\/#website","url":"https:\/\/blogs.thesocialmedia.com\/leblogmoto\/","name":"leblogmoto","description":"Toute l&#039;actualit\u00e9 des 2 roues","potentialAction":[{"@type":"SearchAction","target":{"@type":"EntryPoint","urlTemplate":"https:\/\/blogs.thesocialmedia.com\/leblogmoto\/?s={search_term_string}"},"query-input":{"@type":"PropertyValueSpecification","valueRequired":true,"valueName":"search_term_string"}}],"inLanguage":"fr-FR"},{"@type":"Person","@id":"https:\/\/blogs.thesocialmedia.com\/leblogmoto\/#\/schema\/person\/18bfe773e5725ed6d24f743da805362a","name":"benoit rieu","image":{"@type":"ImageObject","inLanguage":"fr-FR","@id":"https:\/\/blogs.thesocialmedia.com\/leblogmoto\/#\/schema\/person\/image\/","url":"https:\/\/secure.gravatar.com\/avatar\/?s=96&d=mm&r=g","contentUrl":"https:\/\/secure.gravatar.com\/avatar\/?s=96&d=mm&r=g","caption":"benoit rieu"},"url":"https:\/\/blogs.thesocialmedia.com\/leblogmoto\/author\/benoit-rieu\/"}]}},"_links":{"self":[{"href":"https:\/\/blogs.thesocialmedia.com\/leblogmoto\/wp-json\/wp\/v2\/posts\/482","targetHints":{"allow":["GET"]}}],"collection":[{"href":"https:\/\/blogs.thesocialmedia.com\/leblogmoto\/wp-json\/wp\/v2\/posts"}],"about":[{"href":"https:\/\/blogs.thesocialmedia.com\/leblogmoto\/wp-json\/wp\/v2\/types\/post"}],"author":[{"embeddable":true,"href":"https:\/\/blogs.thesocialmedia.com\/leblogmoto\/wp-json\/wp\/v2\/users\/324"}],"replies":[{"embeddable":true,"href":"https:\/\/blogs.thesocialmedia.com\/leblogmoto\/wp-json\/wp\/v2\/comments?post=482"}],"version-history":[{"count":2,"href":"https:\/\/blogs.thesocialmedia.com\/leblogmoto\/wp-json\/wp\/v2\/posts\/482\/revisions"}],"predecessor-version":[{"id":11736,"href":"https:\/\/blogs.thesocialmedia.com\/leblogmoto\/wp-json\/wp\/v2\/posts\/482\/revisions\/11736"}],"wp:attachment":[{"href":"https:\/\/blogs.thesocialmedia.com\/leblogmoto\/wp-json\/wp\/v2\/media?parent=482"}],"wp:term":[{"taxonomy":"category","embeddable":true,"href":"https:\/\/blogs.thesocialmedia.com\/leblogmoto\/wp-json\/wp\/v2\/categories?post=482"},{"taxonomy":"post_tag","embeddable":true,"href":"https:\/\/blogs.thesocialmedia.com\/leblogmoto\/wp-json\/wp\/v2\/tags?post=482"}],"curies":[{"name":"wp","href":"https:\/\/api.w.org\/{rel}","templated":true}]}}