{"id":485,"date":"2008-09-25T23:01:55","date_gmt":"2008-09-25T23:01:55","guid":{"rendered":"http:\/\/blogs.thesocialmedia.com\/leblogmoto\/2008\/09\/25\/post\/"},"modified":"2012-07-11T16:22:37","modified_gmt":"2012-07-11T16:22:37","slug":"post","status":"publish","type":"post","link":"https:\/\/blogs.thesocialmedia.com\/leblogmoto\/2008\/09\/25\/post\/","title":{"rendered":"L&rsquo;expression \u00ab\u00a0plancher des vaches\u00a0\u00bb n&rsquo;a jamais \u00e9t\u00e9 si inappropri\u00e9e."},"content":{"rendered":"<p><a href=\"http:\/\/blogs.thesocialmedia.com\/leblogmoto\/files\/2012\/07\/renegade_231.jpg\"><img loading=\"lazy\" decoding=\"async\" height=\"706\"  width=\"470\" alt=\"Renegade_231\" src=\"http:\/\/www.leblogmoto.com\/images\/2008\/09\/25\/renegade_231.jpg\" \/><\/a> <\/p>\n<p>En tant que motards pour la plupart d&rsquo;entre vous, vous connaissez sans doute la blague du motard et du pandore o\u00f9 le premier demande en plein contr\u00f4le routier, s&rsquo;il roulait <em>vraiment si vite<\/em> que \u00e7a. Question \u00e0 laquelle le k\u00e9pi r\u00e9pond avec humour que, vu la marque au compteur, il volait surtout <em>beaucoup trop bas<\/em>. Voici donc le temps d&rsquo;une s\u00e9ance photo r\u00e9unis les deux b\u00eates d&rsquo;acc\u00e9l\u00e9ration pour le compte du site Renegade Classics avec des h\u00f4tesses au sol d&rsquo;un genre un peu particulier (au diable l&rsquo;uniforme !). Mais qui ne r\u00eaverait pas d&rsquo;un tel comit\u00e9 d&rsquo;accueil au pied de l&rsquo;avion, pour ce qui est une mani\u00e8re tr\u00e8s irr\u00e9v\u00e9rencieuse de reprendre contact avec la terre ferme. On en oublierait presque les trois beaux cruisers qui servent de si\u00e8ges \u00e0 ces demoiselles. A noter que les <a href=\"http:\/\/www.renegadeclassics.com\/missrenegade.html#\">miss Renegade<\/a> ne sont pas mal non plus dans leur style. <\/p>\n<p><a href=\"http:\/\/clabedan.typepad.com\/.shared\/image.html?\/photos\/uncategorized\/2008\/09\/25\/renegade_224.jpg\"><img loading=\"lazy\" decoding=\"async\" height=\"312\"  width=\"470\" alt=\"Renegade_224\" src=\"http:\/\/www.leblogmoto.com\/images\/2008\/09\/25\/renegade_224.jpg\" \/><\/a><\/p>\n<p><a href=\"http:\/\/blogs.thesocialmedia.com\/leblogmoto\/files\/2012\/07\/007.jpg\"><img loading=\"lazy\" decoding=\"async\" height=\"364\"  width=\"470\" alt=\"007\" src=\"http:\/\/www.leblogmoto.com\/images\/2008\/09\/25\/007.jpg\" \/><\/a><\/p>\n<p><a href=\"http:\/\/blogs.thesocialmedia.com\/leblogmoto\/files\/2012\/07\/renegade_192.jpg\"><img loading=\"lazy\" decoding=\"async\" height=\"312\"  width=\"470\" alt=\"Renegade_192\" src=\"http:\/\/www.leblogmoto.com\/images\/2008\/09\/25\/renegade_192.jpg\" \/><\/a> <\/p>\n<p><a href=\"http:\/\/blogs.thesocialmedia.com\/leblogmoto\/files\/2012\/07\/renegade_194.jpg\"><img loading=\"lazy\" decoding=\"async\" height=\"312\"  width=\"470\" alt=\"Renegade_194\" src=\"http:\/\/www.leblogmoto.com\/images\/2008\/09\/25\/renegade_194.jpg\" \/><\/a> <\/p>\n<p><a href=\"http:\/\/blogs.thesocialmedia.com\/leblogmoto\/files\/2012\/07\/renegade_207.jpg\"><img loading=\"lazy\" decoding=\"async\" height=\"306\"  width=\"470\" alt=\"Renegade_207\" src=\"http:\/\/www.leblogmoto.com\/images\/2008\/09\/25\/renegade_207.jpg\" \/><\/a> <\/p>\n<p><a href=\"http:\/\/blogs.thesocialmedia.com\/leblogmoto\/files\/2012\/07\/renegade_238.jpg\"><img loading=\"lazy\" decoding=\"async\" height=\"312\"  width=\"470\" alt=\"Renegade_238\" src=\"http:\/\/www.leblogmoto.com\/images\/2008\/09\/25\/renegade_238.jpg\" \/><\/a> <\/p>\n<p><a href=\"http:\/\/blogs.thesocialmedia.com\/leblogmoto\/files\/2012\/07\/renegade_289.jpg\"><img loading=\"lazy\" decoding=\"async\" height=\"307\"  width=\"470\" alt=\"Renegade_289\" src=\"http:\/\/www.leblogmoto.com\/images\/2008\/09\/25\/renegade_289.jpg\" \/><\/a> <\/p>\n","protected":false},"excerpt":{"rendered":"<p>En tant que motards pour la plupart d&rsquo;entre vous, vous connaissez sans doute la blague du motard et du pandore o\u00f9 le premier demande en plein contr\u00f4le routier, s&rsquo;il roulait vraiment si vite que \u00e7a. Question \u00e0 laquelle le k\u00e9pi r\u00e9pond avec humour que, vu la marque au compteur, il volait surtout beaucoup trop bas. [&hellip;]<\/p>\n","protected":false},"author":324,"featured_media":0,"comment_status":"open","ping_status":"open","sticky":false,"template":"","format":"standard","meta":{"footnotes":""},"categories":[8,17],"tags":[],"class_list":["post-485","post","type-post","status-publish","format-standard","hentry","category-chaines-et-cuirs","category-divers"],"yoast_head":"<!-- This site is optimized with the Yoast SEO plugin v26.0 - https:\/\/yoast.com\/wordpress\/plugins\/seo\/ -->\n<title>L&#039;expression &quot;plancher des vaches&quot; n&#039;a jamais \u00e9t\u00e9 si inappropri\u00e9e. - leblogmoto.com<\/title>\n<meta name=\"robots\" content=\"index, follow, max-snippet:-1, max-image-preview:large, max-video-preview:-1\" \/>\n<link rel=\"canonical\" href=\"https:\/\/blogs.thesocialmedia.com\/leblogmoto\/2008\/09\/25\/post\/\" \/>\n<meta name=\"twitter:card\" content=\"summary_large_image\" \/>\n<meta name=\"twitter:title\" content=\"L&#039;expression &quot;plancher des vaches&quot; n&#039;a jamais \u00e9t\u00e9 si inappropri\u00e9e. - leblogmoto.com\" \/>\n<meta name=\"twitter:description\" content=\"En tant que motards pour la plupart d&rsquo;entre vous, vous connaissez sans doute la blague du motard et du pandore o\u00f9 le premier demande en plein contr\u00f4le routier, s&rsquo;il roulait vraiment si vite que \u00e7a. Question \u00e0 laquelle le k\u00e9pi r\u00e9pond avec humour que, vu la marque au compteur, il volait surtout beaucoup trop bas. [&hellip;]\" \/>\n<meta name=\"twitter:image\" content=\"http:\/\/www.leblogmoto.com\/images\/2008\/09\/25\/renegade_231.jpg\" \/>\n<meta name=\"twitter:label1\" content=\"\u00c9crit par\" \/>\n\t<meta name=\"twitter:data1\" content=\"benoit rieu\" \/>\n\t<meta name=\"twitter:label2\" content=\"Dur\u00e9e de lecture estim\u00e9e\" \/>\n\t<meta name=\"twitter:data2\" content=\"1 minute\" \/>\n<script type=\"application\/ld+json\" class=\"yoast-schema-graph\">{\"@context\":\"https:\/\/schema.org\",\"@graph\":[{\"@type\":\"WebPage\",\"@id\":\"https:\/\/blogs.thesocialmedia.com\/leblogmoto\/2008\/09\/25\/post\/\",\"url\":\"https:\/\/blogs.thesocialmedia.com\/leblogmoto\/2008\/09\/25\/post\/\",\"name\":\"L'expression \\\"plancher des vaches\\\" n'a jamais \u00e9t\u00e9 si inappropri\u00e9e. - leblogmoto.com\",\"isPartOf\":{\"@id\":\"https:\/\/blogs.thesocialmedia.com\/leblogmoto\/#website\"},\"primaryImageOfPage\":{\"@id\":\"https:\/\/blogs.thesocialmedia.com\/leblogmoto\/2008\/09\/25\/post\/#primaryimage\"},\"image\":{\"@id\":\"https:\/\/blogs.thesocialmedia.com\/leblogmoto\/2008\/09\/25\/post\/#primaryimage\"},\"thumbnailUrl\":\"http:\/\/www.leblogmoto.com\/images\/2008\/09\/25\/renegade_231.jpg\",\"datePublished\":\"2008-09-25T23:01:55+00:00\",\"dateModified\":\"2012-07-11T16:22:37+00:00\",\"author\":{\"@id\":\"https:\/\/blogs.thesocialmedia.com\/leblogmoto\/#\/schema\/person\/18bfe773e5725ed6d24f743da805362a\"},\"breadcrumb\":{\"@id\":\"https:\/\/blogs.thesocialmedia.com\/leblogmoto\/2008\/09\/25\/post\/#breadcrumb\"},\"inLanguage\":\"fr-FR\",\"potentialAction\":[{\"@type\":\"ReadAction\",\"target\":[\"https:\/\/blogs.thesocialmedia.com\/leblogmoto\/2008\/09\/25\/post\/\"]}]},{\"@type\":\"ImageObject\",\"inLanguage\":\"fr-FR\",\"@id\":\"https:\/\/blogs.thesocialmedia.com\/leblogmoto\/2008\/09\/25\/post\/#primaryimage\",\"url\":\"http:\/\/www.leblogmoto.com\/images\/2008\/09\/25\/renegade_231.jpg\",\"contentUrl\":\"http:\/\/www.leblogmoto.com\/images\/2008\/09\/25\/renegade_231.jpg\"},{\"@type\":\"BreadcrumbList\",\"@id\":\"https:\/\/blogs.thesocialmedia.com\/leblogmoto\/2008\/09\/25\/post\/#breadcrumb\",\"itemListElement\":[{\"@type\":\"ListItem\",\"position\":1,\"name\":\"Accueil\",\"item\":\"https:\/\/blogs.thesocialmedia.com\/leblogmoto\/\"},{\"@type\":\"ListItem\",\"position\":2,\"name\":\"L&rsquo;expression \u00ab\u00a0plancher des vaches\u00a0\u00bb n&rsquo;a jamais \u00e9t\u00e9 si inappropri\u00e9e.\"}]},{\"@type\":\"WebSite\",\"@id\":\"https:\/\/blogs.thesocialmedia.com\/leblogmoto\/#website\",\"url\":\"https:\/\/blogs.thesocialmedia.com\/leblogmoto\/\",\"name\":\"leblogmoto\",\"description\":\"Toute l&#039;actualit\u00e9 des 2 roues\",\"potentialAction\":[{\"@type\":\"SearchAction\",\"target\":{\"@type\":\"EntryPoint\",\"urlTemplate\":\"https:\/\/blogs.thesocialmedia.com\/leblogmoto\/?s={search_term_string}\"},\"query-input\":{\"@type\":\"PropertyValueSpecification\",\"valueRequired\":true,\"valueName\":\"search_term_string\"}}],\"inLanguage\":\"fr-FR\"},{\"@type\":\"Person\",\"@id\":\"https:\/\/blogs.thesocialmedia.com\/leblogmoto\/#\/schema\/person\/18bfe773e5725ed6d24f743da805362a\",\"name\":\"benoit rieu\",\"image\":{\"@type\":\"ImageObject\",\"inLanguage\":\"fr-FR\",\"@id\":\"https:\/\/blogs.thesocialmedia.com\/leblogmoto\/#\/schema\/person\/image\/\",\"url\":\"https:\/\/secure.gravatar.com\/avatar\/?s=96&d=mm&r=g\",\"contentUrl\":\"https:\/\/secure.gravatar.com\/avatar\/?s=96&d=mm&r=g\",\"caption\":\"benoit rieu\"},\"url\":\"https:\/\/blogs.thesocialmedia.com\/leblogmoto\/author\/benoit-rieu\/\"}]}<\/script>\n<!-- \/ Yoast SEO plugin. -->","yoast_head_json":{"title":"L'expression \"plancher des vaches\" n'a jamais \u00e9t\u00e9 si inappropri\u00e9e. - leblogmoto.com","robots":{"index":"index","follow":"follow","max-snippet":"max-snippet:-1","max-image-preview":"max-image-preview:large","max-video-preview":"max-video-preview:-1"},"canonical":"https:\/\/blogs.thesocialmedia.com\/leblogmoto\/2008\/09\/25\/post\/","twitter_card":"summary_large_image","twitter_title":"L'expression \"plancher des vaches\" n'a jamais \u00e9t\u00e9 si inappropri\u00e9e. - leblogmoto.com","twitter_description":"En tant que motards pour la plupart d&rsquo;entre vous, vous connaissez sans doute la blague du motard et du pandore o\u00f9 le premier demande en plein contr\u00f4le routier, s&rsquo;il roulait vraiment si vite que \u00e7a. Question \u00e0 laquelle le k\u00e9pi r\u00e9pond avec humour que, vu la marque au compteur, il volait surtout beaucoup trop bas. [&hellip;]","twitter_image":"http:\/\/www.leblogmoto.com\/images\/2008\/09\/25\/renegade_231.jpg","twitter_misc":{"\u00c9crit par":"benoit rieu","Dur\u00e9e de lecture estim\u00e9e":"1 minute"},"schema":{"@context":"https:\/\/schema.org","@graph":[{"@type":"WebPage","@id":"https:\/\/blogs.thesocialmedia.com\/leblogmoto\/2008\/09\/25\/post\/","url":"https:\/\/blogs.thesocialmedia.com\/leblogmoto\/2008\/09\/25\/post\/","name":"L'expression \"plancher des vaches\" n'a jamais \u00e9t\u00e9 si inappropri\u00e9e. - leblogmoto.com","isPartOf":{"@id":"https:\/\/blogs.thesocialmedia.com\/leblogmoto\/#website"},"primaryImageOfPage":{"@id":"https:\/\/blogs.thesocialmedia.com\/leblogmoto\/2008\/09\/25\/post\/#primaryimage"},"image":{"@id":"https:\/\/blogs.thesocialmedia.com\/leblogmoto\/2008\/09\/25\/post\/#primaryimage"},"thumbnailUrl":"http:\/\/www.leblogmoto.com\/images\/2008\/09\/25\/renegade_231.jpg","datePublished":"2008-09-25T23:01:55+00:00","dateModified":"2012-07-11T16:22:37+00:00","author":{"@id":"https:\/\/blogs.thesocialmedia.com\/leblogmoto\/#\/schema\/person\/18bfe773e5725ed6d24f743da805362a"},"breadcrumb":{"@id":"https:\/\/blogs.thesocialmedia.com\/leblogmoto\/2008\/09\/25\/post\/#breadcrumb"},"inLanguage":"fr-FR","potentialAction":[{"@type":"ReadAction","target":["https:\/\/blogs.thesocialmedia.com\/leblogmoto\/2008\/09\/25\/post\/"]}]},{"@type":"ImageObject","inLanguage":"fr-FR","@id":"https:\/\/blogs.thesocialmedia.com\/leblogmoto\/2008\/09\/25\/post\/#primaryimage","url":"http:\/\/www.leblogmoto.com\/images\/2008\/09\/25\/renegade_231.jpg","contentUrl":"http:\/\/www.leblogmoto.com\/images\/2008\/09\/25\/renegade_231.jpg"},{"@type":"BreadcrumbList","@id":"https:\/\/blogs.thesocialmedia.com\/leblogmoto\/2008\/09\/25\/post\/#breadcrumb","itemListElement":[{"@type":"ListItem","position":1,"name":"Accueil","item":"https:\/\/blogs.thesocialmedia.com\/leblogmoto\/"},{"@type":"ListItem","position":2,"name":"L&rsquo;expression \u00ab\u00a0plancher des vaches\u00a0\u00bb n&rsquo;a jamais \u00e9t\u00e9 si inappropri\u00e9e."}]},{"@type":"WebSite","@id":"https:\/\/blogs.thesocialmedia.com\/leblogmoto\/#website","url":"https:\/\/blogs.thesocialmedia.com\/leblogmoto\/","name":"leblogmoto","description":"Toute l&#039;actualit\u00e9 des 2 roues","potentialAction":[{"@type":"SearchAction","target":{"@type":"EntryPoint","urlTemplate":"https:\/\/blogs.thesocialmedia.com\/leblogmoto\/?s={search_term_string}"},"query-input":{"@type":"PropertyValueSpecification","valueRequired":true,"valueName":"search_term_string"}}],"inLanguage":"fr-FR"},{"@type":"Person","@id":"https:\/\/blogs.thesocialmedia.com\/leblogmoto\/#\/schema\/person\/18bfe773e5725ed6d24f743da805362a","name":"benoit rieu","image":{"@type":"ImageObject","inLanguage":"fr-FR","@id":"https:\/\/blogs.thesocialmedia.com\/leblogmoto\/#\/schema\/person\/image\/","url":"https:\/\/secure.gravatar.com\/avatar\/?s=96&d=mm&r=g","contentUrl":"https:\/\/secure.gravatar.com\/avatar\/?s=96&d=mm&r=g","caption":"benoit rieu"},"url":"https:\/\/blogs.thesocialmedia.com\/leblogmoto\/author\/benoit-rieu\/"}]}},"_links":{"self":[{"href":"https:\/\/blogs.thesocialmedia.com\/leblogmoto\/wp-json\/wp\/v2\/posts\/485","targetHints":{"allow":["GET"]}}],"collection":[{"href":"https:\/\/blogs.thesocialmedia.com\/leblogmoto\/wp-json\/wp\/v2\/posts"}],"about":[{"href":"https:\/\/blogs.thesocialmedia.com\/leblogmoto\/wp-json\/wp\/v2\/types\/post"}],"author":[{"embeddable":true,"href":"https:\/\/blogs.thesocialmedia.com\/leblogmoto\/wp-json\/wp\/v2\/users\/324"}],"replies":[{"embeddable":true,"href":"https:\/\/blogs.thesocialmedia.com\/leblogmoto\/wp-json\/wp\/v2\/comments?post=485"}],"version-history":[{"count":2,"href":"https:\/\/blogs.thesocialmedia.com\/leblogmoto\/wp-json\/wp\/v2\/posts\/485\/revisions"}],"predecessor-version":[{"id":11718,"href":"https:\/\/blogs.thesocialmedia.com\/leblogmoto\/wp-json\/wp\/v2\/posts\/485\/revisions\/11718"}],"wp:attachment":[{"href":"https:\/\/blogs.thesocialmedia.com\/leblogmoto\/wp-json\/wp\/v2\/media?parent=485"}],"wp:term":[{"taxonomy":"category","embeddable":true,"href":"https:\/\/blogs.thesocialmedia.com\/leblogmoto\/wp-json\/wp\/v2\/categories?post=485"},{"taxonomy":"post_tag","embeddable":true,"href":"https:\/\/blogs.thesocialmedia.com\/leblogmoto\/wp-json\/wp\/v2\/tags?post=485"}],"curies":[{"name":"wp","href":"https:\/\/api.w.org\/{rel}","templated":true}]}}