{"id":487,"date":"2008-09-24T23:58:27","date_gmt":"2008-09-24T23:58:27","guid":{"rendered":"http:\/\/blogs.thesocialmedia.com\/leblogmoto\/2008\/09\/24\/la-rentre-littr\/"},"modified":"2012-07-11T16:22:02","modified_gmt":"2012-07-11T16:22:02","slug":"la-rentre-littr","status":"publish","type":"post","link":"https:\/\/blogs.thesocialmedia.com\/leblogmoto\/2008\/09\/24\/la-rentre-littr\/","title":{"rendered":"La rentr\u00e9e litt\u00e9raire se partage aussi entre r\u00eaves, bicylindres bavarois et charmes coquins."},"content":{"rendered":"<p><a href=\"http:\/\/blogs.thesocialmedia.com\/leblogmoto\/files\/2012\/07\/moto_livre_de_charme.jpg\"><img loading=\"lazy\" decoding=\"async\" height=\"470\"  width=\"470\" alt=\"Moto_livre_de_charme\" src=\"http:\/\/www.leblogmoto.com\/images\/2008\/09\/24\/moto_livre_de_charme.jpg\" \/><\/a> <\/p>\n<p>Sortis respectivement le 18 septembre pour les deux premiers et le 11 septembre pour le troisi\u00e8me, ces ouvrages n&rsquo;ont pour but que de vous divertir et enrichir votre connaissance moto, loin du martelage publicitaire sur les \u00e9changes \u00e9pistolaires entre Houellebecq et BHL, et tout le fatras du gratin germanopratin.<em> Les motos de r\u00eave<\/em> tout d&rsquo;abord&#8230;<\/p>\n<p>&#8230;est un livre sur les deux roues comme je les crains: en apparence trop g\u00e9n\u00e9raliste et trop visuel. Patrick Tran-Duc propose sur 463 pages un tour d&quot;horizon des motos c\u00e9l\u00e8bres de Honda, Yamaha, Kawasaki, Suzuki, Ducati, Moto Guzzi, Benelli, MV Agusta, Aprilia, Laverda, Piaggio, BMW, KTM, Triumph, Norton, BSA, Harley-Davidson et Buell. Ouf, n&rsquo;en jetez plus ! Outre son go\u00fbt pour l&rsquo;exhaustivit\u00e9, il a aussi pour lui son prix tr\u00e8s attractif, puisque Solar le vend \u00e0 pr\u00e8s de 10 \u20ac<\/p>\n<p>Adress\u00e9 \u00e0 des bourses plus lestes (46 \u20ac), le second ouvrage <em>BMW Les Motos<\/em>, chez Aubanel, \u00e9crit par le journaliste Valerio Boni retrace toute l&rsquo;histoire de la marque avec plus de 400 images et 240 pages, de la R32 \u00e0 la G650X. <\/p>\n<p>Enfin mon petit pr\u00e9f\u00e9r\u00e9 est celui qui illustre notre <em>home page<\/em>: Apr\u00e8s <em>Automobile de charme<\/em> illustr\u00e9 par Di Sano et Legein, Point Image passe aux 2 roues. Selon l&rsquo;\u00e9diteur, Bruno Di Sano, a mis en sc\u00e8ne les plus beaux engins motoris\u00e9s actuels et le doux raffinement de ses \u00ab belles \u00bb pour le plaisir des yeux. <em>Moto de Charme<\/em> est vendu \u00e0 9,50 \u20ac et est comme tous les autres dispo chez Amazon ou \u00e0 la Fnac.<\/p>\n<p><a href=\"http:\/\/blogs.thesocialmedia.com\/leblogmoto\/files\/2012\/07\/moto_livre_les_motos_de_reve_1001_p.jpg\"><img loading=\"lazy\" decoding=\"async\" height=\"470\"  width=\"470\" alt=\"Moto_livre_les_motos_de_reve_1001_p\" src=\"http:\/\/www.leblogmoto.com\/images\/2008\/09\/24\/moto_livre_les_motos_de_reve_1001_p.jpg\" \/><\/a><\/p>\n<p><a href=\"http:\/\/blogs.thesocialmedia.com\/leblogmoto\/files\/2012\/07\/moto_livre_bmw_les_motos.jpg\"><img loading=\"lazy\" decoding=\"async\" height=\"470\"  width=\"470\" alt=\"Moto_livre_bmw_les_motos\" src=\"http:\/\/www.leblogmoto.com\/images\/2008\/09\/24\/moto_livre_bmw_les_motos.jpg\" \/><\/a><\/p>\n<p><a href=\"http:\/\/blogs.thesocialmedia.com\/leblogmoto\/files\/2012\/07\/moto_livre_de_charme.jpg\"><br \/><\/a><\/p>\n<p>&nbsp;<\/p>\n","protected":false},"excerpt":{"rendered":"<p>Sortis respectivement le 18 septembre pour les deux premiers et le 11 septembre pour le troisi\u00e8me, ces ouvrages n&rsquo;ont pour but que de vous divertir et enrichir votre connaissance moto, loin du martelage publicitaire sur les \u00e9changes \u00e9pistolaires entre Houellebecq et BHL, et tout le fatras du gratin germanopratin. Les motos de r\u00eave tout d&rsquo;abord&#8230; [&hellip;]<\/p>\n","protected":false},"author":324,"featured_media":0,"comment_status":"open","ping_status":"open","sticky":false,"template":"","format":"standard","meta":{"footnotes":""},"categories":[3,7,8,15,46],"tags":[],"class_list":["post-487","post","type-post","status-publish","format-standard","hentry","category-actualite","category-bmw","category-chaines-et-cuirs","category-livres","category-superbike"],"yoast_head":"<!-- This site is optimized with the Yoast SEO plugin v26.0 - https:\/\/yoast.com\/wordpress\/plugins\/seo\/ -->\n<title>La rentr\u00e9e litt\u00e9raire se partage aussi entre r\u00eaves, bicylindres bavarois et charmes coquins. - leblogmoto.com<\/title>\n<meta name=\"robots\" content=\"index, follow, max-snippet:-1, max-image-preview:large, max-video-preview:-1\" \/>\n<link rel=\"canonical\" href=\"https:\/\/blogs.thesocialmedia.com\/leblogmoto\/2008\/09\/24\/la-rentre-littr\/\" \/>\n<meta name=\"twitter:card\" content=\"summary_large_image\" \/>\n<meta name=\"twitter:title\" content=\"La rentr\u00e9e litt\u00e9raire se partage aussi entre r\u00eaves, bicylindres bavarois et charmes coquins. - leblogmoto.com\" \/>\n<meta name=\"twitter:description\" content=\"Sortis respectivement le 18 septembre pour les deux premiers et le 11 septembre pour le troisi\u00e8me, ces ouvrages n&rsquo;ont pour but que de vous divertir et enrichir votre connaissance moto, loin du martelage publicitaire sur les \u00e9changes \u00e9pistolaires entre Houellebecq et BHL, et tout le fatras du gratin germanopratin. Les motos de r\u00eave tout d&rsquo;abord&#8230; [&hellip;]\" \/>\n<meta name=\"twitter:image\" content=\"http:\/\/www.leblogmoto.com\/images\/2008\/09\/24\/moto_livre_de_charme.jpg\" \/>\n<meta name=\"twitter:label1\" content=\"\u00c9crit par\" \/>\n\t<meta name=\"twitter:data1\" content=\"benoit rieu\" \/>\n\t<meta name=\"twitter:label2\" content=\"Dur\u00e9e de lecture estim\u00e9e\" \/>\n\t<meta name=\"twitter:data2\" content=\"1 minute\" \/>\n<script type=\"application\/ld+json\" class=\"yoast-schema-graph\">{\"@context\":\"https:\/\/schema.org\",\"@graph\":[{\"@type\":\"WebPage\",\"@id\":\"https:\/\/blogs.thesocialmedia.com\/leblogmoto\/2008\/09\/24\/la-rentre-littr\/\",\"url\":\"https:\/\/blogs.thesocialmedia.com\/leblogmoto\/2008\/09\/24\/la-rentre-littr\/\",\"name\":\"La rentr\u00e9e litt\u00e9raire se partage aussi entre r\u00eaves, bicylindres bavarois et charmes coquins. - leblogmoto.com\",\"isPartOf\":{\"@id\":\"https:\/\/blogs.thesocialmedia.com\/leblogmoto\/#website\"},\"primaryImageOfPage\":{\"@id\":\"https:\/\/blogs.thesocialmedia.com\/leblogmoto\/2008\/09\/24\/la-rentre-littr\/#primaryimage\"},\"image\":{\"@id\":\"https:\/\/blogs.thesocialmedia.com\/leblogmoto\/2008\/09\/24\/la-rentre-littr\/#primaryimage\"},\"thumbnailUrl\":\"http:\/\/www.leblogmoto.com\/images\/2008\/09\/24\/moto_livre_de_charme.jpg\",\"datePublished\":\"2008-09-24T23:58:27+00:00\",\"dateModified\":\"2012-07-11T16:22:02+00:00\",\"author\":{\"@id\":\"https:\/\/blogs.thesocialmedia.com\/leblogmoto\/#\/schema\/person\/18bfe773e5725ed6d24f743da805362a\"},\"breadcrumb\":{\"@id\":\"https:\/\/blogs.thesocialmedia.com\/leblogmoto\/2008\/09\/24\/la-rentre-littr\/#breadcrumb\"},\"inLanguage\":\"fr-FR\",\"potentialAction\":[{\"@type\":\"ReadAction\",\"target\":[\"https:\/\/blogs.thesocialmedia.com\/leblogmoto\/2008\/09\/24\/la-rentre-littr\/\"]}]},{\"@type\":\"ImageObject\",\"inLanguage\":\"fr-FR\",\"@id\":\"https:\/\/blogs.thesocialmedia.com\/leblogmoto\/2008\/09\/24\/la-rentre-littr\/#primaryimage\",\"url\":\"http:\/\/www.leblogmoto.com\/images\/2008\/09\/24\/moto_livre_de_charme.jpg\",\"contentUrl\":\"http:\/\/www.leblogmoto.com\/images\/2008\/09\/24\/moto_livre_de_charme.jpg\"},{\"@type\":\"BreadcrumbList\",\"@id\":\"https:\/\/blogs.thesocialmedia.com\/leblogmoto\/2008\/09\/24\/la-rentre-littr\/#breadcrumb\",\"itemListElement\":[{\"@type\":\"ListItem\",\"position\":1,\"name\":\"Accueil\",\"item\":\"https:\/\/blogs.thesocialmedia.com\/leblogmoto\/\"},{\"@type\":\"ListItem\",\"position\":2,\"name\":\"La rentr\u00e9e litt\u00e9raire se partage aussi entre r\u00eaves, bicylindres bavarois et charmes coquins.\"}]},{\"@type\":\"WebSite\",\"@id\":\"https:\/\/blogs.thesocialmedia.com\/leblogmoto\/#website\",\"url\":\"https:\/\/blogs.thesocialmedia.com\/leblogmoto\/\",\"name\":\"leblogmoto\",\"description\":\"Toute l&#039;actualit\u00e9 des 2 roues\",\"potentialAction\":[{\"@type\":\"SearchAction\",\"target\":{\"@type\":\"EntryPoint\",\"urlTemplate\":\"https:\/\/blogs.thesocialmedia.com\/leblogmoto\/?s={search_term_string}\"},\"query-input\":{\"@type\":\"PropertyValueSpecification\",\"valueRequired\":true,\"valueName\":\"search_term_string\"}}],\"inLanguage\":\"fr-FR\"},{\"@type\":\"Person\",\"@id\":\"https:\/\/blogs.thesocialmedia.com\/leblogmoto\/#\/schema\/person\/18bfe773e5725ed6d24f743da805362a\",\"name\":\"benoit rieu\",\"image\":{\"@type\":\"ImageObject\",\"inLanguage\":\"fr-FR\",\"@id\":\"https:\/\/blogs.thesocialmedia.com\/leblogmoto\/#\/schema\/person\/image\/\",\"url\":\"https:\/\/secure.gravatar.com\/avatar\/?s=96&d=mm&r=g\",\"contentUrl\":\"https:\/\/secure.gravatar.com\/avatar\/?s=96&d=mm&r=g\",\"caption\":\"benoit rieu\"},\"url\":\"https:\/\/blogs.thesocialmedia.com\/leblogmoto\/author\/benoit-rieu\/\"}]}<\/script>\n<!-- \/ Yoast SEO plugin. -->","yoast_head_json":{"title":"La rentr\u00e9e litt\u00e9raire se partage aussi entre r\u00eaves, bicylindres bavarois et charmes coquins. - leblogmoto.com","robots":{"index":"index","follow":"follow","max-snippet":"max-snippet:-1","max-image-preview":"max-image-preview:large","max-video-preview":"max-video-preview:-1"},"canonical":"https:\/\/blogs.thesocialmedia.com\/leblogmoto\/2008\/09\/24\/la-rentre-littr\/","twitter_card":"summary_large_image","twitter_title":"La rentr\u00e9e litt\u00e9raire se partage aussi entre r\u00eaves, bicylindres bavarois et charmes coquins. - leblogmoto.com","twitter_description":"Sortis respectivement le 18 septembre pour les deux premiers et le 11 septembre pour le troisi\u00e8me, ces ouvrages n&rsquo;ont pour but que de vous divertir et enrichir votre connaissance moto, loin du martelage publicitaire sur les \u00e9changes \u00e9pistolaires entre Houellebecq et BHL, et tout le fatras du gratin germanopratin. Les motos de r\u00eave tout d&rsquo;abord&#8230; [&hellip;]","twitter_image":"http:\/\/www.leblogmoto.com\/images\/2008\/09\/24\/moto_livre_de_charme.jpg","twitter_misc":{"\u00c9crit par":"benoit rieu","Dur\u00e9e de lecture estim\u00e9e":"1 minute"},"schema":{"@context":"https:\/\/schema.org","@graph":[{"@type":"WebPage","@id":"https:\/\/blogs.thesocialmedia.com\/leblogmoto\/2008\/09\/24\/la-rentre-littr\/","url":"https:\/\/blogs.thesocialmedia.com\/leblogmoto\/2008\/09\/24\/la-rentre-littr\/","name":"La rentr\u00e9e litt\u00e9raire se partage aussi entre r\u00eaves, bicylindres bavarois et charmes coquins. - leblogmoto.com","isPartOf":{"@id":"https:\/\/blogs.thesocialmedia.com\/leblogmoto\/#website"},"primaryImageOfPage":{"@id":"https:\/\/blogs.thesocialmedia.com\/leblogmoto\/2008\/09\/24\/la-rentre-littr\/#primaryimage"},"image":{"@id":"https:\/\/blogs.thesocialmedia.com\/leblogmoto\/2008\/09\/24\/la-rentre-littr\/#primaryimage"},"thumbnailUrl":"http:\/\/www.leblogmoto.com\/images\/2008\/09\/24\/moto_livre_de_charme.jpg","datePublished":"2008-09-24T23:58:27+00:00","dateModified":"2012-07-11T16:22:02+00:00","author":{"@id":"https:\/\/blogs.thesocialmedia.com\/leblogmoto\/#\/schema\/person\/18bfe773e5725ed6d24f743da805362a"},"breadcrumb":{"@id":"https:\/\/blogs.thesocialmedia.com\/leblogmoto\/2008\/09\/24\/la-rentre-littr\/#breadcrumb"},"inLanguage":"fr-FR","potentialAction":[{"@type":"ReadAction","target":["https:\/\/blogs.thesocialmedia.com\/leblogmoto\/2008\/09\/24\/la-rentre-littr\/"]}]},{"@type":"ImageObject","inLanguage":"fr-FR","@id":"https:\/\/blogs.thesocialmedia.com\/leblogmoto\/2008\/09\/24\/la-rentre-littr\/#primaryimage","url":"http:\/\/www.leblogmoto.com\/images\/2008\/09\/24\/moto_livre_de_charme.jpg","contentUrl":"http:\/\/www.leblogmoto.com\/images\/2008\/09\/24\/moto_livre_de_charme.jpg"},{"@type":"BreadcrumbList","@id":"https:\/\/blogs.thesocialmedia.com\/leblogmoto\/2008\/09\/24\/la-rentre-littr\/#breadcrumb","itemListElement":[{"@type":"ListItem","position":1,"name":"Accueil","item":"https:\/\/blogs.thesocialmedia.com\/leblogmoto\/"},{"@type":"ListItem","position":2,"name":"La rentr\u00e9e litt\u00e9raire se partage aussi entre r\u00eaves, bicylindres bavarois et charmes coquins."}]},{"@type":"WebSite","@id":"https:\/\/blogs.thesocialmedia.com\/leblogmoto\/#website","url":"https:\/\/blogs.thesocialmedia.com\/leblogmoto\/","name":"leblogmoto","description":"Toute l&#039;actualit\u00e9 des 2 roues","potentialAction":[{"@type":"SearchAction","target":{"@type":"EntryPoint","urlTemplate":"https:\/\/blogs.thesocialmedia.com\/leblogmoto\/?s={search_term_string}"},"query-input":{"@type":"PropertyValueSpecification","valueRequired":true,"valueName":"search_term_string"}}],"inLanguage":"fr-FR"},{"@type":"Person","@id":"https:\/\/blogs.thesocialmedia.com\/leblogmoto\/#\/schema\/person\/18bfe773e5725ed6d24f743da805362a","name":"benoit rieu","image":{"@type":"ImageObject","inLanguage":"fr-FR","@id":"https:\/\/blogs.thesocialmedia.com\/leblogmoto\/#\/schema\/person\/image\/","url":"https:\/\/secure.gravatar.com\/avatar\/?s=96&d=mm&r=g","contentUrl":"https:\/\/secure.gravatar.com\/avatar\/?s=96&d=mm&r=g","caption":"benoit rieu"},"url":"https:\/\/blogs.thesocialmedia.com\/leblogmoto\/author\/benoit-rieu\/"}]}},"_links":{"self":[{"href":"https:\/\/blogs.thesocialmedia.com\/leblogmoto\/wp-json\/wp\/v2\/posts\/487","targetHints":{"allow":["GET"]}}],"collection":[{"href":"https:\/\/blogs.thesocialmedia.com\/leblogmoto\/wp-json\/wp\/v2\/posts"}],"about":[{"href":"https:\/\/blogs.thesocialmedia.com\/leblogmoto\/wp-json\/wp\/v2\/types\/post"}],"author":[{"embeddable":true,"href":"https:\/\/blogs.thesocialmedia.com\/leblogmoto\/wp-json\/wp\/v2\/users\/324"}],"replies":[{"embeddable":true,"href":"https:\/\/blogs.thesocialmedia.com\/leblogmoto\/wp-json\/wp\/v2\/comments?post=487"}],"version-history":[{"count":2,"href":"https:\/\/blogs.thesocialmedia.com\/leblogmoto\/wp-json\/wp\/v2\/posts\/487\/revisions"}],"predecessor-version":[{"id":11705,"href":"https:\/\/blogs.thesocialmedia.com\/leblogmoto\/wp-json\/wp\/v2\/posts\/487\/revisions\/11705"}],"wp:attachment":[{"href":"https:\/\/blogs.thesocialmedia.com\/leblogmoto\/wp-json\/wp\/v2\/media?parent=487"}],"wp:term":[{"taxonomy":"category","embeddable":true,"href":"https:\/\/blogs.thesocialmedia.com\/leblogmoto\/wp-json\/wp\/v2\/categories?post=487"},{"taxonomy":"post_tag","embeddable":true,"href":"https:\/\/blogs.thesocialmedia.com\/leblogmoto\/wp-json\/wp\/v2\/tags?post=487"}],"curies":[{"name":"wp","href":"https:\/\/api.w.org\/{rel}","templated":true}]}}