{"id":488,"date":"2008-09-24T20:44:54","date_gmt":"2008-09-24T20:44:54","guid":{"rendered":"http:\/\/blogs.thesocialmedia.com\/leblogmoto\/2008\/09\/24\/cest-dsormais-o\/"},"modified":"2012-07-11T16:21:57","modified_gmt":"2012-07-11T16:21:57","slug":"cest-dsormais-o","status":"publish","type":"post","link":"https:\/\/blogs.thesocialmedia.com\/leblogmoto\/2008\/09\/24\/cest-dsormais-o\/","title":{"rendered":"C&rsquo;est d\u00e9sormais officiel, nous n&rsquo;aurons plus l&rsquo;exclusivit\u00e9 des feux diurnes."},"content":{"rendered":"<p><a href=\"http:\/\/blogs.thesocialmedia.com\/leblogmoto\/files\/2012\/07\/ducati_monster_s4r_2008.jpg\"><img loading=\"lazy\" decoding=\"async\" height=\"351\"  width=\"470\" src=\"http:\/\/www.leblogmoto.com\/images\/2008\/09\/24\/ducati_monster_s4r_2008.jpg\" alt=\"Ducati_monster_s4r_2008\" \/><\/a><\/p>\n<p>Une d\u00e9p\u00eache AFP dat\u00e9e de cet apr\u00e8s-midi nous apprend que la Commission Europ\u00e9enne imposera d\u00e8s 2011 un \u00e9clairage automatique (&quot;forc\u00e9&quot; serait \u00e0 mon avis plus juste comme \u00e9pith\u00e8te) de tous les nouveaux mod\u00e8les de voitures commercialis\u00e9s dans l&rsquo;UE, en esp\u00e9rant faire baisser de 3 \u00e0 5 % le nombre de morts sur les routes de l&rsquo;Union. Ces feux &quot;d\u00e9di\u00e9s&quot;, selon l&rsquo;appellation de la directive approuv\u00e9e aujourd&rsquo;hui \u00e0 Bruxelles, seront obligatoires \u00e0 l&rsquo;avant de tous les nouveaux mod\u00e8les de voitures particuli\u00e8res ainsi que chez les camionnettes qui seront lanc\u00e9es sur le march\u00e9 d\u00e8s le 7 f\u00e9vrier 2011. Cette obligation sera \u00e9tendue progressivement aux bus et camions un an et demi plus tard, soit pour \u00eatre plus clair en ao\u00fbt 2012. Mesdames, mesdemoiselles, messieurs, c&rsquo;en est fini du particularisme des deux-roues, nous serons noy\u00e9s dans la masse des autres v\u00e9hicules avec des cons\u00e9quence que l&rsquo;on esp\u00e8re les moins f\u00e2cheuses possibles. Dans la suite, un ajout de toute derni\u00e8re minute avec la d\u00e9p\u00eache plus fournie lue dans le Monde, mentionnant l&rsquo;<a href=\"http:\/\/www.lemonde.fr\/societe\/article\/2008\/09\/24\/les-voitures-devront-etre-equipees-de-phares-de-jour-dans-l-ue-des-2011_1099174_3224.html\">avis plut\u00f4t positif de la F\u00e9d\u00e9<\/a> europ\u00e9enne des motards.<\/p>\n<p>L&rsquo;ensemble du territoire ressemblera aux Landes, pour celles et ceux qui connaissent. Au moins cette disposition aura le m\u00e9rite de clarifier un d\u00e9bat relanc\u00e9 il y a un an par le Minist\u00e8re des Transports. Et d\u00e9j\u00e0 Bruxelles affiche l&rsquo;optimisme b\u00e9at d&rsquo;un gamin d\u00e9couvrant la route en conduite accompagn\u00e9e: d&rsquo;apr\u00e8s la Commission, ces phares sp\u00e9ciaux &quot;am\u00e9liorent consid\u00e9rablement la visibilit\u00e9 des v\u00e9hicules pour les autres usagers&quot;, avec l&rsquo;esp\u00e9rance de voir baisser les collisions frontales de 15%.<\/p>\n<p>Rajout: Selon le Monde, la F\u00e9d\u00e9ration europ\u00e9enne des motards, qui s&rsquo;\u00e9tait oppos\u00e9e \u00e0 l&rsquo;id\u00e9e d&rsquo;obliger les automobilistes \u00e0 allumer leurs feux de croisement en journ\u00e9e, s&rsquo;est dite mercredi <em>&quot;pas oppos\u00e9e&quot;<\/em> \u00e0 la d\u00e9cision de Bruxelles, puisque les <u>feux d\u00e9di\u00e9s, avec&nbsp; leurs caract\u00e9ristiques propres<\/u>, <em>&quot;ne diminueront pas la visibilit\u00e9 des motards&quot;<\/em>. <\/p>\n","protected":false},"excerpt":{"rendered":"<p>Une d\u00e9p\u00eache AFP dat\u00e9e de cet apr\u00e8s-midi nous apprend que la Commission Europ\u00e9enne imposera d\u00e8s 2011 un \u00e9clairage automatique (&quot;forc\u00e9&quot; serait \u00e0 mon avis plus juste comme \u00e9pith\u00e8te) de tous les nouveaux mod\u00e8les de voitures commercialis\u00e9s dans l&rsquo;UE, en esp\u00e9rant faire baisser de 3 \u00e0 5 % le nombre de morts sur les routes de [&hellip;]<\/p>\n","protected":false},"author":324,"featured_media":0,"comment_status":"open","ping_status":"open","sticky":false,"template":"","format":"standard","meta":{"footnotes":""},"categories":[3,27],"tags":[],"class_list":["post-488","post","type-post","status-publish","format-standard","hentry","category-actualite","category-securite"],"yoast_head":"<!-- This site is optimized with the Yoast SEO plugin v26.0 - https:\/\/yoast.com\/wordpress\/plugins\/seo\/ -->\n<title>C&#039;est d\u00e9sormais officiel, nous n&#039;aurons plus l&#039;exclusivit\u00e9 des feux diurnes. - leblogmoto.com<\/title>\n<meta name=\"robots\" content=\"index, follow, max-snippet:-1, max-image-preview:large, max-video-preview:-1\" \/>\n<link rel=\"canonical\" href=\"https:\/\/blogs.thesocialmedia.com\/leblogmoto\/2008\/09\/24\/cest-dsormais-o\/\" \/>\n<meta name=\"twitter:card\" content=\"summary_large_image\" \/>\n<meta name=\"twitter:title\" content=\"C&#039;est d\u00e9sormais officiel, nous n&#039;aurons plus l&#039;exclusivit\u00e9 des feux diurnes. - leblogmoto.com\" \/>\n<meta name=\"twitter:description\" content=\"Une d\u00e9p\u00eache AFP dat\u00e9e de cet apr\u00e8s-midi nous apprend que la Commission Europ\u00e9enne imposera d\u00e8s 2011 un \u00e9clairage automatique (&quot;forc\u00e9&quot; serait \u00e0 mon avis plus juste comme \u00e9pith\u00e8te) de tous les nouveaux mod\u00e8les de voitures commercialis\u00e9s dans l&rsquo;UE, en esp\u00e9rant faire baisser de 3 \u00e0 5 % le nombre de morts sur les routes de [&hellip;]\" \/>\n<meta name=\"twitter:image\" content=\"http:\/\/www.leblogmoto.com\/images\/2008\/09\/24\/ducati_monster_s4r_2008.jpg\" \/>\n<meta name=\"twitter:label1\" content=\"\u00c9crit par\" \/>\n\t<meta name=\"twitter:data1\" content=\"benoit rieu\" \/>\n\t<meta name=\"twitter:label2\" content=\"Dur\u00e9e de lecture estim\u00e9e\" \/>\n\t<meta name=\"twitter:data2\" content=\"2 minutes\" \/>\n<script type=\"application\/ld+json\" class=\"yoast-schema-graph\">{\"@context\":\"https:\/\/schema.org\",\"@graph\":[{\"@type\":\"WebPage\",\"@id\":\"https:\/\/blogs.thesocialmedia.com\/leblogmoto\/2008\/09\/24\/cest-dsormais-o\/\",\"url\":\"https:\/\/blogs.thesocialmedia.com\/leblogmoto\/2008\/09\/24\/cest-dsormais-o\/\",\"name\":\"C'est d\u00e9sormais officiel, nous n'aurons plus l'exclusivit\u00e9 des feux diurnes. - leblogmoto.com\",\"isPartOf\":{\"@id\":\"https:\/\/blogs.thesocialmedia.com\/leblogmoto\/#website\"},\"primaryImageOfPage\":{\"@id\":\"https:\/\/blogs.thesocialmedia.com\/leblogmoto\/2008\/09\/24\/cest-dsormais-o\/#primaryimage\"},\"image\":{\"@id\":\"https:\/\/blogs.thesocialmedia.com\/leblogmoto\/2008\/09\/24\/cest-dsormais-o\/#primaryimage\"},\"thumbnailUrl\":\"http:\/\/www.leblogmoto.com\/images\/2008\/09\/24\/ducati_monster_s4r_2008.jpg\",\"datePublished\":\"2008-09-24T20:44:54+00:00\",\"dateModified\":\"2012-07-11T16:21:57+00:00\",\"author\":{\"@id\":\"https:\/\/blogs.thesocialmedia.com\/leblogmoto\/#\/schema\/person\/18bfe773e5725ed6d24f743da805362a\"},\"breadcrumb\":{\"@id\":\"https:\/\/blogs.thesocialmedia.com\/leblogmoto\/2008\/09\/24\/cest-dsormais-o\/#breadcrumb\"},\"inLanguage\":\"fr-FR\",\"potentialAction\":[{\"@type\":\"ReadAction\",\"target\":[\"https:\/\/blogs.thesocialmedia.com\/leblogmoto\/2008\/09\/24\/cest-dsormais-o\/\"]}]},{\"@type\":\"ImageObject\",\"inLanguage\":\"fr-FR\",\"@id\":\"https:\/\/blogs.thesocialmedia.com\/leblogmoto\/2008\/09\/24\/cest-dsormais-o\/#primaryimage\",\"url\":\"http:\/\/www.leblogmoto.com\/images\/2008\/09\/24\/ducati_monster_s4r_2008.jpg\",\"contentUrl\":\"http:\/\/www.leblogmoto.com\/images\/2008\/09\/24\/ducati_monster_s4r_2008.jpg\"},{\"@type\":\"BreadcrumbList\",\"@id\":\"https:\/\/blogs.thesocialmedia.com\/leblogmoto\/2008\/09\/24\/cest-dsormais-o\/#breadcrumb\",\"itemListElement\":[{\"@type\":\"ListItem\",\"position\":1,\"name\":\"Accueil\",\"item\":\"https:\/\/blogs.thesocialmedia.com\/leblogmoto\/\"},{\"@type\":\"ListItem\",\"position\":2,\"name\":\"C&rsquo;est d\u00e9sormais officiel, nous n&rsquo;aurons plus l&rsquo;exclusivit\u00e9 des feux diurnes.\"}]},{\"@type\":\"WebSite\",\"@id\":\"https:\/\/blogs.thesocialmedia.com\/leblogmoto\/#website\",\"url\":\"https:\/\/blogs.thesocialmedia.com\/leblogmoto\/\",\"name\":\"leblogmoto\",\"description\":\"Toute l&#039;actualit\u00e9 des 2 roues\",\"potentialAction\":[{\"@type\":\"SearchAction\",\"target\":{\"@type\":\"EntryPoint\",\"urlTemplate\":\"https:\/\/blogs.thesocialmedia.com\/leblogmoto\/?s={search_term_string}\"},\"query-input\":{\"@type\":\"PropertyValueSpecification\",\"valueRequired\":true,\"valueName\":\"search_term_string\"}}],\"inLanguage\":\"fr-FR\"},{\"@type\":\"Person\",\"@id\":\"https:\/\/blogs.thesocialmedia.com\/leblogmoto\/#\/schema\/person\/18bfe773e5725ed6d24f743da805362a\",\"name\":\"benoit rieu\",\"image\":{\"@type\":\"ImageObject\",\"inLanguage\":\"fr-FR\",\"@id\":\"https:\/\/blogs.thesocialmedia.com\/leblogmoto\/#\/schema\/person\/image\/\",\"url\":\"https:\/\/secure.gravatar.com\/avatar\/?s=96&d=mm&r=g\",\"contentUrl\":\"https:\/\/secure.gravatar.com\/avatar\/?s=96&d=mm&r=g\",\"caption\":\"benoit rieu\"},\"url\":\"https:\/\/blogs.thesocialmedia.com\/leblogmoto\/author\/benoit-rieu\/\"}]}<\/script>\n<!-- \/ Yoast SEO plugin. -->","yoast_head_json":{"title":"C'est d\u00e9sormais officiel, nous n'aurons plus l'exclusivit\u00e9 des feux diurnes. - leblogmoto.com","robots":{"index":"index","follow":"follow","max-snippet":"max-snippet:-1","max-image-preview":"max-image-preview:large","max-video-preview":"max-video-preview:-1"},"canonical":"https:\/\/blogs.thesocialmedia.com\/leblogmoto\/2008\/09\/24\/cest-dsormais-o\/","twitter_card":"summary_large_image","twitter_title":"C'est d\u00e9sormais officiel, nous n'aurons plus l'exclusivit\u00e9 des feux diurnes. - leblogmoto.com","twitter_description":"Une d\u00e9p\u00eache AFP dat\u00e9e de cet apr\u00e8s-midi nous apprend que la Commission Europ\u00e9enne imposera d\u00e8s 2011 un \u00e9clairage automatique (&quot;forc\u00e9&quot; serait \u00e0 mon avis plus juste comme \u00e9pith\u00e8te) de tous les nouveaux mod\u00e8les de voitures commercialis\u00e9s dans l&rsquo;UE, en esp\u00e9rant faire baisser de 3 \u00e0 5 % le nombre de morts sur les routes de [&hellip;]","twitter_image":"http:\/\/www.leblogmoto.com\/images\/2008\/09\/24\/ducati_monster_s4r_2008.jpg","twitter_misc":{"\u00c9crit par":"benoit rieu","Dur\u00e9e de lecture estim\u00e9e":"2 minutes"},"schema":{"@context":"https:\/\/schema.org","@graph":[{"@type":"WebPage","@id":"https:\/\/blogs.thesocialmedia.com\/leblogmoto\/2008\/09\/24\/cest-dsormais-o\/","url":"https:\/\/blogs.thesocialmedia.com\/leblogmoto\/2008\/09\/24\/cest-dsormais-o\/","name":"C'est d\u00e9sormais officiel, nous n'aurons plus l'exclusivit\u00e9 des feux diurnes. - leblogmoto.com","isPartOf":{"@id":"https:\/\/blogs.thesocialmedia.com\/leblogmoto\/#website"},"primaryImageOfPage":{"@id":"https:\/\/blogs.thesocialmedia.com\/leblogmoto\/2008\/09\/24\/cest-dsormais-o\/#primaryimage"},"image":{"@id":"https:\/\/blogs.thesocialmedia.com\/leblogmoto\/2008\/09\/24\/cest-dsormais-o\/#primaryimage"},"thumbnailUrl":"http:\/\/www.leblogmoto.com\/images\/2008\/09\/24\/ducati_monster_s4r_2008.jpg","datePublished":"2008-09-24T20:44:54+00:00","dateModified":"2012-07-11T16:21:57+00:00","author":{"@id":"https:\/\/blogs.thesocialmedia.com\/leblogmoto\/#\/schema\/person\/18bfe773e5725ed6d24f743da805362a"},"breadcrumb":{"@id":"https:\/\/blogs.thesocialmedia.com\/leblogmoto\/2008\/09\/24\/cest-dsormais-o\/#breadcrumb"},"inLanguage":"fr-FR","potentialAction":[{"@type":"ReadAction","target":["https:\/\/blogs.thesocialmedia.com\/leblogmoto\/2008\/09\/24\/cest-dsormais-o\/"]}]},{"@type":"ImageObject","inLanguage":"fr-FR","@id":"https:\/\/blogs.thesocialmedia.com\/leblogmoto\/2008\/09\/24\/cest-dsormais-o\/#primaryimage","url":"http:\/\/www.leblogmoto.com\/images\/2008\/09\/24\/ducati_monster_s4r_2008.jpg","contentUrl":"http:\/\/www.leblogmoto.com\/images\/2008\/09\/24\/ducati_monster_s4r_2008.jpg"},{"@type":"BreadcrumbList","@id":"https:\/\/blogs.thesocialmedia.com\/leblogmoto\/2008\/09\/24\/cest-dsormais-o\/#breadcrumb","itemListElement":[{"@type":"ListItem","position":1,"name":"Accueil","item":"https:\/\/blogs.thesocialmedia.com\/leblogmoto\/"},{"@type":"ListItem","position":2,"name":"C&rsquo;est d\u00e9sormais officiel, nous n&rsquo;aurons plus l&rsquo;exclusivit\u00e9 des feux diurnes."}]},{"@type":"WebSite","@id":"https:\/\/blogs.thesocialmedia.com\/leblogmoto\/#website","url":"https:\/\/blogs.thesocialmedia.com\/leblogmoto\/","name":"leblogmoto","description":"Toute l&#039;actualit\u00e9 des 2 roues","potentialAction":[{"@type":"SearchAction","target":{"@type":"EntryPoint","urlTemplate":"https:\/\/blogs.thesocialmedia.com\/leblogmoto\/?s={search_term_string}"},"query-input":{"@type":"PropertyValueSpecification","valueRequired":true,"valueName":"search_term_string"}}],"inLanguage":"fr-FR"},{"@type":"Person","@id":"https:\/\/blogs.thesocialmedia.com\/leblogmoto\/#\/schema\/person\/18bfe773e5725ed6d24f743da805362a","name":"benoit rieu","image":{"@type":"ImageObject","inLanguage":"fr-FR","@id":"https:\/\/blogs.thesocialmedia.com\/leblogmoto\/#\/schema\/person\/image\/","url":"https:\/\/secure.gravatar.com\/avatar\/?s=96&d=mm&r=g","contentUrl":"https:\/\/secure.gravatar.com\/avatar\/?s=96&d=mm&r=g","caption":"benoit rieu"},"url":"https:\/\/blogs.thesocialmedia.com\/leblogmoto\/author\/benoit-rieu\/"}]}},"_links":{"self":[{"href":"https:\/\/blogs.thesocialmedia.com\/leblogmoto\/wp-json\/wp\/v2\/posts\/488","targetHints":{"allow":["GET"]}}],"collection":[{"href":"https:\/\/blogs.thesocialmedia.com\/leblogmoto\/wp-json\/wp\/v2\/posts"}],"about":[{"href":"https:\/\/blogs.thesocialmedia.com\/leblogmoto\/wp-json\/wp\/v2\/types\/post"}],"author":[{"embeddable":true,"href":"https:\/\/blogs.thesocialmedia.com\/leblogmoto\/wp-json\/wp\/v2\/users\/324"}],"replies":[{"embeddable":true,"href":"https:\/\/blogs.thesocialmedia.com\/leblogmoto\/wp-json\/wp\/v2\/comments?post=488"}],"version-history":[{"count":2,"href":"https:\/\/blogs.thesocialmedia.com\/leblogmoto\/wp-json\/wp\/v2\/posts\/488\/revisions"}],"predecessor-version":[{"id":11701,"href":"https:\/\/blogs.thesocialmedia.com\/leblogmoto\/wp-json\/wp\/v2\/posts\/488\/revisions\/11701"}],"wp:attachment":[{"href":"https:\/\/blogs.thesocialmedia.com\/leblogmoto\/wp-json\/wp\/v2\/media?parent=488"}],"wp:term":[{"taxonomy":"category","embeddable":true,"href":"https:\/\/blogs.thesocialmedia.com\/leblogmoto\/wp-json\/wp\/v2\/categories?post=488"},{"taxonomy":"post_tag","embeddable":true,"href":"https:\/\/blogs.thesocialmedia.com\/leblogmoto\/wp-json\/wp\/v2\/tags?post=488"}],"curies":[{"name":"wp","href":"https:\/\/api.w.org\/{rel}","templated":true}]}}