{"id":489,"date":"2008-09-24T03:41:37","date_gmt":"2008-09-24T03:41:37","guid":{"rendered":"http:\/\/blogs.thesocialmedia.com\/leblogmoto\/2008\/09\/24\/lifan-la-chine\/"},"modified":"2012-07-11T16:21:55","modified_gmt":"2012-07-11T16:21:55","slug":"lifan-la-chine","status":"publish","type":"post","link":"https:\/\/blogs.thesocialmedia.com\/leblogmoto\/2008\/09\/24\/lifan-la-chine\/","title":{"rendered":"Lifan, la Chine modulaire"},"content":{"rendered":"<p><a href=\"http:\/\/blogs.thesocialmedia.com\/leblogmoto\/files\/2012\/07\/lifan.jpg\"><img loading=\"lazy\" decoding=\"async\" width=\"470\" height=\"177\"  alt=\"Lifan\" src=\"http:\/\/www.leblogmoto.com\/images\/2008\/09\/23\/lifan.jpg\" \/><\/a> <\/p>\n<p>Ma ni\u00e8ce, qui vient d&rsquo;avoir 13 ans est n\u00e9e en Chine de parent Chinois, puis adopt\u00e9e encore b\u00e9b\u00e9, par ses parents actuels qui sont qu\u00e9b\u00e9cois. Alice, c&rsquo;est son nom, est on ne peut plus chinoise, du moins ses g\u00eanes le sont, mais elle est r\u00e9solument qu\u00e9b\u00e9coise, avec un nom qu\u00e9b\u00e9cois, un passeport canadien, une langue, le fran\u00e7ais et toute l&rsquo;attitude d&rsquo;une ado baignant dans une soci\u00e9t\u00e9 nord-am\u00e9ricaine. En fait, pour nous, Alice n&rsquo;est pas Chinoise, elle est tout simplement Alice.<br \/>Et les centaines de milliers de consommateurs qui se procurent une moto <a href=\"http:\/\/www.lifan.com\/en\/\">Lifan<\/a>, le leader chinois des deux roues, ont le m\u00eame raisonnement. L&rsquo;h\u00e9ritage japonais des motos Lifan dispara\u00eet bien vite de la t\u00eate des gens, une Lifan est une Lifan, c&rsquo;est tout.<\/p>\n<p>L&rsquo;histoire semble se r\u00e9p\u00e9ter et, ironie du sort, les Japonais qui apr\u00e8s la guerre ont b\u00e2ti leurs assises industrielles en faisant de la r\u00e9tro-ing\u00e9nierie des produits \u00e9lectroniques et automobiles am\u00e9ricains, se sont fait faire le coup par les Chinois.<\/p>\n<p>Il n&rsquo;y a pas 30 ans, l&rsquo;industrie de la moto en Chine \u00e9tait \u00e0 peu pr\u00e8s inexistante, seuls quelques mod\u00e8les militaires sortaient des usines d&rsquo;\u00e9tats. Puis, dans les ann\u00e9es 80, les constructeurs japonais ont pu mettre un pied dans la marmite du march\u00e9 chinois, la demande augmentant de fa\u00e7on significative pour ce type de produits. Par contre, on ne les laissa pas libres de s&rsquo;implanter \u00e0 leur guise. Pas question de laisser l&rsquo;industrie japonaise prendre racine sur le sol chinois, ils durent mettre entre les mains d&rsquo;entrepreneurs locaux leur technologie, et ce, dans des usines sous contr\u00f4le de l&rsquo;\u00e9tat chinois.<br \/>Les premi\u00e8res ann\u00e9es de ce mariage de raison satisfaisaient les deux parties, les constructeurs nippons profitant d&rsquo;une main-d&rsquo;oeuvre \u00e0 rabais et d&rsquo;un march\u00e9 en pleine explosion. Quelques ann\u00e9es de ce r\u00e9gime et les motos japonaises domin\u00e8rent le march\u00e9 chinois, faisant de la Chine au d\u00e9but des ann\u00e9es 90 le plus gros producteur de motos au monde.<br \/>Mais l&rsquo;histoire avec un grand H roule aussi, et la Chine n&rsquo;y \u00e9chappa pas, s&rsquo;ouvrant de plus en plus \u00e0 une \u00e9conomie de march\u00e9. Et m\u00eame si l&rsquo;\u00e9tat chinois tenait toujours fortement les r\u00eanes de secteurs cruciaux de son \u00e9conomie, celui de la production de biens de consommation eu un peu plus de marge de manoeuvre, et une fois les r\u00e8gles assouplies, les int\u00e9r\u00eats priv\u00e9s chinois s&rsquo;engouffr\u00e8rent avec une soif et un entrain irr\u00e9sistible dans tous ces domaines, dont celui de la moto.<\/p>\n<p><a href=\"http:\/\/clabedan.typepad.com\/.shared\/image.html?\/photos\/uncategorized\/2008\/09\/23\/lf400.jpg\"><img loading=\"lazy\" decoding=\"async\" width=\"470\" height=\"352\"  alt=\"Lf400\" src=\"http:\/\/www.leblogmoto.com\/images\/2008\/09\/23\/lf400.jpg\" \/><\/a> <\/p>\n<p>Pendant des ann\u00e9es, les travailleurs chinois de l&rsquo;industrie de la moto furent form\u00e9s par les Japonais, devenant une main d&rsquo;oeuvre qualifi\u00e9e et sp\u00e9cialis\u00e9e. Les entrepreneurs locaux, dont Lifan, surent tirer profit de ces nouveaux travailleurs pour se d\u00e9velopper rapidement.<br \/>L&rsquo;innovation n&rsquo;\u00e9tait certainement pas \u00e0 l&rsquo;ordre du jour lors de cette phase de rapide croissance, et comme on le disait plus t\u00f4t, ce fut le r\u00e8gne du copier, coller. Mais comme les Japonais avant eux, les Chinois apprennent en \u00e9tudiant ce qui est d\u00e9j\u00e0 sur le march\u00e9, court-circuitant ainsi bon nombre d&rsquo;\u00e9tapes.<\/p>\n<p><a href=\"http:\/\/blogs.thesocialmedia.com\/leblogmoto\/files\/2012\/07\/50qt.jpg\"><img loading=\"lazy\" decoding=\"async\" width=\"470\" height=\"350\"  alt=\"50qt\" src=\"http:\/\/www.leblogmoto.com\/images\/2008\/09\/23\/50qt.jpg\" \/><\/a> <\/p>\n<p>Mais si les Chinois ne sont pas les champions de l&rsquo;innovation en mati\u00e8re de design, leur approche de la production n&rsquo;est en rien conventionnelle. La production d&rsquo;un objet complexe comme une moto ou simple comme le stylo que je tiens entre mes doigts, d\u00e9coule normalement d&rsquo;un m\u00eame processus. La compagnie d\u00e9finit les param\u00e8tres \u00e0 suivre et demande \u00e0 ses fournisseurs de leur faire exactement ce qu&rsquo;elle demande, pour ensuite assembler le tout et le mettre en march\u00e9.<br \/>Lifan et certains autres industriels chinois prennent une autre route, <a href=\"http:\/\/www.wikinomics.com\/blog\/\">tourn\u00e9e vers la collaboration<\/a> et plus ouverte.<br \/>Plut\u00f4t que d&rsquo;imposer de rigides r\u00e8gles pour les diff\u00e9rentes pi\u00e8ces, Lifan ne donne \u00e0 ses fournisseurs que les param\u00e8tres de bases, comme les dimensions de la fourche, pour qu&rsquo;elle s&rsquo;ajuste au cadre fabriqu\u00e9 ailleurs, mais pour le reste, le fournisseur est libre d&rsquo;exp\u00e9rimenter et d&rsquo;am\u00e9liorer son produit. Et comme la concurrence est vive, le laisser-aller n&rsquo;est pas bienvenu.<br \/>Celui qui produit la fourche coop\u00e8re avec ceux qui s&rsquo;occupent des freins, de la roue, du garde-boue, pour s&rsquo;assurer de demeurer comp\u00e9titifs, et comme ils deviennent ultras sp\u00e9cialis\u00e9s, leur temps de production est tr\u00e8s rapide.<br \/>Lifan en bout de ligne se retrouve avec des modules \u00e0 assembler, r\u00e9duisant ainsi non seulement ses co\u00fbts de R&amp;D, mais aussi d&rsquo;assemblage et de main d&rsquo;oeuvres. Ce qui donne des motos moins ch\u00e8res et produites plus rapidement.<br \/>Elles ont beau \u00eatre au fond d&rsquo;elles-m\u00eames des Japonaises, quand elles roulent hors de l&rsquo;usine, ce sont bel et bien des motos chinoises.<\/p>\n<p><a href=\"http:\/\/clabedan.typepad.com\/.shared\/image.html?\/photos\/uncategorized\/2008\/09\/23\/lf250gy.jpg\"><img loading=\"lazy\" decoding=\"async\" width=\"470\" height=\"353\"  alt=\"Lf250gy\" src=\"http:\/\/www.leblogmoto.com\/images\/2008\/09\/23\/lf250gy.jpg\" \/><\/a> <\/p>\n<p>Et le succ\u00e8s est au rendez-vous, faisant perdre plus de 40% de parts de march\u00e9 aux Japonais en quelques ann\u00e9es. De 10 millions de motos chinoises en 1997, ce chiffre \u00e0 doubl\u00e9 en 10 ans, la moiti\u00e9 allant maintenant \u00e0 l&rsquo;exportation, submergeant toute l&rsquo;Asie en faisant baisser les prix de fa\u00e7on dramatique.<\/p>\n<p>Reste \u00e0 voir comment cette industrie r\u00e9ussira \u00e0 g\u00e9rer une telle croissance, des changements sont \u00e0 pr\u00e9voir, mais avec des ventes de plus d&rsquo;un milliard d&rsquo;euros, une compagnie comme Lifan est bien positionn\u00e9e pour relever ces nouveaux d\u00e9fis. Le plus grand de ceux-ci \u00e9tant l&rsquo;exportation hors des march\u00e9s naturels de l&rsquo;Asie. D\u00e9j\u00e0 en 2001, Lifan exportait ses premi\u00e8res motos au Japon, et depuis 2003, le march\u00e9 europ\u00e9en s&rsquo;est ouvert.<\/p>\n<p><a href=\"http:\/\/blogs.thesocialmedia.com\/leblogmoto\/files\/2012\/07\/200.jpg\"><img loading=\"lazy\" decoding=\"async\" width=\"470\" height=\"350\"  alt=\"200\" src=\"http:\/\/www.leblogmoto.com\/images\/2008\/09\/23\/200.jpg\" \/><\/a> <\/p>\n<p>Il faudra aux entrepreneurs chinois de la patience, ils en ont, et des produits non seulement de qualit\u00e9, ils y arrivent, mais aussi ayant ce pouvoir de s\u00e9duction qui, pour l&rsquo;instant, leur fait d\u00e9faut.<\/p>\n<p>J&rsquo;ai quand m\u00eame bien h\u00e2te de voir si dans 15 ou 20 ans, nous saliverons devant les nouveaut\u00e9s de Lifan comme on le fait actuellement pour celles de Ducati? <\/p>\n<p><a href=\"http:\/\/blogs.thesocialmedia.com\/leblogmoto\/files\/2012\/07\/lf150t.jpg\"><img loading=\"lazy\" decoding=\"async\" width=\"470\" height=\"350\"  alt=\"Lf150t\" src=\"http:\/\/www.leblogmoto.com\/images\/2008\/09\/23\/lf150t.jpg\" \/><\/a> <\/p>\n","protected":false},"excerpt":{"rendered":"<p>Ma ni\u00e8ce, qui vient d&rsquo;avoir 13 ans est n\u00e9e en Chine de parent Chinois, puis adopt\u00e9e encore b\u00e9b\u00e9, par ses parents actuels qui sont qu\u00e9b\u00e9cois. Alice, c&rsquo;est son nom, est on ne peut plus chinoise, du moins ses g\u00eanes le sont, mais elle est r\u00e9solument qu\u00e9b\u00e9coise, avec un nom qu\u00e9b\u00e9cois, un passeport canadien, une langue, [&hellip;]<\/p>\n","protected":false},"author":325,"featured_media":0,"comment_status":"open","ping_status":"open","sticky":false,"template":"","format":"standard","meta":{"footnotes":""},"categories":[41,9],"tags":[],"class_list":["post-489","post","type-post","status-publish","format-standard","hentry","category-ducati","category-historique"],"yoast_head":"<!-- This site is optimized with the Yoast SEO plugin v26.0 - https:\/\/yoast.com\/wordpress\/plugins\/seo\/ -->\n<title>Lifan, la Chine modulaire - leblogmoto.com<\/title>\n<meta name=\"robots\" content=\"index, follow, max-snippet:-1, max-image-preview:large, max-video-preview:-1\" \/>\n<link rel=\"canonical\" href=\"https:\/\/blogs.thesocialmedia.com\/leblogmoto\/2008\/09\/24\/lifan-la-chine\/\" \/>\n<meta name=\"twitter:card\" content=\"summary_large_image\" \/>\n<meta name=\"twitter:title\" content=\"Lifan, la Chine modulaire - leblogmoto.com\" \/>\n<meta name=\"twitter:description\" content=\"Ma ni\u00e8ce, qui vient d&rsquo;avoir 13 ans est n\u00e9e en Chine de parent Chinois, puis adopt\u00e9e encore b\u00e9b\u00e9, par ses parents actuels qui sont qu\u00e9b\u00e9cois. Alice, c&rsquo;est son nom, est on ne peut plus chinoise, du moins ses g\u00eanes le sont, mais elle est r\u00e9solument qu\u00e9b\u00e9coise, avec un nom qu\u00e9b\u00e9cois, un passeport canadien, une langue, [&hellip;]\" \/>\n<meta name=\"twitter:image\" content=\"http:\/\/www.leblogmoto.com\/images\/2008\/09\/23\/lifan.jpg\" \/>\n<meta name=\"twitter:label1\" content=\"\u00c9crit par\" \/>\n\t<meta name=\"twitter:data1\" content=\"jacques lesage\" \/>\n\t<meta name=\"twitter:label2\" content=\"Dur\u00e9e de lecture estim\u00e9e\" \/>\n\t<meta name=\"twitter:data2\" content=\"5 minutes\" \/>\n<script type=\"application\/ld+json\" class=\"yoast-schema-graph\">{\"@context\":\"https:\/\/schema.org\",\"@graph\":[{\"@type\":\"WebPage\",\"@id\":\"https:\/\/blogs.thesocialmedia.com\/leblogmoto\/2008\/09\/24\/lifan-la-chine\/\",\"url\":\"https:\/\/blogs.thesocialmedia.com\/leblogmoto\/2008\/09\/24\/lifan-la-chine\/\",\"name\":\"Lifan, la Chine modulaire - leblogmoto.com\",\"isPartOf\":{\"@id\":\"https:\/\/blogs.thesocialmedia.com\/leblogmoto\/#website\"},\"primaryImageOfPage\":{\"@id\":\"https:\/\/blogs.thesocialmedia.com\/leblogmoto\/2008\/09\/24\/lifan-la-chine\/#primaryimage\"},\"image\":{\"@id\":\"https:\/\/blogs.thesocialmedia.com\/leblogmoto\/2008\/09\/24\/lifan-la-chine\/#primaryimage\"},\"thumbnailUrl\":\"http:\/\/www.leblogmoto.com\/images\/2008\/09\/23\/lifan.jpg\",\"datePublished\":\"2008-09-24T03:41:37+00:00\",\"dateModified\":\"2012-07-11T16:21:55+00:00\",\"author\":{\"@id\":\"https:\/\/blogs.thesocialmedia.com\/leblogmoto\/#\/schema\/person\/e82a0ca8a9a63d031586097a3ed58526\"},\"breadcrumb\":{\"@id\":\"https:\/\/blogs.thesocialmedia.com\/leblogmoto\/2008\/09\/24\/lifan-la-chine\/#breadcrumb\"},\"inLanguage\":\"fr-FR\",\"potentialAction\":[{\"@type\":\"ReadAction\",\"target\":[\"https:\/\/blogs.thesocialmedia.com\/leblogmoto\/2008\/09\/24\/lifan-la-chine\/\"]}]},{\"@type\":\"ImageObject\",\"inLanguage\":\"fr-FR\",\"@id\":\"https:\/\/blogs.thesocialmedia.com\/leblogmoto\/2008\/09\/24\/lifan-la-chine\/#primaryimage\",\"url\":\"http:\/\/www.leblogmoto.com\/images\/2008\/09\/23\/lifan.jpg\",\"contentUrl\":\"http:\/\/www.leblogmoto.com\/images\/2008\/09\/23\/lifan.jpg\"},{\"@type\":\"BreadcrumbList\",\"@id\":\"https:\/\/blogs.thesocialmedia.com\/leblogmoto\/2008\/09\/24\/lifan-la-chine\/#breadcrumb\",\"itemListElement\":[{\"@type\":\"ListItem\",\"position\":1,\"name\":\"Accueil\",\"item\":\"https:\/\/blogs.thesocialmedia.com\/leblogmoto\/\"},{\"@type\":\"ListItem\",\"position\":2,\"name\":\"Lifan, la Chine modulaire\"}]},{\"@type\":\"WebSite\",\"@id\":\"https:\/\/blogs.thesocialmedia.com\/leblogmoto\/#website\",\"url\":\"https:\/\/blogs.thesocialmedia.com\/leblogmoto\/\",\"name\":\"leblogmoto\",\"description\":\"Toute l&#039;actualit\u00e9 des 2 roues\",\"potentialAction\":[{\"@type\":\"SearchAction\",\"target\":{\"@type\":\"EntryPoint\",\"urlTemplate\":\"https:\/\/blogs.thesocialmedia.com\/leblogmoto\/?s={search_term_string}\"},\"query-input\":{\"@type\":\"PropertyValueSpecification\",\"valueRequired\":true,\"valueName\":\"search_term_string\"}}],\"inLanguage\":\"fr-FR\"},{\"@type\":\"Person\",\"@id\":\"https:\/\/blogs.thesocialmedia.com\/leblogmoto\/#\/schema\/person\/e82a0ca8a9a63d031586097a3ed58526\",\"name\":\"jacques lesage\",\"image\":{\"@type\":\"ImageObject\",\"inLanguage\":\"fr-FR\",\"@id\":\"https:\/\/blogs.thesocialmedia.com\/leblogmoto\/#\/schema\/person\/image\/\",\"url\":\"https:\/\/secure.gravatar.com\/avatar\/?s=96&d=mm&r=g\",\"contentUrl\":\"https:\/\/secure.gravatar.com\/avatar\/?s=96&d=mm&r=g\",\"caption\":\"jacques lesage\"},\"url\":\"https:\/\/blogs.thesocialmedia.com\/leblogmoto\/author\/jacques-lesage\/\"}]}<\/script>\n<!-- \/ Yoast SEO plugin. -->","yoast_head_json":{"title":"Lifan, la Chine modulaire - leblogmoto.com","robots":{"index":"index","follow":"follow","max-snippet":"max-snippet:-1","max-image-preview":"max-image-preview:large","max-video-preview":"max-video-preview:-1"},"canonical":"https:\/\/blogs.thesocialmedia.com\/leblogmoto\/2008\/09\/24\/lifan-la-chine\/","twitter_card":"summary_large_image","twitter_title":"Lifan, la Chine modulaire - leblogmoto.com","twitter_description":"Ma ni\u00e8ce, qui vient d&rsquo;avoir 13 ans est n\u00e9e en Chine de parent Chinois, puis adopt\u00e9e encore b\u00e9b\u00e9, par ses parents actuels qui sont qu\u00e9b\u00e9cois. Alice, c&rsquo;est son nom, est on ne peut plus chinoise, du moins ses g\u00eanes le sont, mais elle est r\u00e9solument qu\u00e9b\u00e9coise, avec un nom qu\u00e9b\u00e9cois, un passeport canadien, une langue, [&hellip;]","twitter_image":"http:\/\/www.leblogmoto.com\/images\/2008\/09\/23\/lifan.jpg","twitter_misc":{"\u00c9crit par":"jacques lesage","Dur\u00e9e de lecture estim\u00e9e":"5 minutes"},"schema":{"@context":"https:\/\/schema.org","@graph":[{"@type":"WebPage","@id":"https:\/\/blogs.thesocialmedia.com\/leblogmoto\/2008\/09\/24\/lifan-la-chine\/","url":"https:\/\/blogs.thesocialmedia.com\/leblogmoto\/2008\/09\/24\/lifan-la-chine\/","name":"Lifan, la Chine modulaire - leblogmoto.com","isPartOf":{"@id":"https:\/\/blogs.thesocialmedia.com\/leblogmoto\/#website"},"primaryImageOfPage":{"@id":"https:\/\/blogs.thesocialmedia.com\/leblogmoto\/2008\/09\/24\/lifan-la-chine\/#primaryimage"},"image":{"@id":"https:\/\/blogs.thesocialmedia.com\/leblogmoto\/2008\/09\/24\/lifan-la-chine\/#primaryimage"},"thumbnailUrl":"http:\/\/www.leblogmoto.com\/images\/2008\/09\/23\/lifan.jpg","datePublished":"2008-09-24T03:41:37+00:00","dateModified":"2012-07-11T16:21:55+00:00","author":{"@id":"https:\/\/blogs.thesocialmedia.com\/leblogmoto\/#\/schema\/person\/e82a0ca8a9a63d031586097a3ed58526"},"breadcrumb":{"@id":"https:\/\/blogs.thesocialmedia.com\/leblogmoto\/2008\/09\/24\/lifan-la-chine\/#breadcrumb"},"inLanguage":"fr-FR","potentialAction":[{"@type":"ReadAction","target":["https:\/\/blogs.thesocialmedia.com\/leblogmoto\/2008\/09\/24\/lifan-la-chine\/"]}]},{"@type":"ImageObject","inLanguage":"fr-FR","@id":"https:\/\/blogs.thesocialmedia.com\/leblogmoto\/2008\/09\/24\/lifan-la-chine\/#primaryimage","url":"http:\/\/www.leblogmoto.com\/images\/2008\/09\/23\/lifan.jpg","contentUrl":"http:\/\/www.leblogmoto.com\/images\/2008\/09\/23\/lifan.jpg"},{"@type":"BreadcrumbList","@id":"https:\/\/blogs.thesocialmedia.com\/leblogmoto\/2008\/09\/24\/lifan-la-chine\/#breadcrumb","itemListElement":[{"@type":"ListItem","position":1,"name":"Accueil","item":"https:\/\/blogs.thesocialmedia.com\/leblogmoto\/"},{"@type":"ListItem","position":2,"name":"Lifan, la Chine modulaire"}]},{"@type":"WebSite","@id":"https:\/\/blogs.thesocialmedia.com\/leblogmoto\/#website","url":"https:\/\/blogs.thesocialmedia.com\/leblogmoto\/","name":"leblogmoto","description":"Toute l&#039;actualit\u00e9 des 2 roues","potentialAction":[{"@type":"SearchAction","target":{"@type":"EntryPoint","urlTemplate":"https:\/\/blogs.thesocialmedia.com\/leblogmoto\/?s={search_term_string}"},"query-input":{"@type":"PropertyValueSpecification","valueRequired":true,"valueName":"search_term_string"}}],"inLanguage":"fr-FR"},{"@type":"Person","@id":"https:\/\/blogs.thesocialmedia.com\/leblogmoto\/#\/schema\/person\/e82a0ca8a9a63d031586097a3ed58526","name":"jacques lesage","image":{"@type":"ImageObject","inLanguage":"fr-FR","@id":"https:\/\/blogs.thesocialmedia.com\/leblogmoto\/#\/schema\/person\/image\/","url":"https:\/\/secure.gravatar.com\/avatar\/?s=96&d=mm&r=g","contentUrl":"https:\/\/secure.gravatar.com\/avatar\/?s=96&d=mm&r=g","caption":"jacques lesage"},"url":"https:\/\/blogs.thesocialmedia.com\/leblogmoto\/author\/jacques-lesage\/"}]}},"_links":{"self":[{"href":"https:\/\/blogs.thesocialmedia.com\/leblogmoto\/wp-json\/wp\/v2\/posts\/489","targetHints":{"allow":["GET"]}}],"collection":[{"href":"https:\/\/blogs.thesocialmedia.com\/leblogmoto\/wp-json\/wp\/v2\/posts"}],"about":[{"href":"https:\/\/blogs.thesocialmedia.com\/leblogmoto\/wp-json\/wp\/v2\/types\/post"}],"author":[{"embeddable":true,"href":"https:\/\/blogs.thesocialmedia.com\/leblogmoto\/wp-json\/wp\/v2\/users\/325"}],"replies":[{"embeddable":true,"href":"https:\/\/blogs.thesocialmedia.com\/leblogmoto\/wp-json\/wp\/v2\/comments?post=489"}],"version-history":[{"count":2,"href":"https:\/\/blogs.thesocialmedia.com\/leblogmoto\/wp-json\/wp\/v2\/posts\/489\/revisions"}],"predecessor-version":[{"id":11699,"href":"https:\/\/blogs.thesocialmedia.com\/leblogmoto\/wp-json\/wp\/v2\/posts\/489\/revisions\/11699"}],"wp:attachment":[{"href":"https:\/\/blogs.thesocialmedia.com\/leblogmoto\/wp-json\/wp\/v2\/media?parent=489"}],"wp:term":[{"taxonomy":"category","embeddable":true,"href":"https:\/\/blogs.thesocialmedia.com\/leblogmoto\/wp-json\/wp\/v2\/categories?post=489"},{"taxonomy":"post_tag","embeddable":true,"href":"https:\/\/blogs.thesocialmedia.com\/leblogmoto\/wp-json\/wp\/v2\/tags?post=489"}],"curies":[{"name":"wp","href":"https:\/\/api.w.org\/{rel}","templated":true}]}}