{"id":492,"date":"2008-09-22T03:23:36","date_gmt":"2008-09-22T03:23:36","guid":{"rendered":"http:\/\/blogs.thesocialmedia.com\/leblogmoto\/2008\/09\/22\/harley-fl-1951\/"},"modified":"2012-07-11T16:21:21","modified_gmt":"2012-07-11T16:21:21","slug":"harley-fl-1951","status":"publish","type":"post","link":"https:\/\/blogs.thesocialmedia.com\/leblogmoto\/2008\/09\/22\/harley-fl-1951\/","title":{"rendered":"Harley FL 1951, ic\u00f4ne de la photographie contemporaine"},"content":{"rendered":"<p><a href=\"http:\/\/blogs.thesocialmedia.com\/leblogmoto\/files\/2012\/07\/framk.jpg\"><img loading=\"lazy\" decoding=\"async\" width=\"470\" height=\"362\"  alt=\"Framk\" src=\"http:\/\/www.leblogmoto.com\/images\/2008\/09\/21\/framk.jpg\" \/><\/a> <\/p>\n<p><a href=\"http:\/\/en.wikipedia.org\/wiki\/Robert_Frank\">Robert Frank<\/a> a l&rsquo;oeil dit <a href=\"http:\/\/fr.wikipedia.org\/wiki\/Jack_Kerouac\">Jack Kerouac<\/a> dans l&rsquo;introduction pour ce livre phare de la photographie contemporaine qu&rsquo;est \u00abThe Americans\u00bb. Publi\u00e9 pour la premi\u00e8re fois il y a 50 ans, en 1958 en France par Robert Delpire, Steidl vient de le re publier pour accompagner l&rsquo;expo qui se prom\u00e8ne un peu partout en ce moment.<\/p>\n<p>J&rsquo;ai re\u00e7u le livre cette semaine, et m\u00eame s&rsquo;il ne contient que deux images o\u00f9 appara\u00eet une moto, celle illustr\u00e9e ci-contre a une belle histoire.<\/p>\n<p>Robert Frank terminait son p\u00e9riple de plusieurs mois quand il prit cette image \u00e0 Indianapolis de ce couple sur une Harley Davidson FL de 1951. Le couple ne vit pas cet homme qui prit une de ses 28,000 photos \u00e0 ce moment-l\u00e0, pas plus que le photographe ne s&rsquo;int\u00e9ressa \u00e0 eux plus que l&rsquo;instant requis pour voir et appuyer sur le d\u00e9clencheur.<br \/>Mais il y a 3 mois, le <a href=\"http:\/\/www.indystar.com\/apps\/pbcs.dll\/article?AID=\/20080626\/LOCAL18\/806260433&amp;s=TimeStampDescending&amp;page=2#pluckcomments\">Indianapolis Star<\/a>, un quotidien local, reproduisait l&rsquo;image dans son \u00e9dition du dimanche pour souligner la <a href=\"http:\/\/www.imamuseum.org\/explore\/exhibitions\/ontheroadagain\">venue de l&rsquo;expo<\/a> de Robert Frank dans leur ville. Telester Smiley, la passag\u00e8re fut reconnue par des amies, et maintenant son histoire fait le tour du monde. Elle et son mari Matthew participaient \u00e0 un rallye de leur club de moto quand le photographe les immortalisa, le regard tourn\u00e9 vers un objet ou \u00e9v\u00e9nement hors cadre. Telester n&rsquo;\u00e9tait pas une motarde aguerrie et n&rsquo;accompagnait son mari qu&rsquo;a l&rsquo;occasion, mais Matthew Smiley ne ratait pas une sortie, et plusieurs photographies encore en possession de Telester, montre Mack, comme il \u00e9tait affectueusement surnomm\u00e9, sur sa HD qu&rsquo;il ch\u00e9rissait. Mack Smiley est d\u00e9c\u00e9d\u00e9 en 1996 \u00e0 l&rsquo;\u00e2ge de 69 ans.<\/p>\n<p><a href=\"http:\/\/clabedan.typepad.com\/.shared\/image.html?\/photos\/uncategorized\/2008\/09\/21\/45687.jpg\"><img loading=\"lazy\" decoding=\"async\" width=\"469\" height=\"311\"  alt=\"45687\" src=\"http:\/\/www.leblogmoto.com\/images\/2008\/09\/21\/45687.jpg\" \/><\/a> <\/p>\n<p>La FL \u00e9tait la plus grosse Harley \u00e0 l&rsquo;\u00e9poque et \u00e9quipait bon nombre de corps de police avec des versions l\u00e9g\u00e8rement modifi\u00e9es et adapt\u00e9es.<\/p>\n<p><a href=\"http:\/\/blogs.thesocialmedia.com\/leblogmoto\/files\/2012\/07\/hdfl1951.jpg\"><img loading=\"lazy\" decoding=\"async\" width=\"470\" height=\"287\"  alt=\"Hdfl1951\" src=\"http:\/\/www.leblogmoto.com\/images\/2008\/09\/21\/hdfl1951.jpg\" \/><\/a> <\/p>\n<p><a href=\"http:\/\/blogs.thesocialmedia.com\/leblogmoto\/files\/2012\/07\/police.jpg\"><img loading=\"lazy\" decoding=\"async\" width=\"470\" height=\"175\"  alt=\"Police\" src=\"http:\/\/www.leblogmoto.com\/images\/2008\/09\/21\/police.jpg\" \/><\/a> <\/p>\n","protected":false},"excerpt":{"rendered":"<p>Robert Frank a l&rsquo;oeil dit Jack Kerouac dans l&rsquo;introduction pour ce livre phare de la photographie contemporaine qu&rsquo;est \u00abThe Americans\u00bb. Publi\u00e9 pour la premi\u00e8re fois il y a 50 ans, en 1958 en France par Robert Delpire, Steidl vient de le re publier pour accompagner l&rsquo;expo qui se prom\u00e8ne un peu partout en ce moment. [&hellip;]<\/p>\n","protected":false},"author":325,"featured_media":0,"comment_status":"open","ping_status":"open","sticky":false,"template":"","format":"standard","meta":{"footnotes":""},"categories":[13,29,58],"tags":[],"class_list":["post-492","post","type-post","status-publish","format-standard","hentry","category-aventure","category-harley-davidson","category-insolite"],"yoast_head":"<!-- This site is optimized with the Yoast SEO plugin v26.0 - https:\/\/yoast.com\/wordpress\/plugins\/seo\/ -->\n<title>Harley FL 1951, ic\u00f4ne de la photographie contemporaine - leblogmoto.com<\/title>\n<meta name=\"robots\" content=\"index, follow, max-snippet:-1, max-image-preview:large, max-video-preview:-1\" \/>\n<link rel=\"canonical\" href=\"https:\/\/blogs.thesocialmedia.com\/leblogmoto\/2008\/09\/22\/harley-fl-1951\/\" \/>\n<meta name=\"twitter:card\" content=\"summary_large_image\" \/>\n<meta name=\"twitter:title\" content=\"Harley FL 1951, ic\u00f4ne de la photographie contemporaine - leblogmoto.com\" \/>\n<meta name=\"twitter:description\" content=\"Robert Frank a l&rsquo;oeil dit Jack Kerouac dans l&rsquo;introduction pour ce livre phare de la photographie contemporaine qu&rsquo;est \u00abThe Americans\u00bb. Publi\u00e9 pour la premi\u00e8re fois il y a 50 ans, en 1958 en France par Robert Delpire, Steidl vient de le re publier pour accompagner l&rsquo;expo qui se prom\u00e8ne un peu partout en ce moment. [&hellip;]\" \/>\n<meta name=\"twitter:image\" content=\"http:\/\/www.leblogmoto.com\/images\/2008\/09\/21\/framk.jpg\" \/>\n<meta name=\"twitter:label1\" content=\"\u00c9crit par\" \/>\n\t<meta name=\"twitter:data1\" content=\"jacques lesage\" \/>\n\t<meta name=\"twitter:label2\" content=\"Dur\u00e9e de lecture estim\u00e9e\" \/>\n\t<meta name=\"twitter:data2\" content=\"2 minutes\" \/>\n<script type=\"application\/ld+json\" class=\"yoast-schema-graph\">{\"@context\":\"https:\/\/schema.org\",\"@graph\":[{\"@type\":\"WebPage\",\"@id\":\"https:\/\/blogs.thesocialmedia.com\/leblogmoto\/2008\/09\/22\/harley-fl-1951\/\",\"url\":\"https:\/\/blogs.thesocialmedia.com\/leblogmoto\/2008\/09\/22\/harley-fl-1951\/\",\"name\":\"Harley FL 1951, ic\u00f4ne de la photographie contemporaine - leblogmoto.com\",\"isPartOf\":{\"@id\":\"https:\/\/blogs.thesocialmedia.com\/leblogmoto\/#website\"},\"primaryImageOfPage\":{\"@id\":\"https:\/\/blogs.thesocialmedia.com\/leblogmoto\/2008\/09\/22\/harley-fl-1951\/#primaryimage\"},\"image\":{\"@id\":\"https:\/\/blogs.thesocialmedia.com\/leblogmoto\/2008\/09\/22\/harley-fl-1951\/#primaryimage\"},\"thumbnailUrl\":\"http:\/\/www.leblogmoto.com\/images\/2008\/09\/21\/framk.jpg\",\"datePublished\":\"2008-09-22T03:23:36+00:00\",\"dateModified\":\"2012-07-11T16:21:21+00:00\",\"author\":{\"@id\":\"https:\/\/blogs.thesocialmedia.com\/leblogmoto\/#\/schema\/person\/e82a0ca8a9a63d031586097a3ed58526\"},\"breadcrumb\":{\"@id\":\"https:\/\/blogs.thesocialmedia.com\/leblogmoto\/2008\/09\/22\/harley-fl-1951\/#breadcrumb\"},\"inLanguage\":\"fr-FR\",\"potentialAction\":[{\"@type\":\"ReadAction\",\"target\":[\"https:\/\/blogs.thesocialmedia.com\/leblogmoto\/2008\/09\/22\/harley-fl-1951\/\"]}]},{\"@type\":\"ImageObject\",\"inLanguage\":\"fr-FR\",\"@id\":\"https:\/\/blogs.thesocialmedia.com\/leblogmoto\/2008\/09\/22\/harley-fl-1951\/#primaryimage\",\"url\":\"http:\/\/www.leblogmoto.com\/images\/2008\/09\/21\/framk.jpg\",\"contentUrl\":\"http:\/\/www.leblogmoto.com\/images\/2008\/09\/21\/framk.jpg\"},{\"@type\":\"BreadcrumbList\",\"@id\":\"https:\/\/blogs.thesocialmedia.com\/leblogmoto\/2008\/09\/22\/harley-fl-1951\/#breadcrumb\",\"itemListElement\":[{\"@type\":\"ListItem\",\"position\":1,\"name\":\"Accueil\",\"item\":\"https:\/\/blogs.thesocialmedia.com\/leblogmoto\/\"},{\"@type\":\"ListItem\",\"position\":2,\"name\":\"Harley FL 1951, ic\u00f4ne de la photographie contemporaine\"}]},{\"@type\":\"WebSite\",\"@id\":\"https:\/\/blogs.thesocialmedia.com\/leblogmoto\/#website\",\"url\":\"https:\/\/blogs.thesocialmedia.com\/leblogmoto\/\",\"name\":\"leblogmoto\",\"description\":\"Toute l&#039;actualit\u00e9 des 2 roues\",\"potentialAction\":[{\"@type\":\"SearchAction\",\"target\":{\"@type\":\"EntryPoint\",\"urlTemplate\":\"https:\/\/blogs.thesocialmedia.com\/leblogmoto\/?s={search_term_string}\"},\"query-input\":{\"@type\":\"PropertyValueSpecification\",\"valueRequired\":true,\"valueName\":\"search_term_string\"}}],\"inLanguage\":\"fr-FR\"},{\"@type\":\"Person\",\"@id\":\"https:\/\/blogs.thesocialmedia.com\/leblogmoto\/#\/schema\/person\/e82a0ca8a9a63d031586097a3ed58526\",\"name\":\"jacques lesage\",\"image\":{\"@type\":\"ImageObject\",\"inLanguage\":\"fr-FR\",\"@id\":\"https:\/\/blogs.thesocialmedia.com\/leblogmoto\/#\/schema\/person\/image\/\",\"url\":\"https:\/\/secure.gravatar.com\/avatar\/?s=96&d=mm&r=g\",\"contentUrl\":\"https:\/\/secure.gravatar.com\/avatar\/?s=96&d=mm&r=g\",\"caption\":\"jacques lesage\"},\"url\":\"https:\/\/blogs.thesocialmedia.com\/leblogmoto\/author\/jacques-lesage\/\"}]}<\/script>\n<!-- \/ Yoast SEO plugin. -->","yoast_head_json":{"title":"Harley FL 1951, ic\u00f4ne de la photographie contemporaine - leblogmoto.com","robots":{"index":"index","follow":"follow","max-snippet":"max-snippet:-1","max-image-preview":"max-image-preview:large","max-video-preview":"max-video-preview:-1"},"canonical":"https:\/\/blogs.thesocialmedia.com\/leblogmoto\/2008\/09\/22\/harley-fl-1951\/","twitter_card":"summary_large_image","twitter_title":"Harley FL 1951, ic\u00f4ne de la photographie contemporaine - leblogmoto.com","twitter_description":"Robert Frank a l&rsquo;oeil dit Jack Kerouac dans l&rsquo;introduction pour ce livre phare de la photographie contemporaine qu&rsquo;est \u00abThe Americans\u00bb. Publi\u00e9 pour la premi\u00e8re fois il y a 50 ans, en 1958 en France par Robert Delpire, Steidl vient de le re publier pour accompagner l&rsquo;expo qui se prom\u00e8ne un peu partout en ce moment. [&hellip;]","twitter_image":"http:\/\/www.leblogmoto.com\/images\/2008\/09\/21\/framk.jpg","twitter_misc":{"\u00c9crit par":"jacques lesage","Dur\u00e9e de lecture estim\u00e9e":"2 minutes"},"schema":{"@context":"https:\/\/schema.org","@graph":[{"@type":"WebPage","@id":"https:\/\/blogs.thesocialmedia.com\/leblogmoto\/2008\/09\/22\/harley-fl-1951\/","url":"https:\/\/blogs.thesocialmedia.com\/leblogmoto\/2008\/09\/22\/harley-fl-1951\/","name":"Harley FL 1951, ic\u00f4ne de la photographie contemporaine - leblogmoto.com","isPartOf":{"@id":"https:\/\/blogs.thesocialmedia.com\/leblogmoto\/#website"},"primaryImageOfPage":{"@id":"https:\/\/blogs.thesocialmedia.com\/leblogmoto\/2008\/09\/22\/harley-fl-1951\/#primaryimage"},"image":{"@id":"https:\/\/blogs.thesocialmedia.com\/leblogmoto\/2008\/09\/22\/harley-fl-1951\/#primaryimage"},"thumbnailUrl":"http:\/\/www.leblogmoto.com\/images\/2008\/09\/21\/framk.jpg","datePublished":"2008-09-22T03:23:36+00:00","dateModified":"2012-07-11T16:21:21+00:00","author":{"@id":"https:\/\/blogs.thesocialmedia.com\/leblogmoto\/#\/schema\/person\/e82a0ca8a9a63d031586097a3ed58526"},"breadcrumb":{"@id":"https:\/\/blogs.thesocialmedia.com\/leblogmoto\/2008\/09\/22\/harley-fl-1951\/#breadcrumb"},"inLanguage":"fr-FR","potentialAction":[{"@type":"ReadAction","target":["https:\/\/blogs.thesocialmedia.com\/leblogmoto\/2008\/09\/22\/harley-fl-1951\/"]}]},{"@type":"ImageObject","inLanguage":"fr-FR","@id":"https:\/\/blogs.thesocialmedia.com\/leblogmoto\/2008\/09\/22\/harley-fl-1951\/#primaryimage","url":"http:\/\/www.leblogmoto.com\/images\/2008\/09\/21\/framk.jpg","contentUrl":"http:\/\/www.leblogmoto.com\/images\/2008\/09\/21\/framk.jpg"},{"@type":"BreadcrumbList","@id":"https:\/\/blogs.thesocialmedia.com\/leblogmoto\/2008\/09\/22\/harley-fl-1951\/#breadcrumb","itemListElement":[{"@type":"ListItem","position":1,"name":"Accueil","item":"https:\/\/blogs.thesocialmedia.com\/leblogmoto\/"},{"@type":"ListItem","position":2,"name":"Harley FL 1951, ic\u00f4ne de la photographie contemporaine"}]},{"@type":"WebSite","@id":"https:\/\/blogs.thesocialmedia.com\/leblogmoto\/#website","url":"https:\/\/blogs.thesocialmedia.com\/leblogmoto\/","name":"leblogmoto","description":"Toute l&#039;actualit\u00e9 des 2 roues","potentialAction":[{"@type":"SearchAction","target":{"@type":"EntryPoint","urlTemplate":"https:\/\/blogs.thesocialmedia.com\/leblogmoto\/?s={search_term_string}"},"query-input":{"@type":"PropertyValueSpecification","valueRequired":true,"valueName":"search_term_string"}}],"inLanguage":"fr-FR"},{"@type":"Person","@id":"https:\/\/blogs.thesocialmedia.com\/leblogmoto\/#\/schema\/person\/e82a0ca8a9a63d031586097a3ed58526","name":"jacques lesage","image":{"@type":"ImageObject","inLanguage":"fr-FR","@id":"https:\/\/blogs.thesocialmedia.com\/leblogmoto\/#\/schema\/person\/image\/","url":"https:\/\/secure.gravatar.com\/avatar\/?s=96&d=mm&r=g","contentUrl":"https:\/\/secure.gravatar.com\/avatar\/?s=96&d=mm&r=g","caption":"jacques lesage"},"url":"https:\/\/blogs.thesocialmedia.com\/leblogmoto\/author\/jacques-lesage\/"}]}},"_links":{"self":[{"href":"https:\/\/blogs.thesocialmedia.com\/leblogmoto\/wp-json\/wp\/v2\/posts\/492","targetHints":{"allow":["GET"]}}],"collection":[{"href":"https:\/\/blogs.thesocialmedia.com\/leblogmoto\/wp-json\/wp\/v2\/posts"}],"about":[{"href":"https:\/\/blogs.thesocialmedia.com\/leblogmoto\/wp-json\/wp\/v2\/types\/post"}],"author":[{"embeddable":true,"href":"https:\/\/blogs.thesocialmedia.com\/leblogmoto\/wp-json\/wp\/v2\/users\/325"}],"replies":[{"embeddable":true,"href":"https:\/\/blogs.thesocialmedia.com\/leblogmoto\/wp-json\/wp\/v2\/comments?post=492"}],"version-history":[{"count":2,"href":"https:\/\/blogs.thesocialmedia.com\/leblogmoto\/wp-json\/wp\/v2\/posts\/492\/revisions"}],"predecessor-version":[{"id":11686,"href":"https:\/\/blogs.thesocialmedia.com\/leblogmoto\/wp-json\/wp\/v2\/posts\/492\/revisions\/11686"}],"wp:attachment":[{"href":"https:\/\/blogs.thesocialmedia.com\/leblogmoto\/wp-json\/wp\/v2\/media?parent=492"}],"wp:term":[{"taxonomy":"category","embeddable":true,"href":"https:\/\/blogs.thesocialmedia.com\/leblogmoto\/wp-json\/wp\/v2\/categories?post=492"},{"taxonomy":"post_tag","embeddable":true,"href":"https:\/\/blogs.thesocialmedia.com\/leblogmoto\/wp-json\/wp\/v2\/tags?post=492"}],"curies":[{"name":"wp","href":"https:\/\/api.w.org\/{rel}","templated":true}]}}