{"id":493,"date":"2008-09-20T22:07:02","date_gmt":"2008-09-20T22:07:02","guid":{"rendered":"http:\/\/blogs.thesocialmedia.com\/leblogmoto\/2008\/09\/20\/jill-greenberg\/"},"modified":"2012-07-11T16:21:15","modified_gmt":"2012-07-11T16:21:15","slug":"jill-greenberg","status":"publish","type":"post","link":"https:\/\/blogs.thesocialmedia.com\/leblogmoto\/2008\/09\/20\/jill-greenberg\/","title":{"rendered":"Jill Greenberg, loin de toute pol\u00e9mique \u00e9lectorale&#8230;"},"content":{"rendered":"<p><a href=\"http:\/\/blogs.thesocialmedia.com\/leblogmoto\/files\/2012\/07\/jill_greenberg_3.jpg\"><img loading=\"lazy\" decoding=\"async\" height=\"600\"  width=\"470\" alt=\"Jill_greenberg_3\" src=\"http:\/\/www.leblogmoto.com\/images\/2008\/09\/20\/jill_greenberg_3.jpg\" \/><\/a> <\/p>\n<p>A moins de suivre l&rsquo;actualit\u00e9 des \u00e9lections outre-Atlantique, vous ne connaissez sans doute pas cette <a href=\"http:\/\/www.manipulator.com\/\">photographe canadienne<\/a>. Elle est l&rsquo;auteur de la photo illustrant la <a href=\"http:\/\/newsbusters.org\/blogs\/noel-sheppard\/2008\/09\/13\/lib-photographer-admits-making-mccain-look-sinister-mag-cover\">couverture<\/a> du magazine <em>The Atlantic<\/em> de ce mois ci et consacr\u00e9 \u00e0 John McCain, num\u00e9ro intitul\u00e9 &quot;Why war is his answer&quot;. Comme si le titre pol\u00e9mique ne suffisait pas, elle a intentionnellement pr\u00e9sent\u00e9 le s\u00e9nateur de l&rsquo;Arizona &#8211; d\u00e9j\u00e0 pas tout jeune &#8211; sous un jour d\u00e9favorable (lumi\u00e8re stroboscopique, \u00e9clairage par en-dessous, et <a href=\"http:\/\/www.imagebam.com\/gallery\/75fe3a4650f53f809a541bbda6f05a1c\/\">photomontages stupides<\/a> et inutiles) prenant le <a href=\"http:\/\/jeffreygoldberg.theatlantic.com\/archives\/2008\/09\/about_that_mccain_photo.php\">r\u00e9dac chef<\/a>, le candidat et son staff de court, pour ce qui ne devait \u00eatre apr\u00e8s tout qu&rsquo;une s\u00e9ance photo ordinaire. C&rsquo;est surtout l&rsquo;occasion pour ce blog de se pencher sur son travail artistique, et de d\u00e9couvrir des facettes plus conventionnelles de son talent. Au menu: deux portraits avec blousons moto, dont un port\u00e9 par Tom Cruise, Jada Pinkett Smith (la femme de Will) sur une R1, et une pub pour du caf\u00e9 aux accents tr\u00e8s vespa. <\/p>\n<p><a href=\"http:\/\/clabedan.typepad.com\/.shared\/image.html?\/photos\/uncategorized\/2008\/09\/20\/jill_greenberg_5.jpg\"><img loading=\"lazy\" decoding=\"async\" height=\"600\"  width=\"470\" alt=\"Jill_greenberg_5\" src=\"http:\/\/www.leblogmoto.com\/images\/2008\/09\/20\/jill_greenberg_5.jpg\" \/><\/a> <\/p>\n<p><a href=\"http:\/\/blogs.thesocialmedia.com\/leblogmoto\/files\/2012\/07\/jill_greenberg_2.jpg\"><img loading=\"lazy\" decoding=\"async\" height=\"600\"  width=\"470\" alt=\"Jill_greenberg_2\" src=\"http:\/\/www.leblogmoto.com\/images\/2008\/09\/20\/jill_greenberg_2.jpg\" \/><\/a><\/p>\n<p><a href=\"http:\/\/blogs.thesocialmedia.com\/leblogmoto\/files\/2012\/07\/jill_greenberg_4.jpg\"><img loading=\"lazy\" decoding=\"async\" height=\"598\"  width=\"470\" alt=\"Jill_greenberg_4\" src=\"http:\/\/www.leblogmoto.com\/images\/2008\/09\/20\/jill_greenberg_4.jpg\" \/><\/a> <\/p>\n<p><a href=\"http:\/\/blogs.thesocialmedia.com\/leblogmoto\/files\/2012\/07\/jill_greenberg_1.jpg\"><img loading=\"lazy\" decoding=\"async\" height=\"609\"  width=\"470\" alt=\"Jill_greenberg_1\" src=\"http:\/\/www.leblogmoto.com\/images\/2008\/09\/20\/jill_greenberg_1.jpg\" \/><\/a><\/p>\n","protected":false},"excerpt":{"rendered":"<p>A moins de suivre l&rsquo;actualit\u00e9 des \u00e9lections outre-Atlantique, vous ne connaissez sans doute pas cette photographe canadienne. Elle est l&rsquo;auteur de la photo illustrant la couverture du magazine The Atlantic de ce mois ci et consacr\u00e9 \u00e0 John McCain, num\u00e9ro intitul\u00e9 &quot;Why war is his answer&quot;. Comme si le titre pol\u00e9mique ne suffisait pas, elle [&hellip;]<\/p>\n","protected":false},"author":324,"featured_media":0,"comment_status":"open","ping_status":"open","sticky":false,"template":"","format":"standard","meta":{"footnotes":""},"categories":[3,16,17],"tags":[],"class_list":["post-493","post","type-post","status-publish","format-standard","hentry","category-actualite","category-art-moto","category-divers"],"yoast_head":"<!-- This site is optimized with the Yoast SEO plugin v26.0 - https:\/\/yoast.com\/wordpress\/plugins\/seo\/ -->\n<title>Jill Greenberg, loin de toute pol\u00e9mique \u00e9lectorale... - leblogmoto.com<\/title>\n<meta name=\"robots\" content=\"index, follow, max-snippet:-1, max-image-preview:large, max-video-preview:-1\" \/>\n<link rel=\"canonical\" href=\"https:\/\/blogs.thesocialmedia.com\/leblogmoto\/2008\/09\/20\/jill-greenberg\/\" \/>\n<meta name=\"twitter:card\" content=\"summary_large_image\" \/>\n<meta name=\"twitter:title\" content=\"Jill Greenberg, loin de toute pol\u00e9mique \u00e9lectorale... - leblogmoto.com\" \/>\n<meta name=\"twitter:description\" content=\"A moins de suivre l&rsquo;actualit\u00e9 des \u00e9lections outre-Atlantique, vous ne connaissez sans doute pas cette photographe canadienne. Elle est l&rsquo;auteur de la photo illustrant la couverture du magazine The Atlantic de ce mois ci et consacr\u00e9 \u00e0 John McCain, num\u00e9ro intitul\u00e9 &quot;Why war is his answer&quot;. Comme si le titre pol\u00e9mique ne suffisait pas, elle [&hellip;]\" \/>\n<meta name=\"twitter:image\" content=\"http:\/\/www.leblogmoto.com\/images\/2008\/09\/20\/jill_greenberg_3.jpg\" \/>\n<meta name=\"twitter:label1\" content=\"\u00c9crit par\" \/>\n\t<meta name=\"twitter:data1\" content=\"benoit rieu\" \/>\n\t<meta name=\"twitter:label2\" content=\"Dur\u00e9e de lecture estim\u00e9e\" \/>\n\t<meta name=\"twitter:data2\" content=\"1 minute\" \/>\n<script type=\"application\/ld+json\" class=\"yoast-schema-graph\">{\"@context\":\"https:\/\/schema.org\",\"@graph\":[{\"@type\":\"WebPage\",\"@id\":\"https:\/\/blogs.thesocialmedia.com\/leblogmoto\/2008\/09\/20\/jill-greenberg\/\",\"url\":\"https:\/\/blogs.thesocialmedia.com\/leblogmoto\/2008\/09\/20\/jill-greenberg\/\",\"name\":\"Jill Greenberg, loin de toute pol\u00e9mique \u00e9lectorale... - leblogmoto.com\",\"isPartOf\":{\"@id\":\"https:\/\/blogs.thesocialmedia.com\/leblogmoto\/#website\"},\"primaryImageOfPage\":{\"@id\":\"https:\/\/blogs.thesocialmedia.com\/leblogmoto\/2008\/09\/20\/jill-greenberg\/#primaryimage\"},\"image\":{\"@id\":\"https:\/\/blogs.thesocialmedia.com\/leblogmoto\/2008\/09\/20\/jill-greenberg\/#primaryimage\"},\"thumbnailUrl\":\"http:\/\/www.leblogmoto.com\/images\/2008\/09\/20\/jill_greenberg_3.jpg\",\"datePublished\":\"2008-09-20T22:07:02+00:00\",\"dateModified\":\"2012-07-11T16:21:15+00:00\",\"author\":{\"@id\":\"https:\/\/blogs.thesocialmedia.com\/leblogmoto\/#\/schema\/person\/18bfe773e5725ed6d24f743da805362a\"},\"breadcrumb\":{\"@id\":\"https:\/\/blogs.thesocialmedia.com\/leblogmoto\/2008\/09\/20\/jill-greenberg\/#breadcrumb\"},\"inLanguage\":\"fr-FR\",\"potentialAction\":[{\"@type\":\"ReadAction\",\"target\":[\"https:\/\/blogs.thesocialmedia.com\/leblogmoto\/2008\/09\/20\/jill-greenberg\/\"]}]},{\"@type\":\"ImageObject\",\"inLanguage\":\"fr-FR\",\"@id\":\"https:\/\/blogs.thesocialmedia.com\/leblogmoto\/2008\/09\/20\/jill-greenberg\/#primaryimage\",\"url\":\"http:\/\/www.leblogmoto.com\/images\/2008\/09\/20\/jill_greenberg_3.jpg\",\"contentUrl\":\"http:\/\/www.leblogmoto.com\/images\/2008\/09\/20\/jill_greenberg_3.jpg\"},{\"@type\":\"BreadcrumbList\",\"@id\":\"https:\/\/blogs.thesocialmedia.com\/leblogmoto\/2008\/09\/20\/jill-greenberg\/#breadcrumb\",\"itemListElement\":[{\"@type\":\"ListItem\",\"position\":1,\"name\":\"Accueil\",\"item\":\"https:\/\/blogs.thesocialmedia.com\/leblogmoto\/\"},{\"@type\":\"ListItem\",\"position\":2,\"name\":\"Jill Greenberg, loin de toute pol\u00e9mique \u00e9lectorale&#8230;\"}]},{\"@type\":\"WebSite\",\"@id\":\"https:\/\/blogs.thesocialmedia.com\/leblogmoto\/#website\",\"url\":\"https:\/\/blogs.thesocialmedia.com\/leblogmoto\/\",\"name\":\"leblogmoto\",\"description\":\"Toute l&#039;actualit\u00e9 des 2 roues\",\"potentialAction\":[{\"@type\":\"SearchAction\",\"target\":{\"@type\":\"EntryPoint\",\"urlTemplate\":\"https:\/\/blogs.thesocialmedia.com\/leblogmoto\/?s={search_term_string}\"},\"query-input\":{\"@type\":\"PropertyValueSpecification\",\"valueRequired\":true,\"valueName\":\"search_term_string\"}}],\"inLanguage\":\"fr-FR\"},{\"@type\":\"Person\",\"@id\":\"https:\/\/blogs.thesocialmedia.com\/leblogmoto\/#\/schema\/person\/18bfe773e5725ed6d24f743da805362a\",\"name\":\"benoit rieu\",\"image\":{\"@type\":\"ImageObject\",\"inLanguage\":\"fr-FR\",\"@id\":\"https:\/\/blogs.thesocialmedia.com\/leblogmoto\/#\/schema\/person\/image\/\",\"url\":\"https:\/\/secure.gravatar.com\/avatar\/?s=96&d=mm&r=g\",\"contentUrl\":\"https:\/\/secure.gravatar.com\/avatar\/?s=96&d=mm&r=g\",\"caption\":\"benoit rieu\"},\"url\":\"https:\/\/blogs.thesocialmedia.com\/leblogmoto\/author\/benoit-rieu\/\"}]}<\/script>\n<!-- \/ Yoast SEO plugin. -->","yoast_head_json":{"title":"Jill Greenberg, loin de toute pol\u00e9mique \u00e9lectorale... - leblogmoto.com","robots":{"index":"index","follow":"follow","max-snippet":"max-snippet:-1","max-image-preview":"max-image-preview:large","max-video-preview":"max-video-preview:-1"},"canonical":"https:\/\/blogs.thesocialmedia.com\/leblogmoto\/2008\/09\/20\/jill-greenberg\/","twitter_card":"summary_large_image","twitter_title":"Jill Greenberg, loin de toute pol\u00e9mique \u00e9lectorale... - leblogmoto.com","twitter_description":"A moins de suivre l&rsquo;actualit\u00e9 des \u00e9lections outre-Atlantique, vous ne connaissez sans doute pas cette photographe canadienne. Elle est l&rsquo;auteur de la photo illustrant la couverture du magazine The Atlantic de ce mois ci et consacr\u00e9 \u00e0 John McCain, num\u00e9ro intitul\u00e9 &quot;Why war is his answer&quot;. Comme si le titre pol\u00e9mique ne suffisait pas, elle [&hellip;]","twitter_image":"http:\/\/www.leblogmoto.com\/images\/2008\/09\/20\/jill_greenberg_3.jpg","twitter_misc":{"\u00c9crit par":"benoit rieu","Dur\u00e9e de lecture estim\u00e9e":"1 minute"},"schema":{"@context":"https:\/\/schema.org","@graph":[{"@type":"WebPage","@id":"https:\/\/blogs.thesocialmedia.com\/leblogmoto\/2008\/09\/20\/jill-greenberg\/","url":"https:\/\/blogs.thesocialmedia.com\/leblogmoto\/2008\/09\/20\/jill-greenberg\/","name":"Jill Greenberg, loin de toute pol\u00e9mique \u00e9lectorale... - leblogmoto.com","isPartOf":{"@id":"https:\/\/blogs.thesocialmedia.com\/leblogmoto\/#website"},"primaryImageOfPage":{"@id":"https:\/\/blogs.thesocialmedia.com\/leblogmoto\/2008\/09\/20\/jill-greenberg\/#primaryimage"},"image":{"@id":"https:\/\/blogs.thesocialmedia.com\/leblogmoto\/2008\/09\/20\/jill-greenberg\/#primaryimage"},"thumbnailUrl":"http:\/\/www.leblogmoto.com\/images\/2008\/09\/20\/jill_greenberg_3.jpg","datePublished":"2008-09-20T22:07:02+00:00","dateModified":"2012-07-11T16:21:15+00:00","author":{"@id":"https:\/\/blogs.thesocialmedia.com\/leblogmoto\/#\/schema\/person\/18bfe773e5725ed6d24f743da805362a"},"breadcrumb":{"@id":"https:\/\/blogs.thesocialmedia.com\/leblogmoto\/2008\/09\/20\/jill-greenberg\/#breadcrumb"},"inLanguage":"fr-FR","potentialAction":[{"@type":"ReadAction","target":["https:\/\/blogs.thesocialmedia.com\/leblogmoto\/2008\/09\/20\/jill-greenberg\/"]}]},{"@type":"ImageObject","inLanguage":"fr-FR","@id":"https:\/\/blogs.thesocialmedia.com\/leblogmoto\/2008\/09\/20\/jill-greenberg\/#primaryimage","url":"http:\/\/www.leblogmoto.com\/images\/2008\/09\/20\/jill_greenberg_3.jpg","contentUrl":"http:\/\/www.leblogmoto.com\/images\/2008\/09\/20\/jill_greenberg_3.jpg"},{"@type":"BreadcrumbList","@id":"https:\/\/blogs.thesocialmedia.com\/leblogmoto\/2008\/09\/20\/jill-greenberg\/#breadcrumb","itemListElement":[{"@type":"ListItem","position":1,"name":"Accueil","item":"https:\/\/blogs.thesocialmedia.com\/leblogmoto\/"},{"@type":"ListItem","position":2,"name":"Jill Greenberg, loin de toute pol\u00e9mique \u00e9lectorale&#8230;"}]},{"@type":"WebSite","@id":"https:\/\/blogs.thesocialmedia.com\/leblogmoto\/#website","url":"https:\/\/blogs.thesocialmedia.com\/leblogmoto\/","name":"leblogmoto","description":"Toute l&#039;actualit\u00e9 des 2 roues","potentialAction":[{"@type":"SearchAction","target":{"@type":"EntryPoint","urlTemplate":"https:\/\/blogs.thesocialmedia.com\/leblogmoto\/?s={search_term_string}"},"query-input":{"@type":"PropertyValueSpecification","valueRequired":true,"valueName":"search_term_string"}}],"inLanguage":"fr-FR"},{"@type":"Person","@id":"https:\/\/blogs.thesocialmedia.com\/leblogmoto\/#\/schema\/person\/18bfe773e5725ed6d24f743da805362a","name":"benoit rieu","image":{"@type":"ImageObject","inLanguage":"fr-FR","@id":"https:\/\/blogs.thesocialmedia.com\/leblogmoto\/#\/schema\/person\/image\/","url":"https:\/\/secure.gravatar.com\/avatar\/?s=96&d=mm&r=g","contentUrl":"https:\/\/secure.gravatar.com\/avatar\/?s=96&d=mm&r=g","caption":"benoit rieu"},"url":"https:\/\/blogs.thesocialmedia.com\/leblogmoto\/author\/benoit-rieu\/"}]}},"_links":{"self":[{"href":"https:\/\/blogs.thesocialmedia.com\/leblogmoto\/wp-json\/wp\/v2\/posts\/493","targetHints":{"allow":["GET"]}}],"collection":[{"href":"https:\/\/blogs.thesocialmedia.com\/leblogmoto\/wp-json\/wp\/v2\/posts"}],"about":[{"href":"https:\/\/blogs.thesocialmedia.com\/leblogmoto\/wp-json\/wp\/v2\/types\/post"}],"author":[{"embeddable":true,"href":"https:\/\/blogs.thesocialmedia.com\/leblogmoto\/wp-json\/wp\/v2\/users\/324"}],"replies":[{"embeddable":true,"href":"https:\/\/blogs.thesocialmedia.com\/leblogmoto\/wp-json\/wp\/v2\/comments?post=493"}],"version-history":[{"count":2,"href":"https:\/\/blogs.thesocialmedia.com\/leblogmoto\/wp-json\/wp\/v2\/posts\/493\/revisions"}],"predecessor-version":[{"id":11682,"href":"https:\/\/blogs.thesocialmedia.com\/leblogmoto\/wp-json\/wp\/v2\/posts\/493\/revisions\/11682"}],"wp:attachment":[{"href":"https:\/\/blogs.thesocialmedia.com\/leblogmoto\/wp-json\/wp\/v2\/media?parent=493"}],"wp:term":[{"taxonomy":"category","embeddable":true,"href":"https:\/\/blogs.thesocialmedia.com\/leblogmoto\/wp-json\/wp\/v2\/categories?post=493"},{"taxonomy":"post_tag","embeddable":true,"href":"https:\/\/blogs.thesocialmedia.com\/leblogmoto\/wp-json\/wp\/v2\/tags?post=493"}],"curies":[{"name":"wp","href":"https:\/\/api.w.org\/{rel}","templated":true}]}}