{"id":497,"date":"2008-09-16T04:39:04","date_gmt":"2008-09-16T04:39:04","guid":{"rendered":"http:\/\/blogs.thesocialmedia.com\/leblogmoto\/2008\/09\/16\/moto-gp-indiana\/"},"modified":"2012-07-11T16:20:31","modified_gmt":"2012-07-11T16:20:31","slug":"moto-gp-indiana","status":"publish","type":"post","link":"https:\/\/blogs.thesocialmedia.com\/leblogmoto\/2008\/09\/16\/moto-gp-indiana\/","title":{"rendered":"Moto GP Indianapolis, Spies dans la tourmente de son avenir"},"content":{"rendered":"<p><a href=\"http:\/\/blogs.thesocialmedia.com\/leblogmoto\/files\/2012\/07\/indy01.jpg\"><img loading=\"lazy\" decoding=\"async\" width=\"470\" height=\"312\"  src=\"http:\/\/www.leblogmoto.com\/images\/2008\/09\/15\/indy01.jpg\" alt=\"Indy01\" \/><\/a> <\/p>\n<p>Des vents de forces 8, soit de 50 \u00e0 100 km\/h, ont forc\u00e9 l\u2019arr\u00eat de ce<a href=\"http:\/\/www.redbullindianapolisgp.com\/\"> GP d\u2019Indianapolis<\/a> apr\u00e8s 20 des 28 tours pr\u00e9vus. De fortes pluies accompagn\u00e9es de rafales charriant des d\u00e9tritus divers ont scell\u00e9 l\u2019issue sur la 69e victoire de Valentino Rossi, mais peut-\u00eatre emp\u00each\u00e9 un Ben Spies inspir\u00e9 de faire mieux que la 6e place qui lui sera finalement d\u00e9volu.<br \/>Parti avec pr\u00e9caution sur le mouill\u00e9 de la cinqui\u00e8me position sur la grille, Ben Spies se retrouve vite 7e derri\u00e8re Dani Pedrosa, \u00e0 qui il prendra sa sixi\u00e8me place au bout de quatre tours. D\u00e8s lors, ses efforts porteront sur Stoner et Dovizioso avec l\u2019esp\u00e9rance d\u2019une quatri\u00e8me place.<\/p>\n<p>C\u2019est alors que les beaux restes de l\u2019ouragan Ike se sont abattus sur Indianapolis et que de petits ennuis ont min\u00e9 la remont\u00e9e de Spies. Un probl\u00e8me avec la visi\u00e8re de son casque l\u2019emp\u00eachait de bien saisir du regard les subtilit\u00e9s du circuit sous la forte pluie, comme les pr\u00e9cieux points de cordes qui se retrouvaient dans un flou artistique des plus g\u00eanants. Incapable d\u2019attaquer, il se contentera de coller \u00e0 Dovizioso pour ne pas perdre son chemin, sachant qu\u2019\u00e0 la premi\u00e8re manifestation de faiblesses, la meute \u00e0 quelques secondes derri\u00e8res aurait t\u00f4t fait de le reprendre.<br \/>Le drapeau rouge pr\u00e9cipit\u00e9, qui aurait \u00e9t\u00e9 frustration en d\u2019autres circonstances, fut presque un soulagement, puisqu\u2019il sort de son aventure 2008 en Moto Gp avec Suzuki la t\u00eate haute, convaincu qu\u2019il y a sa place.<\/p>\n<p><a href=\"http:\/\/clabedan.typepad.com\/.shared\/image.html?\/photos\/uncategorized\/2008\/09\/15\/indy04.jpg\"><img loading=\"lazy\" decoding=\"async\" width=\"470\" height=\"641\"  src=\"http:\/\/www.leblogmoto.com\/images\/2008\/09\/15\/indy04.jpg\" alt=\"Indy04\" \/><\/a> <\/p>\n<p>Reste \u00e0 voir maintenant quelle \u00e9quipe il aura su convaincre, car avec un palmar\u00e8s comme celui qu\u2019il s\u2019est forg\u00e9 en AMA Superbike avec 28 victoires en 73 d\u00e9parts r\u00e9partit sur quatre petites ann\u00e9es, ce qui fait de lui le troisi\u00e8me plus titr\u00e9 des pilotes derri\u00e8re son omnipr\u00e9sent co\u00e9quipier Mat Mladin et Miguel Duhamel, il est clair qu\u2019un talent pareil m\u00e9riterait une place en MotoGP, mais une place de choix dans une \u00e9quipe de pointe.<br \/>Avec le Superbike am\u00e9ricain en pleine restructuration (\u00e7a, c\u2019est le mot poli, en fait c\u2019est le bordel et personne n\u2019y comprend encore rien), il est impensable que Spies y retourne. Quant aux rumeurs de WSB, Spies serait le premier d\u00e9\u00e7u de n\u2019avoir pas su s\u00e9duire meilleure prise. Il n\u2019a plus besoin d\u2019attirer l\u2019attention dans une s\u00e9rie satellite, car il y a des limites \u00e0 devoir se prouver. Il est temps pour lui d\u2019en soutirer les dividendes.<\/p>\n<p><a href=\"http:\/\/blogs.thesocialmedia.com\/leblogmoto\/files\/2012\/07\/indy02.jpg\"><img loading=\"lazy\" decoding=\"async\" width=\"470\" height=\"328\"  src=\"http:\/\/www.leblogmoto.com\/images\/2008\/09\/15\/indy02.jpg\" alt=\"Indy02\" \/><\/a> <\/p>\n<p><a href=\"http:\/\/blogs.thesocialmedia.com\/leblogmoto\/files\/2012\/07\/indy03.jpg\"><img loading=\"lazy\" decoding=\"async\" width=\"470\" height=\"312\"  src=\"http:\/\/www.leblogmoto.com\/images\/2008\/09\/15\/indy03.jpg\" alt=\"Indy03\" \/><\/a> <\/p>\n<p><a href=\"http:\/\/blogs.thesocialmedia.com\/leblogmoto\/files\/2012\/07\/indy05.jpg\"><img loading=\"lazy\" decoding=\"async\" width=\"470\" height=\"260\"  src=\"http:\/\/www.leblogmoto.com\/images\/2008\/09\/15\/indy05.jpg\" alt=\"Indy05\" \/><\/a> <\/p>\n<p><a href=\"http:\/\/blogs.thesocialmedia.com\/leblogmoto\/files\/2012\/07\/indy06.jpg\"><img loading=\"lazy\" decoding=\"async\" width=\"470\" height=\"288\"  src=\"http:\/\/www.leblogmoto.com\/images\/2008\/09\/15\/indy06.jpg\" alt=\"Indy06\" \/><\/a> <\/p>\n","protected":false},"excerpt":{"rendered":"<p>Des vents de forces 8, soit de 50 \u00e0 100 km\/h, ont forc\u00e9 l\u2019arr\u00eat de ce GP d\u2019Indianapolis apr\u00e8s 20 des 28 tours pr\u00e9vus. De fortes pluies accompagn\u00e9es de rafales charriant des d\u00e9tritus divers ont scell\u00e9 l\u2019issue sur la 69e victoire de Valentino Rossi, mais peut-\u00eatre emp\u00each\u00e9 un Ben Spies inspir\u00e9 de faire mieux que [&hellip;]<\/p>\n","protected":false},"author":325,"featured_media":0,"comment_status":"open","ping_status":"open","sticky":false,"template":"","format":"standard","meta":{"footnotes":""},"categories":[74,22,43],"tags":[],"class_list":["post-497","post","type-post","status-publish","format-standard","hentry","category-ama-superbike","category-motogp","category-wsbk"],"yoast_head":"<!-- This site is optimized with the Yoast SEO plugin v26.0 - https:\/\/yoast.com\/wordpress\/plugins\/seo\/ -->\n<title>Moto GP Indianapolis, Spies dans la tourmente de son avenir - leblogmoto.com<\/title>\n<meta name=\"robots\" content=\"index, follow, max-snippet:-1, max-image-preview:large, max-video-preview:-1\" \/>\n<link rel=\"canonical\" href=\"https:\/\/blogs.thesocialmedia.com\/leblogmoto\/2008\/09\/16\/moto-gp-indiana\/\" \/>\n<meta name=\"twitter:card\" content=\"summary_large_image\" \/>\n<meta name=\"twitter:title\" content=\"Moto GP Indianapolis, Spies dans la tourmente de son avenir - leblogmoto.com\" \/>\n<meta name=\"twitter:description\" content=\"Des vents de forces 8, soit de 50 \u00e0 100 km\/h, ont forc\u00e9 l\u2019arr\u00eat de ce GP d\u2019Indianapolis apr\u00e8s 20 des 28 tours pr\u00e9vus. De fortes pluies accompagn\u00e9es de rafales charriant des d\u00e9tritus divers ont scell\u00e9 l\u2019issue sur la 69e victoire de Valentino Rossi, mais peut-\u00eatre emp\u00each\u00e9 un Ben Spies inspir\u00e9 de faire mieux que [&hellip;]\" \/>\n<meta name=\"twitter:image\" content=\"http:\/\/www.leblogmoto.com\/images\/2008\/09\/15\/indy01.jpg\" \/>\n<meta name=\"twitter:label1\" content=\"\u00c9crit par\" \/>\n\t<meta name=\"twitter:data1\" content=\"jacques lesage\" \/>\n\t<meta name=\"twitter:label2\" content=\"Dur\u00e9e de lecture estim\u00e9e\" \/>\n\t<meta name=\"twitter:data2\" content=\"2 minutes\" \/>\n<script type=\"application\/ld+json\" class=\"yoast-schema-graph\">{\"@context\":\"https:\/\/schema.org\",\"@graph\":[{\"@type\":\"WebPage\",\"@id\":\"https:\/\/blogs.thesocialmedia.com\/leblogmoto\/2008\/09\/16\/moto-gp-indiana\/\",\"url\":\"https:\/\/blogs.thesocialmedia.com\/leblogmoto\/2008\/09\/16\/moto-gp-indiana\/\",\"name\":\"Moto GP Indianapolis, Spies dans la tourmente de son avenir - leblogmoto.com\",\"isPartOf\":{\"@id\":\"https:\/\/blogs.thesocialmedia.com\/leblogmoto\/#website\"},\"primaryImageOfPage\":{\"@id\":\"https:\/\/blogs.thesocialmedia.com\/leblogmoto\/2008\/09\/16\/moto-gp-indiana\/#primaryimage\"},\"image\":{\"@id\":\"https:\/\/blogs.thesocialmedia.com\/leblogmoto\/2008\/09\/16\/moto-gp-indiana\/#primaryimage\"},\"thumbnailUrl\":\"http:\/\/www.leblogmoto.com\/images\/2008\/09\/15\/indy01.jpg\",\"datePublished\":\"2008-09-16T04:39:04+00:00\",\"dateModified\":\"2012-07-11T16:20:31+00:00\",\"author\":{\"@id\":\"https:\/\/blogs.thesocialmedia.com\/leblogmoto\/#\/schema\/person\/e82a0ca8a9a63d031586097a3ed58526\"},\"breadcrumb\":{\"@id\":\"https:\/\/blogs.thesocialmedia.com\/leblogmoto\/2008\/09\/16\/moto-gp-indiana\/#breadcrumb\"},\"inLanguage\":\"fr-FR\",\"potentialAction\":[{\"@type\":\"ReadAction\",\"target\":[\"https:\/\/blogs.thesocialmedia.com\/leblogmoto\/2008\/09\/16\/moto-gp-indiana\/\"]}]},{\"@type\":\"ImageObject\",\"inLanguage\":\"fr-FR\",\"@id\":\"https:\/\/blogs.thesocialmedia.com\/leblogmoto\/2008\/09\/16\/moto-gp-indiana\/#primaryimage\",\"url\":\"http:\/\/www.leblogmoto.com\/images\/2008\/09\/15\/indy01.jpg\",\"contentUrl\":\"http:\/\/www.leblogmoto.com\/images\/2008\/09\/15\/indy01.jpg\"},{\"@type\":\"BreadcrumbList\",\"@id\":\"https:\/\/blogs.thesocialmedia.com\/leblogmoto\/2008\/09\/16\/moto-gp-indiana\/#breadcrumb\",\"itemListElement\":[{\"@type\":\"ListItem\",\"position\":1,\"name\":\"Accueil\",\"item\":\"https:\/\/blogs.thesocialmedia.com\/leblogmoto\/\"},{\"@type\":\"ListItem\",\"position\":2,\"name\":\"Moto GP Indianapolis, Spies dans la tourmente de son avenir\"}]},{\"@type\":\"WebSite\",\"@id\":\"https:\/\/blogs.thesocialmedia.com\/leblogmoto\/#website\",\"url\":\"https:\/\/blogs.thesocialmedia.com\/leblogmoto\/\",\"name\":\"leblogmoto\",\"description\":\"Toute l&#039;actualit\u00e9 des 2 roues\",\"potentialAction\":[{\"@type\":\"SearchAction\",\"target\":{\"@type\":\"EntryPoint\",\"urlTemplate\":\"https:\/\/blogs.thesocialmedia.com\/leblogmoto\/?s={search_term_string}\"},\"query-input\":{\"@type\":\"PropertyValueSpecification\",\"valueRequired\":true,\"valueName\":\"search_term_string\"}}],\"inLanguage\":\"fr-FR\"},{\"@type\":\"Person\",\"@id\":\"https:\/\/blogs.thesocialmedia.com\/leblogmoto\/#\/schema\/person\/e82a0ca8a9a63d031586097a3ed58526\",\"name\":\"jacques lesage\",\"image\":{\"@type\":\"ImageObject\",\"inLanguage\":\"fr-FR\",\"@id\":\"https:\/\/blogs.thesocialmedia.com\/leblogmoto\/#\/schema\/person\/image\/\",\"url\":\"https:\/\/secure.gravatar.com\/avatar\/?s=96&d=mm&r=g\",\"contentUrl\":\"https:\/\/secure.gravatar.com\/avatar\/?s=96&d=mm&r=g\",\"caption\":\"jacques lesage\"},\"url\":\"https:\/\/blogs.thesocialmedia.com\/leblogmoto\/author\/jacques-lesage\/\"}]}<\/script>\n<!-- \/ Yoast SEO plugin. -->","yoast_head_json":{"title":"Moto GP Indianapolis, Spies dans la tourmente de son avenir - leblogmoto.com","robots":{"index":"index","follow":"follow","max-snippet":"max-snippet:-1","max-image-preview":"max-image-preview:large","max-video-preview":"max-video-preview:-1"},"canonical":"https:\/\/blogs.thesocialmedia.com\/leblogmoto\/2008\/09\/16\/moto-gp-indiana\/","twitter_card":"summary_large_image","twitter_title":"Moto GP Indianapolis, Spies dans la tourmente de son avenir - leblogmoto.com","twitter_description":"Des vents de forces 8, soit de 50 \u00e0 100 km\/h, ont forc\u00e9 l\u2019arr\u00eat de ce GP d\u2019Indianapolis apr\u00e8s 20 des 28 tours pr\u00e9vus. De fortes pluies accompagn\u00e9es de rafales charriant des d\u00e9tritus divers ont scell\u00e9 l\u2019issue sur la 69e victoire de Valentino Rossi, mais peut-\u00eatre emp\u00each\u00e9 un Ben Spies inspir\u00e9 de faire mieux que [&hellip;]","twitter_image":"http:\/\/www.leblogmoto.com\/images\/2008\/09\/15\/indy01.jpg","twitter_misc":{"\u00c9crit par":"jacques lesage","Dur\u00e9e de lecture estim\u00e9e":"2 minutes"},"schema":{"@context":"https:\/\/schema.org","@graph":[{"@type":"WebPage","@id":"https:\/\/blogs.thesocialmedia.com\/leblogmoto\/2008\/09\/16\/moto-gp-indiana\/","url":"https:\/\/blogs.thesocialmedia.com\/leblogmoto\/2008\/09\/16\/moto-gp-indiana\/","name":"Moto GP Indianapolis, Spies dans la tourmente de son avenir - leblogmoto.com","isPartOf":{"@id":"https:\/\/blogs.thesocialmedia.com\/leblogmoto\/#website"},"primaryImageOfPage":{"@id":"https:\/\/blogs.thesocialmedia.com\/leblogmoto\/2008\/09\/16\/moto-gp-indiana\/#primaryimage"},"image":{"@id":"https:\/\/blogs.thesocialmedia.com\/leblogmoto\/2008\/09\/16\/moto-gp-indiana\/#primaryimage"},"thumbnailUrl":"http:\/\/www.leblogmoto.com\/images\/2008\/09\/15\/indy01.jpg","datePublished":"2008-09-16T04:39:04+00:00","dateModified":"2012-07-11T16:20:31+00:00","author":{"@id":"https:\/\/blogs.thesocialmedia.com\/leblogmoto\/#\/schema\/person\/e82a0ca8a9a63d031586097a3ed58526"},"breadcrumb":{"@id":"https:\/\/blogs.thesocialmedia.com\/leblogmoto\/2008\/09\/16\/moto-gp-indiana\/#breadcrumb"},"inLanguage":"fr-FR","potentialAction":[{"@type":"ReadAction","target":["https:\/\/blogs.thesocialmedia.com\/leblogmoto\/2008\/09\/16\/moto-gp-indiana\/"]}]},{"@type":"ImageObject","inLanguage":"fr-FR","@id":"https:\/\/blogs.thesocialmedia.com\/leblogmoto\/2008\/09\/16\/moto-gp-indiana\/#primaryimage","url":"http:\/\/www.leblogmoto.com\/images\/2008\/09\/15\/indy01.jpg","contentUrl":"http:\/\/www.leblogmoto.com\/images\/2008\/09\/15\/indy01.jpg"},{"@type":"BreadcrumbList","@id":"https:\/\/blogs.thesocialmedia.com\/leblogmoto\/2008\/09\/16\/moto-gp-indiana\/#breadcrumb","itemListElement":[{"@type":"ListItem","position":1,"name":"Accueil","item":"https:\/\/blogs.thesocialmedia.com\/leblogmoto\/"},{"@type":"ListItem","position":2,"name":"Moto GP Indianapolis, Spies dans la tourmente de son avenir"}]},{"@type":"WebSite","@id":"https:\/\/blogs.thesocialmedia.com\/leblogmoto\/#website","url":"https:\/\/blogs.thesocialmedia.com\/leblogmoto\/","name":"leblogmoto","description":"Toute l&#039;actualit\u00e9 des 2 roues","potentialAction":[{"@type":"SearchAction","target":{"@type":"EntryPoint","urlTemplate":"https:\/\/blogs.thesocialmedia.com\/leblogmoto\/?s={search_term_string}"},"query-input":{"@type":"PropertyValueSpecification","valueRequired":true,"valueName":"search_term_string"}}],"inLanguage":"fr-FR"},{"@type":"Person","@id":"https:\/\/blogs.thesocialmedia.com\/leblogmoto\/#\/schema\/person\/e82a0ca8a9a63d031586097a3ed58526","name":"jacques lesage","image":{"@type":"ImageObject","inLanguage":"fr-FR","@id":"https:\/\/blogs.thesocialmedia.com\/leblogmoto\/#\/schema\/person\/image\/","url":"https:\/\/secure.gravatar.com\/avatar\/?s=96&d=mm&r=g","contentUrl":"https:\/\/secure.gravatar.com\/avatar\/?s=96&d=mm&r=g","caption":"jacques lesage"},"url":"https:\/\/blogs.thesocialmedia.com\/leblogmoto\/author\/jacques-lesage\/"}]}},"_links":{"self":[{"href":"https:\/\/blogs.thesocialmedia.com\/leblogmoto\/wp-json\/wp\/v2\/posts\/497","targetHints":{"allow":["GET"]}}],"collection":[{"href":"https:\/\/blogs.thesocialmedia.com\/leblogmoto\/wp-json\/wp\/v2\/posts"}],"about":[{"href":"https:\/\/blogs.thesocialmedia.com\/leblogmoto\/wp-json\/wp\/v2\/types\/post"}],"author":[{"embeddable":true,"href":"https:\/\/blogs.thesocialmedia.com\/leblogmoto\/wp-json\/wp\/v2\/users\/325"}],"replies":[{"embeddable":true,"href":"https:\/\/blogs.thesocialmedia.com\/leblogmoto\/wp-json\/wp\/v2\/comments?post=497"}],"version-history":[{"count":2,"href":"https:\/\/blogs.thesocialmedia.com\/leblogmoto\/wp-json\/wp\/v2\/posts\/497\/revisions"}],"predecessor-version":[{"id":11662,"href":"https:\/\/blogs.thesocialmedia.com\/leblogmoto\/wp-json\/wp\/v2\/posts\/497\/revisions\/11662"}],"wp:attachment":[{"href":"https:\/\/blogs.thesocialmedia.com\/leblogmoto\/wp-json\/wp\/v2\/media?parent=497"}],"wp:term":[{"taxonomy":"category","embeddable":true,"href":"https:\/\/blogs.thesocialmedia.com\/leblogmoto\/wp-json\/wp\/v2\/categories?post=497"},{"taxonomy":"post_tag","embeddable":true,"href":"https:\/\/blogs.thesocialmedia.com\/leblogmoto\/wp-json\/wp\/v2\/tags?post=497"}],"curies":[{"name":"wp","href":"https:\/\/api.w.org\/{rel}","templated":true}]}}