{"id":499,"date":"2008-09-12T04:15:41","date_gmt":"2008-09-12T04:15:41","guid":{"rendered":"http:\/\/blogs.thesocialmedia.com\/leblogmoto\/2008\/09\/12\/album-du-vend-1-7\/"},"modified":"2012-07-11T16:20:07","modified_gmt":"2012-07-11T16:20:07","slug":"album-du-vend-1-7","status":"publish","type":"post","link":"https:\/\/blogs.thesocialmedia.com\/leblogmoto\/2008\/09\/12\/album-du-vend-1-7\/","title":{"rendered":"Album du vendredi, illustrateurs.fr"},"content":{"rendered":"<p><a href=\"http:\/\/blogs.thesocialmedia.com\/leblogmoto\/files\/2012\/07\/intro3.jpg\"><img loading=\"lazy\" decoding=\"async\" width=\"470\" height=\"224\"  src=\"http:\/\/www.leblogmoto.com\/images\/2008\/09\/11\/intro3.jpg\" alt=\"Intro3\" \/><\/a> <\/p>\n<p>Denis Sire est une vedette, je suis d&rsquo;ailleurs un fan de Lisa Bay depuis sa premi\u00e8re apparition. Philippe G\u00fcrel m&rsquo;\u00e9tait inconnu jusqu&rsquo;\u00e0 ce que je voie ses dessins chez le \u00ab<a href=\"http:\/\/thenewcaferacersociety.blogspot.com\/\">the new cafe (racer) society<\/a>\u00bb, il y a quelques jours.<br \/>Le style est diff\u00e9rent, mais la passion est la m\u00eame, et les machines servent de tremplin vers des univers complexes, o\u00f9 une simple ligne de couleurs nous transporte, loin vers l&rsquo;horizon.<\/p>\n<p><a href=\"http:\/\/turboflat.blogspot.com\/\"><em>Denis Sire<\/em><\/a><\/p>\n<p><a href=\"http:\/\/clabedan.typepad.com\/.shared\/image.html?\/photos\/uncategorized\/2008\/09\/11\/us01.jpg\"><img loading=\"lazy\" decoding=\"async\" width=\"470\" height=\"265\"  src=\"http:\/\/www.leblogmoto.com\/images\/2008\/09\/11\/us01.jpg\" alt=\"Us01\" \/><\/a> <\/p>\n<p><a href=\"http:\/\/blogs.thesocialmedia.com\/leblogmoto\/files\/2012\/07\/tourism03.jpg\"><img loading=\"lazy\" decoding=\"async\" width=\"470\" height=\"324\"  src=\"http:\/\/www.leblogmoto.com\/images\/2008\/09\/11\/tourism03.jpg\" alt=\"Tourism03\" \/><\/a> <\/p>\n<p><a href=\"http:\/\/blogs.thesocialmedia.com\/leblogmoto\/files\/2012\/07\/motor03.jpg\"><img loading=\"lazy\" decoding=\"async\" width=\"470\" height=\"351\"  src=\"http:\/\/www.leblogmoto.com\/images\/2008\/09\/11\/motor03.jpg\" alt=\"Motor03\" \/><\/a> <\/p>\n<p><a href=\"http:\/\/blogs.thesocialmedia.com\/leblogmoto\/files\/2012\/07\/us08.jpg\"><img loading=\"lazy\" decoding=\"async\" width=\"470\" height=\"342\"  src=\"http:\/\/www.leblogmoto.com\/images\/2008\/09\/11\/us08.jpg\" alt=\"Us08\" \/><\/a> <\/p>\n<p><a href=\"http:\/\/blogs.thesocialmedia.com\/leblogmoto\/files\/2012\/07\/brookland01.jpg\"><img loading=\"lazy\" decoding=\"async\" width=\"470\" height=\"343\"  src=\"http:\/\/www.leblogmoto.com\/images\/2008\/09\/11\/brookland01.jpg\" alt=\"Brookland01\" \/><\/a> <\/p>\n<p><a href=\"http:\/\/turboflat.blogspot.com\/\"><em><a href=\"http:\/\/clabedan.typepad.com\/.shared\/image.html?\/photos\/uncategorized\/2008\/09\/11\/continental01.jpg\"><img loading=\"lazy\" decoding=\"async\" width=\"470\" height=\"328\"  src=\"http:\/\/www.leblogmoto.com\/images\/2008\/09\/11\/continental01.jpg\" alt=\"Continental01\" \/><\/a> <br \/><\/em><\/a><\/p>\n<p><a href=\"http:\/\/turboflat.blogspot.com\/\"><em>Philippe G\u00fcrel<\/em><\/a><\/p>\n<p><a href=\"http:\/\/clabedan.typepad.com\/.shared\/image.html?\/photos\/uncategorized\/2008\/09\/11\/triumph1.jpg\"><img loading=\"lazy\" decoding=\"async\" width=\"470\" height=\"309\"  src=\"http:\/\/www.leblogmoto.com\/images\/2008\/09\/11\/triumph1.jpg\" alt=\"Triumph1\" \/><\/a> <\/p>\n<p><a href=\"http:\/\/blogs.thesocialmedia.com\/leblogmoto\/files\/2012\/07\/ducatimh900evoluzione.jpg\"><img loading=\"lazy\" decoding=\"async\" width=\"469\" height=\"307\"  src=\"http:\/\/www.leblogmoto.com\/images\/2008\/09\/11\/ducatimh900evoluzione.jpg\" alt=\"Ducatimh900evoluzione\" \/><\/a> <\/p>\n<p><a href=\"http:\/\/blogs.thesocialmedia.com\/leblogmoto\/files\/2012\/07\/pinupbmw01.jpg\"><img loading=\"lazy\" decoding=\"async\" width=\"470\" height=\"350\"  src=\"http:\/\/www.leblogmoto.com\/images\/2008\/09\/11\/pinupbmw01.jpg\" alt=\"Pinupbmw01\" \/><\/a> <\/p>\n<p><a href=\"http:\/\/blogs.thesocialmedia.com\/leblogmoto\/files\/2012\/07\/nortonmanx.jpg\"><img loading=\"lazy\" decoding=\"async\" width=\"470\" height=\"405\"  src=\"http:\/\/www.leblogmoto.com\/images\/2008\/09\/11\/nortonmanx.jpg\" alt=\"Nortonmanx\" \/><\/a> <\/p>\n<p><a href=\"http:\/\/blogs.thesocialmedia.com\/leblogmoto\/files\/2012\/07\/thomasphilip02.jpg\"><img loading=\"lazy\" decoding=\"async\" width=\"470\" height=\"225\"  src=\"http:\/\/www.leblogmoto.com\/images\/2008\/09\/11\/thomasphilip02.jpg\" alt=\"Thomasphilip02\" \/><\/a> <\/p>\n<p><a href=\"http:\/\/blogs.thesocialmedia.com\/leblogmoto\/files\/2012\/07\/ducati02.jpg\"><img loading=\"lazy\" decoding=\"async\" width=\"470\" height=\"354\"  src=\"http:\/\/www.leblogmoto.com\/images\/2008\/09\/11\/ducati02.jpg\" alt=\"Ducati02\" \/><\/a> <\/p>\n","protected":false},"excerpt":{"rendered":"<p>Denis Sire est une vedette, je suis d&rsquo;ailleurs un fan de Lisa Bay depuis sa premi\u00e8re apparition. Philippe G\u00fcrel m&rsquo;\u00e9tait inconnu jusqu&rsquo;\u00e0 ce que je voie ses dessins chez le \u00abthe new cafe (racer) society\u00bb, il y a quelques jours.Le style est diff\u00e9rent, mais la passion est la m\u00eame, et les machines servent de tremplin [&hellip;]<\/p>\n","protected":false},"author":325,"featured_media":0,"comment_status":"open","ping_status":"open","sticky":false,"template":"","format":"standard","meta":{"footnotes":""},"categories":[16,8,17],"tags":[],"class_list":["post-499","post","type-post","status-publish","format-standard","hentry","category-art-moto","category-chaines-et-cuirs","category-divers"],"yoast_head":"<!-- This site is optimized with the Yoast SEO plugin v26.0 - https:\/\/yoast.com\/wordpress\/plugins\/seo\/ -->\n<title>Album du vendredi, illustrateurs.fr - leblogmoto.com<\/title>\n<meta name=\"robots\" content=\"index, follow, max-snippet:-1, max-image-preview:large, max-video-preview:-1\" \/>\n<link rel=\"canonical\" href=\"https:\/\/blogs.thesocialmedia.com\/leblogmoto\/2008\/09\/12\/album-du-vend-1-7\/\" \/>\n<meta name=\"twitter:card\" content=\"summary_large_image\" \/>\n<meta name=\"twitter:title\" content=\"Album du vendredi, illustrateurs.fr - leblogmoto.com\" \/>\n<meta name=\"twitter:description\" content=\"Denis Sire est une vedette, je suis d&rsquo;ailleurs un fan de Lisa Bay depuis sa premi\u00e8re apparition. Philippe G\u00fcrel m&rsquo;\u00e9tait inconnu jusqu&rsquo;\u00e0 ce que je voie ses dessins chez le \u00abthe new cafe (racer) society\u00bb, il y a quelques jours.Le style est diff\u00e9rent, mais la passion est la m\u00eame, et les machines servent de tremplin [&hellip;]\" \/>\n<meta name=\"twitter:image\" content=\"http:\/\/www.leblogmoto.com\/images\/2008\/09\/11\/intro3.jpg\" \/>\n<meta name=\"twitter:label1\" content=\"\u00c9crit par\" \/>\n\t<meta name=\"twitter:data1\" content=\"jacques lesage\" \/>\n<script type=\"application\/ld+json\" class=\"yoast-schema-graph\">{\"@context\":\"https:\/\/schema.org\",\"@graph\":[{\"@type\":\"WebPage\",\"@id\":\"https:\/\/blogs.thesocialmedia.com\/leblogmoto\/2008\/09\/12\/album-du-vend-1-7\/\",\"url\":\"https:\/\/blogs.thesocialmedia.com\/leblogmoto\/2008\/09\/12\/album-du-vend-1-7\/\",\"name\":\"Album du vendredi, illustrateurs.fr - leblogmoto.com\",\"isPartOf\":{\"@id\":\"https:\/\/blogs.thesocialmedia.com\/leblogmoto\/#website\"},\"primaryImageOfPage\":{\"@id\":\"https:\/\/blogs.thesocialmedia.com\/leblogmoto\/2008\/09\/12\/album-du-vend-1-7\/#primaryimage\"},\"image\":{\"@id\":\"https:\/\/blogs.thesocialmedia.com\/leblogmoto\/2008\/09\/12\/album-du-vend-1-7\/#primaryimage\"},\"thumbnailUrl\":\"http:\/\/www.leblogmoto.com\/images\/2008\/09\/11\/intro3.jpg\",\"datePublished\":\"2008-09-12T04:15:41+00:00\",\"dateModified\":\"2012-07-11T16:20:07+00:00\",\"author\":{\"@id\":\"https:\/\/blogs.thesocialmedia.com\/leblogmoto\/#\/schema\/person\/e82a0ca8a9a63d031586097a3ed58526\"},\"breadcrumb\":{\"@id\":\"https:\/\/blogs.thesocialmedia.com\/leblogmoto\/2008\/09\/12\/album-du-vend-1-7\/#breadcrumb\"},\"inLanguage\":\"fr-FR\",\"potentialAction\":[{\"@type\":\"ReadAction\",\"target\":[\"https:\/\/blogs.thesocialmedia.com\/leblogmoto\/2008\/09\/12\/album-du-vend-1-7\/\"]}]},{\"@type\":\"ImageObject\",\"inLanguage\":\"fr-FR\",\"@id\":\"https:\/\/blogs.thesocialmedia.com\/leblogmoto\/2008\/09\/12\/album-du-vend-1-7\/#primaryimage\",\"url\":\"http:\/\/www.leblogmoto.com\/images\/2008\/09\/11\/intro3.jpg\",\"contentUrl\":\"http:\/\/www.leblogmoto.com\/images\/2008\/09\/11\/intro3.jpg\"},{\"@type\":\"BreadcrumbList\",\"@id\":\"https:\/\/blogs.thesocialmedia.com\/leblogmoto\/2008\/09\/12\/album-du-vend-1-7\/#breadcrumb\",\"itemListElement\":[{\"@type\":\"ListItem\",\"position\":1,\"name\":\"Accueil\",\"item\":\"https:\/\/blogs.thesocialmedia.com\/leblogmoto\/\"},{\"@type\":\"ListItem\",\"position\":2,\"name\":\"Album du vendredi, illustrateurs.fr\"}]},{\"@type\":\"WebSite\",\"@id\":\"https:\/\/blogs.thesocialmedia.com\/leblogmoto\/#website\",\"url\":\"https:\/\/blogs.thesocialmedia.com\/leblogmoto\/\",\"name\":\"leblogmoto\",\"description\":\"Toute l&#039;actualit\u00e9 des 2 roues\",\"potentialAction\":[{\"@type\":\"SearchAction\",\"target\":{\"@type\":\"EntryPoint\",\"urlTemplate\":\"https:\/\/blogs.thesocialmedia.com\/leblogmoto\/?s={search_term_string}\"},\"query-input\":{\"@type\":\"PropertyValueSpecification\",\"valueRequired\":true,\"valueName\":\"search_term_string\"}}],\"inLanguage\":\"fr-FR\"},{\"@type\":\"Person\",\"@id\":\"https:\/\/blogs.thesocialmedia.com\/leblogmoto\/#\/schema\/person\/e82a0ca8a9a63d031586097a3ed58526\",\"name\":\"jacques lesage\",\"image\":{\"@type\":\"ImageObject\",\"inLanguage\":\"fr-FR\",\"@id\":\"https:\/\/blogs.thesocialmedia.com\/leblogmoto\/#\/schema\/person\/image\/\",\"url\":\"https:\/\/secure.gravatar.com\/avatar\/?s=96&d=mm&r=g\",\"contentUrl\":\"https:\/\/secure.gravatar.com\/avatar\/?s=96&d=mm&r=g\",\"caption\":\"jacques lesage\"},\"url\":\"https:\/\/blogs.thesocialmedia.com\/leblogmoto\/author\/jacques-lesage\/\"}]}<\/script>\n<!-- \/ Yoast SEO plugin. -->","yoast_head_json":{"title":"Album du vendredi, illustrateurs.fr - leblogmoto.com","robots":{"index":"index","follow":"follow","max-snippet":"max-snippet:-1","max-image-preview":"max-image-preview:large","max-video-preview":"max-video-preview:-1"},"canonical":"https:\/\/blogs.thesocialmedia.com\/leblogmoto\/2008\/09\/12\/album-du-vend-1-7\/","twitter_card":"summary_large_image","twitter_title":"Album du vendredi, illustrateurs.fr - leblogmoto.com","twitter_description":"Denis Sire est une vedette, je suis d&rsquo;ailleurs un fan de Lisa Bay depuis sa premi\u00e8re apparition. Philippe G\u00fcrel m&rsquo;\u00e9tait inconnu jusqu&rsquo;\u00e0 ce que je voie ses dessins chez le \u00abthe new cafe (racer) society\u00bb, il y a quelques jours.Le style est diff\u00e9rent, mais la passion est la m\u00eame, et les machines servent de tremplin [&hellip;]","twitter_image":"http:\/\/www.leblogmoto.com\/images\/2008\/09\/11\/intro3.jpg","twitter_misc":{"\u00c9crit par":"jacques lesage"},"schema":{"@context":"https:\/\/schema.org","@graph":[{"@type":"WebPage","@id":"https:\/\/blogs.thesocialmedia.com\/leblogmoto\/2008\/09\/12\/album-du-vend-1-7\/","url":"https:\/\/blogs.thesocialmedia.com\/leblogmoto\/2008\/09\/12\/album-du-vend-1-7\/","name":"Album du vendredi, illustrateurs.fr - leblogmoto.com","isPartOf":{"@id":"https:\/\/blogs.thesocialmedia.com\/leblogmoto\/#website"},"primaryImageOfPage":{"@id":"https:\/\/blogs.thesocialmedia.com\/leblogmoto\/2008\/09\/12\/album-du-vend-1-7\/#primaryimage"},"image":{"@id":"https:\/\/blogs.thesocialmedia.com\/leblogmoto\/2008\/09\/12\/album-du-vend-1-7\/#primaryimage"},"thumbnailUrl":"http:\/\/www.leblogmoto.com\/images\/2008\/09\/11\/intro3.jpg","datePublished":"2008-09-12T04:15:41+00:00","dateModified":"2012-07-11T16:20:07+00:00","author":{"@id":"https:\/\/blogs.thesocialmedia.com\/leblogmoto\/#\/schema\/person\/e82a0ca8a9a63d031586097a3ed58526"},"breadcrumb":{"@id":"https:\/\/blogs.thesocialmedia.com\/leblogmoto\/2008\/09\/12\/album-du-vend-1-7\/#breadcrumb"},"inLanguage":"fr-FR","potentialAction":[{"@type":"ReadAction","target":["https:\/\/blogs.thesocialmedia.com\/leblogmoto\/2008\/09\/12\/album-du-vend-1-7\/"]}]},{"@type":"ImageObject","inLanguage":"fr-FR","@id":"https:\/\/blogs.thesocialmedia.com\/leblogmoto\/2008\/09\/12\/album-du-vend-1-7\/#primaryimage","url":"http:\/\/www.leblogmoto.com\/images\/2008\/09\/11\/intro3.jpg","contentUrl":"http:\/\/www.leblogmoto.com\/images\/2008\/09\/11\/intro3.jpg"},{"@type":"BreadcrumbList","@id":"https:\/\/blogs.thesocialmedia.com\/leblogmoto\/2008\/09\/12\/album-du-vend-1-7\/#breadcrumb","itemListElement":[{"@type":"ListItem","position":1,"name":"Accueil","item":"https:\/\/blogs.thesocialmedia.com\/leblogmoto\/"},{"@type":"ListItem","position":2,"name":"Album du vendredi, illustrateurs.fr"}]},{"@type":"WebSite","@id":"https:\/\/blogs.thesocialmedia.com\/leblogmoto\/#website","url":"https:\/\/blogs.thesocialmedia.com\/leblogmoto\/","name":"leblogmoto","description":"Toute l&#039;actualit\u00e9 des 2 roues","potentialAction":[{"@type":"SearchAction","target":{"@type":"EntryPoint","urlTemplate":"https:\/\/blogs.thesocialmedia.com\/leblogmoto\/?s={search_term_string}"},"query-input":{"@type":"PropertyValueSpecification","valueRequired":true,"valueName":"search_term_string"}}],"inLanguage":"fr-FR"},{"@type":"Person","@id":"https:\/\/blogs.thesocialmedia.com\/leblogmoto\/#\/schema\/person\/e82a0ca8a9a63d031586097a3ed58526","name":"jacques lesage","image":{"@type":"ImageObject","inLanguage":"fr-FR","@id":"https:\/\/blogs.thesocialmedia.com\/leblogmoto\/#\/schema\/person\/image\/","url":"https:\/\/secure.gravatar.com\/avatar\/?s=96&d=mm&r=g","contentUrl":"https:\/\/secure.gravatar.com\/avatar\/?s=96&d=mm&r=g","caption":"jacques lesage"},"url":"https:\/\/blogs.thesocialmedia.com\/leblogmoto\/author\/jacques-lesage\/"}]}},"_links":{"self":[{"href":"https:\/\/blogs.thesocialmedia.com\/leblogmoto\/wp-json\/wp\/v2\/posts\/499","targetHints":{"allow":["GET"]}}],"collection":[{"href":"https:\/\/blogs.thesocialmedia.com\/leblogmoto\/wp-json\/wp\/v2\/posts"}],"about":[{"href":"https:\/\/blogs.thesocialmedia.com\/leblogmoto\/wp-json\/wp\/v2\/types\/post"}],"author":[{"embeddable":true,"href":"https:\/\/blogs.thesocialmedia.com\/leblogmoto\/wp-json\/wp\/v2\/users\/325"}],"replies":[{"embeddable":true,"href":"https:\/\/blogs.thesocialmedia.com\/leblogmoto\/wp-json\/wp\/v2\/comments?post=499"}],"version-history":[{"count":2,"href":"https:\/\/blogs.thesocialmedia.com\/leblogmoto\/wp-json\/wp\/v2\/posts\/499\/revisions"}],"predecessor-version":[{"id":11651,"href":"https:\/\/blogs.thesocialmedia.com\/leblogmoto\/wp-json\/wp\/v2\/posts\/499\/revisions\/11651"}],"wp:attachment":[{"href":"https:\/\/blogs.thesocialmedia.com\/leblogmoto\/wp-json\/wp\/v2\/media?parent=499"}],"wp:term":[{"taxonomy":"category","embeddable":true,"href":"https:\/\/blogs.thesocialmedia.com\/leblogmoto\/wp-json\/wp\/v2\/categories?post=499"},{"taxonomy":"post_tag","embeddable":true,"href":"https:\/\/blogs.thesocialmedia.com\/leblogmoto\/wp-json\/wp\/v2\/tags?post=499"}],"curies":[{"name":"wp","href":"https:\/\/api.w.org\/{rel}","templated":true}]}}