{"id":5,"date":"2010-03-17T20:18:41","date_gmt":"2010-03-17T20:18:41","guid":{"rendered":"http:\/\/blogs.thesocialmedia.com\/leblogmoto\/2010\/03\/17\/opee-nouvelle-mascotte-motocross-enduro\/"},"modified":"2012-07-11T17:45:12","modified_gmt":"2012-07-11T17:45:12","slug":"opee-nouvelle-mascotte-motocross-enduro","status":"publish","type":"post","link":"https:\/\/blogs.thesocialmedia.com\/leblogmoto\/2010\/03\/17\/opee-nouvelle-mascotte-motocross-enduro\/","title":{"rendered":"Opee, nouvelle mascotte motocross enduro"},"content":{"rendered":"<p><a href=\"http:\/\/blogs.thesocialmedia.com\/leblogmoto\/files\/2012\/07\/6a00d83451b18369e2012877322fdb970c-popup.png\"><img decoding=\"async\" alt=\"OPEE\" class=\"asset asset-image at-xid-6a00d83451b18369e2012877322fdb970c \" src=\"http:\/\/blogs.thesocialmedia.com\/leblogmoto\/files\/2012\/07\/6a00d83451b18369e2012877322fdb970c-500wi.jpg\" style=\"width: 470px\" \/><\/a> <\/p>\n<p>Depuis Novembre 2005 Opee a accumul\u00e9&#160;gr\u00e2ce&#160;\u00e0 son ma\u00eetre, Mike Schelin, plus de 10000 heures de moto et particip\u00e9 \u00e0 des courses aussi prestigieuses que la Baja 500&#8230;<\/p>\n<\/p>\n<\/p>\n<p>Titulaire de sa propre licence motocross aux Etats Unis, Opee, 8 ans et 35 kg, est equip\u00e9 d&#039;un casque mais aussi d&#039;un gilet et d&#039;une minerve gonflable en guise de protection. Accompagn\u00e9 de son ma\u00eetre Opee visite les&#160;h\u00f4pitaux&#160;\u00e0 titre caritatif pour rencontrer enfants ou accident\u00e9s de la route.<\/p>\n<p><embed height=\"314\" src=\"http:\/\/blip.tv\/play\/AYHBikYC\" type=\"application\/x-shockwave-flash\" width=\"480\" \/> <\/p>\n<p>Dans les &#160;prochains mois Opee devrait participer \u00e0 une tentative de record de vitesse et r\u00e9aliser un back flip&#8230;<\/p>\n<p>Retrouvez plus d&#039;infos et de photos sur le site <a href=\"http:\/\/www.theoffroadpuppy.com\" target=\"_blank\">www.theoffroadpuppy.com<\/a><\/p>\n<p><a href=\"http:\/\/www.theoffroadpuppy.com\" target=\"_blank\"><\/a><br \/>&#160;<\/p>\n","protected":false},"excerpt":{"rendered":"<p>Depuis Novembre 2005 Opee a accumul\u00e9&#160;gr\u00e2ce&#160;\u00e0 son ma\u00eetre, Mike Schelin, plus de 10000 heures de moto et particip\u00e9 \u00e0 des courses aussi prestigieuses que la Baja 500&#8230; Titulaire de sa propre licence motocross aux Etats Unis, Opee, 8 ans et 35 kg, est equip\u00e9 d&#039;un casque mais aussi d&#039;un gilet et d&#039;une minerve gonflable en [&hellip;]<\/p>\n","protected":false},"author":323,"featured_media":14488,"comment_status":"open","ping_status":"open","sticky":false,"template":"","format":"standard","meta":{"footnotes":""},"categories":[1],"tags":[],"class_list":["post-5","post","type-post","status-publish","format-standard","has-post-thumbnail","hentry","category-uncategorized"],"yoast_head":"<!-- This site is optimized with the Yoast SEO plugin v26.0 - https:\/\/yoast.com\/wordpress\/plugins\/seo\/ -->\n<title>Opee, nouvelle mascotte motocross enduro - leblogmoto.com<\/title>\n<meta name=\"robots\" content=\"index, follow, max-snippet:-1, max-image-preview:large, max-video-preview:-1\" \/>\n<link rel=\"canonical\" href=\"https:\/\/blogs.thesocialmedia.com\/leblogmoto\/2010\/03\/17\/opee-nouvelle-mascotte-motocross-enduro\/\" \/>\n<meta name=\"twitter:card\" content=\"summary_large_image\" \/>\n<meta name=\"twitter:title\" content=\"Opee, nouvelle mascotte motocross enduro - leblogmoto.com\" \/>\n<meta name=\"twitter:description\" content=\"Depuis Novembre 2005 Opee a accumul\u00e9&#160;gr\u00e2ce&#160;\u00e0 son ma\u00eetre, Mike Schelin, plus de 10000 heures de moto et particip\u00e9 \u00e0 des courses aussi prestigieuses que la Baja 500&#8230; Titulaire de sa propre licence motocross aux Etats Unis, Opee, 8 ans et 35 kg, est equip\u00e9 d&#039;un casque mais aussi d&#039;un gilet et d&#039;une minerve gonflable en [&hellip;]\" \/>\n<meta name=\"twitter:image\" content=\"https:\/\/blogs.thesocialmedia.com\/leblogmoto\/files\/2012\/07\/6a00d83451b18369e2012877322fdb970c-500wi.jpg\" \/>\n<meta name=\"twitter:label1\" content=\"\u00c9crit par\" \/>\n\t<meta name=\"twitter:data1\" content=\"albin le guyader\" \/>\n\t<meta name=\"twitter:label2\" content=\"Dur\u00e9e de lecture estim\u00e9e\" \/>\n\t<meta name=\"twitter:data2\" content=\"1 minute\" \/>\n<script type=\"application\/ld+json\" class=\"yoast-schema-graph\">{\"@context\":\"https:\/\/schema.org\",\"@graph\":[{\"@type\":\"WebPage\",\"@id\":\"https:\/\/blogs.thesocialmedia.com\/leblogmoto\/2010\/03\/17\/opee-nouvelle-mascotte-motocross-enduro\/\",\"url\":\"https:\/\/blogs.thesocialmedia.com\/leblogmoto\/2010\/03\/17\/opee-nouvelle-mascotte-motocross-enduro\/\",\"name\":\"Opee, nouvelle mascotte motocross enduro - leblogmoto.com\",\"isPartOf\":{\"@id\":\"https:\/\/blogs.thesocialmedia.com\/leblogmoto\/#website\"},\"primaryImageOfPage\":{\"@id\":\"https:\/\/blogs.thesocialmedia.com\/leblogmoto\/2010\/03\/17\/opee-nouvelle-mascotte-motocross-enduro\/#primaryimage\"},\"image\":{\"@id\":\"https:\/\/blogs.thesocialmedia.com\/leblogmoto\/2010\/03\/17\/opee-nouvelle-mascotte-motocross-enduro\/#primaryimage\"},\"thumbnailUrl\":\"https:\/\/blogs.thesocialmedia.com\/leblogmoto\/files\/2012\/07\/6a00d83451b18369e2012877322fdb970c-500wi.jpg\",\"datePublished\":\"2010-03-17T20:18:41+00:00\",\"dateModified\":\"2012-07-11T17:45:12+00:00\",\"author\":{\"@id\":\"https:\/\/blogs.thesocialmedia.com\/leblogmoto\/#\/schema\/person\/b496d27c898c29a39678e2425cafb9ae\"},\"breadcrumb\":{\"@id\":\"https:\/\/blogs.thesocialmedia.com\/leblogmoto\/2010\/03\/17\/opee-nouvelle-mascotte-motocross-enduro\/#breadcrumb\"},\"inLanguage\":\"fr-FR\",\"potentialAction\":[{\"@type\":\"ReadAction\",\"target\":[\"https:\/\/blogs.thesocialmedia.com\/leblogmoto\/2010\/03\/17\/opee-nouvelle-mascotte-motocross-enduro\/\"]}]},{\"@type\":\"ImageObject\",\"inLanguage\":\"fr-FR\",\"@id\":\"https:\/\/blogs.thesocialmedia.com\/leblogmoto\/2010\/03\/17\/opee-nouvelle-mascotte-motocross-enduro\/#primaryimage\",\"url\":\"https:\/\/blogs.thesocialmedia.com\/leblogmoto\/files\/2012\/07\/6a00d83451b18369e2012877322fdb970c-500wi.jpg\",\"contentUrl\":\"https:\/\/blogs.thesocialmedia.com\/leblogmoto\/files\/2012\/07\/6a00d83451b18369e2012877322fdb970c-500wi.jpg\",\"width\":\"500\",\"height\":\"785\"},{\"@type\":\"BreadcrumbList\",\"@id\":\"https:\/\/blogs.thesocialmedia.com\/leblogmoto\/2010\/03\/17\/opee-nouvelle-mascotte-motocross-enduro\/#breadcrumb\",\"itemListElement\":[{\"@type\":\"ListItem\",\"position\":1,\"name\":\"Accueil\",\"item\":\"https:\/\/blogs.thesocialmedia.com\/leblogmoto\/\"},{\"@type\":\"ListItem\",\"position\":2,\"name\":\"Opee, nouvelle mascotte motocross enduro\"}]},{\"@type\":\"WebSite\",\"@id\":\"https:\/\/blogs.thesocialmedia.com\/leblogmoto\/#website\",\"url\":\"https:\/\/blogs.thesocialmedia.com\/leblogmoto\/\",\"name\":\"leblogmoto\",\"description\":\"Toute l&#039;actualit\u00e9 des 2 roues\",\"potentialAction\":[{\"@type\":\"SearchAction\",\"target\":{\"@type\":\"EntryPoint\",\"urlTemplate\":\"https:\/\/blogs.thesocialmedia.com\/leblogmoto\/?s={search_term_string}\"},\"query-input\":{\"@type\":\"PropertyValueSpecification\",\"valueRequired\":true,\"valueName\":\"search_term_string\"}}],\"inLanguage\":\"fr-FR\"},{\"@type\":\"Person\",\"@id\":\"https:\/\/blogs.thesocialmedia.com\/leblogmoto\/#\/schema\/person\/b496d27c898c29a39678e2425cafb9ae\",\"name\":\"albin le guyader\",\"image\":{\"@type\":\"ImageObject\",\"inLanguage\":\"fr-FR\",\"@id\":\"https:\/\/blogs.thesocialmedia.com\/leblogmoto\/#\/schema\/person\/image\/\",\"url\":\"https:\/\/secure.gravatar.com\/avatar\/?s=96&d=mm&r=g\",\"contentUrl\":\"https:\/\/secure.gravatar.com\/avatar\/?s=96&d=mm&r=g\",\"caption\":\"albin le guyader\"},\"url\":\"https:\/\/blogs.thesocialmedia.com\/leblogmoto\/author\/albin-le-guyader\/\"}]}<\/script>\n<!-- \/ Yoast SEO plugin. -->","yoast_head_json":{"title":"Opee, nouvelle mascotte motocross enduro - leblogmoto.com","robots":{"index":"index","follow":"follow","max-snippet":"max-snippet:-1","max-image-preview":"max-image-preview:large","max-video-preview":"max-video-preview:-1"},"canonical":"https:\/\/blogs.thesocialmedia.com\/leblogmoto\/2010\/03\/17\/opee-nouvelle-mascotte-motocross-enduro\/","twitter_card":"summary_large_image","twitter_title":"Opee, nouvelle mascotte motocross enduro - leblogmoto.com","twitter_description":"Depuis Novembre 2005 Opee a accumul\u00e9&#160;gr\u00e2ce&#160;\u00e0 son ma\u00eetre, Mike Schelin, plus de 10000 heures de moto et particip\u00e9 \u00e0 des courses aussi prestigieuses que la Baja 500&#8230; Titulaire de sa propre licence motocross aux Etats Unis, Opee, 8 ans et 35 kg, est equip\u00e9 d&#039;un casque mais aussi d&#039;un gilet et d&#039;une minerve gonflable en [&hellip;]","twitter_image":"https:\/\/blogs.thesocialmedia.com\/leblogmoto\/files\/2012\/07\/6a00d83451b18369e2012877322fdb970c-500wi.jpg","twitter_misc":{"\u00c9crit par":"albin le guyader","Dur\u00e9e de lecture estim\u00e9e":"1 minute"},"schema":{"@context":"https:\/\/schema.org","@graph":[{"@type":"WebPage","@id":"https:\/\/blogs.thesocialmedia.com\/leblogmoto\/2010\/03\/17\/opee-nouvelle-mascotte-motocross-enduro\/","url":"https:\/\/blogs.thesocialmedia.com\/leblogmoto\/2010\/03\/17\/opee-nouvelle-mascotte-motocross-enduro\/","name":"Opee, nouvelle mascotte motocross enduro - leblogmoto.com","isPartOf":{"@id":"https:\/\/blogs.thesocialmedia.com\/leblogmoto\/#website"},"primaryImageOfPage":{"@id":"https:\/\/blogs.thesocialmedia.com\/leblogmoto\/2010\/03\/17\/opee-nouvelle-mascotte-motocross-enduro\/#primaryimage"},"image":{"@id":"https:\/\/blogs.thesocialmedia.com\/leblogmoto\/2010\/03\/17\/opee-nouvelle-mascotte-motocross-enduro\/#primaryimage"},"thumbnailUrl":"https:\/\/blogs.thesocialmedia.com\/leblogmoto\/files\/2012\/07\/6a00d83451b18369e2012877322fdb970c-500wi.jpg","datePublished":"2010-03-17T20:18:41+00:00","dateModified":"2012-07-11T17:45:12+00:00","author":{"@id":"https:\/\/blogs.thesocialmedia.com\/leblogmoto\/#\/schema\/person\/b496d27c898c29a39678e2425cafb9ae"},"breadcrumb":{"@id":"https:\/\/blogs.thesocialmedia.com\/leblogmoto\/2010\/03\/17\/opee-nouvelle-mascotte-motocross-enduro\/#breadcrumb"},"inLanguage":"fr-FR","potentialAction":[{"@type":"ReadAction","target":["https:\/\/blogs.thesocialmedia.com\/leblogmoto\/2010\/03\/17\/opee-nouvelle-mascotte-motocross-enduro\/"]}]},{"@type":"ImageObject","inLanguage":"fr-FR","@id":"https:\/\/blogs.thesocialmedia.com\/leblogmoto\/2010\/03\/17\/opee-nouvelle-mascotte-motocross-enduro\/#primaryimage","url":"https:\/\/blogs.thesocialmedia.com\/leblogmoto\/files\/2012\/07\/6a00d83451b18369e2012877322fdb970c-500wi.jpg","contentUrl":"https:\/\/blogs.thesocialmedia.com\/leblogmoto\/files\/2012\/07\/6a00d83451b18369e2012877322fdb970c-500wi.jpg","width":"500","height":"785"},{"@type":"BreadcrumbList","@id":"https:\/\/blogs.thesocialmedia.com\/leblogmoto\/2010\/03\/17\/opee-nouvelle-mascotte-motocross-enduro\/#breadcrumb","itemListElement":[{"@type":"ListItem","position":1,"name":"Accueil","item":"https:\/\/blogs.thesocialmedia.com\/leblogmoto\/"},{"@type":"ListItem","position":2,"name":"Opee, nouvelle mascotte motocross enduro"}]},{"@type":"WebSite","@id":"https:\/\/blogs.thesocialmedia.com\/leblogmoto\/#website","url":"https:\/\/blogs.thesocialmedia.com\/leblogmoto\/","name":"leblogmoto","description":"Toute l&#039;actualit\u00e9 des 2 roues","potentialAction":[{"@type":"SearchAction","target":{"@type":"EntryPoint","urlTemplate":"https:\/\/blogs.thesocialmedia.com\/leblogmoto\/?s={search_term_string}"},"query-input":{"@type":"PropertyValueSpecification","valueRequired":true,"valueName":"search_term_string"}}],"inLanguage":"fr-FR"},{"@type":"Person","@id":"https:\/\/blogs.thesocialmedia.com\/leblogmoto\/#\/schema\/person\/b496d27c898c29a39678e2425cafb9ae","name":"albin le guyader","image":{"@type":"ImageObject","inLanguage":"fr-FR","@id":"https:\/\/blogs.thesocialmedia.com\/leblogmoto\/#\/schema\/person\/image\/","url":"https:\/\/secure.gravatar.com\/avatar\/?s=96&d=mm&r=g","contentUrl":"https:\/\/secure.gravatar.com\/avatar\/?s=96&d=mm&r=g","caption":"albin le guyader"},"url":"https:\/\/blogs.thesocialmedia.com\/leblogmoto\/author\/albin-le-guyader\/"}]}},"_links":{"self":[{"href":"https:\/\/blogs.thesocialmedia.com\/leblogmoto\/wp-json\/wp\/v2\/posts\/5","targetHints":{"allow":["GET"]}}],"collection":[{"href":"https:\/\/blogs.thesocialmedia.com\/leblogmoto\/wp-json\/wp\/v2\/posts"}],"about":[{"href":"https:\/\/blogs.thesocialmedia.com\/leblogmoto\/wp-json\/wp\/v2\/types\/post"}],"author":[{"embeddable":true,"href":"https:\/\/blogs.thesocialmedia.com\/leblogmoto\/wp-json\/wp\/v2\/users\/323"}],"replies":[{"embeddable":true,"href":"https:\/\/blogs.thesocialmedia.com\/leblogmoto\/wp-json\/wp\/v2\/comments?post=5"}],"version-history":[{"count":2,"href":"https:\/\/blogs.thesocialmedia.com\/leblogmoto\/wp-json\/wp\/v2\/posts\/5\/revisions"}],"predecessor-version":[{"id":14490,"href":"https:\/\/blogs.thesocialmedia.com\/leblogmoto\/wp-json\/wp\/v2\/posts\/5\/revisions\/14490"}],"wp:featuredmedia":[{"embeddable":true,"href":"https:\/\/blogs.thesocialmedia.com\/leblogmoto\/wp-json\/wp\/v2\/media\/14488"}],"wp:attachment":[{"href":"https:\/\/blogs.thesocialmedia.com\/leblogmoto\/wp-json\/wp\/v2\/media?parent=5"}],"wp:term":[{"taxonomy":"category","embeddable":true,"href":"https:\/\/blogs.thesocialmedia.com\/leblogmoto\/wp-json\/wp\/v2\/categories?post=5"},{"taxonomy":"post_tag","embeddable":true,"href":"https:\/\/blogs.thesocialmedia.com\/leblogmoto\/wp-json\/wp\/v2\/tags?post=5"}],"curies":[{"name":"wp","href":"https:\/\/api.w.org\/{rel}","templated":true}]}}