{"id":501,"date":"2008-09-10T03:25:30","date_gmt":"2008-09-10T03:25:30","guid":{"rendered":"http:\/\/blogs.thesocialmedia.com\/leblogmoto\/2008\/09\/10\/essai-bmw-f800s\/"},"modified":"2012-07-11T16:19:26","modified_gmt":"2012-07-11T16:19:26","slug":"essai-bmw-f800s","status":"publish","type":"post","link":"https:\/\/blogs.thesocialmedia.com\/leblogmoto\/2008\/09\/10\/essai-bmw-f800s\/","title":{"rendered":"Essai BMW F800ST"},"content":{"rendered":"<p><a href=\"http:\/\/blogs.thesocialmedia.com\/leblogmoto\/files\/2012\/07\/f800blog0.jpg\"><img loading=\"lazy\" decoding=\"async\" width=\"470\" height=\"311\"  src=\"http:\/\/www.leblogmoto.com\/images\/2008\/09\/09\/f800blog0.jpg\" alt=\"F800blog0\" \/><\/a> <\/p>\n<p>L&rsquo;\u00e9piphanie est survenue alors qu&rsquo;une R1200RT que j&rsquo;avais vu fondre sur moi dans mon r\u00e9tro de gauche a ralenti une fois \u00e0 ma hauteur. Le pilote \u00e0 lorgner un instant la F800ST, comme si l&rsquo;a\u00een\u00e9 de la famille \u00e9tait surpris de voir son petit fr\u00e8re sur les m\u00eames routes que lui, et est reparti aussi vite qu&rsquo;il \u00e9tait venu.<\/p>\n<p>Jusqu\u2019alors, je n\u2019avais rencontr\u00e9 qu\u2019indiff\u00e9rence, surtout de la part des nombreuses H-D crois\u00e9es, comme si une petite Allemande en habit de bourlingueuse faisait tache au milieu de ces grands espaces qu\u00e9b\u00e9cois parsem\u00e9s d\u2019\u00e9pinettes rachitiques. Je caricature, mais il est vrai que cette <a href=\"http:\/\/www.bmw-motorrad.com.fr\/fr\/fr\/index.html\">BMW<\/a> de moyennes cylindr\u00e9es appara\u00eet comme un anachronisme sur roues dans le parc moto nord-am\u00e9ricain. Pourtant, pour qui sait voir, toucher et ressentir, la F800 a beaucoup \u00e0 offrir.<\/p>\n<p><a href=\"http:\/\/clabedan.typepad.com\/.shared\/image.html?\/photos\/uncategorized\/2008\/09\/09\/f800blog1.jpg\"><img loading=\"lazy\" decoding=\"async\" width=\"470\" height=\"311\"  src=\"http:\/\/www.leblogmoto.com\/images\/2008\/09\/09\/f800blog1.jpg\" alt=\"F800blog1\" \/><\/a> <\/p>\n<p>Comme souvent chez BMW, la qualit\u00e9 de finition est au dessus de la moyenne avec ce car\u00e9nage tout d\u2019un bloc qui est aussi solide qu\u2019il en a l\u2019air. Les r\u00e9troviseurs, puisqu\u2019il en fut question, ne bouge plus une fois ajust\u00e9e, ce qui est presque un luxe. Le renflement qui se fait passer pour le r\u00e9servoir, celui-ci \u00e9tant sous la selle pour abaisser le centre de gravit\u00e9 et ajouter en maniabilit\u00e9, s\u2019av\u00e8re d&rsquo;une ergonomie ad\u00e9quate lorsque vient le temps de plonger dans la bulle du pare-brise. Ce dernier est un peu juste en hauteur par contre, les turbulences me frappant le haut du thorax, mais ce n\u2019est rien pour mettre en p\u00e9ril le plaisir de la route. Le guidon bien en mains, la position n\u2019est pas loin d\u2019\u00eatre id\u00e9ale. Le corps juste ce qu\u2019il faut vers l\u2019avant, sans exag\u00e9ration pour \u00e9viter la fatigue du cou et des poignets, les pieds l\u00e9g\u00e8rement vers l\u2019arri\u00e8re, ce qui lib\u00e8re les jambes de toutes intrusions \u00e0 l\u2019arr\u00eat. Le si\u00e8ge est confortable, mais en fin de journ\u00e9e on l\u2019appr\u00e9cierait un peu plus moelleux.<br \/>Le tableau de bord offre le meilleur des deux mondes, analogique pour la vitesse et le compte-tours, et num\u00e9rique pour le reste des infos comme l\u2019odom\u00e8tre, la vitesse engag\u00e9e et le niveau d\u2019essence, qui sur la machine essay\u00e9e souffrait d\u2019un bogue, affichant constamment le plein d\u2019essence, m\u00eame apr\u00e8s plus de 200 km. Ce qui pour un r\u00e9servoir d\u2019une capacit\u00e9 de 16 litres, fait preuve d\u2019un optimisme aveugle.<\/p>\n<p><a href=\"http:\/\/blogs.thesocialmedia.com\/leblogmoto\/files\/2012\/07\/f800blog10.jpg\"><img loading=\"lazy\" decoding=\"async\" width=\"470\" height=\"311\"  src=\"http:\/\/www.leblogmoto.com\/images\/2008\/09\/09\/f800blog10.jpg\" alt=\"F800blog10\" \/><\/a> <\/p>\n<p>Le guidon, comme on l\u2019a vu, permet une bonne position de conduite, y retrouvant m\u00eame l\u2019interrupteur (en option) pour les poign\u00e9es chauffantes. Demeure le syst\u00e8me alambiqu\u00e9 pour actionner les clignotants, actionnant la manette de gauche pour tourner \u00e0 gauche, celle de droite pour tourner \u00e0 droite, mais annulant les deux par un unique bouton poussoir \u00e0 droite. Le temps de prendre la mesure de ce syst\u00e8me (quelques heures dans mon cas, il y en a qui sont plus lents que d\u2019autres), les erreurs se multiplient, comme d\u2019actionner le klaxon plut\u00f4t que le clignotant. Il doit y avoir encore quelques innocents pi\u00e9tons qui se demandent pourquoi ils se sont fait klaxonner.<br \/>Mais si, \u00e0 mon corps d\u00e9fendant j\u2019ai chahut\u00e9 quelques badauds, la F800ST fut plus tendre avec moi, absorbant les in\u00e9galit\u00e9s de la route avec une belle efficacit\u00e9, malgr\u00e9 la fourche t\u00e9lescopique de 43 mm non r\u00e9glable, mais le combin\u00e9 ressort amortisseur central sur monobras oscillant fonctionne \u00e0 merveille. Et comme celui-ci est ajustable, 2, 3 petites randonn\u00e9es suffisent pour trouver le bon r\u00e9glage, si celui de l\u2019usine ne convient pas.<\/p>\n<p><a href=\"http:\/\/blogs.thesocialmedia.com\/leblogmoto\/files\/2012\/07\/f800blog3.jpg\"><img loading=\"lazy\" decoding=\"async\" width=\"470\" height=\"351\"  src=\"http:\/\/www.leblogmoto.com\/images\/2008\/09\/09\/f800blog3.jpg\" alt=\"F800blog3\" \/><\/a> <\/p>\n<p>Le bicylindre 4 temps refroidi par eau de 798 cm3 s\u2019acquitte sans efforts apparents de d\u00e9placer les 187 kg autour de lui. Mis au point par <a href=\"http:\/\/www.rotax.com\/fr\/\">Rotax<\/a>, on pourrait reprocher \u00e0 ce moteur une lin\u00e9arit\u00e9 sans surprise et une sonorit\u00e9 peu engageante, ce qui pour le mod\u00e8le Sport peut \u00eatre d\u00e9cevant, bien qu\u2019un \u00e9chappement dit \u00absport\u00bb par <a href=\"http:\/\/www.akrapovic.com\/product-catalog\/motorcycle-exhaust\/\">Akrapovic<\/a> soit offert, mais nous n\u2019avons pas eu l\u2019occasion d\u2019en faire l\u2019exp\u00e9rience sonore. <\/p>\n<p><a href=\"http:\/\/clabedan.typepad.com\/.shared\/image.html?\/photos\/uncategorized\/2008\/09\/09\/f800blog9_2.jpg\"><img loading=\"lazy\" decoding=\"async\" width=\"470\" height=\"311\"  src=\"http:\/\/www.leblogmoto.com\/images\/2008\/09\/09\/f800blog9_2.jpg\" alt=\"F800blog9_2\" \/><\/a> <\/p>\n<p>Comme sa finalit\u00e9, du moins pour le ST, n\u2019est pas d\u2019\u00e9pater la galerie, mais bien de d\u00e9placer le plus efficacement possible ses occupants, on peut alors dire mission accomplie. Un dernier b\u00e9mol concernant cette motorisation est l\u2019irruption de claquements, surtout \u00e0 bas r\u00e9gime, lorsque l\u2019on cherche \u00e0 maintenir une vitesse constante. Ce d\u00e9sagr\u00e9ment proviendrait de la tension de la courroie qui malgr\u00e9 l\u2019amortisseur de couple, ne permet pas d\u2019atteindre un \u00e9quilibre dans le jeu de la bo\u00eete de vitesses. Tant qu\u2019\u00e0 \u00eatre en bo\u00eete, celle-ci ne se r\u00e9v\u00e8le ni meilleure ni pire que les autres, sinon que le \u00abclac\u00bb \u00e0 l\u2019enclenchement de la premi\u00e8re pourrait \u00eatre un peu plus discret, il y a toujours une vol\u00e9e d\u2019oiseaux qui s\u2019\u00e9brouent d\u00e8s qu\u2019on la passe, mais j\u2019imagine que c\u2019est une question de pr\u00e9f\u00e9rences.<\/p>\n<p><a href=\"http:\/\/blogs.thesocialmedia.com\/leblogmoto\/files\/2012\/07\/f800blog8_2.jpg\"><img loading=\"lazy\" decoding=\"async\" width=\"470\" height=\"311\"  src=\"http:\/\/www.leblogmoto.com\/images\/2008\/09\/09\/f800blog8_2.jpg\" alt=\"F800blog8_2\" \/><\/a> <\/p>\n<p>D\u00e9j\u00e0 que le prix approche du faste pour une 800cm3, la liste \u00e0 rallonge des accessoires risque de faire grimper la facture encore plus pour les accros du magasinage (shopping). Certaines options par contre sont bien tentantes, comme les poign\u00e9es chauffantes et les valises que j\u2019ai bien appr\u00e9ci\u00e9es et que je trouve tr\u00e8s belles. C\u2019est l\u2019esth\u00e8te en moi qui se laisse aller \u00e0 un petit exc\u00e8s d\u2019enthousiasme, mais il est capable de r\u00e9sister au saute-vent teint\u00e9, aux clignotants \u00e0 DEL blancs, au capot de selle arri\u00e8re et au Navigator (GPS).<\/p>\n<p><a href=\"http:\/\/blogs.thesocialmedia.com\/leblogmoto\/files\/2012\/07\/f800blog7.jpg\"><img loading=\"lazy\" decoding=\"async\" width=\"470\" height=\"311\"  src=\"http:\/\/www.leblogmoto.com\/images\/2008\/09\/09\/f800blog7.jpg\" alt=\"F800blog7\" \/><\/a> <\/p>\n<p>Cette petite BMW, quoique tr\u00e8s bien n\u00e9e, demanderait encore un peu de polissage ici et l\u00e0, mais elle est de ces caract\u00e8res qui savent se faire pardonner leurs travers.<br \/>D\u2019un style soign\u00e9, sobre&nbsp; et de qualit\u00e9, la F800ST offre une exp\u00e9rience de la route au-dessus de la moyenne. Encore faut-il pour cela ajuster ses priorit\u00e9s \u00e0 celles qu\u2019offre la moto. Pour qui sait se retenir dans les courbes et qui a des ambitions raisonnables pour ses escapades au long cours, elle s\u2019av\u00e8re amplement satisfaisante, le logo en plus.<\/p>\n<p><a href=\"http:\/\/blogs.thesocialmedia.com\/leblogmoto\/files\/2012\/07\/f800blog6.jpg\"><img loading=\"lazy\" decoding=\"async\" width=\"470\" height=\"352\"  src=\"http:\/\/www.leblogmoto.com\/images\/2008\/09\/09\/f800blog6.jpg\" alt=\"F800blog6\" \/><\/a> <\/p>\n<p><a href=\"http:\/\/blogs.thesocialmedia.com\/leblogmoto\/files\/2012\/07\/f800blog4.jpg\"><img loading=\"lazy\" decoding=\"async\" width=\"470\" height=\"707\"  src=\"http:\/\/www.leblogmoto.com\/images\/2008\/09\/09\/f800blog4.jpg\" alt=\"F800blog4\" \/><\/a> <\/p>\n<p><a href=\"http:\/\/blogs.thesocialmedia.com\/leblogmoto\/files\/2012\/07\/f800blog5.jpg\"><img loading=\"lazy\" decoding=\"async\" width=\"470\" height=\"311\"  src=\"http:\/\/www.leblogmoto.com\/images\/2008\/09\/09\/f800blog5.jpg\" alt=\"F800blog5\" \/><\/a> <\/p>\n<p><a href=\"http:\/\/blogs.thesocialmedia.com\/leblogmoto\/files\/2012\/07\/f800blog2.jpg\"><img loading=\"lazy\" decoding=\"async\" width=\"470\" height=\"329\"  src=\"http:\/\/www.leblogmoto.com\/images\/2008\/09\/09\/f800blog2.jpg\" alt=\"F800blog2\" \/><\/a> <\/p>\n<p><a href=\"http:\/\/blogs.thesocialmedia.com\/leblogmoto\/files\/2012\/07\/f800blog11.jpg\"><img loading=\"lazy\" decoding=\"async\" width=\"470\" height=\"289\"  src=\"http:\/\/www.leblogmoto.com\/images\/2008\/09\/09\/f800blog11.jpg\" alt=\"F800blog11\" \/><\/a> <\/p>\n","protected":false},"excerpt":{"rendered":"<p>L&rsquo;\u00e9piphanie est survenue alors qu&rsquo;une R1200RT que j&rsquo;avais vu fondre sur moi dans mon r\u00e9tro de gauche a ralenti une fois \u00e0 ma hauteur. Le pilote \u00e0 lorgner un instant la F800ST, comme si l&rsquo;a\u00een\u00e9 de la famille \u00e9tait surpris de voir son petit fr\u00e8re sur les m\u00eames routes que lui, et est reparti aussi [&hellip;]<\/p>\n","protected":false},"author":325,"featured_media":0,"comment_status":"open","ping_status":"open","sticky":false,"template":"","format":"standard","meta":{"footnotes":""},"categories":[7,37],"tags":[],"class_list":["post-501","post","type-post","status-publish","format-standard","hentry","category-bmw","category-essais"],"yoast_head":"<!-- This site is optimized with the Yoast SEO plugin v26.0 - https:\/\/yoast.com\/wordpress\/plugins\/seo\/ -->\n<title>Essai BMW F800ST - leblogmoto.com<\/title>\n<meta name=\"robots\" content=\"index, follow, max-snippet:-1, max-image-preview:large, max-video-preview:-1\" \/>\n<link rel=\"canonical\" href=\"https:\/\/blogs.thesocialmedia.com\/leblogmoto\/2008\/09\/10\/essai-bmw-f800s\/\" \/>\n<meta name=\"twitter:card\" content=\"summary_large_image\" \/>\n<meta name=\"twitter:title\" content=\"Essai BMW F800ST - leblogmoto.com\" \/>\n<meta name=\"twitter:description\" content=\"L&rsquo;\u00e9piphanie est survenue alors qu&rsquo;une R1200RT que j&rsquo;avais vu fondre sur moi dans mon r\u00e9tro de gauche a ralenti une fois \u00e0 ma hauteur. Le pilote \u00e0 lorgner un instant la F800ST, comme si l&rsquo;a\u00een\u00e9 de la famille \u00e9tait surpris de voir son petit fr\u00e8re sur les m\u00eames routes que lui, et est reparti aussi [&hellip;]\" \/>\n<meta name=\"twitter:image\" content=\"http:\/\/www.leblogmoto.com\/images\/2008\/09\/09\/f800blog0.jpg\" \/>\n<meta name=\"twitter:label1\" content=\"\u00c9crit par\" \/>\n\t<meta name=\"twitter:data1\" content=\"jacques lesage\" \/>\n\t<meta name=\"twitter:label2\" content=\"Dur\u00e9e de lecture estim\u00e9e\" \/>\n\t<meta name=\"twitter:data2\" content=\"5 minutes\" \/>\n<script type=\"application\/ld+json\" class=\"yoast-schema-graph\">{\"@context\":\"https:\/\/schema.org\",\"@graph\":[{\"@type\":\"WebPage\",\"@id\":\"https:\/\/blogs.thesocialmedia.com\/leblogmoto\/2008\/09\/10\/essai-bmw-f800s\/\",\"url\":\"https:\/\/blogs.thesocialmedia.com\/leblogmoto\/2008\/09\/10\/essai-bmw-f800s\/\",\"name\":\"Essai BMW F800ST - leblogmoto.com\",\"isPartOf\":{\"@id\":\"https:\/\/blogs.thesocialmedia.com\/leblogmoto\/#website\"},\"primaryImageOfPage\":{\"@id\":\"https:\/\/blogs.thesocialmedia.com\/leblogmoto\/2008\/09\/10\/essai-bmw-f800s\/#primaryimage\"},\"image\":{\"@id\":\"https:\/\/blogs.thesocialmedia.com\/leblogmoto\/2008\/09\/10\/essai-bmw-f800s\/#primaryimage\"},\"thumbnailUrl\":\"http:\/\/www.leblogmoto.com\/images\/2008\/09\/09\/f800blog0.jpg\",\"datePublished\":\"2008-09-10T03:25:30+00:00\",\"dateModified\":\"2012-07-11T16:19:26+00:00\",\"author\":{\"@id\":\"https:\/\/blogs.thesocialmedia.com\/leblogmoto\/#\/schema\/person\/e82a0ca8a9a63d031586097a3ed58526\"},\"breadcrumb\":{\"@id\":\"https:\/\/blogs.thesocialmedia.com\/leblogmoto\/2008\/09\/10\/essai-bmw-f800s\/#breadcrumb\"},\"inLanguage\":\"fr-FR\",\"potentialAction\":[{\"@type\":\"ReadAction\",\"target\":[\"https:\/\/blogs.thesocialmedia.com\/leblogmoto\/2008\/09\/10\/essai-bmw-f800s\/\"]}]},{\"@type\":\"ImageObject\",\"inLanguage\":\"fr-FR\",\"@id\":\"https:\/\/blogs.thesocialmedia.com\/leblogmoto\/2008\/09\/10\/essai-bmw-f800s\/#primaryimage\",\"url\":\"http:\/\/www.leblogmoto.com\/images\/2008\/09\/09\/f800blog0.jpg\",\"contentUrl\":\"http:\/\/www.leblogmoto.com\/images\/2008\/09\/09\/f800blog0.jpg\"},{\"@type\":\"BreadcrumbList\",\"@id\":\"https:\/\/blogs.thesocialmedia.com\/leblogmoto\/2008\/09\/10\/essai-bmw-f800s\/#breadcrumb\",\"itemListElement\":[{\"@type\":\"ListItem\",\"position\":1,\"name\":\"Accueil\",\"item\":\"https:\/\/blogs.thesocialmedia.com\/leblogmoto\/\"},{\"@type\":\"ListItem\",\"position\":2,\"name\":\"Essai BMW F800ST\"}]},{\"@type\":\"WebSite\",\"@id\":\"https:\/\/blogs.thesocialmedia.com\/leblogmoto\/#website\",\"url\":\"https:\/\/blogs.thesocialmedia.com\/leblogmoto\/\",\"name\":\"leblogmoto\",\"description\":\"Toute l&#039;actualit\u00e9 des 2 roues\",\"potentialAction\":[{\"@type\":\"SearchAction\",\"target\":{\"@type\":\"EntryPoint\",\"urlTemplate\":\"https:\/\/blogs.thesocialmedia.com\/leblogmoto\/?s={search_term_string}\"},\"query-input\":{\"@type\":\"PropertyValueSpecification\",\"valueRequired\":true,\"valueName\":\"search_term_string\"}}],\"inLanguage\":\"fr-FR\"},{\"@type\":\"Person\",\"@id\":\"https:\/\/blogs.thesocialmedia.com\/leblogmoto\/#\/schema\/person\/e82a0ca8a9a63d031586097a3ed58526\",\"name\":\"jacques lesage\",\"image\":{\"@type\":\"ImageObject\",\"inLanguage\":\"fr-FR\",\"@id\":\"https:\/\/blogs.thesocialmedia.com\/leblogmoto\/#\/schema\/person\/image\/\",\"url\":\"https:\/\/secure.gravatar.com\/avatar\/?s=96&d=mm&r=g\",\"contentUrl\":\"https:\/\/secure.gravatar.com\/avatar\/?s=96&d=mm&r=g\",\"caption\":\"jacques lesage\"},\"url\":\"https:\/\/blogs.thesocialmedia.com\/leblogmoto\/author\/jacques-lesage\/\"}]}<\/script>\n<!-- \/ Yoast SEO plugin. -->","yoast_head_json":{"title":"Essai BMW F800ST - leblogmoto.com","robots":{"index":"index","follow":"follow","max-snippet":"max-snippet:-1","max-image-preview":"max-image-preview:large","max-video-preview":"max-video-preview:-1"},"canonical":"https:\/\/blogs.thesocialmedia.com\/leblogmoto\/2008\/09\/10\/essai-bmw-f800s\/","twitter_card":"summary_large_image","twitter_title":"Essai BMW F800ST - leblogmoto.com","twitter_description":"L&rsquo;\u00e9piphanie est survenue alors qu&rsquo;une R1200RT que j&rsquo;avais vu fondre sur moi dans mon r\u00e9tro de gauche a ralenti une fois \u00e0 ma hauteur. Le pilote \u00e0 lorgner un instant la F800ST, comme si l&rsquo;a\u00een\u00e9 de la famille \u00e9tait surpris de voir son petit fr\u00e8re sur les m\u00eames routes que lui, et est reparti aussi [&hellip;]","twitter_image":"http:\/\/www.leblogmoto.com\/images\/2008\/09\/09\/f800blog0.jpg","twitter_misc":{"\u00c9crit par":"jacques lesage","Dur\u00e9e de lecture estim\u00e9e":"5 minutes"},"schema":{"@context":"https:\/\/schema.org","@graph":[{"@type":"WebPage","@id":"https:\/\/blogs.thesocialmedia.com\/leblogmoto\/2008\/09\/10\/essai-bmw-f800s\/","url":"https:\/\/blogs.thesocialmedia.com\/leblogmoto\/2008\/09\/10\/essai-bmw-f800s\/","name":"Essai BMW F800ST - leblogmoto.com","isPartOf":{"@id":"https:\/\/blogs.thesocialmedia.com\/leblogmoto\/#website"},"primaryImageOfPage":{"@id":"https:\/\/blogs.thesocialmedia.com\/leblogmoto\/2008\/09\/10\/essai-bmw-f800s\/#primaryimage"},"image":{"@id":"https:\/\/blogs.thesocialmedia.com\/leblogmoto\/2008\/09\/10\/essai-bmw-f800s\/#primaryimage"},"thumbnailUrl":"http:\/\/www.leblogmoto.com\/images\/2008\/09\/09\/f800blog0.jpg","datePublished":"2008-09-10T03:25:30+00:00","dateModified":"2012-07-11T16:19:26+00:00","author":{"@id":"https:\/\/blogs.thesocialmedia.com\/leblogmoto\/#\/schema\/person\/e82a0ca8a9a63d031586097a3ed58526"},"breadcrumb":{"@id":"https:\/\/blogs.thesocialmedia.com\/leblogmoto\/2008\/09\/10\/essai-bmw-f800s\/#breadcrumb"},"inLanguage":"fr-FR","potentialAction":[{"@type":"ReadAction","target":["https:\/\/blogs.thesocialmedia.com\/leblogmoto\/2008\/09\/10\/essai-bmw-f800s\/"]}]},{"@type":"ImageObject","inLanguage":"fr-FR","@id":"https:\/\/blogs.thesocialmedia.com\/leblogmoto\/2008\/09\/10\/essai-bmw-f800s\/#primaryimage","url":"http:\/\/www.leblogmoto.com\/images\/2008\/09\/09\/f800blog0.jpg","contentUrl":"http:\/\/www.leblogmoto.com\/images\/2008\/09\/09\/f800blog0.jpg"},{"@type":"BreadcrumbList","@id":"https:\/\/blogs.thesocialmedia.com\/leblogmoto\/2008\/09\/10\/essai-bmw-f800s\/#breadcrumb","itemListElement":[{"@type":"ListItem","position":1,"name":"Accueil","item":"https:\/\/blogs.thesocialmedia.com\/leblogmoto\/"},{"@type":"ListItem","position":2,"name":"Essai BMW F800ST"}]},{"@type":"WebSite","@id":"https:\/\/blogs.thesocialmedia.com\/leblogmoto\/#website","url":"https:\/\/blogs.thesocialmedia.com\/leblogmoto\/","name":"leblogmoto","description":"Toute l&#039;actualit\u00e9 des 2 roues","potentialAction":[{"@type":"SearchAction","target":{"@type":"EntryPoint","urlTemplate":"https:\/\/blogs.thesocialmedia.com\/leblogmoto\/?s={search_term_string}"},"query-input":{"@type":"PropertyValueSpecification","valueRequired":true,"valueName":"search_term_string"}}],"inLanguage":"fr-FR"},{"@type":"Person","@id":"https:\/\/blogs.thesocialmedia.com\/leblogmoto\/#\/schema\/person\/e82a0ca8a9a63d031586097a3ed58526","name":"jacques lesage","image":{"@type":"ImageObject","inLanguage":"fr-FR","@id":"https:\/\/blogs.thesocialmedia.com\/leblogmoto\/#\/schema\/person\/image\/","url":"https:\/\/secure.gravatar.com\/avatar\/?s=96&d=mm&r=g","contentUrl":"https:\/\/secure.gravatar.com\/avatar\/?s=96&d=mm&r=g","caption":"jacques lesage"},"url":"https:\/\/blogs.thesocialmedia.com\/leblogmoto\/author\/jacques-lesage\/"}]}},"_links":{"self":[{"href":"https:\/\/blogs.thesocialmedia.com\/leblogmoto\/wp-json\/wp\/v2\/posts\/501","targetHints":{"allow":["GET"]}}],"collection":[{"href":"https:\/\/blogs.thesocialmedia.com\/leblogmoto\/wp-json\/wp\/v2\/posts"}],"about":[{"href":"https:\/\/blogs.thesocialmedia.com\/leblogmoto\/wp-json\/wp\/v2\/types\/post"}],"author":[{"embeddable":true,"href":"https:\/\/blogs.thesocialmedia.com\/leblogmoto\/wp-json\/wp\/v2\/users\/325"}],"replies":[{"embeddable":true,"href":"https:\/\/blogs.thesocialmedia.com\/leblogmoto\/wp-json\/wp\/v2\/comments?post=501"}],"version-history":[{"count":2,"href":"https:\/\/blogs.thesocialmedia.com\/leblogmoto\/wp-json\/wp\/v2\/posts\/501\/revisions"}],"predecessor-version":[{"id":11635,"href":"https:\/\/blogs.thesocialmedia.com\/leblogmoto\/wp-json\/wp\/v2\/posts\/501\/revisions\/11635"}],"wp:attachment":[{"href":"https:\/\/blogs.thesocialmedia.com\/leblogmoto\/wp-json\/wp\/v2\/media?parent=501"}],"wp:term":[{"taxonomy":"category","embeddable":true,"href":"https:\/\/blogs.thesocialmedia.com\/leblogmoto\/wp-json\/wp\/v2\/categories?post=501"},{"taxonomy":"post_tag","embeddable":true,"href":"https:\/\/blogs.thesocialmedia.com\/leblogmoto\/wp-json\/wp\/v2\/tags?post=501"}],"curies":[{"name":"wp","href":"https:\/\/api.w.org\/{rel}","templated":true}]}}