{"id":503,"date":"2008-09-07T06:01:10","date_gmt":"2008-09-07T06:01:10","guid":{"rendered":"http:\/\/blogs.thesocialmedia.com\/leblogmoto\/2008\/09\/07\/ama-superbike-s\/"},"modified":"2012-07-11T16:18:42","modified_gmt":"2012-07-11T16:18:42","slug":"ama-superbike-s","status":"publish","type":"post","link":"https:\/\/blogs.thesocialmedia.com\/leblogmoto\/2008\/09\/07\/ama-superbike-s\/","title":{"rendered":"AMA Superbike, Spies champion"},"content":{"rendered":"<p><em><a href=\"http:\/\/blogs.thesocialmedia.com\/leblogmoto\/files\/2012\/07\/spies1.jpg\"><img loading=\"lazy\" decoding=\"async\" width=\"470\" height=\"312\"  src=\"http:\/\/www.leblogmoto.com\/images\/2008\/09\/06\/spies1.jpg\" alt=\"Spies1\" \/><\/a> <br \/>Photos Brian J. Nelson<\/em><\/p>\n<p>C&rsquo;est donc officiel, l&rsquo;appel log\u00e9 par Mat Mladin concernant sa disqualification lors des deux manches du Championat <a href=\"http:\/\/blogs.thesocialmedia.com\/leblogmoto\/files\/2012\/07\/ama-superbike-v.html_.png\">AMA Superbike au VIR<\/a>ginia International Raceway pour l&rsquo;utilisation d&rsquo;une pi\u00e8ce m\u00e9canique non conforme a \u00e9t\u00e9 rejet\u00e9. Ce qui avec seulement deux manches \u00e0 disputer dans ce championnat, confirme Ben Spies comme champion 2008, son troisi\u00e8me titre de suite.<\/p>\n<p><a href=\"http:\/\/clabedan.typepad.com\/.shared\/image.html?\/photos\/uncategorized\/2008\/09\/06\/mladin.jpg\"><img loading=\"lazy\" decoding=\"async\" width=\"470\" height=\"312\"  src=\"http:\/\/www.leblogmoto.com\/images\/2008\/09\/06\/mladin.jpg\" alt=\"Mladin\" \/><\/a> <\/p>\n<p>Et si les pi\u00e8ces du puzzle tombent en place dans cette affaire, ce n&rsquo;est pas encore le cas quant \u00e0 l&rsquo;avenir de Spies pour 2009. <a href=\"http:\/\/www.rizla-suzuki-motogp.co.uk\/\">Rizla Suzuki<\/a>, avec qui il disputera dans quelques jours le&nbsp; Grand Prix d&rsquo;Indianapolis, \u00e0 confirmer son duo actuel de pilote pour une autre saison, et \u00e0 moins de l&rsquo;ajout d&rsquo;une troisi\u00e8me monture, c&rsquo;est ailleurs qu&rsquo;il devra faire son nid.<br \/>La rumeur l&rsquo;envoie partout et nulle part, la plus persistante \u00e9tant une place pay\u00e9e par de l&rsquo;argent am\u00e9ricain chez <a href=\"http:\/\/www.gresiniracing.com\/index.php?lang=eng\">Honda Gresini<\/a>, alors que d&rsquo;autres le voient en WSBK avec <a href=\"http:\/\/www.xerox.com\/about-xerox\/sponsorship\/enie.html\">Ducati<\/a>.<br \/>Pour les uns, c&rsquo;est un futur champion du monde, pour d&rsquo;autres que de la poudre aux yeux, et m\u00eame sa maman qui ne le quitte pas d&rsquo;une semelle qui serait insupportable faisant avorter des ententes.<\/p>\n<p>Alors comme c&rsquo;est tout et n&rsquo;importe quoi, on devrait au moins attendre \u00e0 ce week-end am\u00e9ricain, une annonce devrait y \u00eatre faite. Sinon?<\/p>\n<p><a href=\"http:\/\/clabedan.typepad.com\/.shared\/image.html?\/photos\/uncategorized\/2008\/09\/06\/spies4.jpg\"><img loading=\"lazy\" decoding=\"async\" width=\"470\" height=\"312\"  src=\"http:\/\/www.leblogmoto.com\/images\/2008\/09\/06\/spies4.jpg\" alt=\"Spies4\" \/><\/a> <\/p>\n<p><a href=\"http:\/\/blogs.thesocialmedia.com\/leblogmoto\/files\/2012\/07\/spies31.jpg\"><img loading=\"lazy\" decoding=\"async\" width=\"470\" height=\"312\"  src=\"http:\/\/www.leblogmoto.com\/images\/2008\/09\/06\/spies3.jpg\" alt=\"Spies3\" \/><\/a> <\/p>\n<p><a href=\"http:\/\/blogs.thesocialmedia.com\/leblogmoto\/files\/2012\/07\/spies21.jpg\"><img loading=\"lazy\" decoding=\"async\" width=\"470\" height=\"312\"  src=\"http:\/\/www.leblogmoto.com\/images\/2008\/09\/06\/spies2.jpg\" alt=\"Spies2\" \/><\/a> <\/p>\n","protected":false},"excerpt":{"rendered":"<p>Photos Brian J. Nelson C&rsquo;est donc officiel, l&rsquo;appel log\u00e9 par Mat Mladin concernant sa disqualification lors des deux manches du Championat AMA Superbike au VIRginia International Raceway pour l&rsquo;utilisation d&rsquo;une pi\u00e8ce m\u00e9canique non conforme a \u00e9t\u00e9 rejet\u00e9. Ce qui avec seulement deux manches \u00e0 disputer dans ce championnat, confirme Ben Spies comme champion 2008, son [&hellip;]<\/p>\n","protected":false},"author":325,"featured_media":0,"comment_status":"open","ping_status":"open","sticky":false,"template":"","format":"standard","meta":{"footnotes":""},"categories":[74,17,14,22,51,43],"tags":[],"class_list":["post-503","post","type-post","status-publish","format-standard","hentry","category-ama-superbike","category-divers","category-honda","category-motogp","category-suzuki","category-wsbk"],"yoast_head":"<!-- This site is optimized with the Yoast SEO plugin v26.0 - https:\/\/yoast.com\/wordpress\/plugins\/seo\/ -->\n<title>AMA Superbike, Spies champion - leblogmoto.com<\/title>\n<meta name=\"robots\" content=\"index, follow, max-snippet:-1, max-image-preview:large, max-video-preview:-1\" \/>\n<link rel=\"canonical\" href=\"https:\/\/blogs.thesocialmedia.com\/leblogmoto\/2008\/09\/07\/ama-superbike-s\/\" \/>\n<meta name=\"twitter:card\" content=\"summary_large_image\" \/>\n<meta name=\"twitter:title\" content=\"AMA Superbike, Spies champion - leblogmoto.com\" \/>\n<meta name=\"twitter:description\" content=\"Photos Brian J. Nelson C&rsquo;est donc officiel, l&rsquo;appel log\u00e9 par Mat Mladin concernant sa disqualification lors des deux manches du Championat AMA Superbike au VIRginia International Raceway pour l&rsquo;utilisation d&rsquo;une pi\u00e8ce m\u00e9canique non conforme a \u00e9t\u00e9 rejet\u00e9. Ce qui avec seulement deux manches \u00e0 disputer dans ce championnat, confirme Ben Spies comme champion 2008, son [&hellip;]\" \/>\n<meta name=\"twitter:image\" content=\"http:\/\/www.leblogmoto.com\/images\/2008\/09\/06\/spies1.jpg\" \/>\n<meta name=\"twitter:label1\" content=\"\u00c9crit par\" \/>\n\t<meta name=\"twitter:data1\" content=\"jacques lesage\" \/>\n\t<meta name=\"twitter:label2\" content=\"Dur\u00e9e de lecture estim\u00e9e\" \/>\n\t<meta name=\"twitter:data2\" content=\"1 minute\" \/>\n<script type=\"application\/ld+json\" class=\"yoast-schema-graph\">{\"@context\":\"https:\/\/schema.org\",\"@graph\":[{\"@type\":\"WebPage\",\"@id\":\"https:\/\/blogs.thesocialmedia.com\/leblogmoto\/2008\/09\/07\/ama-superbike-s\/\",\"url\":\"https:\/\/blogs.thesocialmedia.com\/leblogmoto\/2008\/09\/07\/ama-superbike-s\/\",\"name\":\"AMA Superbike, Spies champion - leblogmoto.com\",\"isPartOf\":{\"@id\":\"https:\/\/blogs.thesocialmedia.com\/leblogmoto\/#website\"},\"primaryImageOfPage\":{\"@id\":\"https:\/\/blogs.thesocialmedia.com\/leblogmoto\/2008\/09\/07\/ama-superbike-s\/#primaryimage\"},\"image\":{\"@id\":\"https:\/\/blogs.thesocialmedia.com\/leblogmoto\/2008\/09\/07\/ama-superbike-s\/#primaryimage\"},\"thumbnailUrl\":\"http:\/\/www.leblogmoto.com\/images\/2008\/09\/06\/spies1.jpg\",\"datePublished\":\"2008-09-07T06:01:10+00:00\",\"dateModified\":\"2012-07-11T16:18:42+00:00\",\"author\":{\"@id\":\"https:\/\/blogs.thesocialmedia.com\/leblogmoto\/#\/schema\/person\/e82a0ca8a9a63d031586097a3ed58526\"},\"breadcrumb\":{\"@id\":\"https:\/\/blogs.thesocialmedia.com\/leblogmoto\/2008\/09\/07\/ama-superbike-s\/#breadcrumb\"},\"inLanguage\":\"fr-FR\",\"potentialAction\":[{\"@type\":\"ReadAction\",\"target\":[\"https:\/\/blogs.thesocialmedia.com\/leblogmoto\/2008\/09\/07\/ama-superbike-s\/\"]}]},{\"@type\":\"ImageObject\",\"inLanguage\":\"fr-FR\",\"@id\":\"https:\/\/blogs.thesocialmedia.com\/leblogmoto\/2008\/09\/07\/ama-superbike-s\/#primaryimage\",\"url\":\"http:\/\/www.leblogmoto.com\/images\/2008\/09\/06\/spies1.jpg\",\"contentUrl\":\"http:\/\/www.leblogmoto.com\/images\/2008\/09\/06\/spies1.jpg\"},{\"@type\":\"BreadcrumbList\",\"@id\":\"https:\/\/blogs.thesocialmedia.com\/leblogmoto\/2008\/09\/07\/ama-superbike-s\/#breadcrumb\",\"itemListElement\":[{\"@type\":\"ListItem\",\"position\":1,\"name\":\"Accueil\",\"item\":\"https:\/\/blogs.thesocialmedia.com\/leblogmoto\/\"},{\"@type\":\"ListItem\",\"position\":2,\"name\":\"AMA Superbike, Spies champion\"}]},{\"@type\":\"WebSite\",\"@id\":\"https:\/\/blogs.thesocialmedia.com\/leblogmoto\/#website\",\"url\":\"https:\/\/blogs.thesocialmedia.com\/leblogmoto\/\",\"name\":\"leblogmoto\",\"description\":\"Toute l&#039;actualit\u00e9 des 2 roues\",\"potentialAction\":[{\"@type\":\"SearchAction\",\"target\":{\"@type\":\"EntryPoint\",\"urlTemplate\":\"https:\/\/blogs.thesocialmedia.com\/leblogmoto\/?s={search_term_string}\"},\"query-input\":{\"@type\":\"PropertyValueSpecification\",\"valueRequired\":true,\"valueName\":\"search_term_string\"}}],\"inLanguage\":\"fr-FR\"},{\"@type\":\"Person\",\"@id\":\"https:\/\/blogs.thesocialmedia.com\/leblogmoto\/#\/schema\/person\/e82a0ca8a9a63d031586097a3ed58526\",\"name\":\"jacques lesage\",\"image\":{\"@type\":\"ImageObject\",\"inLanguage\":\"fr-FR\",\"@id\":\"https:\/\/blogs.thesocialmedia.com\/leblogmoto\/#\/schema\/person\/image\/\",\"url\":\"https:\/\/secure.gravatar.com\/avatar\/?s=96&d=mm&r=g\",\"contentUrl\":\"https:\/\/secure.gravatar.com\/avatar\/?s=96&d=mm&r=g\",\"caption\":\"jacques lesage\"},\"url\":\"https:\/\/blogs.thesocialmedia.com\/leblogmoto\/author\/jacques-lesage\/\"}]}<\/script>\n<!-- \/ Yoast SEO plugin. -->","yoast_head_json":{"title":"AMA Superbike, Spies champion - leblogmoto.com","robots":{"index":"index","follow":"follow","max-snippet":"max-snippet:-1","max-image-preview":"max-image-preview:large","max-video-preview":"max-video-preview:-1"},"canonical":"https:\/\/blogs.thesocialmedia.com\/leblogmoto\/2008\/09\/07\/ama-superbike-s\/","twitter_card":"summary_large_image","twitter_title":"AMA Superbike, Spies champion - leblogmoto.com","twitter_description":"Photos Brian J. Nelson C&rsquo;est donc officiel, l&rsquo;appel log\u00e9 par Mat Mladin concernant sa disqualification lors des deux manches du Championat AMA Superbike au VIRginia International Raceway pour l&rsquo;utilisation d&rsquo;une pi\u00e8ce m\u00e9canique non conforme a \u00e9t\u00e9 rejet\u00e9. Ce qui avec seulement deux manches \u00e0 disputer dans ce championnat, confirme Ben Spies comme champion 2008, son [&hellip;]","twitter_image":"http:\/\/www.leblogmoto.com\/images\/2008\/09\/06\/spies1.jpg","twitter_misc":{"\u00c9crit par":"jacques lesage","Dur\u00e9e de lecture estim\u00e9e":"1 minute"},"schema":{"@context":"https:\/\/schema.org","@graph":[{"@type":"WebPage","@id":"https:\/\/blogs.thesocialmedia.com\/leblogmoto\/2008\/09\/07\/ama-superbike-s\/","url":"https:\/\/blogs.thesocialmedia.com\/leblogmoto\/2008\/09\/07\/ama-superbike-s\/","name":"AMA Superbike, Spies champion - leblogmoto.com","isPartOf":{"@id":"https:\/\/blogs.thesocialmedia.com\/leblogmoto\/#website"},"primaryImageOfPage":{"@id":"https:\/\/blogs.thesocialmedia.com\/leblogmoto\/2008\/09\/07\/ama-superbike-s\/#primaryimage"},"image":{"@id":"https:\/\/blogs.thesocialmedia.com\/leblogmoto\/2008\/09\/07\/ama-superbike-s\/#primaryimage"},"thumbnailUrl":"http:\/\/www.leblogmoto.com\/images\/2008\/09\/06\/spies1.jpg","datePublished":"2008-09-07T06:01:10+00:00","dateModified":"2012-07-11T16:18:42+00:00","author":{"@id":"https:\/\/blogs.thesocialmedia.com\/leblogmoto\/#\/schema\/person\/e82a0ca8a9a63d031586097a3ed58526"},"breadcrumb":{"@id":"https:\/\/blogs.thesocialmedia.com\/leblogmoto\/2008\/09\/07\/ama-superbike-s\/#breadcrumb"},"inLanguage":"fr-FR","potentialAction":[{"@type":"ReadAction","target":["https:\/\/blogs.thesocialmedia.com\/leblogmoto\/2008\/09\/07\/ama-superbike-s\/"]}]},{"@type":"ImageObject","inLanguage":"fr-FR","@id":"https:\/\/blogs.thesocialmedia.com\/leblogmoto\/2008\/09\/07\/ama-superbike-s\/#primaryimage","url":"http:\/\/www.leblogmoto.com\/images\/2008\/09\/06\/spies1.jpg","contentUrl":"http:\/\/www.leblogmoto.com\/images\/2008\/09\/06\/spies1.jpg"},{"@type":"BreadcrumbList","@id":"https:\/\/blogs.thesocialmedia.com\/leblogmoto\/2008\/09\/07\/ama-superbike-s\/#breadcrumb","itemListElement":[{"@type":"ListItem","position":1,"name":"Accueil","item":"https:\/\/blogs.thesocialmedia.com\/leblogmoto\/"},{"@type":"ListItem","position":2,"name":"AMA Superbike, Spies champion"}]},{"@type":"WebSite","@id":"https:\/\/blogs.thesocialmedia.com\/leblogmoto\/#website","url":"https:\/\/blogs.thesocialmedia.com\/leblogmoto\/","name":"leblogmoto","description":"Toute l&#039;actualit\u00e9 des 2 roues","potentialAction":[{"@type":"SearchAction","target":{"@type":"EntryPoint","urlTemplate":"https:\/\/blogs.thesocialmedia.com\/leblogmoto\/?s={search_term_string}"},"query-input":{"@type":"PropertyValueSpecification","valueRequired":true,"valueName":"search_term_string"}}],"inLanguage":"fr-FR"},{"@type":"Person","@id":"https:\/\/blogs.thesocialmedia.com\/leblogmoto\/#\/schema\/person\/e82a0ca8a9a63d031586097a3ed58526","name":"jacques lesage","image":{"@type":"ImageObject","inLanguage":"fr-FR","@id":"https:\/\/blogs.thesocialmedia.com\/leblogmoto\/#\/schema\/person\/image\/","url":"https:\/\/secure.gravatar.com\/avatar\/?s=96&d=mm&r=g","contentUrl":"https:\/\/secure.gravatar.com\/avatar\/?s=96&d=mm&r=g","caption":"jacques lesage"},"url":"https:\/\/blogs.thesocialmedia.com\/leblogmoto\/author\/jacques-lesage\/"}]}},"_links":{"self":[{"href":"https:\/\/blogs.thesocialmedia.com\/leblogmoto\/wp-json\/wp\/v2\/posts\/503","targetHints":{"allow":["GET"]}}],"collection":[{"href":"https:\/\/blogs.thesocialmedia.com\/leblogmoto\/wp-json\/wp\/v2\/posts"}],"about":[{"href":"https:\/\/blogs.thesocialmedia.com\/leblogmoto\/wp-json\/wp\/v2\/types\/post"}],"author":[{"embeddable":true,"href":"https:\/\/blogs.thesocialmedia.com\/leblogmoto\/wp-json\/wp\/v2\/users\/325"}],"replies":[{"embeddable":true,"href":"https:\/\/blogs.thesocialmedia.com\/leblogmoto\/wp-json\/wp\/v2\/comments?post=503"}],"version-history":[{"count":2,"href":"https:\/\/blogs.thesocialmedia.com\/leblogmoto\/wp-json\/wp\/v2\/posts\/503\/revisions"}],"predecessor-version":[{"id":11622,"href":"https:\/\/blogs.thesocialmedia.com\/leblogmoto\/wp-json\/wp\/v2\/posts\/503\/revisions\/11622"}],"wp:attachment":[{"href":"https:\/\/blogs.thesocialmedia.com\/leblogmoto\/wp-json\/wp\/v2\/media?parent=503"}],"wp:term":[{"taxonomy":"category","embeddable":true,"href":"https:\/\/blogs.thesocialmedia.com\/leblogmoto\/wp-json\/wp\/v2\/categories?post=503"},{"taxonomy":"post_tag","embeddable":true,"href":"https:\/\/blogs.thesocialmedia.com\/leblogmoto\/wp-json\/wp\/v2\/tags?post=503"}],"curies":[{"name":"wp","href":"https:\/\/api.w.org\/{rel}","templated":true}]}}