{"id":507,"date":"2008-09-04T03:35:53","date_gmt":"2008-09-04T03:35:53","guid":{"rendered":"http:\/\/blogs.thesocialmedia.com\/leblogmoto\/2008\/09\/04\/transformers-2\/"},"modified":"2012-07-11T16:17:51","modified_gmt":"2012-07-11T16:17:51","slug":"transformers-2","status":"publish","type":"post","link":"https:\/\/blogs.thesocialmedia.com\/leblogmoto\/2008\/09\/04\/transformers-2\/","title":{"rendered":"Transformers 2, pour la troisi\u00e8me et derni\u00e8re fois"},"content":{"rendered":"<p><a href=\"http:\/\/blogs.thesocialmedia.com\/leblogmoto\/files\/2012\/07\/tr1.jpg\"><img loading=\"lazy\" decoding=\"async\" width=\"470\" height=\"90\"  src=\"http:\/\/www.leblogmoto.com\/images\/2008\/09\/03\/tr1.jpg\" alt=\"Tr1\" \/><\/a> <\/p>\n<p>Jamais <a href=\"http:\/\/blogs.thesocialmedia.com\/leblogmoto\/files\/2012\/07\/transformers-1.html_.png\">deux<\/a> sans trois dit-on, alors, c&rsquo;est la troisi\u00e8me fois que je parle de ce mauvais film que sera <a href=\"http:\/\/www.transformersmovie.com\/\">Transformers<\/a>, Revenge of the Fallen. H\u00e9!, on y verra des motos, alors ouate de phoque!<br \/>L&rsquo;occasion est la mise en ligne d&rsquo;un \u00e9pisode du \u00abMaking of\u00bb qui se retrouvera dans les extras du DVD, en vente partout comme il se doit.<\/p>\n<p>On nous offre donc le petit discours du r\u00e9alisateur en d\u00e9but de premi\u00e8re journ\u00e9e de tournage, mettant les pendules \u00e0 l&rsquo;heure, assurant tout et chacun qu&rsquo;il n&rsquo;aime pas qu&rsquo;on lui marche sur les pieds, surtout qu&rsquo;il a des chaussures neuves, et qu&rsquo;il aime tourner rapidement, alors, comme on dit ici, pas de niaisages, tous au boulot et que \u00e7a saute, au propre comme au figur\u00e9.<\/p>\n<p><a href=\"http:\/\/clabedan.typepad.com\/.shared\/image.html?\/photos\/uncategorized\/2008\/09\/03\/tr2.jpg\"><img loading=\"lazy\" decoding=\"async\" width=\"470\" height=\"304\"  src=\"http:\/\/www.leblogmoto.com\/images\/2008\/09\/03\/tr2.jpg\" alt=\"Tr2\" \/><\/a> <\/p>\n<p><em>Photogramme du premier film, juste pour le point de vue sur Megan Fox<\/em><\/p>\n<p>Premi\u00e8re sc\u00e8ne, int\u00e9rieur jour, entrep\u00f4t poussi\u00e9reux et \u00e9clairage th\u00e9\u00e2tral, une <a href=\"http:\/\/www.audi.fr\/audi\/fr\/fr2\/new_cars\/r8.html\">Audi R8<\/a> en d\u00e9rapage hyper contr\u00f4l\u00e9, elle est sur des rails, et trois motos qui foncent dans sa direction. Coup\u00e9.<\/p>\n<p>Je n&rsquo;ai pas identifi\u00e9 les motos, je vous laisse le plaisir.<\/p>\n<p><object width=\"425\" height=\"349\"><param value=\"http:\/\/www.youtube.com\/v\/uDX2S3xGXU4&amp;hl=en&amp;fs=1&amp;rel=0&amp;border=1\" name=\"movie\" \/><param value=\"true\" name=\"allowFullScreen\" \/><embed width=\"425\" height=\"349\" type=\"application\/x-shockwave-flash\" src=\"http:\/\/www.youtube.com\/v\/uDX2S3xGXU4&amp;hl=en&amp;fs=1&amp;rel=0&amp;border=1\"><\/embed><\/object><\/p>\n","protected":false},"excerpt":{"rendered":"<p>Jamais deux sans trois dit-on, alors, c&rsquo;est la troisi\u00e8me fois que je parle de ce mauvais film que sera Transformers, Revenge of the Fallen. H\u00e9!, on y verra des motos, alors ouate de phoque!L&rsquo;occasion est la mise en ligne d&rsquo;un \u00e9pisode du \u00abMaking of\u00bb qui se retrouvera dans les extras du DVD, en vente partout [&hellip;]<\/p>\n","protected":false},"author":325,"featured_media":0,"comment_status":"open","ping_status":"open","sticky":false,"template":"","format":"standard","meta":{"footnotes":""},"categories":[3,17,65,12],"tags":[],"class_list":["post-507","post","type-post","status-publish","format-standard","hentry","category-actualite","category-divers","category-stunt","category-videos"],"yoast_head":"<!-- This site is optimized with the Yoast SEO plugin v26.0 - https:\/\/yoast.com\/wordpress\/plugins\/seo\/ -->\n<title>Transformers 2, pour la troisi\u00e8me et derni\u00e8re fois - leblogmoto.com<\/title>\n<meta name=\"robots\" content=\"index, follow, max-snippet:-1, max-image-preview:large, max-video-preview:-1\" \/>\n<link rel=\"canonical\" href=\"https:\/\/blogs.thesocialmedia.com\/leblogmoto\/2008\/09\/04\/transformers-2\/\" \/>\n<meta name=\"twitter:card\" content=\"summary_large_image\" \/>\n<meta name=\"twitter:title\" content=\"Transformers 2, pour la troisi\u00e8me et derni\u00e8re fois - leblogmoto.com\" \/>\n<meta name=\"twitter:description\" content=\"Jamais deux sans trois dit-on, alors, c&rsquo;est la troisi\u00e8me fois que je parle de ce mauvais film que sera Transformers, Revenge of the Fallen. H\u00e9!, on y verra des motos, alors ouate de phoque!L&rsquo;occasion est la mise en ligne d&rsquo;un \u00e9pisode du \u00abMaking of\u00bb qui se retrouvera dans les extras du DVD, en vente partout [&hellip;]\" \/>\n<meta name=\"twitter:image\" content=\"http:\/\/www.leblogmoto.com\/images\/2008\/09\/03\/tr1.jpg\" \/>\n<meta name=\"twitter:label1\" content=\"\u00c9crit par\" \/>\n\t<meta name=\"twitter:data1\" content=\"jacques lesage\" \/>\n\t<meta name=\"twitter:label2\" content=\"Dur\u00e9e de lecture estim\u00e9e\" \/>\n\t<meta name=\"twitter:data2\" content=\"1 minute\" \/>\n<script type=\"application\/ld+json\" class=\"yoast-schema-graph\">{\"@context\":\"https:\/\/schema.org\",\"@graph\":[{\"@type\":\"WebPage\",\"@id\":\"https:\/\/blogs.thesocialmedia.com\/leblogmoto\/2008\/09\/04\/transformers-2\/\",\"url\":\"https:\/\/blogs.thesocialmedia.com\/leblogmoto\/2008\/09\/04\/transformers-2\/\",\"name\":\"Transformers 2, pour la troisi\u00e8me et derni\u00e8re fois - leblogmoto.com\",\"isPartOf\":{\"@id\":\"https:\/\/blogs.thesocialmedia.com\/leblogmoto\/#website\"},\"primaryImageOfPage\":{\"@id\":\"https:\/\/blogs.thesocialmedia.com\/leblogmoto\/2008\/09\/04\/transformers-2\/#primaryimage\"},\"image\":{\"@id\":\"https:\/\/blogs.thesocialmedia.com\/leblogmoto\/2008\/09\/04\/transformers-2\/#primaryimage\"},\"thumbnailUrl\":\"http:\/\/www.leblogmoto.com\/images\/2008\/09\/03\/tr1.jpg\",\"datePublished\":\"2008-09-04T03:35:53+00:00\",\"dateModified\":\"2012-07-11T16:17:51+00:00\",\"author\":{\"@id\":\"https:\/\/blogs.thesocialmedia.com\/leblogmoto\/#\/schema\/person\/e82a0ca8a9a63d031586097a3ed58526\"},\"breadcrumb\":{\"@id\":\"https:\/\/blogs.thesocialmedia.com\/leblogmoto\/2008\/09\/04\/transformers-2\/#breadcrumb\"},\"inLanguage\":\"fr-FR\",\"potentialAction\":[{\"@type\":\"ReadAction\",\"target\":[\"https:\/\/blogs.thesocialmedia.com\/leblogmoto\/2008\/09\/04\/transformers-2\/\"]}]},{\"@type\":\"ImageObject\",\"inLanguage\":\"fr-FR\",\"@id\":\"https:\/\/blogs.thesocialmedia.com\/leblogmoto\/2008\/09\/04\/transformers-2\/#primaryimage\",\"url\":\"http:\/\/www.leblogmoto.com\/images\/2008\/09\/03\/tr1.jpg\",\"contentUrl\":\"http:\/\/www.leblogmoto.com\/images\/2008\/09\/03\/tr1.jpg\"},{\"@type\":\"BreadcrumbList\",\"@id\":\"https:\/\/blogs.thesocialmedia.com\/leblogmoto\/2008\/09\/04\/transformers-2\/#breadcrumb\",\"itemListElement\":[{\"@type\":\"ListItem\",\"position\":1,\"name\":\"Accueil\",\"item\":\"https:\/\/blogs.thesocialmedia.com\/leblogmoto\/\"},{\"@type\":\"ListItem\",\"position\":2,\"name\":\"Transformers 2, pour la troisi\u00e8me et derni\u00e8re fois\"}]},{\"@type\":\"WebSite\",\"@id\":\"https:\/\/blogs.thesocialmedia.com\/leblogmoto\/#website\",\"url\":\"https:\/\/blogs.thesocialmedia.com\/leblogmoto\/\",\"name\":\"leblogmoto\",\"description\":\"Toute l&#039;actualit\u00e9 des 2 roues\",\"potentialAction\":[{\"@type\":\"SearchAction\",\"target\":{\"@type\":\"EntryPoint\",\"urlTemplate\":\"https:\/\/blogs.thesocialmedia.com\/leblogmoto\/?s={search_term_string}\"},\"query-input\":{\"@type\":\"PropertyValueSpecification\",\"valueRequired\":true,\"valueName\":\"search_term_string\"}}],\"inLanguage\":\"fr-FR\"},{\"@type\":\"Person\",\"@id\":\"https:\/\/blogs.thesocialmedia.com\/leblogmoto\/#\/schema\/person\/e82a0ca8a9a63d031586097a3ed58526\",\"name\":\"jacques lesage\",\"image\":{\"@type\":\"ImageObject\",\"inLanguage\":\"fr-FR\",\"@id\":\"https:\/\/blogs.thesocialmedia.com\/leblogmoto\/#\/schema\/person\/image\/\",\"url\":\"https:\/\/secure.gravatar.com\/avatar\/?s=96&d=mm&r=g\",\"contentUrl\":\"https:\/\/secure.gravatar.com\/avatar\/?s=96&d=mm&r=g\",\"caption\":\"jacques lesage\"},\"url\":\"https:\/\/blogs.thesocialmedia.com\/leblogmoto\/author\/jacques-lesage\/\"}]}<\/script>\n<!-- \/ Yoast SEO plugin. -->","yoast_head_json":{"title":"Transformers 2, pour la troisi\u00e8me et derni\u00e8re fois - leblogmoto.com","robots":{"index":"index","follow":"follow","max-snippet":"max-snippet:-1","max-image-preview":"max-image-preview:large","max-video-preview":"max-video-preview:-1"},"canonical":"https:\/\/blogs.thesocialmedia.com\/leblogmoto\/2008\/09\/04\/transformers-2\/","twitter_card":"summary_large_image","twitter_title":"Transformers 2, pour la troisi\u00e8me et derni\u00e8re fois - leblogmoto.com","twitter_description":"Jamais deux sans trois dit-on, alors, c&rsquo;est la troisi\u00e8me fois que je parle de ce mauvais film que sera Transformers, Revenge of the Fallen. H\u00e9!, on y verra des motos, alors ouate de phoque!L&rsquo;occasion est la mise en ligne d&rsquo;un \u00e9pisode du \u00abMaking of\u00bb qui se retrouvera dans les extras du DVD, en vente partout [&hellip;]","twitter_image":"http:\/\/www.leblogmoto.com\/images\/2008\/09\/03\/tr1.jpg","twitter_misc":{"\u00c9crit par":"jacques lesage","Dur\u00e9e de lecture estim\u00e9e":"1 minute"},"schema":{"@context":"https:\/\/schema.org","@graph":[{"@type":"WebPage","@id":"https:\/\/blogs.thesocialmedia.com\/leblogmoto\/2008\/09\/04\/transformers-2\/","url":"https:\/\/blogs.thesocialmedia.com\/leblogmoto\/2008\/09\/04\/transformers-2\/","name":"Transformers 2, pour la troisi\u00e8me et derni\u00e8re fois - leblogmoto.com","isPartOf":{"@id":"https:\/\/blogs.thesocialmedia.com\/leblogmoto\/#website"},"primaryImageOfPage":{"@id":"https:\/\/blogs.thesocialmedia.com\/leblogmoto\/2008\/09\/04\/transformers-2\/#primaryimage"},"image":{"@id":"https:\/\/blogs.thesocialmedia.com\/leblogmoto\/2008\/09\/04\/transformers-2\/#primaryimage"},"thumbnailUrl":"http:\/\/www.leblogmoto.com\/images\/2008\/09\/03\/tr1.jpg","datePublished":"2008-09-04T03:35:53+00:00","dateModified":"2012-07-11T16:17:51+00:00","author":{"@id":"https:\/\/blogs.thesocialmedia.com\/leblogmoto\/#\/schema\/person\/e82a0ca8a9a63d031586097a3ed58526"},"breadcrumb":{"@id":"https:\/\/blogs.thesocialmedia.com\/leblogmoto\/2008\/09\/04\/transformers-2\/#breadcrumb"},"inLanguage":"fr-FR","potentialAction":[{"@type":"ReadAction","target":["https:\/\/blogs.thesocialmedia.com\/leblogmoto\/2008\/09\/04\/transformers-2\/"]}]},{"@type":"ImageObject","inLanguage":"fr-FR","@id":"https:\/\/blogs.thesocialmedia.com\/leblogmoto\/2008\/09\/04\/transformers-2\/#primaryimage","url":"http:\/\/www.leblogmoto.com\/images\/2008\/09\/03\/tr1.jpg","contentUrl":"http:\/\/www.leblogmoto.com\/images\/2008\/09\/03\/tr1.jpg"},{"@type":"BreadcrumbList","@id":"https:\/\/blogs.thesocialmedia.com\/leblogmoto\/2008\/09\/04\/transformers-2\/#breadcrumb","itemListElement":[{"@type":"ListItem","position":1,"name":"Accueil","item":"https:\/\/blogs.thesocialmedia.com\/leblogmoto\/"},{"@type":"ListItem","position":2,"name":"Transformers 2, pour la troisi\u00e8me et derni\u00e8re fois"}]},{"@type":"WebSite","@id":"https:\/\/blogs.thesocialmedia.com\/leblogmoto\/#website","url":"https:\/\/blogs.thesocialmedia.com\/leblogmoto\/","name":"leblogmoto","description":"Toute l&#039;actualit\u00e9 des 2 roues","potentialAction":[{"@type":"SearchAction","target":{"@type":"EntryPoint","urlTemplate":"https:\/\/blogs.thesocialmedia.com\/leblogmoto\/?s={search_term_string}"},"query-input":{"@type":"PropertyValueSpecification","valueRequired":true,"valueName":"search_term_string"}}],"inLanguage":"fr-FR"},{"@type":"Person","@id":"https:\/\/blogs.thesocialmedia.com\/leblogmoto\/#\/schema\/person\/e82a0ca8a9a63d031586097a3ed58526","name":"jacques lesage","image":{"@type":"ImageObject","inLanguage":"fr-FR","@id":"https:\/\/blogs.thesocialmedia.com\/leblogmoto\/#\/schema\/person\/image\/","url":"https:\/\/secure.gravatar.com\/avatar\/?s=96&d=mm&r=g","contentUrl":"https:\/\/secure.gravatar.com\/avatar\/?s=96&d=mm&r=g","caption":"jacques lesage"},"url":"https:\/\/blogs.thesocialmedia.com\/leblogmoto\/author\/jacques-lesage\/"}]}},"_links":{"self":[{"href":"https:\/\/blogs.thesocialmedia.com\/leblogmoto\/wp-json\/wp\/v2\/posts\/507","targetHints":{"allow":["GET"]}}],"collection":[{"href":"https:\/\/blogs.thesocialmedia.com\/leblogmoto\/wp-json\/wp\/v2\/posts"}],"about":[{"href":"https:\/\/blogs.thesocialmedia.com\/leblogmoto\/wp-json\/wp\/v2\/types\/post"}],"author":[{"embeddable":true,"href":"https:\/\/blogs.thesocialmedia.com\/leblogmoto\/wp-json\/wp\/v2\/users\/325"}],"replies":[{"embeddable":true,"href":"https:\/\/blogs.thesocialmedia.com\/leblogmoto\/wp-json\/wp\/v2\/comments?post=507"}],"version-history":[{"count":2,"href":"https:\/\/blogs.thesocialmedia.com\/leblogmoto\/wp-json\/wp\/v2\/posts\/507\/revisions"}],"predecessor-version":[{"id":11598,"href":"https:\/\/blogs.thesocialmedia.com\/leblogmoto\/wp-json\/wp\/v2\/posts\/507\/revisions\/11598"}],"wp:attachment":[{"href":"https:\/\/blogs.thesocialmedia.com\/leblogmoto\/wp-json\/wp\/v2\/media?parent=507"}],"wp:term":[{"taxonomy":"category","embeddable":true,"href":"https:\/\/blogs.thesocialmedia.com\/leblogmoto\/wp-json\/wp\/v2\/categories?post=507"},{"taxonomy":"post_tag","embeddable":true,"href":"https:\/\/blogs.thesocialmedia.com\/leblogmoto\/wp-json\/wp\/v2\/tags?post=507"}],"curies":[{"name":"wp","href":"https:\/\/api.w.org\/{rel}","templated":true}]}}