{"id":510,"date":"2008-08-31T23:52:20","date_gmt":"2008-08-31T23:52:20","guid":{"rendered":"http:\/\/blogs.thesocialmedia.com\/leblogmoto\/2008\/08\/31\/casques-andrea\/"},"modified":"2012-07-11T16:17:13","modified_gmt":"2012-07-11T16:17:13","slug":"casques-andrea","status":"publish","type":"post","link":"https:\/\/blogs.thesocialmedia.com\/leblogmoto\/2008\/08\/31\/casques-andrea\/","title":{"rendered":"Casques Andrea Cardone: de quoi vous r\u00e9concilier avec les jets."},"content":{"rendered":"<p><a href=\"http:\/\/blogs.thesocialmedia.com\/leblogmoto\/files\/2012\/07\/moto_protection_casque_andrea_cardo.jpg\"><img loading=\"lazy\" decoding=\"async\" height=\"626\"  width=\"470\" alt=\"Moto_protection_casque_andrea_cardo\" src=\"http:\/\/www.leblogmoto.com\/images\/2008\/08\/31\/moto_protection_casque_andrea_cardo.jpg\" \/><\/a><\/p>\n<p>J&rsquo;ai \u00e0 plusieurs reprise fait l&rsquo;apologie des casques int\u00e9graux ici ou <a href=\"http:\/\/blogs.thesocialmedia.com\/leblogmoto\/files\/2012\/07\/le-evoline-de-s.html_.png\">modulable<\/a>, jusqu&rsquo;\u00e0 rejeter les autres. Simple question de bon sens selon moi, un trajet urbain, pouvant vous amener facilement vers la p\u00e9riph\u00e9rie et ses voies rapides. Alors on va se contenter de dire que les casques de ce manufacturier donnent envie de rester dans la cit\u00e9 et ses murs. Ce qui fait l&rsquo;attrait de ces bols c&rsquo;est leurs d\u00e9clinaisons: Cuir &quot;hispanisant&quot;, Marilyn, Customs, Boule de billard, dont la confection est visiblement tr\u00e8s soign\u00e9e comme les photos suivantes le montrent. L&rsquo;on comprend mieux quand on lit <a href=\"http:\/\/www.andreacardone.fr\/pages\/andrea-cardone-france.php\">le trop bref historique<\/a> de la marque sur leur site: A.Cardone \u00e9tant le petit-fils d&rsquo;un proprio de maroquinerie traditionnelle napolitaine. Ces jets sont vendus au Printemps, le grand magasin parisien, et sur le site dans la <a href=\"http:\/\/www.andreacardone.fr\/boutique\/index.php?cPath=1\">boutique<\/a> pour un prix unique et &quot;\u00e9tudi\u00e9&quot;, comme l&rsquo;on dit, de 289 \u20ac. Ils sont aux normes europ\u00e9ennes E3.<\/p>\n<p><a href=\"http:\/\/clabedan.typepad.com\/.shared\/image.html?\/photos\/uncategorized\/2008\/08\/31\/moto_protection_casque_andrea_car_2.jpg\"><img loading=\"lazy\" decoding=\"async\" height=\"399\"  width=\"470\" alt=\"Moto_protection_casque_andrea_car_2\" src=\"http:\/\/www.leblogmoto.com\/images\/2008\/08\/31\/moto_protection_casque_andrea_car_2.jpg\" \/><\/a><\/p>\n<p><a href=\"http:\/\/blogs.thesocialmedia.com\/leblogmoto\/files\/2012\/07\/moto_protection_casque_andrea_car_3.jpg\"><img loading=\"lazy\" decoding=\"async\" height=\"579\"  width=\"470\" alt=\"Moto_protection_casque_andrea_car_3\" src=\"http:\/\/www.leblogmoto.com\/images\/2008\/08\/31\/moto_protection_casque_andrea_car_3.jpg\" \/><\/a> <br \/><a href=\"http:\/\/blogs.thesocialmedia.com\/leblogmoto\/files\/2012\/07\/moto_protection_casque_andrea_car_4.jpg\"><img loading=\"lazy\" decoding=\"async\" height=\"626\"  width=\"470\" alt=\"Moto_protection_casque_andrea_car_4\" src=\"http:\/\/www.leblogmoto.com\/images\/2008\/08\/31\/moto_protection_casque_andrea_car_4.jpg\" \/><\/a> <br \/><a href=\"http:\/\/blogs.thesocialmedia.com\/leblogmoto\/files\/2012\/07\/moto_protection_casque_andrea_car_5.jpg\"><img loading=\"lazy\" decoding=\"async\" height=\"626\"  width=\"470\" alt=\"Moto_protection_casque_andrea_car_5\" src=\"http:\/\/www.leblogmoto.com\/images\/2008\/08\/31\/moto_protection_casque_andrea_car_5.jpg\" \/><\/a> <br \/><a href=\"http:\/\/blogs.thesocialmedia.com\/leblogmoto\/files\/2012\/07\/moto_protection_casque_andrea_car_6.jpg\"><img loading=\"lazy\" decoding=\"async\" height=\"626\"  width=\"470\" alt=\"Moto_protection_casque_andrea_car_6\" src=\"http:\/\/www.leblogmoto.com\/images\/2008\/08\/31\/moto_protection_casque_andrea_car_6.jpg\" \/><\/a> <br \/><a href=\"http:\/\/blogs.thesocialmedia.com\/leblogmoto\/files\/2012\/07\/moto_protection_casque_andrea_car_7.jpg\"><img loading=\"lazy\" decoding=\"async\" height=\"626\"  width=\"470\" alt=\"Moto_protection_casque_andrea_car_7\" src=\"http:\/\/www.leblogmoto.com\/images\/2008\/08\/31\/moto_protection_casque_andrea_car_7.jpg\" \/><\/a><\/p>\n<p><em>cr\u00e9dit photos: photos fabricant.<\/em> <\/p>\n","protected":false},"excerpt":{"rendered":"<p>J&rsquo;ai \u00e0 plusieurs reprise fait l&rsquo;apologie des casques int\u00e9graux ici ou modulable, jusqu&rsquo;\u00e0 rejeter les autres. Simple question de bon sens selon moi, un trajet urbain, pouvant vous amener facilement vers la p\u00e9riph\u00e9rie et ses voies rapides. Alors on va se contenter de dire que les casques de ce manufacturier donnent envie de rester dans [&hellip;]<\/p>\n","protected":false},"author":324,"featured_media":0,"comment_status":"open","ping_status":"open","sticky":false,"template":"","format":"standard","meta":{"footnotes":""},"categories":[49,56],"tags":[],"class_list":["post-510","post","type-post","status-publish","format-standard","hentry","category-actualites-entreprise","category-protections"],"yoast_head":"<!-- This site is optimized with the Yoast SEO plugin v26.0 - https:\/\/yoast.com\/wordpress\/plugins\/seo\/ -->\n<title>Casques Andrea Cardone: de quoi vous r\u00e9concilier avec les jets. - leblogmoto.com<\/title>\n<meta name=\"robots\" content=\"index, follow, max-snippet:-1, max-image-preview:large, max-video-preview:-1\" \/>\n<link rel=\"canonical\" href=\"https:\/\/blogs.thesocialmedia.com\/leblogmoto\/2008\/08\/31\/casques-andrea\/\" \/>\n<meta name=\"twitter:card\" content=\"summary_large_image\" \/>\n<meta name=\"twitter:title\" content=\"Casques Andrea Cardone: de quoi vous r\u00e9concilier avec les jets. - leblogmoto.com\" \/>\n<meta name=\"twitter:description\" content=\"J&rsquo;ai \u00e0 plusieurs reprise fait l&rsquo;apologie des casques int\u00e9graux ici ou modulable, jusqu&rsquo;\u00e0 rejeter les autres. Simple question de bon sens selon moi, un trajet urbain, pouvant vous amener facilement vers la p\u00e9riph\u00e9rie et ses voies rapides. Alors on va se contenter de dire que les casques de ce manufacturier donnent envie de rester dans [&hellip;]\" \/>\n<meta name=\"twitter:image\" content=\"http:\/\/www.leblogmoto.com\/images\/2008\/08\/31\/moto_protection_casque_andrea_cardo.jpg\" \/>\n<meta name=\"twitter:label1\" content=\"\u00c9crit par\" \/>\n\t<meta name=\"twitter:data1\" content=\"benoit rieu\" \/>\n\t<meta name=\"twitter:label2\" content=\"Dur\u00e9e de lecture estim\u00e9e\" \/>\n\t<meta name=\"twitter:data2\" content=\"1 minute\" \/>\n<script type=\"application\/ld+json\" class=\"yoast-schema-graph\">{\"@context\":\"https:\/\/schema.org\",\"@graph\":[{\"@type\":\"WebPage\",\"@id\":\"https:\/\/blogs.thesocialmedia.com\/leblogmoto\/2008\/08\/31\/casques-andrea\/\",\"url\":\"https:\/\/blogs.thesocialmedia.com\/leblogmoto\/2008\/08\/31\/casques-andrea\/\",\"name\":\"Casques Andrea Cardone: de quoi vous r\u00e9concilier avec les jets. - leblogmoto.com\",\"isPartOf\":{\"@id\":\"https:\/\/blogs.thesocialmedia.com\/leblogmoto\/#website\"},\"primaryImageOfPage\":{\"@id\":\"https:\/\/blogs.thesocialmedia.com\/leblogmoto\/2008\/08\/31\/casques-andrea\/#primaryimage\"},\"image\":{\"@id\":\"https:\/\/blogs.thesocialmedia.com\/leblogmoto\/2008\/08\/31\/casques-andrea\/#primaryimage\"},\"thumbnailUrl\":\"http:\/\/www.leblogmoto.com\/images\/2008\/08\/31\/moto_protection_casque_andrea_cardo.jpg\",\"datePublished\":\"2008-08-31T23:52:20+00:00\",\"dateModified\":\"2012-07-11T16:17:13+00:00\",\"author\":{\"@id\":\"https:\/\/blogs.thesocialmedia.com\/leblogmoto\/#\/schema\/person\/18bfe773e5725ed6d24f743da805362a\"},\"breadcrumb\":{\"@id\":\"https:\/\/blogs.thesocialmedia.com\/leblogmoto\/2008\/08\/31\/casques-andrea\/#breadcrumb\"},\"inLanguage\":\"fr-FR\",\"potentialAction\":[{\"@type\":\"ReadAction\",\"target\":[\"https:\/\/blogs.thesocialmedia.com\/leblogmoto\/2008\/08\/31\/casques-andrea\/\"]}]},{\"@type\":\"ImageObject\",\"inLanguage\":\"fr-FR\",\"@id\":\"https:\/\/blogs.thesocialmedia.com\/leblogmoto\/2008\/08\/31\/casques-andrea\/#primaryimage\",\"url\":\"http:\/\/www.leblogmoto.com\/images\/2008\/08\/31\/moto_protection_casque_andrea_cardo.jpg\",\"contentUrl\":\"http:\/\/www.leblogmoto.com\/images\/2008\/08\/31\/moto_protection_casque_andrea_cardo.jpg\"},{\"@type\":\"BreadcrumbList\",\"@id\":\"https:\/\/blogs.thesocialmedia.com\/leblogmoto\/2008\/08\/31\/casques-andrea\/#breadcrumb\",\"itemListElement\":[{\"@type\":\"ListItem\",\"position\":1,\"name\":\"Accueil\",\"item\":\"https:\/\/blogs.thesocialmedia.com\/leblogmoto\/\"},{\"@type\":\"ListItem\",\"position\":2,\"name\":\"Casques Andrea Cardone: de quoi vous r\u00e9concilier avec les jets.\"}]},{\"@type\":\"WebSite\",\"@id\":\"https:\/\/blogs.thesocialmedia.com\/leblogmoto\/#website\",\"url\":\"https:\/\/blogs.thesocialmedia.com\/leblogmoto\/\",\"name\":\"leblogmoto\",\"description\":\"Toute l&#039;actualit\u00e9 des 2 roues\",\"potentialAction\":[{\"@type\":\"SearchAction\",\"target\":{\"@type\":\"EntryPoint\",\"urlTemplate\":\"https:\/\/blogs.thesocialmedia.com\/leblogmoto\/?s={search_term_string}\"},\"query-input\":{\"@type\":\"PropertyValueSpecification\",\"valueRequired\":true,\"valueName\":\"search_term_string\"}}],\"inLanguage\":\"fr-FR\"},{\"@type\":\"Person\",\"@id\":\"https:\/\/blogs.thesocialmedia.com\/leblogmoto\/#\/schema\/person\/18bfe773e5725ed6d24f743da805362a\",\"name\":\"benoit rieu\",\"image\":{\"@type\":\"ImageObject\",\"inLanguage\":\"fr-FR\",\"@id\":\"https:\/\/blogs.thesocialmedia.com\/leblogmoto\/#\/schema\/person\/image\/\",\"url\":\"https:\/\/secure.gravatar.com\/avatar\/?s=96&d=mm&r=g\",\"contentUrl\":\"https:\/\/secure.gravatar.com\/avatar\/?s=96&d=mm&r=g\",\"caption\":\"benoit rieu\"},\"url\":\"https:\/\/blogs.thesocialmedia.com\/leblogmoto\/author\/benoit-rieu\/\"}]}<\/script>\n<!-- \/ Yoast SEO plugin. -->","yoast_head_json":{"title":"Casques Andrea Cardone: de quoi vous r\u00e9concilier avec les jets. - leblogmoto.com","robots":{"index":"index","follow":"follow","max-snippet":"max-snippet:-1","max-image-preview":"max-image-preview:large","max-video-preview":"max-video-preview:-1"},"canonical":"https:\/\/blogs.thesocialmedia.com\/leblogmoto\/2008\/08\/31\/casques-andrea\/","twitter_card":"summary_large_image","twitter_title":"Casques Andrea Cardone: de quoi vous r\u00e9concilier avec les jets. - leblogmoto.com","twitter_description":"J&rsquo;ai \u00e0 plusieurs reprise fait l&rsquo;apologie des casques int\u00e9graux ici ou modulable, jusqu&rsquo;\u00e0 rejeter les autres. Simple question de bon sens selon moi, un trajet urbain, pouvant vous amener facilement vers la p\u00e9riph\u00e9rie et ses voies rapides. Alors on va se contenter de dire que les casques de ce manufacturier donnent envie de rester dans [&hellip;]","twitter_image":"http:\/\/www.leblogmoto.com\/images\/2008\/08\/31\/moto_protection_casque_andrea_cardo.jpg","twitter_misc":{"\u00c9crit par":"benoit rieu","Dur\u00e9e de lecture estim\u00e9e":"1 minute"},"schema":{"@context":"https:\/\/schema.org","@graph":[{"@type":"WebPage","@id":"https:\/\/blogs.thesocialmedia.com\/leblogmoto\/2008\/08\/31\/casques-andrea\/","url":"https:\/\/blogs.thesocialmedia.com\/leblogmoto\/2008\/08\/31\/casques-andrea\/","name":"Casques Andrea Cardone: de quoi vous r\u00e9concilier avec les jets. - leblogmoto.com","isPartOf":{"@id":"https:\/\/blogs.thesocialmedia.com\/leblogmoto\/#website"},"primaryImageOfPage":{"@id":"https:\/\/blogs.thesocialmedia.com\/leblogmoto\/2008\/08\/31\/casques-andrea\/#primaryimage"},"image":{"@id":"https:\/\/blogs.thesocialmedia.com\/leblogmoto\/2008\/08\/31\/casques-andrea\/#primaryimage"},"thumbnailUrl":"http:\/\/www.leblogmoto.com\/images\/2008\/08\/31\/moto_protection_casque_andrea_cardo.jpg","datePublished":"2008-08-31T23:52:20+00:00","dateModified":"2012-07-11T16:17:13+00:00","author":{"@id":"https:\/\/blogs.thesocialmedia.com\/leblogmoto\/#\/schema\/person\/18bfe773e5725ed6d24f743da805362a"},"breadcrumb":{"@id":"https:\/\/blogs.thesocialmedia.com\/leblogmoto\/2008\/08\/31\/casques-andrea\/#breadcrumb"},"inLanguage":"fr-FR","potentialAction":[{"@type":"ReadAction","target":["https:\/\/blogs.thesocialmedia.com\/leblogmoto\/2008\/08\/31\/casques-andrea\/"]}]},{"@type":"ImageObject","inLanguage":"fr-FR","@id":"https:\/\/blogs.thesocialmedia.com\/leblogmoto\/2008\/08\/31\/casques-andrea\/#primaryimage","url":"http:\/\/www.leblogmoto.com\/images\/2008\/08\/31\/moto_protection_casque_andrea_cardo.jpg","contentUrl":"http:\/\/www.leblogmoto.com\/images\/2008\/08\/31\/moto_protection_casque_andrea_cardo.jpg"},{"@type":"BreadcrumbList","@id":"https:\/\/blogs.thesocialmedia.com\/leblogmoto\/2008\/08\/31\/casques-andrea\/#breadcrumb","itemListElement":[{"@type":"ListItem","position":1,"name":"Accueil","item":"https:\/\/blogs.thesocialmedia.com\/leblogmoto\/"},{"@type":"ListItem","position":2,"name":"Casques Andrea Cardone: de quoi vous r\u00e9concilier avec les jets."}]},{"@type":"WebSite","@id":"https:\/\/blogs.thesocialmedia.com\/leblogmoto\/#website","url":"https:\/\/blogs.thesocialmedia.com\/leblogmoto\/","name":"leblogmoto","description":"Toute l&#039;actualit\u00e9 des 2 roues","potentialAction":[{"@type":"SearchAction","target":{"@type":"EntryPoint","urlTemplate":"https:\/\/blogs.thesocialmedia.com\/leblogmoto\/?s={search_term_string}"},"query-input":{"@type":"PropertyValueSpecification","valueRequired":true,"valueName":"search_term_string"}}],"inLanguage":"fr-FR"},{"@type":"Person","@id":"https:\/\/blogs.thesocialmedia.com\/leblogmoto\/#\/schema\/person\/18bfe773e5725ed6d24f743da805362a","name":"benoit rieu","image":{"@type":"ImageObject","inLanguage":"fr-FR","@id":"https:\/\/blogs.thesocialmedia.com\/leblogmoto\/#\/schema\/person\/image\/","url":"https:\/\/secure.gravatar.com\/avatar\/?s=96&d=mm&r=g","contentUrl":"https:\/\/secure.gravatar.com\/avatar\/?s=96&d=mm&r=g","caption":"benoit rieu"},"url":"https:\/\/blogs.thesocialmedia.com\/leblogmoto\/author\/benoit-rieu\/"}]}},"_links":{"self":[{"href":"https:\/\/blogs.thesocialmedia.com\/leblogmoto\/wp-json\/wp\/v2\/posts\/510","targetHints":{"allow":["GET"]}}],"collection":[{"href":"https:\/\/blogs.thesocialmedia.com\/leblogmoto\/wp-json\/wp\/v2\/posts"}],"about":[{"href":"https:\/\/blogs.thesocialmedia.com\/leblogmoto\/wp-json\/wp\/v2\/types\/post"}],"author":[{"embeddable":true,"href":"https:\/\/blogs.thesocialmedia.com\/leblogmoto\/wp-json\/wp\/v2\/users\/324"}],"replies":[{"embeddable":true,"href":"https:\/\/blogs.thesocialmedia.com\/leblogmoto\/wp-json\/wp\/v2\/comments?post=510"}],"version-history":[{"count":2,"href":"https:\/\/blogs.thesocialmedia.com\/leblogmoto\/wp-json\/wp\/v2\/posts\/510\/revisions"}],"predecessor-version":[{"id":11580,"href":"https:\/\/blogs.thesocialmedia.com\/leblogmoto\/wp-json\/wp\/v2\/posts\/510\/revisions\/11580"}],"wp:attachment":[{"href":"https:\/\/blogs.thesocialmedia.com\/leblogmoto\/wp-json\/wp\/v2\/media?parent=510"}],"wp:term":[{"taxonomy":"category","embeddable":true,"href":"https:\/\/blogs.thesocialmedia.com\/leblogmoto\/wp-json\/wp\/v2\/categories?post=510"},{"taxonomy":"post_tag","embeddable":true,"href":"https:\/\/blogs.thesocialmedia.com\/leblogmoto\/wp-json\/wp\/v2\/tags?post=510"}],"curies":[{"name":"wp","href":"https:\/\/api.w.org\/{rel}","templated":true}]}}