{"id":511,"date":"2008-08-29T04:21:24","date_gmt":"2008-08-29T04:21:24","guid":{"rendered":"http:\/\/blogs.thesocialmedia.com\/leblogmoto\/2008\/08\/29\/album-du-vend-5-2\/"},"modified":"2012-07-11T16:16:52","modified_gmt":"2012-07-11T16:16:52","slug":"album-du-vend-5-2","status":"publish","type":"post","link":"https:\/\/blogs.thesocialmedia.com\/leblogmoto\/2008\/08\/29\/album-du-vend-5-2\/","title":{"rendered":"Album du vendredi, Quiz: Qui suis-je?"},"content":{"rendered":"<p><a href=\"http:\/\/blogs.thesocialmedia.com\/leblogmoto\/files\/2012\/07\/qui1.jpg\"><img loading=\"lazy\" decoding=\"async\" width=\"470\" height=\"256\"  src=\"http:\/\/www.leblogmoto.com\/images\/2008\/08\/28\/qui1.jpg\" alt=\"Qui1\" \/><\/a> <br \/>1_<\/p>\n<p>C\u2019est la rentr\u00e9e, alors histoire de remettre nos neurones sur les rails, atrophi\u00e9es quelles sont par le farniente sur la plage, la mauvaise lecture d\u2019\u00e9t\u00e9 et le sexe d\u00e9brid\u00e9, voici un petit jeu qui saura nous remettre en forme.<\/p>\n<p>Il suffit d\u2019identifier ces 10 personnalit\u00e9s, Fran\u00e7aises et Internationales, non, pas de joueur de hockey Canadien, pas plus que de foot, que de vraies vedettes, d\u2019hier et d\u2019aujourd\u2019hui qui se sont affich\u00e9s, sur, avec ou autour d\u2019une moto.<\/p>\n<p>Malheureusement, les budgets sp\u00e9ciaux du Blog Moto \u00e9tant \u00e0 sec (c\u2019est Beno\u00eet qui les utilise pour ses voyages autour du monde), il n\u2019y a pas de prix \u00e0 gagner, sinon l\u2019incommensurable estime et admiration des lectrices et lecteurs du Blog.<\/p>\n<p>La section des commentaires est ouverte, et pas besoin de tous les avoir avant de les inscrire, l\u2019entraide est encore la meilleure fa\u00e7on de gagner. Bonne chance.<\/p>\n<p><a href=\"http:\/\/blogs.thesocialmedia.com\/leblogmoto\/files\/2012\/07\/qui2.jpg\"><img loading=\"lazy\" decoding=\"async\" width=\"470\" height=\"352\"  src=\"http:\/\/www.leblogmoto.com\/images\/2008\/08\/28\/qui2.jpg\" alt=\"Qui2\" \/><\/a> <br \/>2_<\/p>\n<p><a href=\"http:\/\/blogs.thesocialmedia.com\/leblogmoto\/files\/2012\/07\/qui3.jpg\"><img loading=\"lazy\" decoding=\"async\" width=\"470\" height=\"689\"  src=\"http:\/\/www.leblogmoto.com\/images\/2008\/08\/28\/qui3.jpg\" alt=\"Qui3\" \/><\/a> <br \/>3_<\/p>\n<p><a href=\"http:\/\/blogs.thesocialmedia.com\/leblogmoto\/files\/2012\/07\/qui4.jpg\"><img loading=\"lazy\" decoding=\"async\" width=\"470\" height=\"379\"  src=\"http:\/\/www.leblogmoto.com\/images\/2008\/08\/28\/qui4.jpg\" alt=\"Qui4\" \/><\/a> <br \/>4_<\/p>\n<p><a href=\"http:\/\/blogs.thesocialmedia.com\/leblogmoto\/files\/2012\/07\/qui5.jpg\"><img loading=\"lazy\" decoding=\"async\" width=\"470\" height=\"592\"  src=\"http:\/\/www.leblogmoto.com\/images\/2008\/08\/28\/qui5.jpg\" alt=\"Qui5\" \/><\/a> <br \/>5_<\/p>\n<p><a href=\"http:\/\/blogs.thesocialmedia.com\/leblogmoto\/files\/2012\/07\/qui6.jpg\"><img loading=\"lazy\" decoding=\"async\" width=\"470\" height=\"569\"  src=\"http:\/\/www.leblogmoto.com\/images\/2008\/08\/28\/qui6.jpg\" alt=\"Qui6\" \/><\/a> <br \/>6_<\/p>\n<p><a href=\"http:\/\/blogs.thesocialmedia.com\/leblogmoto\/files\/2012\/07\/qui7.jpg\"><img loading=\"lazy\" decoding=\"async\" width=\"470\" height=\"693\"  src=\"http:\/\/www.leblogmoto.com\/images\/2008\/08\/28\/qui7.jpg\" alt=\"Qui7\" \/><\/a> <br \/>7_<\/p>\n<p><a href=\"http:\/\/blogs.thesocialmedia.com\/leblogmoto\/files\/2012\/07\/qui8.jpg\"><img loading=\"lazy\" decoding=\"async\" width=\"470\" height=\"319\"  src=\"http:\/\/www.leblogmoto.com\/images\/2008\/08\/28\/qui8.jpg\" alt=\"Qui8\" \/><\/a> <br \/>8_<\/p>\n<p><a href=\"http:\/\/blogs.thesocialmedia.com\/leblogmoto\/files\/2012\/07\/qui9.jpg\"><img loading=\"lazy\" decoding=\"async\" width=\"470\" height=\"550\"  src=\"http:\/\/www.leblogmoto.com\/images\/2008\/08\/28\/qui9.jpg\" alt=\"Qui9\" \/><\/a> <br \/>9_<\/p>\n<p><a href=\"http:\/\/blogs.thesocialmedia.com\/leblogmoto\/files\/2012\/07\/qui10.jpg\"><img loading=\"lazy\" decoding=\"async\" width=\"470\" height=\"332\"  src=\"http:\/\/www.leblogmoto.com\/images\/2008\/08\/28\/qui10.jpg\" alt=\"Qui10\" \/><\/a> <br \/>10_<\/p>\n","protected":false},"excerpt":{"rendered":"<p>1_ C\u2019est la rentr\u00e9e, alors histoire de remettre nos neurones sur les rails, atrophi\u00e9es quelles sont par le farniente sur la plage, la mauvaise lecture d\u2019\u00e9t\u00e9 et le sexe d\u00e9brid\u00e9, voici un petit jeu qui saura nous remettre en forme. Il suffit d\u2019identifier ces 10 personnalit\u00e9s, Fran\u00e7aises et Internationales, non, pas de joueur de hockey [&hellip;]<\/p>\n","protected":false},"author":325,"featured_media":0,"comment_status":"open","ping_status":"open","sticky":false,"template":"","format":"standard","meta":{"footnotes":""},"categories":[17,58],"tags":[],"class_list":["post-511","post","type-post","status-publish","format-standard","hentry","category-divers","category-insolite"],"yoast_head":"<!-- This site is optimized with the Yoast SEO plugin v26.0 - https:\/\/yoast.com\/wordpress\/plugins\/seo\/ -->\n<title>Album du vendredi, Quiz: Qui suis-je? - leblogmoto.com<\/title>\n<meta name=\"robots\" content=\"index, follow, max-snippet:-1, max-image-preview:large, max-video-preview:-1\" \/>\n<link rel=\"canonical\" href=\"https:\/\/blogs.thesocialmedia.com\/leblogmoto\/2008\/08\/29\/album-du-vend-5-2\/\" \/>\n<meta name=\"twitter:card\" content=\"summary_large_image\" \/>\n<meta name=\"twitter:title\" content=\"Album du vendredi, Quiz: Qui suis-je? - leblogmoto.com\" \/>\n<meta name=\"twitter:description\" content=\"1_ C\u2019est la rentr\u00e9e, alors histoire de remettre nos neurones sur les rails, atrophi\u00e9es quelles sont par le farniente sur la plage, la mauvaise lecture d\u2019\u00e9t\u00e9 et le sexe d\u00e9brid\u00e9, voici un petit jeu qui saura nous remettre en forme. Il suffit d\u2019identifier ces 10 personnalit\u00e9s, Fran\u00e7aises et Internationales, non, pas de joueur de hockey [&hellip;]\" \/>\n<meta name=\"twitter:image\" content=\"http:\/\/www.leblogmoto.com\/images\/2008\/08\/28\/qui1.jpg\" \/>\n<meta name=\"twitter:label1\" content=\"\u00c9crit par\" \/>\n\t<meta name=\"twitter:data1\" content=\"jacques lesage\" \/>\n\t<meta name=\"twitter:label2\" content=\"Dur\u00e9e de lecture estim\u00e9e\" \/>\n\t<meta name=\"twitter:data2\" content=\"1 minute\" \/>\n<script type=\"application\/ld+json\" class=\"yoast-schema-graph\">{\"@context\":\"https:\/\/schema.org\",\"@graph\":[{\"@type\":\"WebPage\",\"@id\":\"https:\/\/blogs.thesocialmedia.com\/leblogmoto\/2008\/08\/29\/album-du-vend-5-2\/\",\"url\":\"https:\/\/blogs.thesocialmedia.com\/leblogmoto\/2008\/08\/29\/album-du-vend-5-2\/\",\"name\":\"Album du vendredi, Quiz: Qui suis-je? - leblogmoto.com\",\"isPartOf\":{\"@id\":\"https:\/\/blogs.thesocialmedia.com\/leblogmoto\/#website\"},\"primaryImageOfPage\":{\"@id\":\"https:\/\/blogs.thesocialmedia.com\/leblogmoto\/2008\/08\/29\/album-du-vend-5-2\/#primaryimage\"},\"image\":{\"@id\":\"https:\/\/blogs.thesocialmedia.com\/leblogmoto\/2008\/08\/29\/album-du-vend-5-2\/#primaryimage\"},\"thumbnailUrl\":\"http:\/\/www.leblogmoto.com\/images\/2008\/08\/28\/qui1.jpg\",\"datePublished\":\"2008-08-29T04:21:24+00:00\",\"dateModified\":\"2012-07-11T16:16:52+00:00\",\"author\":{\"@id\":\"https:\/\/blogs.thesocialmedia.com\/leblogmoto\/#\/schema\/person\/e82a0ca8a9a63d031586097a3ed58526\"},\"breadcrumb\":{\"@id\":\"https:\/\/blogs.thesocialmedia.com\/leblogmoto\/2008\/08\/29\/album-du-vend-5-2\/#breadcrumb\"},\"inLanguage\":\"fr-FR\",\"potentialAction\":[{\"@type\":\"ReadAction\",\"target\":[\"https:\/\/blogs.thesocialmedia.com\/leblogmoto\/2008\/08\/29\/album-du-vend-5-2\/\"]}]},{\"@type\":\"ImageObject\",\"inLanguage\":\"fr-FR\",\"@id\":\"https:\/\/blogs.thesocialmedia.com\/leblogmoto\/2008\/08\/29\/album-du-vend-5-2\/#primaryimage\",\"url\":\"http:\/\/www.leblogmoto.com\/images\/2008\/08\/28\/qui1.jpg\",\"contentUrl\":\"http:\/\/www.leblogmoto.com\/images\/2008\/08\/28\/qui1.jpg\"},{\"@type\":\"BreadcrumbList\",\"@id\":\"https:\/\/blogs.thesocialmedia.com\/leblogmoto\/2008\/08\/29\/album-du-vend-5-2\/#breadcrumb\",\"itemListElement\":[{\"@type\":\"ListItem\",\"position\":1,\"name\":\"Accueil\",\"item\":\"https:\/\/blogs.thesocialmedia.com\/leblogmoto\/\"},{\"@type\":\"ListItem\",\"position\":2,\"name\":\"Album du vendredi, Quiz: Qui suis-je?\"}]},{\"@type\":\"WebSite\",\"@id\":\"https:\/\/blogs.thesocialmedia.com\/leblogmoto\/#website\",\"url\":\"https:\/\/blogs.thesocialmedia.com\/leblogmoto\/\",\"name\":\"leblogmoto\",\"description\":\"Toute l&#039;actualit\u00e9 des 2 roues\",\"potentialAction\":[{\"@type\":\"SearchAction\",\"target\":{\"@type\":\"EntryPoint\",\"urlTemplate\":\"https:\/\/blogs.thesocialmedia.com\/leblogmoto\/?s={search_term_string}\"},\"query-input\":{\"@type\":\"PropertyValueSpecification\",\"valueRequired\":true,\"valueName\":\"search_term_string\"}}],\"inLanguage\":\"fr-FR\"},{\"@type\":\"Person\",\"@id\":\"https:\/\/blogs.thesocialmedia.com\/leblogmoto\/#\/schema\/person\/e82a0ca8a9a63d031586097a3ed58526\",\"name\":\"jacques lesage\",\"image\":{\"@type\":\"ImageObject\",\"inLanguage\":\"fr-FR\",\"@id\":\"https:\/\/blogs.thesocialmedia.com\/leblogmoto\/#\/schema\/person\/image\/\",\"url\":\"https:\/\/secure.gravatar.com\/avatar\/?s=96&d=mm&r=g\",\"contentUrl\":\"https:\/\/secure.gravatar.com\/avatar\/?s=96&d=mm&r=g\",\"caption\":\"jacques lesage\"},\"url\":\"https:\/\/blogs.thesocialmedia.com\/leblogmoto\/author\/jacques-lesage\/\"}]}<\/script>\n<!-- \/ Yoast SEO plugin. -->","yoast_head_json":{"title":"Album du vendredi, Quiz: Qui suis-je? - leblogmoto.com","robots":{"index":"index","follow":"follow","max-snippet":"max-snippet:-1","max-image-preview":"max-image-preview:large","max-video-preview":"max-video-preview:-1"},"canonical":"https:\/\/blogs.thesocialmedia.com\/leblogmoto\/2008\/08\/29\/album-du-vend-5-2\/","twitter_card":"summary_large_image","twitter_title":"Album du vendredi, Quiz: Qui suis-je? - leblogmoto.com","twitter_description":"1_ C\u2019est la rentr\u00e9e, alors histoire de remettre nos neurones sur les rails, atrophi\u00e9es quelles sont par le farniente sur la plage, la mauvaise lecture d\u2019\u00e9t\u00e9 et le sexe d\u00e9brid\u00e9, voici un petit jeu qui saura nous remettre en forme. Il suffit d\u2019identifier ces 10 personnalit\u00e9s, Fran\u00e7aises et Internationales, non, pas de joueur de hockey [&hellip;]","twitter_image":"http:\/\/www.leblogmoto.com\/images\/2008\/08\/28\/qui1.jpg","twitter_misc":{"\u00c9crit par":"jacques lesage","Dur\u00e9e de lecture estim\u00e9e":"1 minute"},"schema":{"@context":"https:\/\/schema.org","@graph":[{"@type":"WebPage","@id":"https:\/\/blogs.thesocialmedia.com\/leblogmoto\/2008\/08\/29\/album-du-vend-5-2\/","url":"https:\/\/blogs.thesocialmedia.com\/leblogmoto\/2008\/08\/29\/album-du-vend-5-2\/","name":"Album du vendredi, Quiz: Qui suis-je? - leblogmoto.com","isPartOf":{"@id":"https:\/\/blogs.thesocialmedia.com\/leblogmoto\/#website"},"primaryImageOfPage":{"@id":"https:\/\/blogs.thesocialmedia.com\/leblogmoto\/2008\/08\/29\/album-du-vend-5-2\/#primaryimage"},"image":{"@id":"https:\/\/blogs.thesocialmedia.com\/leblogmoto\/2008\/08\/29\/album-du-vend-5-2\/#primaryimage"},"thumbnailUrl":"http:\/\/www.leblogmoto.com\/images\/2008\/08\/28\/qui1.jpg","datePublished":"2008-08-29T04:21:24+00:00","dateModified":"2012-07-11T16:16:52+00:00","author":{"@id":"https:\/\/blogs.thesocialmedia.com\/leblogmoto\/#\/schema\/person\/e82a0ca8a9a63d031586097a3ed58526"},"breadcrumb":{"@id":"https:\/\/blogs.thesocialmedia.com\/leblogmoto\/2008\/08\/29\/album-du-vend-5-2\/#breadcrumb"},"inLanguage":"fr-FR","potentialAction":[{"@type":"ReadAction","target":["https:\/\/blogs.thesocialmedia.com\/leblogmoto\/2008\/08\/29\/album-du-vend-5-2\/"]}]},{"@type":"ImageObject","inLanguage":"fr-FR","@id":"https:\/\/blogs.thesocialmedia.com\/leblogmoto\/2008\/08\/29\/album-du-vend-5-2\/#primaryimage","url":"http:\/\/www.leblogmoto.com\/images\/2008\/08\/28\/qui1.jpg","contentUrl":"http:\/\/www.leblogmoto.com\/images\/2008\/08\/28\/qui1.jpg"},{"@type":"BreadcrumbList","@id":"https:\/\/blogs.thesocialmedia.com\/leblogmoto\/2008\/08\/29\/album-du-vend-5-2\/#breadcrumb","itemListElement":[{"@type":"ListItem","position":1,"name":"Accueil","item":"https:\/\/blogs.thesocialmedia.com\/leblogmoto\/"},{"@type":"ListItem","position":2,"name":"Album du vendredi, Quiz: Qui suis-je?"}]},{"@type":"WebSite","@id":"https:\/\/blogs.thesocialmedia.com\/leblogmoto\/#website","url":"https:\/\/blogs.thesocialmedia.com\/leblogmoto\/","name":"leblogmoto","description":"Toute l&#039;actualit\u00e9 des 2 roues","potentialAction":[{"@type":"SearchAction","target":{"@type":"EntryPoint","urlTemplate":"https:\/\/blogs.thesocialmedia.com\/leblogmoto\/?s={search_term_string}"},"query-input":{"@type":"PropertyValueSpecification","valueRequired":true,"valueName":"search_term_string"}}],"inLanguage":"fr-FR"},{"@type":"Person","@id":"https:\/\/blogs.thesocialmedia.com\/leblogmoto\/#\/schema\/person\/e82a0ca8a9a63d031586097a3ed58526","name":"jacques lesage","image":{"@type":"ImageObject","inLanguage":"fr-FR","@id":"https:\/\/blogs.thesocialmedia.com\/leblogmoto\/#\/schema\/person\/image\/","url":"https:\/\/secure.gravatar.com\/avatar\/?s=96&d=mm&r=g","contentUrl":"https:\/\/secure.gravatar.com\/avatar\/?s=96&d=mm&r=g","caption":"jacques lesage"},"url":"https:\/\/blogs.thesocialmedia.com\/leblogmoto\/author\/jacques-lesage\/"}]}},"_links":{"self":[{"href":"https:\/\/blogs.thesocialmedia.com\/leblogmoto\/wp-json\/wp\/v2\/posts\/511","targetHints":{"allow":["GET"]}}],"collection":[{"href":"https:\/\/blogs.thesocialmedia.com\/leblogmoto\/wp-json\/wp\/v2\/posts"}],"about":[{"href":"https:\/\/blogs.thesocialmedia.com\/leblogmoto\/wp-json\/wp\/v2\/types\/post"}],"author":[{"embeddable":true,"href":"https:\/\/blogs.thesocialmedia.com\/leblogmoto\/wp-json\/wp\/v2\/users\/325"}],"replies":[{"embeddable":true,"href":"https:\/\/blogs.thesocialmedia.com\/leblogmoto\/wp-json\/wp\/v2\/comments?post=511"}],"version-history":[{"count":2,"href":"https:\/\/blogs.thesocialmedia.com\/leblogmoto\/wp-json\/wp\/v2\/posts\/511\/revisions"}],"predecessor-version":[{"id":11573,"href":"https:\/\/blogs.thesocialmedia.com\/leblogmoto\/wp-json\/wp\/v2\/posts\/511\/revisions\/11573"}],"wp:attachment":[{"href":"https:\/\/blogs.thesocialmedia.com\/leblogmoto\/wp-json\/wp\/v2\/media?parent=511"}],"wp:term":[{"taxonomy":"category","embeddable":true,"href":"https:\/\/blogs.thesocialmedia.com\/leblogmoto\/wp-json\/wp\/v2\/categories?post=511"},{"taxonomy":"post_tag","embeddable":true,"href":"https:\/\/blogs.thesocialmedia.com\/leblogmoto\/wp-json\/wp\/v2\/tags?post=511"}],"curies":[{"name":"wp","href":"https:\/\/api.w.org\/{rel}","templated":true}]}}