{"id":512,"date":"2008-08-28T23:57:24","date_gmt":"2008-08-28T23:57:24","guid":{"rendered":"http:\/\/blogs.thesocialmedia.com\/leblogmoto\/2008\/08\/28\/transporter-sa\/"},"modified":"2012-07-11T16:16:19","modified_gmt":"2012-07-11T16:16:19","slug":"transporter-sa","status":"publish","type":"post","link":"https:\/\/blogs.thesocialmedia.com\/leblogmoto\/2008\/08\/28\/transporter-sa\/","title":{"rendered":"Transporter sa moto par la voie des airs."},"content":{"rendered":"<p><a href=\"http:\/\/blogs.thesocialmedia.com\/leblogmoto\/files\/2012\/07\/moto_avion.jpg\"><img loading=\"lazy\" decoding=\"async\" width=\"470\" height=\"303\"  alt=\"Moto_avion\" src=\"http:\/\/www.leblogmoto.com\/images\/2008\/08\/28\/moto_avion.jpg\" \/><\/a><\/p>\n<p><a href=\"http:\/\/blogs.thesocialmedia.com\/leblogmoto\/files\/2012\/07\/moto_avion_2.jpg\"><img loading=\"lazy\" decoding=\"async\" width=\"470\" height=\"184\"  alt=\"Moto_avion_2\" src=\"http:\/\/www.leblogmoto.com\/images\/2008\/08\/28\/moto_avion_2.jpg\" \/><\/a><\/p>\n<p>Le blog anglo-saxon <a href=\"http:\/\/thekneeslider.com\/archives\/2008\/08\/14\/motopod-motorcycle-carrier-for-airplanes\/\">The Kneeslider<\/a> rapporte dans ses pages virtuelles, ce container permettant d&#8217;embarquer une moto avec vous et qui a pris son envol au salon EAA Airventure dans le Wisconsin, il y a quelques semaines. Cela semble a priori un luxe et laisse penser que ce produit ne trouvera pas sa client\u00e8le. Mais dans certaines parties du globe, notamment aux Etats-Unis avec la communaut\u00e9 Jumbolair, l&rsquo;aviation civile priv\u00e9e est <a href=\"http:\/\/fogonazos.blogspot.com\/2007\/01\/airparks-plane-in-your-garage.html\">tr\u00e8s d\u00e9velopp\u00e9e<\/a>, des fois m\u00eame <a href=\"http:\/\/picstatstumble.blogspot.com\/2008\/05\/small-plane-crashed-into-house.html\">un peu trop<\/a>. Le MotoPOD, c&rsquo;est le nom du r\u00e9ceptacle, accueille une Yamaha XT pr\u00e9par\u00e9e, avec un guidon pliable. Ainsi qu&rsquo;avec une attention particuli\u00e8re apport\u00e9e \u00e0 tout ce qui est r\u00e9servoir et &quot;tuyauterie&quot;, pour \u00e9viter d&rsquo;\u00e9ventuelle et dangereuses fuites en raison des diff\u00e9rences de pressions. L&rsquo;ensemble sera vendu 10.000 $ (un peu plus de 6000 \u20ac). Dans les inconv\u00e9nients ce dispositif bien int\u00e9gr\u00e9 et profil\u00e9 (voir photo suivante) fait perdre pr\u00e8s de 9 noeuds \u00e0 l&rsquo;avion, mais vous n&rsquo;aurez pas besoin de chercher un taxi, ou une voiture de location \u00e0 votre arriv\u00e9e.<\/p>\n<p><a href=\"http:\/\/clabedan.typepad.com\/.shared\/image.html?\/photos\/uncategorized\/2008\/08\/28\/moto_avion_3.jpg\"><img loading=\"lazy\" decoding=\"async\" width=\"470\" height=\"272\"  alt=\"Moto_avion_3\" src=\"http:\/\/www.leblogmoto.com\/images\/2008\/08\/28\/moto_avion_3.jpg\" \/><\/a> <\/p>\n","protected":false},"excerpt":{"rendered":"<p>Le blog anglo-saxon The Kneeslider rapporte dans ses pages virtuelles, ce container permettant d&#8217;embarquer une moto avec vous et qui a pris son envol au salon EAA Airventure dans le Wisconsin, il y a quelques semaines. Cela semble a priori un luxe et laisse penser que ce produit ne trouvera pas sa client\u00e8le. Mais dans [&hellip;]<\/p>\n","protected":false},"author":324,"featured_media":0,"comment_status":"open","ping_status":"open","sticky":false,"template":"","format":"standard","meta":{"footnotes":""},"categories":[3,17,58,44],"tags":[],"class_list":["post-512","post","type-post","status-publish","format-standard","hentry","category-actualite","category-divers","category-insolite","category-yamaha"],"yoast_head":"<!-- This site is optimized with the Yoast SEO plugin v26.0 - https:\/\/yoast.com\/wordpress\/plugins\/seo\/ -->\n<title>Transporter sa moto par la voie des airs. - leblogmoto.com<\/title>\n<meta name=\"robots\" content=\"index, follow, max-snippet:-1, max-image-preview:large, max-video-preview:-1\" \/>\n<link rel=\"canonical\" href=\"https:\/\/blogs.thesocialmedia.com\/leblogmoto\/2008\/08\/28\/transporter-sa\/\" \/>\n<meta name=\"twitter:card\" content=\"summary_large_image\" \/>\n<meta name=\"twitter:title\" content=\"Transporter sa moto par la voie des airs. - leblogmoto.com\" \/>\n<meta name=\"twitter:description\" content=\"Le blog anglo-saxon The Kneeslider rapporte dans ses pages virtuelles, ce container permettant d&#8217;embarquer une moto avec vous et qui a pris son envol au salon EAA Airventure dans le Wisconsin, il y a quelques semaines. Cela semble a priori un luxe et laisse penser que ce produit ne trouvera pas sa client\u00e8le. Mais dans [&hellip;]\" \/>\n<meta name=\"twitter:image\" content=\"http:\/\/www.leblogmoto.com\/images\/2008\/08\/28\/moto_avion.jpg\" \/>\n<meta name=\"twitter:label1\" content=\"\u00c9crit par\" \/>\n\t<meta name=\"twitter:data1\" content=\"benoit rieu\" \/>\n\t<meta name=\"twitter:label2\" content=\"Dur\u00e9e de lecture estim\u00e9e\" \/>\n\t<meta name=\"twitter:data2\" content=\"1 minute\" \/>\n<script type=\"application\/ld+json\" class=\"yoast-schema-graph\">{\"@context\":\"https:\/\/schema.org\",\"@graph\":[{\"@type\":\"WebPage\",\"@id\":\"https:\/\/blogs.thesocialmedia.com\/leblogmoto\/2008\/08\/28\/transporter-sa\/\",\"url\":\"https:\/\/blogs.thesocialmedia.com\/leblogmoto\/2008\/08\/28\/transporter-sa\/\",\"name\":\"Transporter sa moto par la voie des airs. - leblogmoto.com\",\"isPartOf\":{\"@id\":\"https:\/\/blogs.thesocialmedia.com\/leblogmoto\/#website\"},\"primaryImageOfPage\":{\"@id\":\"https:\/\/blogs.thesocialmedia.com\/leblogmoto\/2008\/08\/28\/transporter-sa\/#primaryimage\"},\"image\":{\"@id\":\"https:\/\/blogs.thesocialmedia.com\/leblogmoto\/2008\/08\/28\/transporter-sa\/#primaryimage\"},\"thumbnailUrl\":\"http:\/\/www.leblogmoto.com\/images\/2008\/08\/28\/moto_avion.jpg\",\"datePublished\":\"2008-08-28T23:57:24+00:00\",\"dateModified\":\"2012-07-11T16:16:19+00:00\",\"author\":{\"@id\":\"https:\/\/blogs.thesocialmedia.com\/leblogmoto\/#\/schema\/person\/18bfe773e5725ed6d24f743da805362a\"},\"breadcrumb\":{\"@id\":\"https:\/\/blogs.thesocialmedia.com\/leblogmoto\/2008\/08\/28\/transporter-sa\/#breadcrumb\"},\"inLanguage\":\"fr-FR\",\"potentialAction\":[{\"@type\":\"ReadAction\",\"target\":[\"https:\/\/blogs.thesocialmedia.com\/leblogmoto\/2008\/08\/28\/transporter-sa\/\"]}]},{\"@type\":\"ImageObject\",\"inLanguage\":\"fr-FR\",\"@id\":\"https:\/\/blogs.thesocialmedia.com\/leblogmoto\/2008\/08\/28\/transporter-sa\/#primaryimage\",\"url\":\"http:\/\/www.leblogmoto.com\/images\/2008\/08\/28\/moto_avion.jpg\",\"contentUrl\":\"http:\/\/www.leblogmoto.com\/images\/2008\/08\/28\/moto_avion.jpg\"},{\"@type\":\"BreadcrumbList\",\"@id\":\"https:\/\/blogs.thesocialmedia.com\/leblogmoto\/2008\/08\/28\/transporter-sa\/#breadcrumb\",\"itemListElement\":[{\"@type\":\"ListItem\",\"position\":1,\"name\":\"Accueil\",\"item\":\"https:\/\/blogs.thesocialmedia.com\/leblogmoto\/\"},{\"@type\":\"ListItem\",\"position\":2,\"name\":\"Transporter sa moto par la voie des airs.\"}]},{\"@type\":\"WebSite\",\"@id\":\"https:\/\/blogs.thesocialmedia.com\/leblogmoto\/#website\",\"url\":\"https:\/\/blogs.thesocialmedia.com\/leblogmoto\/\",\"name\":\"leblogmoto\",\"description\":\"Toute l&#039;actualit\u00e9 des 2 roues\",\"potentialAction\":[{\"@type\":\"SearchAction\",\"target\":{\"@type\":\"EntryPoint\",\"urlTemplate\":\"https:\/\/blogs.thesocialmedia.com\/leblogmoto\/?s={search_term_string}\"},\"query-input\":{\"@type\":\"PropertyValueSpecification\",\"valueRequired\":true,\"valueName\":\"search_term_string\"}}],\"inLanguage\":\"fr-FR\"},{\"@type\":\"Person\",\"@id\":\"https:\/\/blogs.thesocialmedia.com\/leblogmoto\/#\/schema\/person\/18bfe773e5725ed6d24f743da805362a\",\"name\":\"benoit rieu\",\"image\":{\"@type\":\"ImageObject\",\"inLanguage\":\"fr-FR\",\"@id\":\"https:\/\/blogs.thesocialmedia.com\/leblogmoto\/#\/schema\/person\/image\/\",\"url\":\"https:\/\/secure.gravatar.com\/avatar\/?s=96&d=mm&r=g\",\"contentUrl\":\"https:\/\/secure.gravatar.com\/avatar\/?s=96&d=mm&r=g\",\"caption\":\"benoit rieu\"},\"url\":\"https:\/\/blogs.thesocialmedia.com\/leblogmoto\/author\/benoit-rieu\/\"}]}<\/script>\n<!-- \/ Yoast SEO plugin. -->","yoast_head_json":{"title":"Transporter sa moto par la voie des airs. - leblogmoto.com","robots":{"index":"index","follow":"follow","max-snippet":"max-snippet:-1","max-image-preview":"max-image-preview:large","max-video-preview":"max-video-preview:-1"},"canonical":"https:\/\/blogs.thesocialmedia.com\/leblogmoto\/2008\/08\/28\/transporter-sa\/","twitter_card":"summary_large_image","twitter_title":"Transporter sa moto par la voie des airs. - leblogmoto.com","twitter_description":"Le blog anglo-saxon The Kneeslider rapporte dans ses pages virtuelles, ce container permettant d&#8217;embarquer une moto avec vous et qui a pris son envol au salon EAA Airventure dans le Wisconsin, il y a quelques semaines. Cela semble a priori un luxe et laisse penser que ce produit ne trouvera pas sa client\u00e8le. Mais dans [&hellip;]","twitter_image":"http:\/\/www.leblogmoto.com\/images\/2008\/08\/28\/moto_avion.jpg","twitter_misc":{"\u00c9crit par":"benoit rieu","Dur\u00e9e de lecture estim\u00e9e":"1 minute"},"schema":{"@context":"https:\/\/schema.org","@graph":[{"@type":"WebPage","@id":"https:\/\/blogs.thesocialmedia.com\/leblogmoto\/2008\/08\/28\/transporter-sa\/","url":"https:\/\/blogs.thesocialmedia.com\/leblogmoto\/2008\/08\/28\/transporter-sa\/","name":"Transporter sa moto par la voie des airs. - leblogmoto.com","isPartOf":{"@id":"https:\/\/blogs.thesocialmedia.com\/leblogmoto\/#website"},"primaryImageOfPage":{"@id":"https:\/\/blogs.thesocialmedia.com\/leblogmoto\/2008\/08\/28\/transporter-sa\/#primaryimage"},"image":{"@id":"https:\/\/blogs.thesocialmedia.com\/leblogmoto\/2008\/08\/28\/transporter-sa\/#primaryimage"},"thumbnailUrl":"http:\/\/www.leblogmoto.com\/images\/2008\/08\/28\/moto_avion.jpg","datePublished":"2008-08-28T23:57:24+00:00","dateModified":"2012-07-11T16:16:19+00:00","author":{"@id":"https:\/\/blogs.thesocialmedia.com\/leblogmoto\/#\/schema\/person\/18bfe773e5725ed6d24f743da805362a"},"breadcrumb":{"@id":"https:\/\/blogs.thesocialmedia.com\/leblogmoto\/2008\/08\/28\/transporter-sa\/#breadcrumb"},"inLanguage":"fr-FR","potentialAction":[{"@type":"ReadAction","target":["https:\/\/blogs.thesocialmedia.com\/leblogmoto\/2008\/08\/28\/transporter-sa\/"]}]},{"@type":"ImageObject","inLanguage":"fr-FR","@id":"https:\/\/blogs.thesocialmedia.com\/leblogmoto\/2008\/08\/28\/transporter-sa\/#primaryimage","url":"http:\/\/www.leblogmoto.com\/images\/2008\/08\/28\/moto_avion.jpg","contentUrl":"http:\/\/www.leblogmoto.com\/images\/2008\/08\/28\/moto_avion.jpg"},{"@type":"BreadcrumbList","@id":"https:\/\/blogs.thesocialmedia.com\/leblogmoto\/2008\/08\/28\/transporter-sa\/#breadcrumb","itemListElement":[{"@type":"ListItem","position":1,"name":"Accueil","item":"https:\/\/blogs.thesocialmedia.com\/leblogmoto\/"},{"@type":"ListItem","position":2,"name":"Transporter sa moto par la voie des airs."}]},{"@type":"WebSite","@id":"https:\/\/blogs.thesocialmedia.com\/leblogmoto\/#website","url":"https:\/\/blogs.thesocialmedia.com\/leblogmoto\/","name":"leblogmoto","description":"Toute l&#039;actualit\u00e9 des 2 roues","potentialAction":[{"@type":"SearchAction","target":{"@type":"EntryPoint","urlTemplate":"https:\/\/blogs.thesocialmedia.com\/leblogmoto\/?s={search_term_string}"},"query-input":{"@type":"PropertyValueSpecification","valueRequired":true,"valueName":"search_term_string"}}],"inLanguage":"fr-FR"},{"@type":"Person","@id":"https:\/\/blogs.thesocialmedia.com\/leblogmoto\/#\/schema\/person\/18bfe773e5725ed6d24f743da805362a","name":"benoit rieu","image":{"@type":"ImageObject","inLanguage":"fr-FR","@id":"https:\/\/blogs.thesocialmedia.com\/leblogmoto\/#\/schema\/person\/image\/","url":"https:\/\/secure.gravatar.com\/avatar\/?s=96&d=mm&r=g","contentUrl":"https:\/\/secure.gravatar.com\/avatar\/?s=96&d=mm&r=g","caption":"benoit rieu"},"url":"https:\/\/blogs.thesocialmedia.com\/leblogmoto\/author\/benoit-rieu\/"}]}},"_links":{"self":[{"href":"https:\/\/blogs.thesocialmedia.com\/leblogmoto\/wp-json\/wp\/v2\/posts\/512","targetHints":{"allow":["GET"]}}],"collection":[{"href":"https:\/\/blogs.thesocialmedia.com\/leblogmoto\/wp-json\/wp\/v2\/posts"}],"about":[{"href":"https:\/\/blogs.thesocialmedia.com\/leblogmoto\/wp-json\/wp\/v2\/types\/post"}],"author":[{"embeddable":true,"href":"https:\/\/blogs.thesocialmedia.com\/leblogmoto\/wp-json\/wp\/v2\/users\/324"}],"replies":[{"embeddable":true,"href":"https:\/\/blogs.thesocialmedia.com\/leblogmoto\/wp-json\/wp\/v2\/comments?post=512"}],"version-history":[{"count":2,"href":"https:\/\/blogs.thesocialmedia.com\/leblogmoto\/wp-json\/wp\/v2\/posts\/512\/revisions"}],"predecessor-version":[{"id":11562,"href":"https:\/\/blogs.thesocialmedia.com\/leblogmoto\/wp-json\/wp\/v2\/posts\/512\/revisions\/11562"}],"wp:attachment":[{"href":"https:\/\/blogs.thesocialmedia.com\/leblogmoto\/wp-json\/wp\/v2\/media?parent=512"}],"wp:term":[{"taxonomy":"category","embeddable":true,"href":"https:\/\/blogs.thesocialmedia.com\/leblogmoto\/wp-json\/wp\/v2\/categories?post=512"},{"taxonomy":"post_tag","embeddable":true,"href":"https:\/\/blogs.thesocialmedia.com\/leblogmoto\/wp-json\/wp\/v2\/tags?post=512"}],"curies":[{"name":"wp","href":"https:\/\/api.w.org\/{rel}","templated":true}]}}