{"id":513,"date":"2008-08-28T23:55:41","date_gmt":"2008-08-28T23:55:41","guid":{"rendered":"http:\/\/blogs.thesocialmedia.com\/leblogmoto\/2008\/08\/28\/la-cohabitation\/"},"modified":"2012-07-11T16:16:16","modified_gmt":"2012-07-11T16:16:16","slug":"la-cohabitation","status":"publish","type":"post","link":"https:\/\/blogs.thesocialmedia.com\/leblogmoto\/2008\/08\/28\/la-cohabitation\/","title":{"rendered":"La cohabitation moto-scooters vue par un chroniqueur de France-Info."},"content":{"rendered":"<p><a href=\"http:\/\/blogs.thesocialmedia.com\/leblogmoto\/files\/2012\/07\/moto_scooter_vespa_scooter_bangkok_.jpg\"><img loading=\"lazy\" decoding=\"async\" width=\"470\" height=\"352\"  src=\"http:\/\/www.leblogmoto.com\/images\/2008\/08\/28\/moto_scooter_vespa_scooter_bangkok_.jpg\" alt=\"Moto_scooter_vespa_scooter_bangkok_\" \/><\/a><\/p>\n<p>A la recherche d&rsquo;infos sur le Spillo je suis tomb\u00e9 sur cette chronique de Serge Martin, r\u00e9dacteur en chef sur France Inter et chroniqueur sur <a href=\"http:\/\/www.france-info.com\/\">France-Info<\/a>, radio o\u00f9 il expose hebdomadairement* son point de vue d&rsquo;ancien pilote sur les deux-roues&#8230; et le comportement de leurs usagers, pour ce qui concerne le sujet qui nous int\u00e9resse. Bien qu&rsquo;il \u00e9vite les mots qui f\u00e2chent, je me suis assez retrouv\u00e9 en tant que motard et comme co-r\u00e9dacteur sur ce blog dans son opinion sur nos voisins. J&rsquo;ai parfois \u00e9t\u00e9 surpris des r\u00e9ponses tr\u00e8s dures de certains d&rsquo;entre-nous \u00e0 l&rsquo;\u00e9gard des scoot\u00e9ristes (par exemple sur le sujet d\u00e9volu au marquage au sol \u00e0 Barcelone). Mais je constate au jour le jour la l\u00e9g\u00e8ret\u00e9 des scoots dans les changements de files, le respect des feux tricolores, du sens <em>unique<\/em> de circulation, des rues <em>exclusivement<\/em> pi\u00e9tonnes, des trottoirs et du port du casque**, surtout en \u00e9t\u00e9 (para\u00eet que \u00e7a d\u00e9forme les coiffures g\u00e9lifi\u00e9es). Cependant nous ne sommes pas exempts de d\u00e9fauts, loin de l\u00e0.<\/p>\n<p>Extrait de la chronique &quot;Motos contre scooters&quot;:<\/p>\n<p>&quot;Guerre ou compl\u00e9mentarit\u00e9 ? Lorsque l\u2019on parle deux roues \u00e0 moteur, on pense imm\u00e9diatement aux motos et aux scooters. Deux moyens de locomotion qui, a priori, sont cens\u00e9s se c\u00f4toyer en pleine harmonie compte tenu de leurs ressemblances.<\/p>\n<p>Et bien non, loin de l\u00e0. On ne peut pas dire que leur cohabitation soit des plus paisibles. Elle n\u2019est pas \u00e9vidente sur le terrain, pas \u00e9vidente non plus dans les revues sp\u00e9cialis\u00e9es o\u00f9 les journalistes des magazines moto, par exemple, ont parfois bien du mal \u00e0 d\u00e9crire les qualit\u00e9s de certains scooters sans s\u2019attirer les foudres de leurs lecteurs. Et pourtant quelle compl\u00e9mentarit\u00e9 !&quot;<\/p>\n<p> Un lien vers le site de France-info pour <a href=\"http:\/\/www.france-info.com\/spip.php?article139298&amp;theme=81&amp;sous_theme=163\">la suite<\/a>.<\/p>\n<p><em>*Tous les samedis \u00e0 15h51, 17h51, 19h49, 21h42 et 23h21.<\/em><\/p>\n<p><em>**beaucoup de ces remarques valent pour les mobylettes; de l\u00e0 \u00e0 distinguer les comportements en relation avec la cylindr\u00e9e des scooters, et donc forc\u00e9ment les classes d&rsquo;\u00e2ge, il n&rsquo;y a qu&rsquo;un pas.<\/em><em><br \/><\/em><\/p>\n<p><em>cr\u00e9dit photo: <a href=\"http:\/\/commons.wikimedia.org\/wiki\/Image:Vespa_Scooter_Bangkok_Thailand.jpg\">Wikicommons<\/a>, livreur \u00e0 Bangkok, Tha\u00eflande.<\/em><\/p>\n<p><em><br \/><\/em><\/p>\n","protected":false},"excerpt":{"rendered":"<p>A la recherche d&rsquo;infos sur le Spillo je suis tomb\u00e9 sur cette chronique de Serge Martin, r\u00e9dacteur en chef sur France Inter et chroniqueur sur France-Info, radio o\u00f9 il expose hebdomadairement* son point de vue d&rsquo;ancien pilote sur les deux-roues&#8230; et le comportement de leurs usagers, pour ce qui concerne le sujet qui nous int\u00e9resse. [&hellip;]<\/p>\n","protected":false},"author":324,"featured_media":0,"comment_status":"open","ping_status":"open","sticky":false,"template":"","format":"standard","meta":{"footnotes":""},"categories":[19,27],"tags":[],"class_list":["post-513","post","type-post","status-publish","format-standard","hentry","category-scooter","category-securite"],"yoast_head":"<!-- This site is optimized with the Yoast SEO plugin v26.0 - https:\/\/yoast.com\/wordpress\/plugins\/seo\/ -->\n<title>La cohabitation moto-scooters vue par un chroniqueur de France-Info. - leblogmoto.com<\/title>\n<meta name=\"robots\" content=\"index, follow, max-snippet:-1, max-image-preview:large, max-video-preview:-1\" \/>\n<link rel=\"canonical\" href=\"https:\/\/blogs.thesocialmedia.com\/leblogmoto\/2008\/08\/28\/la-cohabitation\/\" \/>\n<meta name=\"twitter:card\" content=\"summary_large_image\" \/>\n<meta name=\"twitter:title\" content=\"La cohabitation moto-scooters vue par un chroniqueur de France-Info. - leblogmoto.com\" \/>\n<meta name=\"twitter:description\" content=\"A la recherche d&rsquo;infos sur le Spillo je suis tomb\u00e9 sur cette chronique de Serge Martin, r\u00e9dacteur en chef sur France Inter et chroniqueur sur France-Info, radio o\u00f9 il expose hebdomadairement* son point de vue d&rsquo;ancien pilote sur les deux-roues&#8230; et le comportement de leurs usagers, pour ce qui concerne le sujet qui nous int\u00e9resse. [&hellip;]\" \/>\n<meta name=\"twitter:image\" content=\"http:\/\/www.leblogmoto.com\/images\/2008\/08\/28\/moto_scooter_vespa_scooter_bangkok_.jpg\" \/>\n<meta name=\"twitter:label1\" content=\"\u00c9crit par\" \/>\n\t<meta name=\"twitter:data1\" content=\"benoit rieu\" \/>\n\t<meta name=\"twitter:label2\" content=\"Dur\u00e9e de lecture estim\u00e9e\" \/>\n\t<meta name=\"twitter:data2\" content=\"2 minutes\" \/>\n<script type=\"application\/ld+json\" class=\"yoast-schema-graph\">{\"@context\":\"https:\/\/schema.org\",\"@graph\":[{\"@type\":\"WebPage\",\"@id\":\"https:\/\/blogs.thesocialmedia.com\/leblogmoto\/2008\/08\/28\/la-cohabitation\/\",\"url\":\"https:\/\/blogs.thesocialmedia.com\/leblogmoto\/2008\/08\/28\/la-cohabitation\/\",\"name\":\"La cohabitation moto-scooters vue par un chroniqueur de France-Info. - leblogmoto.com\",\"isPartOf\":{\"@id\":\"https:\/\/blogs.thesocialmedia.com\/leblogmoto\/#website\"},\"primaryImageOfPage\":{\"@id\":\"https:\/\/blogs.thesocialmedia.com\/leblogmoto\/2008\/08\/28\/la-cohabitation\/#primaryimage\"},\"image\":{\"@id\":\"https:\/\/blogs.thesocialmedia.com\/leblogmoto\/2008\/08\/28\/la-cohabitation\/#primaryimage\"},\"thumbnailUrl\":\"http:\/\/www.leblogmoto.com\/images\/2008\/08\/28\/moto_scooter_vespa_scooter_bangkok_.jpg\",\"datePublished\":\"2008-08-28T23:55:41+00:00\",\"dateModified\":\"2012-07-11T16:16:16+00:00\",\"author\":{\"@id\":\"https:\/\/blogs.thesocialmedia.com\/leblogmoto\/#\/schema\/person\/18bfe773e5725ed6d24f743da805362a\"},\"breadcrumb\":{\"@id\":\"https:\/\/blogs.thesocialmedia.com\/leblogmoto\/2008\/08\/28\/la-cohabitation\/#breadcrumb\"},\"inLanguage\":\"fr-FR\",\"potentialAction\":[{\"@type\":\"ReadAction\",\"target\":[\"https:\/\/blogs.thesocialmedia.com\/leblogmoto\/2008\/08\/28\/la-cohabitation\/\"]}]},{\"@type\":\"ImageObject\",\"inLanguage\":\"fr-FR\",\"@id\":\"https:\/\/blogs.thesocialmedia.com\/leblogmoto\/2008\/08\/28\/la-cohabitation\/#primaryimage\",\"url\":\"http:\/\/www.leblogmoto.com\/images\/2008\/08\/28\/moto_scooter_vespa_scooter_bangkok_.jpg\",\"contentUrl\":\"http:\/\/www.leblogmoto.com\/images\/2008\/08\/28\/moto_scooter_vespa_scooter_bangkok_.jpg\"},{\"@type\":\"BreadcrumbList\",\"@id\":\"https:\/\/blogs.thesocialmedia.com\/leblogmoto\/2008\/08\/28\/la-cohabitation\/#breadcrumb\",\"itemListElement\":[{\"@type\":\"ListItem\",\"position\":1,\"name\":\"Accueil\",\"item\":\"https:\/\/blogs.thesocialmedia.com\/leblogmoto\/\"},{\"@type\":\"ListItem\",\"position\":2,\"name\":\"La cohabitation moto-scooters vue par un chroniqueur de France-Info.\"}]},{\"@type\":\"WebSite\",\"@id\":\"https:\/\/blogs.thesocialmedia.com\/leblogmoto\/#website\",\"url\":\"https:\/\/blogs.thesocialmedia.com\/leblogmoto\/\",\"name\":\"leblogmoto\",\"description\":\"Toute l&#039;actualit\u00e9 des 2 roues\",\"potentialAction\":[{\"@type\":\"SearchAction\",\"target\":{\"@type\":\"EntryPoint\",\"urlTemplate\":\"https:\/\/blogs.thesocialmedia.com\/leblogmoto\/?s={search_term_string}\"},\"query-input\":{\"@type\":\"PropertyValueSpecification\",\"valueRequired\":true,\"valueName\":\"search_term_string\"}}],\"inLanguage\":\"fr-FR\"},{\"@type\":\"Person\",\"@id\":\"https:\/\/blogs.thesocialmedia.com\/leblogmoto\/#\/schema\/person\/18bfe773e5725ed6d24f743da805362a\",\"name\":\"benoit rieu\",\"image\":{\"@type\":\"ImageObject\",\"inLanguage\":\"fr-FR\",\"@id\":\"https:\/\/blogs.thesocialmedia.com\/leblogmoto\/#\/schema\/person\/image\/\",\"url\":\"https:\/\/secure.gravatar.com\/avatar\/?s=96&d=mm&r=g\",\"contentUrl\":\"https:\/\/secure.gravatar.com\/avatar\/?s=96&d=mm&r=g\",\"caption\":\"benoit rieu\"},\"url\":\"https:\/\/blogs.thesocialmedia.com\/leblogmoto\/author\/benoit-rieu\/\"}]}<\/script>\n<!-- \/ Yoast SEO plugin. -->","yoast_head_json":{"title":"La cohabitation moto-scooters vue par un chroniqueur de France-Info. - leblogmoto.com","robots":{"index":"index","follow":"follow","max-snippet":"max-snippet:-1","max-image-preview":"max-image-preview:large","max-video-preview":"max-video-preview:-1"},"canonical":"https:\/\/blogs.thesocialmedia.com\/leblogmoto\/2008\/08\/28\/la-cohabitation\/","twitter_card":"summary_large_image","twitter_title":"La cohabitation moto-scooters vue par un chroniqueur de France-Info. - leblogmoto.com","twitter_description":"A la recherche d&rsquo;infos sur le Spillo je suis tomb\u00e9 sur cette chronique de Serge Martin, r\u00e9dacteur en chef sur France Inter et chroniqueur sur France-Info, radio o\u00f9 il expose hebdomadairement* son point de vue d&rsquo;ancien pilote sur les deux-roues&#8230; et le comportement de leurs usagers, pour ce qui concerne le sujet qui nous int\u00e9resse. [&hellip;]","twitter_image":"http:\/\/www.leblogmoto.com\/images\/2008\/08\/28\/moto_scooter_vespa_scooter_bangkok_.jpg","twitter_misc":{"\u00c9crit par":"benoit rieu","Dur\u00e9e de lecture estim\u00e9e":"2 minutes"},"schema":{"@context":"https:\/\/schema.org","@graph":[{"@type":"WebPage","@id":"https:\/\/blogs.thesocialmedia.com\/leblogmoto\/2008\/08\/28\/la-cohabitation\/","url":"https:\/\/blogs.thesocialmedia.com\/leblogmoto\/2008\/08\/28\/la-cohabitation\/","name":"La cohabitation moto-scooters vue par un chroniqueur de France-Info. - leblogmoto.com","isPartOf":{"@id":"https:\/\/blogs.thesocialmedia.com\/leblogmoto\/#website"},"primaryImageOfPage":{"@id":"https:\/\/blogs.thesocialmedia.com\/leblogmoto\/2008\/08\/28\/la-cohabitation\/#primaryimage"},"image":{"@id":"https:\/\/blogs.thesocialmedia.com\/leblogmoto\/2008\/08\/28\/la-cohabitation\/#primaryimage"},"thumbnailUrl":"http:\/\/www.leblogmoto.com\/images\/2008\/08\/28\/moto_scooter_vespa_scooter_bangkok_.jpg","datePublished":"2008-08-28T23:55:41+00:00","dateModified":"2012-07-11T16:16:16+00:00","author":{"@id":"https:\/\/blogs.thesocialmedia.com\/leblogmoto\/#\/schema\/person\/18bfe773e5725ed6d24f743da805362a"},"breadcrumb":{"@id":"https:\/\/blogs.thesocialmedia.com\/leblogmoto\/2008\/08\/28\/la-cohabitation\/#breadcrumb"},"inLanguage":"fr-FR","potentialAction":[{"@type":"ReadAction","target":["https:\/\/blogs.thesocialmedia.com\/leblogmoto\/2008\/08\/28\/la-cohabitation\/"]}]},{"@type":"ImageObject","inLanguage":"fr-FR","@id":"https:\/\/blogs.thesocialmedia.com\/leblogmoto\/2008\/08\/28\/la-cohabitation\/#primaryimage","url":"http:\/\/www.leblogmoto.com\/images\/2008\/08\/28\/moto_scooter_vespa_scooter_bangkok_.jpg","contentUrl":"http:\/\/www.leblogmoto.com\/images\/2008\/08\/28\/moto_scooter_vespa_scooter_bangkok_.jpg"},{"@type":"BreadcrumbList","@id":"https:\/\/blogs.thesocialmedia.com\/leblogmoto\/2008\/08\/28\/la-cohabitation\/#breadcrumb","itemListElement":[{"@type":"ListItem","position":1,"name":"Accueil","item":"https:\/\/blogs.thesocialmedia.com\/leblogmoto\/"},{"@type":"ListItem","position":2,"name":"La cohabitation moto-scooters vue par un chroniqueur de France-Info."}]},{"@type":"WebSite","@id":"https:\/\/blogs.thesocialmedia.com\/leblogmoto\/#website","url":"https:\/\/blogs.thesocialmedia.com\/leblogmoto\/","name":"leblogmoto","description":"Toute l&#039;actualit\u00e9 des 2 roues","potentialAction":[{"@type":"SearchAction","target":{"@type":"EntryPoint","urlTemplate":"https:\/\/blogs.thesocialmedia.com\/leblogmoto\/?s={search_term_string}"},"query-input":{"@type":"PropertyValueSpecification","valueRequired":true,"valueName":"search_term_string"}}],"inLanguage":"fr-FR"},{"@type":"Person","@id":"https:\/\/blogs.thesocialmedia.com\/leblogmoto\/#\/schema\/person\/18bfe773e5725ed6d24f743da805362a","name":"benoit rieu","image":{"@type":"ImageObject","inLanguage":"fr-FR","@id":"https:\/\/blogs.thesocialmedia.com\/leblogmoto\/#\/schema\/person\/image\/","url":"https:\/\/secure.gravatar.com\/avatar\/?s=96&d=mm&r=g","contentUrl":"https:\/\/secure.gravatar.com\/avatar\/?s=96&d=mm&r=g","caption":"benoit rieu"},"url":"https:\/\/blogs.thesocialmedia.com\/leblogmoto\/author\/benoit-rieu\/"}]}},"_links":{"self":[{"href":"https:\/\/blogs.thesocialmedia.com\/leblogmoto\/wp-json\/wp\/v2\/posts\/513","targetHints":{"allow":["GET"]}}],"collection":[{"href":"https:\/\/blogs.thesocialmedia.com\/leblogmoto\/wp-json\/wp\/v2\/posts"}],"about":[{"href":"https:\/\/blogs.thesocialmedia.com\/leblogmoto\/wp-json\/wp\/v2\/types\/post"}],"author":[{"embeddable":true,"href":"https:\/\/blogs.thesocialmedia.com\/leblogmoto\/wp-json\/wp\/v2\/users\/324"}],"replies":[{"embeddable":true,"href":"https:\/\/blogs.thesocialmedia.com\/leblogmoto\/wp-json\/wp\/v2\/comments?post=513"}],"version-history":[{"count":2,"href":"https:\/\/blogs.thesocialmedia.com\/leblogmoto\/wp-json\/wp\/v2\/posts\/513\/revisions"}],"predecessor-version":[{"id":11559,"href":"https:\/\/blogs.thesocialmedia.com\/leblogmoto\/wp-json\/wp\/v2\/posts\/513\/revisions\/11559"}],"wp:attachment":[{"href":"https:\/\/blogs.thesocialmedia.com\/leblogmoto\/wp-json\/wp\/v2\/media?parent=513"}],"wp:term":[{"taxonomy":"category","embeddable":true,"href":"https:\/\/blogs.thesocialmedia.com\/leblogmoto\/wp-json\/wp\/v2\/categories?post=513"},{"taxonomy":"post_tag","embeddable":true,"href":"https:\/\/blogs.thesocialmedia.com\/leblogmoto\/wp-json\/wp\/v2\/tags?post=513"}],"curies":[{"name":"wp","href":"https:\/\/api.w.org\/{rel}","templated":true}]}}