{"id":514,"date":"2008-08-27T23:51:31","date_gmt":"2008-08-27T23:51:31","guid":{"rendered":"http:\/\/blogs.thesocialmedia.com\/leblogmoto\/2008\/08\/27\/moto-au-logo-ja\/"},"modified":"2012-07-11T16:16:13","modified_gmt":"2012-07-11T16:16:13","slug":"moto-au-logo-ja","status":"publish","type":"post","link":"https:\/\/blogs.thesocialmedia.com\/leblogmoto\/2008\/08\/27\/moto-au-logo-ja\/","title":{"rendered":"Moto au logo Jaguar, l&rsquo;involontaire retour aux sources."},"content":{"rendered":"<p><a href=\"http:\/\/blogs.thesocialmedia.com\/leblogmoto\/files\/2012\/07\/moto_jag_bike_3.jpg\"><img loading=\"lazy\" decoding=\"async\" width=\"470\" height=\"352\"  alt=\"Moto_jag_bike_3\" src=\"http:\/\/www.leblogmoto.com\/images\/2008\/08\/27\/moto_jag_bike_3.jpg\" \/><\/a><\/p>\n<p>Vue sur <a href=\"http:\/\/www.t3.com\/news\/t3-exclusive-pictures-of-the-first-ever-jaguar-motorcycle-?=36416\">T3<\/a> et <a href=\"http:\/\/thenewcaferacersociety.blogspot.com\/2008\/08\/zen-moment_25.html\">Cafe racer Society<\/a>, les deux blogs se bornent \u00e0 constater qu&rsquo;un g\u00e9nial bricoleur a dans son garage assembl\u00e9 une moto dont le cadre est inspir\u00e9 du c\u00e9l\u00e8bre logo de la marque anglaise (et propri\u00e9t\u00e9 du groupe indien Tata), sans malheureusement fournir de renseignements sur le moulbif. Il est clair que trouver un moteur de cruiser dans ce logo a la gloire de l&rsquo;automobile de luxe, bien loin de la moto donc, a de quoi surprendre. C&rsquo;est oublier que Jaguar est \u00e0 l&rsquo;origine la <a href=\"Swallow Sidecar Company\">SSC<\/a> ou Swallow Sidecar Company et qu&rsquo;elle assembla des&#8230; side-cars jusqu&rsquo;en 1926, devenant la Swallow Coachbuilding company. Rebaptis\u00e9e ensuite en <a href=\"http:\/\/en.wikipedia.org\/wiki\/SS_Cars_Ltd\" title=\"SS Cars Ltd\">S.S. Cars Ltd<\/a>&nbsp; la compagnie changera de d\u00e9nomination commerciale en raison des connotations lugubre de SS, les unit\u00e9s nazis de sinistre m\u00e9moire pour acqu\u00e9rir son appellation actuelle, en hommage au c\u00e9l\u00e8bre f\u00e9lin. <\/p>\n<p><a href=\"http:\/\/clabedan.typepad.com\/.shared\/image.html?\/photos\/uncategorized\/2008\/08\/27\/moto_jag_bike_2_2.jpg\"><img loading=\"lazy\" decoding=\"async\" width=\"470\" height=\"352\"  alt=\"Moto_jag_bike_2_2\" src=\"http:\/\/www.leblogmoto.com\/images\/2008\/08\/27\/moto_jag_bike_2_2.jpg\" \/><\/a> <\/p>\n","protected":false},"excerpt":{"rendered":"<p>Vue sur T3 et Cafe racer Society, les deux blogs se bornent \u00e0 constater qu&rsquo;un g\u00e9nial bricoleur a dans son garage assembl\u00e9 une moto dont le cadre est inspir\u00e9 du c\u00e9l\u00e8bre logo de la marque anglaise (et propri\u00e9t\u00e9 du groupe indien Tata), sans malheureusement fournir de renseignements sur le moulbif. Il est clair que trouver [&hellip;]<\/p>\n","protected":false},"author":324,"featured_media":0,"comment_status":"open","ping_status":"open","sticky":false,"template":"","format":"standard","meta":{"footnotes":""},"categories":[49,38,33],"tags":[],"class_list":["post-514","post","type-post","status-publish","format-standard","hentry","category-actualites-entreprise","category-atelier","category-concept-bike"],"yoast_head":"<!-- This site is optimized with the Yoast SEO plugin v26.0 - https:\/\/yoast.com\/wordpress\/plugins\/seo\/ -->\n<title>Moto au logo Jaguar, l&#039;involontaire retour aux sources. - leblogmoto.com<\/title>\n<meta name=\"robots\" content=\"index, follow, max-snippet:-1, max-image-preview:large, max-video-preview:-1\" \/>\n<link rel=\"canonical\" href=\"https:\/\/blogs.thesocialmedia.com\/leblogmoto\/2008\/08\/27\/moto-au-logo-ja\/\" \/>\n<meta name=\"twitter:card\" content=\"summary_large_image\" \/>\n<meta name=\"twitter:title\" content=\"Moto au logo Jaguar, l&#039;involontaire retour aux sources. - leblogmoto.com\" \/>\n<meta name=\"twitter:description\" content=\"Vue sur T3 et Cafe racer Society, les deux blogs se bornent \u00e0 constater qu&rsquo;un g\u00e9nial bricoleur a dans son garage assembl\u00e9 une moto dont le cadre est inspir\u00e9 du c\u00e9l\u00e8bre logo de la marque anglaise (et propri\u00e9t\u00e9 du groupe indien Tata), sans malheureusement fournir de renseignements sur le moulbif. Il est clair que trouver [&hellip;]\" \/>\n<meta name=\"twitter:image\" content=\"http:\/\/www.leblogmoto.com\/images\/2008\/08\/27\/moto_jag_bike_3.jpg\" \/>\n<meta name=\"twitter:label1\" content=\"\u00c9crit par\" \/>\n\t<meta name=\"twitter:data1\" content=\"benoit rieu\" \/>\n\t<meta name=\"twitter:label2\" content=\"Dur\u00e9e de lecture estim\u00e9e\" \/>\n\t<meta name=\"twitter:data2\" content=\"1 minute\" \/>\n<script type=\"application\/ld+json\" class=\"yoast-schema-graph\">{\"@context\":\"https:\/\/schema.org\",\"@graph\":[{\"@type\":\"WebPage\",\"@id\":\"https:\/\/blogs.thesocialmedia.com\/leblogmoto\/2008\/08\/27\/moto-au-logo-ja\/\",\"url\":\"https:\/\/blogs.thesocialmedia.com\/leblogmoto\/2008\/08\/27\/moto-au-logo-ja\/\",\"name\":\"Moto au logo Jaguar, l'involontaire retour aux sources. - leblogmoto.com\",\"isPartOf\":{\"@id\":\"https:\/\/blogs.thesocialmedia.com\/leblogmoto\/#website\"},\"primaryImageOfPage\":{\"@id\":\"https:\/\/blogs.thesocialmedia.com\/leblogmoto\/2008\/08\/27\/moto-au-logo-ja\/#primaryimage\"},\"image\":{\"@id\":\"https:\/\/blogs.thesocialmedia.com\/leblogmoto\/2008\/08\/27\/moto-au-logo-ja\/#primaryimage\"},\"thumbnailUrl\":\"http:\/\/www.leblogmoto.com\/images\/2008\/08\/27\/moto_jag_bike_3.jpg\",\"datePublished\":\"2008-08-27T23:51:31+00:00\",\"dateModified\":\"2012-07-11T16:16:13+00:00\",\"author\":{\"@id\":\"https:\/\/blogs.thesocialmedia.com\/leblogmoto\/#\/schema\/person\/18bfe773e5725ed6d24f743da805362a\"},\"breadcrumb\":{\"@id\":\"https:\/\/blogs.thesocialmedia.com\/leblogmoto\/2008\/08\/27\/moto-au-logo-ja\/#breadcrumb\"},\"inLanguage\":\"fr-FR\",\"potentialAction\":[{\"@type\":\"ReadAction\",\"target\":[\"https:\/\/blogs.thesocialmedia.com\/leblogmoto\/2008\/08\/27\/moto-au-logo-ja\/\"]}]},{\"@type\":\"ImageObject\",\"inLanguage\":\"fr-FR\",\"@id\":\"https:\/\/blogs.thesocialmedia.com\/leblogmoto\/2008\/08\/27\/moto-au-logo-ja\/#primaryimage\",\"url\":\"http:\/\/www.leblogmoto.com\/images\/2008\/08\/27\/moto_jag_bike_3.jpg\",\"contentUrl\":\"http:\/\/www.leblogmoto.com\/images\/2008\/08\/27\/moto_jag_bike_3.jpg\"},{\"@type\":\"BreadcrumbList\",\"@id\":\"https:\/\/blogs.thesocialmedia.com\/leblogmoto\/2008\/08\/27\/moto-au-logo-ja\/#breadcrumb\",\"itemListElement\":[{\"@type\":\"ListItem\",\"position\":1,\"name\":\"Accueil\",\"item\":\"https:\/\/blogs.thesocialmedia.com\/leblogmoto\/\"},{\"@type\":\"ListItem\",\"position\":2,\"name\":\"Moto au logo Jaguar, l&rsquo;involontaire retour aux sources.\"}]},{\"@type\":\"WebSite\",\"@id\":\"https:\/\/blogs.thesocialmedia.com\/leblogmoto\/#website\",\"url\":\"https:\/\/blogs.thesocialmedia.com\/leblogmoto\/\",\"name\":\"leblogmoto\",\"description\":\"Toute l&#039;actualit\u00e9 des 2 roues\",\"potentialAction\":[{\"@type\":\"SearchAction\",\"target\":{\"@type\":\"EntryPoint\",\"urlTemplate\":\"https:\/\/blogs.thesocialmedia.com\/leblogmoto\/?s={search_term_string}\"},\"query-input\":{\"@type\":\"PropertyValueSpecification\",\"valueRequired\":true,\"valueName\":\"search_term_string\"}}],\"inLanguage\":\"fr-FR\"},{\"@type\":\"Person\",\"@id\":\"https:\/\/blogs.thesocialmedia.com\/leblogmoto\/#\/schema\/person\/18bfe773e5725ed6d24f743da805362a\",\"name\":\"benoit rieu\",\"image\":{\"@type\":\"ImageObject\",\"inLanguage\":\"fr-FR\",\"@id\":\"https:\/\/blogs.thesocialmedia.com\/leblogmoto\/#\/schema\/person\/image\/\",\"url\":\"https:\/\/secure.gravatar.com\/avatar\/?s=96&d=mm&r=g\",\"contentUrl\":\"https:\/\/secure.gravatar.com\/avatar\/?s=96&d=mm&r=g\",\"caption\":\"benoit rieu\"},\"url\":\"https:\/\/blogs.thesocialmedia.com\/leblogmoto\/author\/benoit-rieu\/\"}]}<\/script>\n<!-- \/ Yoast SEO plugin. -->","yoast_head_json":{"title":"Moto au logo Jaguar, l'involontaire retour aux sources. - leblogmoto.com","robots":{"index":"index","follow":"follow","max-snippet":"max-snippet:-1","max-image-preview":"max-image-preview:large","max-video-preview":"max-video-preview:-1"},"canonical":"https:\/\/blogs.thesocialmedia.com\/leblogmoto\/2008\/08\/27\/moto-au-logo-ja\/","twitter_card":"summary_large_image","twitter_title":"Moto au logo Jaguar, l'involontaire retour aux sources. - leblogmoto.com","twitter_description":"Vue sur T3 et Cafe racer Society, les deux blogs se bornent \u00e0 constater qu&rsquo;un g\u00e9nial bricoleur a dans son garage assembl\u00e9 une moto dont le cadre est inspir\u00e9 du c\u00e9l\u00e8bre logo de la marque anglaise (et propri\u00e9t\u00e9 du groupe indien Tata), sans malheureusement fournir de renseignements sur le moulbif. Il est clair que trouver [&hellip;]","twitter_image":"http:\/\/www.leblogmoto.com\/images\/2008\/08\/27\/moto_jag_bike_3.jpg","twitter_misc":{"\u00c9crit par":"benoit rieu","Dur\u00e9e de lecture estim\u00e9e":"1 minute"},"schema":{"@context":"https:\/\/schema.org","@graph":[{"@type":"WebPage","@id":"https:\/\/blogs.thesocialmedia.com\/leblogmoto\/2008\/08\/27\/moto-au-logo-ja\/","url":"https:\/\/blogs.thesocialmedia.com\/leblogmoto\/2008\/08\/27\/moto-au-logo-ja\/","name":"Moto au logo Jaguar, l'involontaire retour aux sources. - leblogmoto.com","isPartOf":{"@id":"https:\/\/blogs.thesocialmedia.com\/leblogmoto\/#website"},"primaryImageOfPage":{"@id":"https:\/\/blogs.thesocialmedia.com\/leblogmoto\/2008\/08\/27\/moto-au-logo-ja\/#primaryimage"},"image":{"@id":"https:\/\/blogs.thesocialmedia.com\/leblogmoto\/2008\/08\/27\/moto-au-logo-ja\/#primaryimage"},"thumbnailUrl":"http:\/\/www.leblogmoto.com\/images\/2008\/08\/27\/moto_jag_bike_3.jpg","datePublished":"2008-08-27T23:51:31+00:00","dateModified":"2012-07-11T16:16:13+00:00","author":{"@id":"https:\/\/blogs.thesocialmedia.com\/leblogmoto\/#\/schema\/person\/18bfe773e5725ed6d24f743da805362a"},"breadcrumb":{"@id":"https:\/\/blogs.thesocialmedia.com\/leblogmoto\/2008\/08\/27\/moto-au-logo-ja\/#breadcrumb"},"inLanguage":"fr-FR","potentialAction":[{"@type":"ReadAction","target":["https:\/\/blogs.thesocialmedia.com\/leblogmoto\/2008\/08\/27\/moto-au-logo-ja\/"]}]},{"@type":"ImageObject","inLanguage":"fr-FR","@id":"https:\/\/blogs.thesocialmedia.com\/leblogmoto\/2008\/08\/27\/moto-au-logo-ja\/#primaryimage","url":"http:\/\/www.leblogmoto.com\/images\/2008\/08\/27\/moto_jag_bike_3.jpg","contentUrl":"http:\/\/www.leblogmoto.com\/images\/2008\/08\/27\/moto_jag_bike_3.jpg"},{"@type":"BreadcrumbList","@id":"https:\/\/blogs.thesocialmedia.com\/leblogmoto\/2008\/08\/27\/moto-au-logo-ja\/#breadcrumb","itemListElement":[{"@type":"ListItem","position":1,"name":"Accueil","item":"https:\/\/blogs.thesocialmedia.com\/leblogmoto\/"},{"@type":"ListItem","position":2,"name":"Moto au logo Jaguar, l&rsquo;involontaire retour aux sources."}]},{"@type":"WebSite","@id":"https:\/\/blogs.thesocialmedia.com\/leblogmoto\/#website","url":"https:\/\/blogs.thesocialmedia.com\/leblogmoto\/","name":"leblogmoto","description":"Toute l&#039;actualit\u00e9 des 2 roues","potentialAction":[{"@type":"SearchAction","target":{"@type":"EntryPoint","urlTemplate":"https:\/\/blogs.thesocialmedia.com\/leblogmoto\/?s={search_term_string}"},"query-input":{"@type":"PropertyValueSpecification","valueRequired":true,"valueName":"search_term_string"}}],"inLanguage":"fr-FR"},{"@type":"Person","@id":"https:\/\/blogs.thesocialmedia.com\/leblogmoto\/#\/schema\/person\/18bfe773e5725ed6d24f743da805362a","name":"benoit rieu","image":{"@type":"ImageObject","inLanguage":"fr-FR","@id":"https:\/\/blogs.thesocialmedia.com\/leblogmoto\/#\/schema\/person\/image\/","url":"https:\/\/secure.gravatar.com\/avatar\/?s=96&d=mm&r=g","contentUrl":"https:\/\/secure.gravatar.com\/avatar\/?s=96&d=mm&r=g","caption":"benoit rieu"},"url":"https:\/\/blogs.thesocialmedia.com\/leblogmoto\/author\/benoit-rieu\/"}]}},"_links":{"self":[{"href":"https:\/\/blogs.thesocialmedia.com\/leblogmoto\/wp-json\/wp\/v2\/posts\/514","targetHints":{"allow":["GET"]}}],"collection":[{"href":"https:\/\/blogs.thesocialmedia.com\/leblogmoto\/wp-json\/wp\/v2\/posts"}],"about":[{"href":"https:\/\/blogs.thesocialmedia.com\/leblogmoto\/wp-json\/wp\/v2\/types\/post"}],"author":[{"embeddable":true,"href":"https:\/\/blogs.thesocialmedia.com\/leblogmoto\/wp-json\/wp\/v2\/users\/324"}],"replies":[{"embeddable":true,"href":"https:\/\/blogs.thesocialmedia.com\/leblogmoto\/wp-json\/wp\/v2\/comments?post=514"}],"version-history":[{"count":2,"href":"https:\/\/blogs.thesocialmedia.com\/leblogmoto\/wp-json\/wp\/v2\/posts\/514\/revisions"}],"predecessor-version":[{"id":11557,"href":"https:\/\/blogs.thesocialmedia.com\/leblogmoto\/wp-json\/wp\/v2\/posts\/514\/revisions\/11557"}],"wp:attachment":[{"href":"https:\/\/blogs.thesocialmedia.com\/leblogmoto\/wp-json\/wp\/v2\/media?parent=514"}],"wp:term":[{"taxonomy":"category","embeddable":true,"href":"https:\/\/blogs.thesocialmedia.com\/leblogmoto\/wp-json\/wp\/v2\/categories?post=514"},{"taxonomy":"post_tag","embeddable":true,"href":"https:\/\/blogs.thesocialmedia.com\/leblogmoto\/wp-json\/wp\/v2\/tags?post=514"}],"curies":[{"name":"wp","href":"https:\/\/api.w.org\/{rel}","templated":true}]}}