{"id":515,"date":"2008-08-27T23:48:35","date_gmt":"2008-08-27T23:48:35","guid":{"rendered":"http:\/\/blogs.thesocialmedia.com\/leblogmoto\/2008\/08\/27\/vespamoches-et\/"},"modified":"2012-07-11T16:16:11","modified_gmt":"2012-07-11T16:16:11","slug":"vespamoches-et","status":"publish","type":"post","link":"https:\/\/blogs.thesocialmedia.com\/leblogmoto\/2008\/08\/27\/vespamoches-et\/","title":{"rendered":"Vespamoch\u00e9es et Vesparterre, Paris territoire des scoots \u00e9clop\u00e9s ?"},"content":{"rendered":"<p><a href=\"http:\/\/blogs.thesocialmedia.com\/leblogmoto\/files\/2012\/07\/dsc05995.jpg\"><img loading=\"lazy\" decoding=\"async\" width=\"470\" height=\"626\"  src=\"http:\/\/www.leblogmoto.com\/images\/2008\/08\/27\/dsc05995.jpg\" alt=\"Dsc05995\" \/><\/a><\/p>\n<p>Nous avions d\u00e9j\u00e0 abord\u00e9 les scoots de Piaggio \u00e0 Paris gr\u00e2ce au blog <a href=\"http:\/\/vesparis.hautetfort.com\/\">Vesparis<\/a> pour un article assez g\u00e9n\u00e9ral pr\u00e9sentant les deux-roues sous un angle l\u00e9ger et amusant, le blogger en question allant \u00e0 la <a href=\"http:\/\/www.leblogmoto.com\/2008\/02\/chercher-le-dta.html\">p\u00eache au d\u00e9tail<\/a> dans sa ville. Nous y revenons pour aborder les deux sujets qu&rsquo;il a trait\u00e9 plus t\u00f4t cette ann\u00e9e et la tonalit\u00e9 est bien plus grave: voici expos\u00e9s au vu et au su de tous des scooters <a href=\"http:\/\/www.fr.vespa.com\/fr_FR\/\">Vespa<\/a> borgnes, unijambistes, renvers\u00e9s. Et cela fait mal au c\u0153ur. Enrico Piaggio et l&rsquo;ing\u00e9 D&rsquo;Asciano doivent se retourner dans leur tombe. Pour se remettre le moral en selle, si j&rsquo;ose dire, nous traiterons du petit Spillo de Gamax et du GTS 300 dans les jours qui viennent. <\/p>\n<p><a href=\"http:\/\/clabedan.typepad.com\/.shared\/image.html?\/photos\/uncategorized\/2008\/08\/27\/dsc05951.jpg\"><img loading=\"lazy\" decoding=\"async\" width=\"470\" height=\"352\"  src=\"http:\/\/www.leblogmoto.com\/images\/2008\/08\/27\/dsc05951.jpg\" alt=\"Dsc05951\" \/><\/a> <\/p>\n<p><a href=\"http:\/\/blogs.thesocialmedia.com\/leblogmoto\/files\/2012\/07\/dsc05953.jpg\"><img loading=\"lazy\" decoding=\"async\" width=\"470\" height=\"626\"  alt=\"Dsc05953\" src=\"http:\/\/www.leblogmoto.com\/images\/2008\/08\/27\/dsc05953.jpg\" \/><\/a><\/p>\n<p><a href=\"http:\/\/blogs.thesocialmedia.com\/leblogmoto\/files\/2012\/07\/dsc05740.jpg\"><img loading=\"lazy\" decoding=\"async\" width=\"470\" height=\"352\"  src=\"http:\/\/www.leblogmoto.com\/images\/2008\/08\/27\/dsc05740.jpg\" alt=\"Dsc05740\" \/><\/a> <\/p>\n<p><a href=\"http:\/\/blogs.thesocialmedia.com\/leblogmoto\/files\/2012\/07\/dsc05942.jpg\"><img loading=\"lazy\" decoding=\"async\" width=\"470\" height=\"626\"  src=\"http:\/\/www.leblogmoto.com\/images\/2008\/08\/27\/dsc05942.jpg\" alt=\"Dsc05942\" \/><\/a> <\/p>\n<p><a href=\"http:\/\/blogs.thesocialmedia.com\/leblogmoto\/files\/2012\/07\/dsc05786.jpg\"><img loading=\"lazy\" decoding=\"async\" width=\"470\" height=\"352\"  src=\"http:\/\/www.leblogmoto.com\/images\/2008\/08\/27\/dsc05786.jpg\" alt=\"Dsc05786\" \/><\/a> <\/p>\n<p><a href=\"http:\/\/blogs.thesocialmedia.com\/leblogmoto\/files\/2012\/07\/dsc05887.jpg\"><img loading=\"lazy\" decoding=\"async\" width=\"470\" height=\"352\"  src=\"http:\/\/www.leblogmoto.com\/images\/2008\/08\/27\/dsc05887.jpg\" alt=\"Dsc05887\" \/><\/a> <\/p>\n<p><a href=\"http:\/\/blogs.thesocialmedia.com\/leblogmoto\/files\/2012\/07\/dsc05326.jpg\"><img loading=\"lazy\" decoding=\"async\" width=\"470\" height=\"626\"  src=\"http:\/\/www.leblogmoto.com\/images\/2008\/08\/27\/dsc05326.jpg\" alt=\"Dsc05326\" \/><\/a> <\/p>\n","protected":false},"excerpt":{"rendered":"<p>Nous avions d\u00e9j\u00e0 abord\u00e9 les scoots de Piaggio \u00e0 Paris gr\u00e2ce au blog Vesparis pour un article assez g\u00e9n\u00e9ral pr\u00e9sentant les deux-roues sous un angle l\u00e9ger et amusant, le blogger en question allant \u00e0 la p\u00eache au d\u00e9tail dans sa ville. Nous y revenons pour aborder les deux sujets qu&rsquo;il a trait\u00e9 plus t\u00f4t cette [&hellip;]<\/p>\n","protected":false},"author":324,"featured_media":0,"comment_status":"open","ping_status":"open","sticky":false,"template":"","format":"standard","meta":{"footnotes":""},"categories":[18,19,27,20],"tags":[],"class_list":["post-515","post","type-post","status-publish","format-standard","hentry","category-piaggio","category-scooter","category-securite","category-vespa"],"yoast_head":"<!-- This site is optimized with the Yoast SEO plugin v26.0 - https:\/\/yoast.com\/wordpress\/plugins\/seo\/ -->\n<title>Vespamoch\u00e9es et Vesparterre, Paris territoire des scoots \u00e9clop\u00e9s ? - leblogmoto.com<\/title>\n<meta name=\"robots\" content=\"index, follow, max-snippet:-1, max-image-preview:large, max-video-preview:-1\" \/>\n<link rel=\"canonical\" href=\"https:\/\/blogs.thesocialmedia.com\/leblogmoto\/2008\/08\/27\/vespamoches-et\/\" \/>\n<meta name=\"twitter:card\" content=\"summary_large_image\" \/>\n<meta name=\"twitter:title\" content=\"Vespamoch\u00e9es et Vesparterre, Paris territoire des scoots \u00e9clop\u00e9s ? - leblogmoto.com\" \/>\n<meta name=\"twitter:description\" content=\"Nous avions d\u00e9j\u00e0 abord\u00e9 les scoots de Piaggio \u00e0 Paris gr\u00e2ce au blog Vesparis pour un article assez g\u00e9n\u00e9ral pr\u00e9sentant les deux-roues sous un angle l\u00e9ger et amusant, le blogger en question allant \u00e0 la p\u00eache au d\u00e9tail dans sa ville. Nous y revenons pour aborder les deux sujets qu&rsquo;il a trait\u00e9 plus t\u00f4t cette [&hellip;]\" \/>\n<meta name=\"twitter:image\" content=\"http:\/\/www.leblogmoto.com\/images\/2008\/08\/27\/dsc05995.jpg\" \/>\n<meta name=\"twitter:label1\" content=\"\u00c9crit par\" \/>\n\t<meta name=\"twitter:data1\" content=\"benoit rieu\" \/>\n\t<meta name=\"twitter:label2\" content=\"Dur\u00e9e de lecture estim\u00e9e\" \/>\n\t<meta name=\"twitter:data2\" content=\"1 minute\" \/>\n<script type=\"application\/ld+json\" class=\"yoast-schema-graph\">{\"@context\":\"https:\/\/schema.org\",\"@graph\":[{\"@type\":\"WebPage\",\"@id\":\"https:\/\/blogs.thesocialmedia.com\/leblogmoto\/2008\/08\/27\/vespamoches-et\/\",\"url\":\"https:\/\/blogs.thesocialmedia.com\/leblogmoto\/2008\/08\/27\/vespamoches-et\/\",\"name\":\"Vespamoch\u00e9es et Vesparterre, Paris territoire des scoots \u00e9clop\u00e9s ? - leblogmoto.com\",\"isPartOf\":{\"@id\":\"https:\/\/blogs.thesocialmedia.com\/leblogmoto\/#website\"},\"primaryImageOfPage\":{\"@id\":\"https:\/\/blogs.thesocialmedia.com\/leblogmoto\/2008\/08\/27\/vespamoches-et\/#primaryimage\"},\"image\":{\"@id\":\"https:\/\/blogs.thesocialmedia.com\/leblogmoto\/2008\/08\/27\/vespamoches-et\/#primaryimage\"},\"thumbnailUrl\":\"http:\/\/www.leblogmoto.com\/images\/2008\/08\/27\/dsc05995.jpg\",\"datePublished\":\"2008-08-27T23:48:35+00:00\",\"dateModified\":\"2012-07-11T16:16:11+00:00\",\"author\":{\"@id\":\"https:\/\/blogs.thesocialmedia.com\/leblogmoto\/#\/schema\/person\/18bfe773e5725ed6d24f743da805362a\"},\"breadcrumb\":{\"@id\":\"https:\/\/blogs.thesocialmedia.com\/leblogmoto\/2008\/08\/27\/vespamoches-et\/#breadcrumb\"},\"inLanguage\":\"fr-FR\",\"potentialAction\":[{\"@type\":\"ReadAction\",\"target\":[\"https:\/\/blogs.thesocialmedia.com\/leblogmoto\/2008\/08\/27\/vespamoches-et\/\"]}]},{\"@type\":\"ImageObject\",\"inLanguage\":\"fr-FR\",\"@id\":\"https:\/\/blogs.thesocialmedia.com\/leblogmoto\/2008\/08\/27\/vespamoches-et\/#primaryimage\",\"url\":\"http:\/\/www.leblogmoto.com\/images\/2008\/08\/27\/dsc05995.jpg\",\"contentUrl\":\"http:\/\/www.leblogmoto.com\/images\/2008\/08\/27\/dsc05995.jpg\"},{\"@type\":\"BreadcrumbList\",\"@id\":\"https:\/\/blogs.thesocialmedia.com\/leblogmoto\/2008\/08\/27\/vespamoches-et\/#breadcrumb\",\"itemListElement\":[{\"@type\":\"ListItem\",\"position\":1,\"name\":\"Accueil\",\"item\":\"https:\/\/blogs.thesocialmedia.com\/leblogmoto\/\"},{\"@type\":\"ListItem\",\"position\":2,\"name\":\"Vespamoch\u00e9es et Vesparterre, Paris territoire des scoots \u00e9clop\u00e9s ?\"}]},{\"@type\":\"WebSite\",\"@id\":\"https:\/\/blogs.thesocialmedia.com\/leblogmoto\/#website\",\"url\":\"https:\/\/blogs.thesocialmedia.com\/leblogmoto\/\",\"name\":\"leblogmoto\",\"description\":\"Toute l&#039;actualit\u00e9 des 2 roues\",\"potentialAction\":[{\"@type\":\"SearchAction\",\"target\":{\"@type\":\"EntryPoint\",\"urlTemplate\":\"https:\/\/blogs.thesocialmedia.com\/leblogmoto\/?s={search_term_string}\"},\"query-input\":{\"@type\":\"PropertyValueSpecification\",\"valueRequired\":true,\"valueName\":\"search_term_string\"}}],\"inLanguage\":\"fr-FR\"},{\"@type\":\"Person\",\"@id\":\"https:\/\/blogs.thesocialmedia.com\/leblogmoto\/#\/schema\/person\/18bfe773e5725ed6d24f743da805362a\",\"name\":\"benoit rieu\",\"image\":{\"@type\":\"ImageObject\",\"inLanguage\":\"fr-FR\",\"@id\":\"https:\/\/blogs.thesocialmedia.com\/leblogmoto\/#\/schema\/person\/image\/\",\"url\":\"https:\/\/secure.gravatar.com\/avatar\/?s=96&d=mm&r=g\",\"contentUrl\":\"https:\/\/secure.gravatar.com\/avatar\/?s=96&d=mm&r=g\",\"caption\":\"benoit rieu\"},\"url\":\"https:\/\/blogs.thesocialmedia.com\/leblogmoto\/author\/benoit-rieu\/\"}]}<\/script>\n<!-- \/ Yoast SEO plugin. -->","yoast_head_json":{"title":"Vespamoch\u00e9es et Vesparterre, Paris territoire des scoots \u00e9clop\u00e9s ? - leblogmoto.com","robots":{"index":"index","follow":"follow","max-snippet":"max-snippet:-1","max-image-preview":"max-image-preview:large","max-video-preview":"max-video-preview:-1"},"canonical":"https:\/\/blogs.thesocialmedia.com\/leblogmoto\/2008\/08\/27\/vespamoches-et\/","twitter_card":"summary_large_image","twitter_title":"Vespamoch\u00e9es et Vesparterre, Paris territoire des scoots \u00e9clop\u00e9s ? - leblogmoto.com","twitter_description":"Nous avions d\u00e9j\u00e0 abord\u00e9 les scoots de Piaggio \u00e0 Paris gr\u00e2ce au blog Vesparis pour un article assez g\u00e9n\u00e9ral pr\u00e9sentant les deux-roues sous un angle l\u00e9ger et amusant, le blogger en question allant \u00e0 la p\u00eache au d\u00e9tail dans sa ville. Nous y revenons pour aborder les deux sujets qu&rsquo;il a trait\u00e9 plus t\u00f4t cette [&hellip;]","twitter_image":"http:\/\/www.leblogmoto.com\/images\/2008\/08\/27\/dsc05995.jpg","twitter_misc":{"\u00c9crit par":"benoit rieu","Dur\u00e9e de lecture estim\u00e9e":"1 minute"},"schema":{"@context":"https:\/\/schema.org","@graph":[{"@type":"WebPage","@id":"https:\/\/blogs.thesocialmedia.com\/leblogmoto\/2008\/08\/27\/vespamoches-et\/","url":"https:\/\/blogs.thesocialmedia.com\/leblogmoto\/2008\/08\/27\/vespamoches-et\/","name":"Vespamoch\u00e9es et Vesparterre, Paris territoire des scoots \u00e9clop\u00e9s ? - leblogmoto.com","isPartOf":{"@id":"https:\/\/blogs.thesocialmedia.com\/leblogmoto\/#website"},"primaryImageOfPage":{"@id":"https:\/\/blogs.thesocialmedia.com\/leblogmoto\/2008\/08\/27\/vespamoches-et\/#primaryimage"},"image":{"@id":"https:\/\/blogs.thesocialmedia.com\/leblogmoto\/2008\/08\/27\/vespamoches-et\/#primaryimage"},"thumbnailUrl":"http:\/\/www.leblogmoto.com\/images\/2008\/08\/27\/dsc05995.jpg","datePublished":"2008-08-27T23:48:35+00:00","dateModified":"2012-07-11T16:16:11+00:00","author":{"@id":"https:\/\/blogs.thesocialmedia.com\/leblogmoto\/#\/schema\/person\/18bfe773e5725ed6d24f743da805362a"},"breadcrumb":{"@id":"https:\/\/blogs.thesocialmedia.com\/leblogmoto\/2008\/08\/27\/vespamoches-et\/#breadcrumb"},"inLanguage":"fr-FR","potentialAction":[{"@type":"ReadAction","target":["https:\/\/blogs.thesocialmedia.com\/leblogmoto\/2008\/08\/27\/vespamoches-et\/"]}]},{"@type":"ImageObject","inLanguage":"fr-FR","@id":"https:\/\/blogs.thesocialmedia.com\/leblogmoto\/2008\/08\/27\/vespamoches-et\/#primaryimage","url":"http:\/\/www.leblogmoto.com\/images\/2008\/08\/27\/dsc05995.jpg","contentUrl":"http:\/\/www.leblogmoto.com\/images\/2008\/08\/27\/dsc05995.jpg"},{"@type":"BreadcrumbList","@id":"https:\/\/blogs.thesocialmedia.com\/leblogmoto\/2008\/08\/27\/vespamoches-et\/#breadcrumb","itemListElement":[{"@type":"ListItem","position":1,"name":"Accueil","item":"https:\/\/blogs.thesocialmedia.com\/leblogmoto\/"},{"@type":"ListItem","position":2,"name":"Vespamoch\u00e9es et Vesparterre, Paris territoire des scoots \u00e9clop\u00e9s ?"}]},{"@type":"WebSite","@id":"https:\/\/blogs.thesocialmedia.com\/leblogmoto\/#website","url":"https:\/\/blogs.thesocialmedia.com\/leblogmoto\/","name":"leblogmoto","description":"Toute l&#039;actualit\u00e9 des 2 roues","potentialAction":[{"@type":"SearchAction","target":{"@type":"EntryPoint","urlTemplate":"https:\/\/blogs.thesocialmedia.com\/leblogmoto\/?s={search_term_string}"},"query-input":{"@type":"PropertyValueSpecification","valueRequired":true,"valueName":"search_term_string"}}],"inLanguage":"fr-FR"},{"@type":"Person","@id":"https:\/\/blogs.thesocialmedia.com\/leblogmoto\/#\/schema\/person\/18bfe773e5725ed6d24f743da805362a","name":"benoit rieu","image":{"@type":"ImageObject","inLanguage":"fr-FR","@id":"https:\/\/blogs.thesocialmedia.com\/leblogmoto\/#\/schema\/person\/image\/","url":"https:\/\/secure.gravatar.com\/avatar\/?s=96&d=mm&r=g","contentUrl":"https:\/\/secure.gravatar.com\/avatar\/?s=96&d=mm&r=g","caption":"benoit rieu"},"url":"https:\/\/blogs.thesocialmedia.com\/leblogmoto\/author\/benoit-rieu\/"}]}},"_links":{"self":[{"href":"https:\/\/blogs.thesocialmedia.com\/leblogmoto\/wp-json\/wp\/v2\/posts\/515","targetHints":{"allow":["GET"]}}],"collection":[{"href":"https:\/\/blogs.thesocialmedia.com\/leblogmoto\/wp-json\/wp\/v2\/posts"}],"about":[{"href":"https:\/\/blogs.thesocialmedia.com\/leblogmoto\/wp-json\/wp\/v2\/types\/post"}],"author":[{"embeddable":true,"href":"https:\/\/blogs.thesocialmedia.com\/leblogmoto\/wp-json\/wp\/v2\/users\/324"}],"replies":[{"embeddable":true,"href":"https:\/\/blogs.thesocialmedia.com\/leblogmoto\/wp-json\/wp\/v2\/comments?post=515"}],"version-history":[{"count":2,"href":"https:\/\/blogs.thesocialmedia.com\/leblogmoto\/wp-json\/wp\/v2\/posts\/515\/revisions"}],"predecessor-version":[{"id":11555,"href":"https:\/\/blogs.thesocialmedia.com\/leblogmoto\/wp-json\/wp\/v2\/posts\/515\/revisions\/11555"}],"wp:attachment":[{"href":"https:\/\/blogs.thesocialmedia.com\/leblogmoto\/wp-json\/wp\/v2\/media?parent=515"}],"wp:term":[{"taxonomy":"category","embeddable":true,"href":"https:\/\/blogs.thesocialmedia.com\/leblogmoto\/wp-json\/wp\/v2\/categories?post=515"},{"taxonomy":"post_tag","embeddable":true,"href":"https:\/\/blogs.thesocialmedia.com\/leblogmoto\/wp-json\/wp\/v2\/tags?post=515"}],"curies":[{"name":"wp","href":"https:\/\/api.w.org\/{rel}","templated":true}]}}