{"id":516,"date":"2008-08-27T23:45:24","date_gmt":"2008-08-27T23:45:24","guid":{"rendered":"http:\/\/blogs.thesocialmedia.com\/leblogmoto\/2008\/08\/27\/les-filles-du-m\/"},"modified":"2012-07-11T16:15:51","modified_gmt":"2012-07-11T16:15:51","slug":"les-filles-du-m","status":"publish","type":"post","link":"https:\/\/blogs.thesocialmedia.com\/leblogmoto\/2008\/08\/27\/les-filles-du-m\/","title":{"rendered":"Les filles gravitant dans l&rsquo;univers du motocross et du supercross."},"content":{"rendered":"<p><a href=\"http:\/\/blogs.thesocialmedia.com\/leblogmoto\/files\/2012\/07\/girls3w.jpg\"><img loading=\"lazy\" decoding=\"async\" width=\"470\" height=\"283\"  src=\"http:\/\/www.leblogmoto.com\/images\/2008\/08\/27\/girls3w.jpg\" alt=\"Girls3w\" \/><\/a><\/p>\n<p>Je voulais traiter du cinqui\u00e8me titre de S\u00e9bastien Pourcel avant de trouver ce petit sujet charme, \u00e7a fait quelque temps qu&rsquo;on en a pas et \u00e7a ne peut pas faire de mal, Pourcel est remis \u00e0 plus tard cette semaine. Et puis on reste en Motocross. Simples spectatrices ou h\u00f4tesses (pour bien exclure de notre sujet du jour DeWinter, Lancelot et ses cons\u0153urs), voici dans les trav\u00e9es les filles gravitant dans l&rsquo;univers du cross sous l&rsquo;oeil des photographes de <a href=\"http:\/\/moto-racing.speedtv.com\/\">Speed tv<\/a> pour des clich\u00e9s de tr\u00e8s bonne qualit\u00e9. Ma petite pr\u00e9f\u00e9r\u00e9e est celle qui regarde par en dessous, dans ses fringues aux couleurs de Monster Energy. A noter, toujours sur le site de Speed TV, la restauration d&rsquo;une Harley Davidson de 1924, une s\u00e9rie en image qui vient juste de d\u00e9buter et sur laquelle on reviendra sans aucun doute. <\/p>\n<p><a href=\"http:\/\/clabedan.typepad.com\/.shared\/image.html?\/photos\/uncategorized\/2008\/08\/27\/img_110.jpg\"><img loading=\"lazy\" decoding=\"async\" width=\"470\" height=\"706\"  src=\"http:\/\/www.leblogmoto.com\/images\/2008\/08\/27\/img_110.jpg\" alt=\"Img_110\" \/><\/a><\/p>\n<p><a href=\"http:\/\/blogs.thesocialmedia.com\/leblogmoto\/files\/2012\/07\/main.jpg\"><img loading=\"lazy\" decoding=\"async\" width=\"470\" height=\"283\"  src=\"http:\/\/www.leblogmoto.com\/images\/2008\/08\/27\/main.jpg\" alt=\"Main\" \/><\/a><\/p>\n<p><a href=\"http:\/\/blogs.thesocialmedia.com\/leblogmoto\/files\/2012\/07\/img_343.jpg\"><img loading=\"lazy\" decoding=\"async\" width=\"470\" height=\"705\"  src=\"http:\/\/www.leblogmoto.com\/images\/2008\/08\/27\/img_343.jpg\" alt=\"Img_343\" \/><\/a> <\/p>\n<p><a href=\"http:\/\/blogs.thesocialmedia.com\/leblogmoto\/files\/2012\/07\/img_702.jpg\"><img loading=\"lazy\" decoding=\"async\" width=\"470\" height=\"283\"  src=\"http:\/\/www.leblogmoto.com\/images\/2008\/08\/27\/img_702.jpg\" alt=\"Img_702\" \/><\/a> <\/p>\n<p><a href=\"http:\/\/blogs.thesocialmedia.com\/leblogmoto\/files\/2012\/07\/img_608.jpg\"><img loading=\"lazy\" decoding=\"async\" width=\"470\" height=\"705\"  src=\"http:\/\/www.leblogmoto.com\/images\/2008\/08\/27\/img_608.jpg\" alt=\"Img_608\" \/><\/a> <\/p>\n<p><a href=\"http:\/\/blogs.thesocialmedia.com\/leblogmoto\/files\/2012\/07\/img_327.jpg\"><img loading=\"lazy\" decoding=\"async\" width=\"470\" height=\"705\"  src=\"http:\/\/www.leblogmoto.com\/images\/2008\/08\/27\/img_327.jpg\" alt=\"Img_327\" \/><\/a> <\/p>\n<p> <\/p>\n","protected":false},"excerpt":{"rendered":"<p>Je voulais traiter du cinqui\u00e8me titre de S\u00e9bastien Pourcel avant de trouver ce petit sujet charme, \u00e7a fait quelque temps qu&rsquo;on en a pas et \u00e7a ne peut pas faire de mal, Pourcel est remis \u00e0 plus tard cette semaine. Et puis on reste en Motocross. Simples spectatrices ou h\u00f4tesses (pour bien exclure de notre [&hellip;]<\/p>\n","protected":false},"author":324,"featured_media":0,"comment_status":"open","ping_status":"open","sticky":false,"template":"","format":"standard","meta":{"footnotes":""},"categories":[17,66,57],"tags":[],"class_list":["post-516","post","type-post","status-publish","format-standard","hentry","category-divers","category-moto-cross","category-supercross"],"yoast_head":"<!-- This site is optimized with the Yoast SEO plugin v26.0 - https:\/\/yoast.com\/wordpress\/plugins\/seo\/ -->\n<title>Les filles gravitant dans l&#039;univers du motocross et du supercross. - leblogmoto.com<\/title>\n<meta name=\"robots\" content=\"index, follow, max-snippet:-1, max-image-preview:large, max-video-preview:-1\" \/>\n<link rel=\"canonical\" href=\"https:\/\/blogs.thesocialmedia.com\/leblogmoto\/2008\/08\/27\/les-filles-du-m\/\" \/>\n<meta name=\"twitter:card\" content=\"summary_large_image\" \/>\n<meta name=\"twitter:title\" content=\"Les filles gravitant dans l&#039;univers du motocross et du supercross. - leblogmoto.com\" \/>\n<meta name=\"twitter:description\" content=\"Je voulais traiter du cinqui\u00e8me titre de S\u00e9bastien Pourcel avant de trouver ce petit sujet charme, \u00e7a fait quelque temps qu&rsquo;on en a pas et \u00e7a ne peut pas faire de mal, Pourcel est remis \u00e0 plus tard cette semaine. Et puis on reste en Motocross. Simples spectatrices ou h\u00f4tesses (pour bien exclure de notre [&hellip;]\" \/>\n<meta name=\"twitter:image\" content=\"http:\/\/www.leblogmoto.com\/images\/2008\/08\/27\/girls3w.jpg\" \/>\n<meta name=\"twitter:label1\" content=\"\u00c9crit par\" \/>\n\t<meta name=\"twitter:data1\" content=\"benoit rieu\" \/>\n\t<meta name=\"twitter:label2\" content=\"Dur\u00e9e de lecture estim\u00e9e\" \/>\n\t<meta name=\"twitter:data2\" content=\"1 minute\" \/>\n<script type=\"application\/ld+json\" class=\"yoast-schema-graph\">{\"@context\":\"https:\/\/schema.org\",\"@graph\":[{\"@type\":\"WebPage\",\"@id\":\"https:\/\/blogs.thesocialmedia.com\/leblogmoto\/2008\/08\/27\/les-filles-du-m\/\",\"url\":\"https:\/\/blogs.thesocialmedia.com\/leblogmoto\/2008\/08\/27\/les-filles-du-m\/\",\"name\":\"Les filles gravitant dans l'univers du motocross et du supercross. - leblogmoto.com\",\"isPartOf\":{\"@id\":\"https:\/\/blogs.thesocialmedia.com\/leblogmoto\/#website\"},\"primaryImageOfPage\":{\"@id\":\"https:\/\/blogs.thesocialmedia.com\/leblogmoto\/2008\/08\/27\/les-filles-du-m\/#primaryimage\"},\"image\":{\"@id\":\"https:\/\/blogs.thesocialmedia.com\/leblogmoto\/2008\/08\/27\/les-filles-du-m\/#primaryimage\"},\"thumbnailUrl\":\"http:\/\/www.leblogmoto.com\/images\/2008\/08\/27\/girls3w.jpg\",\"datePublished\":\"2008-08-27T23:45:24+00:00\",\"dateModified\":\"2012-07-11T16:15:51+00:00\",\"author\":{\"@id\":\"https:\/\/blogs.thesocialmedia.com\/leblogmoto\/#\/schema\/person\/18bfe773e5725ed6d24f743da805362a\"},\"breadcrumb\":{\"@id\":\"https:\/\/blogs.thesocialmedia.com\/leblogmoto\/2008\/08\/27\/les-filles-du-m\/#breadcrumb\"},\"inLanguage\":\"fr-FR\",\"potentialAction\":[{\"@type\":\"ReadAction\",\"target\":[\"https:\/\/blogs.thesocialmedia.com\/leblogmoto\/2008\/08\/27\/les-filles-du-m\/\"]}]},{\"@type\":\"ImageObject\",\"inLanguage\":\"fr-FR\",\"@id\":\"https:\/\/blogs.thesocialmedia.com\/leblogmoto\/2008\/08\/27\/les-filles-du-m\/#primaryimage\",\"url\":\"http:\/\/www.leblogmoto.com\/images\/2008\/08\/27\/girls3w.jpg\",\"contentUrl\":\"http:\/\/www.leblogmoto.com\/images\/2008\/08\/27\/girls3w.jpg\"},{\"@type\":\"BreadcrumbList\",\"@id\":\"https:\/\/blogs.thesocialmedia.com\/leblogmoto\/2008\/08\/27\/les-filles-du-m\/#breadcrumb\",\"itemListElement\":[{\"@type\":\"ListItem\",\"position\":1,\"name\":\"Accueil\",\"item\":\"https:\/\/blogs.thesocialmedia.com\/leblogmoto\/\"},{\"@type\":\"ListItem\",\"position\":2,\"name\":\"Les filles gravitant dans l&rsquo;univers du motocross et du supercross.\"}]},{\"@type\":\"WebSite\",\"@id\":\"https:\/\/blogs.thesocialmedia.com\/leblogmoto\/#website\",\"url\":\"https:\/\/blogs.thesocialmedia.com\/leblogmoto\/\",\"name\":\"leblogmoto\",\"description\":\"Toute l&#039;actualit\u00e9 des 2 roues\",\"potentialAction\":[{\"@type\":\"SearchAction\",\"target\":{\"@type\":\"EntryPoint\",\"urlTemplate\":\"https:\/\/blogs.thesocialmedia.com\/leblogmoto\/?s={search_term_string}\"},\"query-input\":{\"@type\":\"PropertyValueSpecification\",\"valueRequired\":true,\"valueName\":\"search_term_string\"}}],\"inLanguage\":\"fr-FR\"},{\"@type\":\"Person\",\"@id\":\"https:\/\/blogs.thesocialmedia.com\/leblogmoto\/#\/schema\/person\/18bfe773e5725ed6d24f743da805362a\",\"name\":\"benoit rieu\",\"image\":{\"@type\":\"ImageObject\",\"inLanguage\":\"fr-FR\",\"@id\":\"https:\/\/blogs.thesocialmedia.com\/leblogmoto\/#\/schema\/person\/image\/\",\"url\":\"https:\/\/secure.gravatar.com\/avatar\/?s=96&d=mm&r=g\",\"contentUrl\":\"https:\/\/secure.gravatar.com\/avatar\/?s=96&d=mm&r=g\",\"caption\":\"benoit rieu\"},\"url\":\"https:\/\/blogs.thesocialmedia.com\/leblogmoto\/author\/benoit-rieu\/\"}]}<\/script>\n<!-- \/ Yoast SEO plugin. -->","yoast_head_json":{"title":"Les filles gravitant dans l'univers du motocross et du supercross. - leblogmoto.com","robots":{"index":"index","follow":"follow","max-snippet":"max-snippet:-1","max-image-preview":"max-image-preview:large","max-video-preview":"max-video-preview:-1"},"canonical":"https:\/\/blogs.thesocialmedia.com\/leblogmoto\/2008\/08\/27\/les-filles-du-m\/","twitter_card":"summary_large_image","twitter_title":"Les filles gravitant dans l'univers du motocross et du supercross. - leblogmoto.com","twitter_description":"Je voulais traiter du cinqui\u00e8me titre de S\u00e9bastien Pourcel avant de trouver ce petit sujet charme, \u00e7a fait quelque temps qu&rsquo;on en a pas et \u00e7a ne peut pas faire de mal, Pourcel est remis \u00e0 plus tard cette semaine. Et puis on reste en Motocross. Simples spectatrices ou h\u00f4tesses (pour bien exclure de notre [&hellip;]","twitter_image":"http:\/\/www.leblogmoto.com\/images\/2008\/08\/27\/girls3w.jpg","twitter_misc":{"\u00c9crit par":"benoit rieu","Dur\u00e9e de lecture estim\u00e9e":"1 minute"},"schema":{"@context":"https:\/\/schema.org","@graph":[{"@type":"WebPage","@id":"https:\/\/blogs.thesocialmedia.com\/leblogmoto\/2008\/08\/27\/les-filles-du-m\/","url":"https:\/\/blogs.thesocialmedia.com\/leblogmoto\/2008\/08\/27\/les-filles-du-m\/","name":"Les filles gravitant dans l'univers du motocross et du supercross. - leblogmoto.com","isPartOf":{"@id":"https:\/\/blogs.thesocialmedia.com\/leblogmoto\/#website"},"primaryImageOfPage":{"@id":"https:\/\/blogs.thesocialmedia.com\/leblogmoto\/2008\/08\/27\/les-filles-du-m\/#primaryimage"},"image":{"@id":"https:\/\/blogs.thesocialmedia.com\/leblogmoto\/2008\/08\/27\/les-filles-du-m\/#primaryimage"},"thumbnailUrl":"http:\/\/www.leblogmoto.com\/images\/2008\/08\/27\/girls3w.jpg","datePublished":"2008-08-27T23:45:24+00:00","dateModified":"2012-07-11T16:15:51+00:00","author":{"@id":"https:\/\/blogs.thesocialmedia.com\/leblogmoto\/#\/schema\/person\/18bfe773e5725ed6d24f743da805362a"},"breadcrumb":{"@id":"https:\/\/blogs.thesocialmedia.com\/leblogmoto\/2008\/08\/27\/les-filles-du-m\/#breadcrumb"},"inLanguage":"fr-FR","potentialAction":[{"@type":"ReadAction","target":["https:\/\/blogs.thesocialmedia.com\/leblogmoto\/2008\/08\/27\/les-filles-du-m\/"]}]},{"@type":"ImageObject","inLanguage":"fr-FR","@id":"https:\/\/blogs.thesocialmedia.com\/leblogmoto\/2008\/08\/27\/les-filles-du-m\/#primaryimage","url":"http:\/\/www.leblogmoto.com\/images\/2008\/08\/27\/girls3w.jpg","contentUrl":"http:\/\/www.leblogmoto.com\/images\/2008\/08\/27\/girls3w.jpg"},{"@type":"BreadcrumbList","@id":"https:\/\/blogs.thesocialmedia.com\/leblogmoto\/2008\/08\/27\/les-filles-du-m\/#breadcrumb","itemListElement":[{"@type":"ListItem","position":1,"name":"Accueil","item":"https:\/\/blogs.thesocialmedia.com\/leblogmoto\/"},{"@type":"ListItem","position":2,"name":"Les filles gravitant dans l&rsquo;univers du motocross et du supercross."}]},{"@type":"WebSite","@id":"https:\/\/blogs.thesocialmedia.com\/leblogmoto\/#website","url":"https:\/\/blogs.thesocialmedia.com\/leblogmoto\/","name":"leblogmoto","description":"Toute l&#039;actualit\u00e9 des 2 roues","potentialAction":[{"@type":"SearchAction","target":{"@type":"EntryPoint","urlTemplate":"https:\/\/blogs.thesocialmedia.com\/leblogmoto\/?s={search_term_string}"},"query-input":{"@type":"PropertyValueSpecification","valueRequired":true,"valueName":"search_term_string"}}],"inLanguage":"fr-FR"},{"@type":"Person","@id":"https:\/\/blogs.thesocialmedia.com\/leblogmoto\/#\/schema\/person\/18bfe773e5725ed6d24f743da805362a","name":"benoit rieu","image":{"@type":"ImageObject","inLanguage":"fr-FR","@id":"https:\/\/blogs.thesocialmedia.com\/leblogmoto\/#\/schema\/person\/image\/","url":"https:\/\/secure.gravatar.com\/avatar\/?s=96&d=mm&r=g","contentUrl":"https:\/\/secure.gravatar.com\/avatar\/?s=96&d=mm&r=g","caption":"benoit rieu"},"url":"https:\/\/blogs.thesocialmedia.com\/leblogmoto\/author\/benoit-rieu\/"}]}},"_links":{"self":[{"href":"https:\/\/blogs.thesocialmedia.com\/leblogmoto\/wp-json\/wp\/v2\/posts\/516","targetHints":{"allow":["GET"]}}],"collection":[{"href":"https:\/\/blogs.thesocialmedia.com\/leblogmoto\/wp-json\/wp\/v2\/posts"}],"about":[{"href":"https:\/\/blogs.thesocialmedia.com\/leblogmoto\/wp-json\/wp\/v2\/types\/post"}],"author":[{"embeddable":true,"href":"https:\/\/blogs.thesocialmedia.com\/leblogmoto\/wp-json\/wp\/v2\/users\/324"}],"replies":[{"embeddable":true,"href":"https:\/\/blogs.thesocialmedia.com\/leblogmoto\/wp-json\/wp\/v2\/comments?post=516"}],"version-history":[{"count":2,"href":"https:\/\/blogs.thesocialmedia.com\/leblogmoto\/wp-json\/wp\/v2\/posts\/516\/revisions"}],"predecessor-version":[{"id":11547,"href":"https:\/\/blogs.thesocialmedia.com\/leblogmoto\/wp-json\/wp\/v2\/posts\/516\/revisions\/11547"}],"wp:attachment":[{"href":"https:\/\/blogs.thesocialmedia.com\/leblogmoto\/wp-json\/wp\/v2\/media?parent=516"}],"wp:term":[{"taxonomy":"category","embeddable":true,"href":"https:\/\/blogs.thesocialmedia.com\/leblogmoto\/wp-json\/wp\/v2\/categories?post=516"},{"taxonomy":"post_tag","embeddable":true,"href":"https:\/\/blogs.thesocialmedia.com\/leblogmoto\/wp-json\/wp\/v2\/tags?post=516"}],"curies":[{"name":"wp","href":"https:\/\/api.w.org\/{rel}","templated":true}]}}