{"id":52,"date":"2009-10-12T23:57:24","date_gmt":"2009-10-12T23:57:24","guid":{"rendered":"http:\/\/blogs.thesocialmedia.com\/leblogmoto\/2009\/10\/12\/moto-zevs-electrique\/"},"modified":"2012-07-11T17:39:52","modified_gmt":"2012-07-11T17:39:52","slug":"moto-zevs-electrique","status":"publish","type":"post","link":"https:\/\/blogs.thesocialmedia.com\/leblogmoto\/2009\/10\/12\/moto-zevs-electrique\/","title":{"rendered":"Toujours pas de m\u00e9lodie ou vibration de moteur, mais enfin un style."},"content":{"rendered":"<p><a href=\"http:\/\/blogs.thesocialmedia.com\/leblogmoto\/files\/2012\/07\/6a00d83451b18369e20120a5ddd32b970b-popup.png\"><img decoding=\"async\" alt=\"Moto Concept Bike Zeus 1\" class=\"asset asset-image at-xid-6a00d83451b18369e20120a5ddd32b970b \" src=\"http:\/\/blogs.thesocialmedia.com\/leblogmoto\/files\/2012\/07\/6a00d83451b18369e20120a5ddd32b970b-500wi.jpg\" \/><\/a><\/p>\n<p>M\u00eame si la moto n&#039;est qu&#039;au stade de projet et devrait, \u00e0 moins d&#039;un incroyable retournement de situation,&#160;en rester&#160;l\u00e0, cela n&#039;emp\u00eache pas le&#160;studio Creative DNA Austria&#160;de claironner que la Zevs est&#160;&quot;la premi\u00e8re moto \u00e9lectrique pour le vrai biker&quot;. Passons rapidement sur l&#039;analogie avec le Dieu des dieux, lanceur d&#039;\u00e9clairs et l&#039;utilisation de&#160;la police&#160;antique (ou simili)&#160;avec la letttre u en v, pour&#160;nous focaliser sur les caract\u00e9ristiques de la machine, du moins ce que l&#039;on peut en voir sur ce mod\u00e8le r\u00e9duit. Les designers Bernhard Ranner,&#160;Anders August Kittilsen, and Rudolf Stefanich ont ainsi choisi d&#039;\u00e9quiper la Zevs&#160;de frein (quasi) p\u00e9rim\u00e9trique, d&#039;une&#160;fourche impressionnante,&#160;de type Girder,&#160;ou s&#039;en inspirant fortement. On remarque aussi&#160;une transmission &quot;primaire&quot; et secondaire par courroie (esprit Harley oblige ?).<\/p>\n<\/p>\n<p>Il y a des motos nues, mais celle-ci pr\u00e9f\u00e9re montrer ses entrailles comme l&#039;indique la troisi\u00e8me photo, vision qui se prolonge d&#039;une \u00e9l\u00e9gante partie autoporteuse&#160;termin\u00e9e par&#160;une selle qui se divise en deux, fa\u00e7on &quot;wooden saddle&quot;. L&#039;ensemble,&#160;au confort probablement spartiate,&#160;contraste agr\u00e9ablement&#160;avec l&#039;aspect mastoc de la partie avant et la largeur intimidante&#160;du pneu lisse arri\u00e8re. <\/p>\n<p>M\u00eame si le bras oscillant \u00e9voque plus le MotoGP&#160;avec son&#160;apparence brute, son \u00e9paisseur et&#160;son point d&#039;insertion que l&#039;on devine&#160;excessivement haut pour ce qui n&#039;est apr\u00e8s tout&#160;&quot;qu&#039;un&quot; power cruiser \u00e9lectrifi\u00e9.&#160;Car&#160;plus que tout, l&#039;empattement du v\u00e9hicule&#160;conjugu\u00e9 au&#160;poids de la fourche devrait&#160;pr\u00e9server son conducteur d&#039;un d\u00e9collage involontaire<\/p>\n<p><em>Via Yanko Design.<\/em><\/p>\n<p><a href=\"http:\/\/blogs.thesocialmedia.com\/leblogmoto\/files\/2012\/07\/6a00d83451b18369e20120a5ddd3bf970b-popup.png\"><img decoding=\"async\" alt=\"Moto Concept Bike Zeus 2\" class=\"asset asset-image at-xid-6a00d83451b18369e20120a5ddd3bf970b \" src=\"http:\/\/blogs.thesocialmedia.com\/leblogmoto\/files\/2012\/07\/6a00d83451b18369e20120a5ddd3bf970b-500wi.jpg\" \/><\/a>&#160;<\/p>\n<p><a href=\"http:\/\/blogs.thesocialmedia.com\/leblogmoto\/files\/2012\/07\/6a00d83451b18369e20120a63466a6970c-popup.png\"><img decoding=\"async\" alt=\"Moto Concept Bike Zeus 3\" class=\"asset asset-image at-xid-6a00d83451b18369e20120a63466a6970c \" src=\"http:\/\/blogs.thesocialmedia.com\/leblogmoto\/files\/2012\/07\/6a00d83451b18369e20120a63466a6970c-500wi.jpg\" \/><\/a> <\/p>\n<p>&#160;<br \/>&#160;<br \/>&#160;<\/p>\n","protected":false},"excerpt":{"rendered":"<p>M\u00eame si la moto n&#039;est qu&#039;au stade de projet et devrait, \u00e0 moins d&#039;un incroyable retournement de situation,&#160;en rester&#160;l\u00e0, cela n&#039;emp\u00eache pas le&#160;studio Creative DNA Austria&#160;de claironner que la Zevs est&#160;&quot;la premi\u00e8re moto \u00e9lectrique pour le vrai biker&quot;. Passons rapidement sur l&#039;analogie avec le Dieu des dieux, lanceur d&#039;\u00e9clairs et l&#039;utilisation de&#160;la police&#160;antique (ou simili)&#160;avec [&hellip;]<\/p>\n","protected":false},"author":324,"featured_media":14212,"comment_status":"open","ping_status":"open","sticky":false,"template":"","format":"standard","meta":{"footnotes":""},"categories":[30,33],"tags":[],"class_list":["post-52","post","type-post","status-publish","format-standard","has-post-thumbnail","hentry","category-bio-carburantsvehicules-propres","category-concept-bike"],"yoast_head":"<!-- This site is optimized with the Yoast SEO plugin v26.0 - https:\/\/yoast.com\/wordpress\/plugins\/seo\/ -->\n<title>Toujours pas de m\u00e9lodie ou vibration de moteur, mais enfin un style. - leblogmoto.com<\/title>\n<meta name=\"robots\" content=\"index, follow, max-snippet:-1, max-image-preview:large, max-video-preview:-1\" \/>\n<link rel=\"canonical\" href=\"https:\/\/blogs.thesocialmedia.com\/leblogmoto\/2009\/10\/12\/moto-zevs-electrique\/\" \/>\n<meta name=\"twitter:card\" content=\"summary_large_image\" \/>\n<meta name=\"twitter:title\" content=\"Toujours pas de m\u00e9lodie ou vibration de moteur, mais enfin un style. - leblogmoto.com\" \/>\n<meta name=\"twitter:description\" content=\"M\u00eame si la moto n&#039;est qu&#039;au stade de projet et devrait, \u00e0 moins d&#039;un incroyable retournement de situation,&#160;en rester&#160;l\u00e0, cela n&#039;emp\u00eache pas le&#160;studio Creative DNA Austria&#160;de claironner que la Zevs est&#160;&quot;la premi\u00e8re moto \u00e9lectrique pour le vrai biker&quot;. Passons rapidement sur l&#039;analogie avec le Dieu des dieux, lanceur d&#039;\u00e9clairs et l&#039;utilisation de&#160;la police&#160;antique (ou simili)&#160;avec [&hellip;]\" \/>\n<meta name=\"twitter:image\" content=\"https:\/\/blogs.thesocialmedia.com\/leblogmoto\/files\/2012\/07\/6a00d83451b18369e20120a5ddd32b970b-500wi.jpg\" \/>\n<meta name=\"twitter:label1\" content=\"\u00c9crit par\" \/>\n\t<meta name=\"twitter:data1\" content=\"benoit rieu\" \/>\n\t<meta name=\"twitter:label2\" content=\"Dur\u00e9e de lecture estim\u00e9e\" \/>\n\t<meta name=\"twitter:data2\" content=\"1 minute\" \/>\n<script type=\"application\/ld+json\" class=\"yoast-schema-graph\">{\"@context\":\"https:\/\/schema.org\",\"@graph\":[{\"@type\":\"WebPage\",\"@id\":\"https:\/\/blogs.thesocialmedia.com\/leblogmoto\/2009\/10\/12\/moto-zevs-electrique\/\",\"url\":\"https:\/\/blogs.thesocialmedia.com\/leblogmoto\/2009\/10\/12\/moto-zevs-electrique\/\",\"name\":\"Toujours pas de m\u00e9lodie ou vibration de moteur, mais enfin un style. - leblogmoto.com\",\"isPartOf\":{\"@id\":\"https:\/\/blogs.thesocialmedia.com\/leblogmoto\/#website\"},\"primaryImageOfPage\":{\"@id\":\"https:\/\/blogs.thesocialmedia.com\/leblogmoto\/2009\/10\/12\/moto-zevs-electrique\/#primaryimage\"},\"image\":{\"@id\":\"https:\/\/blogs.thesocialmedia.com\/leblogmoto\/2009\/10\/12\/moto-zevs-electrique\/#primaryimage\"},\"thumbnailUrl\":\"https:\/\/blogs.thesocialmedia.com\/leblogmoto\/files\/2012\/07\/6a00d83451b18369e20120a5ddd32b970b-500wi.jpg\",\"datePublished\":\"2009-10-12T23:57:24+00:00\",\"dateModified\":\"2012-07-11T17:39:52+00:00\",\"author\":{\"@id\":\"https:\/\/blogs.thesocialmedia.com\/leblogmoto\/#\/schema\/person\/18bfe773e5725ed6d24f743da805362a\"},\"breadcrumb\":{\"@id\":\"https:\/\/blogs.thesocialmedia.com\/leblogmoto\/2009\/10\/12\/moto-zevs-electrique\/#breadcrumb\"},\"inLanguage\":\"fr-FR\",\"potentialAction\":[{\"@type\":\"ReadAction\",\"target\":[\"https:\/\/blogs.thesocialmedia.com\/leblogmoto\/2009\/10\/12\/moto-zevs-electrique\/\"]}]},{\"@type\":\"ImageObject\",\"inLanguage\":\"fr-FR\",\"@id\":\"https:\/\/blogs.thesocialmedia.com\/leblogmoto\/2009\/10\/12\/moto-zevs-electrique\/#primaryimage\",\"url\":\"https:\/\/blogs.thesocialmedia.com\/leblogmoto\/files\/2012\/07\/6a00d83451b18369e20120a5ddd32b970b-500wi.jpg\",\"contentUrl\":\"https:\/\/blogs.thesocialmedia.com\/leblogmoto\/files\/2012\/07\/6a00d83451b18369e20120a5ddd32b970b-500wi.jpg\",\"width\":\"500\",\"height\":\"281\"},{\"@type\":\"BreadcrumbList\",\"@id\":\"https:\/\/blogs.thesocialmedia.com\/leblogmoto\/2009\/10\/12\/moto-zevs-electrique\/#breadcrumb\",\"itemListElement\":[{\"@type\":\"ListItem\",\"position\":1,\"name\":\"Accueil\",\"item\":\"https:\/\/blogs.thesocialmedia.com\/leblogmoto\/\"},{\"@type\":\"ListItem\",\"position\":2,\"name\":\"Toujours pas de m\u00e9lodie ou vibration de moteur, mais enfin un style.\"}]},{\"@type\":\"WebSite\",\"@id\":\"https:\/\/blogs.thesocialmedia.com\/leblogmoto\/#website\",\"url\":\"https:\/\/blogs.thesocialmedia.com\/leblogmoto\/\",\"name\":\"leblogmoto\",\"description\":\"Toute l&#039;actualit\u00e9 des 2 roues\",\"potentialAction\":[{\"@type\":\"SearchAction\",\"target\":{\"@type\":\"EntryPoint\",\"urlTemplate\":\"https:\/\/blogs.thesocialmedia.com\/leblogmoto\/?s={search_term_string}\"},\"query-input\":{\"@type\":\"PropertyValueSpecification\",\"valueRequired\":true,\"valueName\":\"search_term_string\"}}],\"inLanguage\":\"fr-FR\"},{\"@type\":\"Person\",\"@id\":\"https:\/\/blogs.thesocialmedia.com\/leblogmoto\/#\/schema\/person\/18bfe773e5725ed6d24f743da805362a\",\"name\":\"benoit rieu\",\"image\":{\"@type\":\"ImageObject\",\"inLanguage\":\"fr-FR\",\"@id\":\"https:\/\/blogs.thesocialmedia.com\/leblogmoto\/#\/schema\/person\/image\/\",\"url\":\"https:\/\/secure.gravatar.com\/avatar\/?s=96&d=mm&r=g\",\"contentUrl\":\"https:\/\/secure.gravatar.com\/avatar\/?s=96&d=mm&r=g\",\"caption\":\"benoit rieu\"},\"url\":\"https:\/\/blogs.thesocialmedia.com\/leblogmoto\/author\/benoit-rieu\/\"}]}<\/script>\n<!-- \/ Yoast SEO plugin. -->","yoast_head_json":{"title":"Toujours pas de m\u00e9lodie ou vibration de moteur, mais enfin un style. - leblogmoto.com","robots":{"index":"index","follow":"follow","max-snippet":"max-snippet:-1","max-image-preview":"max-image-preview:large","max-video-preview":"max-video-preview:-1"},"canonical":"https:\/\/blogs.thesocialmedia.com\/leblogmoto\/2009\/10\/12\/moto-zevs-electrique\/","twitter_card":"summary_large_image","twitter_title":"Toujours pas de m\u00e9lodie ou vibration de moteur, mais enfin un style. - leblogmoto.com","twitter_description":"M\u00eame si la moto n&#039;est qu&#039;au stade de projet et devrait, \u00e0 moins d&#039;un incroyable retournement de situation,&#160;en rester&#160;l\u00e0, cela n&#039;emp\u00eache pas le&#160;studio Creative DNA Austria&#160;de claironner que la Zevs est&#160;&quot;la premi\u00e8re moto \u00e9lectrique pour le vrai biker&quot;. Passons rapidement sur l&#039;analogie avec le Dieu des dieux, lanceur d&#039;\u00e9clairs et l&#039;utilisation de&#160;la police&#160;antique (ou simili)&#160;avec [&hellip;]","twitter_image":"https:\/\/blogs.thesocialmedia.com\/leblogmoto\/files\/2012\/07\/6a00d83451b18369e20120a5ddd32b970b-500wi.jpg","twitter_misc":{"\u00c9crit par":"benoit rieu","Dur\u00e9e de lecture estim\u00e9e":"1 minute"},"schema":{"@context":"https:\/\/schema.org","@graph":[{"@type":"WebPage","@id":"https:\/\/blogs.thesocialmedia.com\/leblogmoto\/2009\/10\/12\/moto-zevs-electrique\/","url":"https:\/\/blogs.thesocialmedia.com\/leblogmoto\/2009\/10\/12\/moto-zevs-electrique\/","name":"Toujours pas de m\u00e9lodie ou vibration de moteur, mais enfin un style. - leblogmoto.com","isPartOf":{"@id":"https:\/\/blogs.thesocialmedia.com\/leblogmoto\/#website"},"primaryImageOfPage":{"@id":"https:\/\/blogs.thesocialmedia.com\/leblogmoto\/2009\/10\/12\/moto-zevs-electrique\/#primaryimage"},"image":{"@id":"https:\/\/blogs.thesocialmedia.com\/leblogmoto\/2009\/10\/12\/moto-zevs-electrique\/#primaryimage"},"thumbnailUrl":"https:\/\/blogs.thesocialmedia.com\/leblogmoto\/files\/2012\/07\/6a00d83451b18369e20120a5ddd32b970b-500wi.jpg","datePublished":"2009-10-12T23:57:24+00:00","dateModified":"2012-07-11T17:39:52+00:00","author":{"@id":"https:\/\/blogs.thesocialmedia.com\/leblogmoto\/#\/schema\/person\/18bfe773e5725ed6d24f743da805362a"},"breadcrumb":{"@id":"https:\/\/blogs.thesocialmedia.com\/leblogmoto\/2009\/10\/12\/moto-zevs-electrique\/#breadcrumb"},"inLanguage":"fr-FR","potentialAction":[{"@type":"ReadAction","target":["https:\/\/blogs.thesocialmedia.com\/leblogmoto\/2009\/10\/12\/moto-zevs-electrique\/"]}]},{"@type":"ImageObject","inLanguage":"fr-FR","@id":"https:\/\/blogs.thesocialmedia.com\/leblogmoto\/2009\/10\/12\/moto-zevs-electrique\/#primaryimage","url":"https:\/\/blogs.thesocialmedia.com\/leblogmoto\/files\/2012\/07\/6a00d83451b18369e20120a5ddd32b970b-500wi.jpg","contentUrl":"https:\/\/blogs.thesocialmedia.com\/leblogmoto\/files\/2012\/07\/6a00d83451b18369e20120a5ddd32b970b-500wi.jpg","width":"500","height":"281"},{"@type":"BreadcrumbList","@id":"https:\/\/blogs.thesocialmedia.com\/leblogmoto\/2009\/10\/12\/moto-zevs-electrique\/#breadcrumb","itemListElement":[{"@type":"ListItem","position":1,"name":"Accueil","item":"https:\/\/blogs.thesocialmedia.com\/leblogmoto\/"},{"@type":"ListItem","position":2,"name":"Toujours pas de m\u00e9lodie ou vibration de moteur, mais enfin un style."}]},{"@type":"WebSite","@id":"https:\/\/blogs.thesocialmedia.com\/leblogmoto\/#website","url":"https:\/\/blogs.thesocialmedia.com\/leblogmoto\/","name":"leblogmoto","description":"Toute l&#039;actualit\u00e9 des 2 roues","potentialAction":[{"@type":"SearchAction","target":{"@type":"EntryPoint","urlTemplate":"https:\/\/blogs.thesocialmedia.com\/leblogmoto\/?s={search_term_string}"},"query-input":{"@type":"PropertyValueSpecification","valueRequired":true,"valueName":"search_term_string"}}],"inLanguage":"fr-FR"},{"@type":"Person","@id":"https:\/\/blogs.thesocialmedia.com\/leblogmoto\/#\/schema\/person\/18bfe773e5725ed6d24f743da805362a","name":"benoit rieu","image":{"@type":"ImageObject","inLanguage":"fr-FR","@id":"https:\/\/blogs.thesocialmedia.com\/leblogmoto\/#\/schema\/person\/image\/","url":"https:\/\/secure.gravatar.com\/avatar\/?s=96&d=mm&r=g","contentUrl":"https:\/\/secure.gravatar.com\/avatar\/?s=96&d=mm&r=g","caption":"benoit rieu"},"url":"https:\/\/blogs.thesocialmedia.com\/leblogmoto\/author\/benoit-rieu\/"}]}},"_links":{"self":[{"href":"https:\/\/blogs.thesocialmedia.com\/leblogmoto\/wp-json\/wp\/v2\/posts\/52","targetHints":{"allow":["GET"]}}],"collection":[{"href":"https:\/\/blogs.thesocialmedia.com\/leblogmoto\/wp-json\/wp\/v2\/posts"}],"about":[{"href":"https:\/\/blogs.thesocialmedia.com\/leblogmoto\/wp-json\/wp\/v2\/types\/post"}],"author":[{"embeddable":true,"href":"https:\/\/blogs.thesocialmedia.com\/leblogmoto\/wp-json\/wp\/v2\/users\/324"}],"replies":[{"embeddable":true,"href":"https:\/\/blogs.thesocialmedia.com\/leblogmoto\/wp-json\/wp\/v2\/comments?post=52"}],"version-history":[{"count":2,"href":"https:\/\/blogs.thesocialmedia.com\/leblogmoto\/wp-json\/wp\/v2\/posts\/52\/revisions"}],"predecessor-version":[{"id":14218,"href":"https:\/\/blogs.thesocialmedia.com\/leblogmoto\/wp-json\/wp\/v2\/posts\/52\/revisions\/14218"}],"wp:featuredmedia":[{"embeddable":true,"href":"https:\/\/blogs.thesocialmedia.com\/leblogmoto\/wp-json\/wp\/v2\/media\/14212"}],"wp:attachment":[{"href":"https:\/\/blogs.thesocialmedia.com\/leblogmoto\/wp-json\/wp\/v2\/media?parent=52"}],"wp:term":[{"taxonomy":"category","embeddable":true,"href":"https:\/\/blogs.thesocialmedia.com\/leblogmoto\/wp-json\/wp\/v2\/categories?post=52"},{"taxonomy":"post_tag","embeddable":true,"href":"https:\/\/blogs.thesocialmedia.com\/leblogmoto\/wp-json\/wp\/v2\/tags?post=52"}],"curies":[{"name":"wp","href":"https:\/\/api.w.org\/{rel}","templated":true}]}}