{"id":520,"date":"2008-08-26T23:46:19","date_gmt":"2008-08-26T23:46:19","guid":{"rendered":"http:\/\/blogs.thesocialmedia.com\/leblogmoto\/2008\/08\/26\/changement-des\/"},"modified":"2012-07-11T16:14:59","modified_gmt":"2012-07-11T16:14:59","slug":"changement-des","status":"publish","type":"post","link":"https:\/\/blogs.thesocialmedia.com\/leblogmoto\/2008\/08\/26\/changement-des\/","title":{"rendered":"Les r\u00e8gles de la superpole en WSBK se rapprochent de la F1."},"content":{"rendered":"<p><a href=\"http:\/\/blogs.thesocialmedia.com\/leblogmoto\/files\/2012\/07\/moto_wsbk_superpole_netherlands_rou.jpg\"><img loading=\"lazy\" decoding=\"async\" width=\"470\" height=\"311\"  src=\"http:\/\/www.leblogmoto.com\/images\/2008\/08\/26\/moto_wsbk_superpole_netherlands_rou.jpg\" alt=\"Moto_wsbk_superpole_netherlands_rou\" \/><\/a><\/p>\n<p>Q3, Q2, Q1, cela vous dit quelque chose ? Ce sont les stades successifs d&rsquo;\u00e9cr\u00e9mage pour les qualifs de la Formule 1. S\u00e9bastien Bourdais, quadruple champion en ChampCar chez Newman\/Haas a un mal fou sur sa ch\u00e8vre de Toro Rosso \u00e0 passer en Q3, par exemple. Sauf le week-end dernier \u00e0 Valence. Mais revenons \u00e0 nos moutons. Si la <a href=\"http:\/\/www.fim.ch\/fr\/default.asp\">FIM<\/a>, l&rsquo;association des teams et le promoteur FG Sport valident &#8211; comme on s&rsquo;y attend &#8211; cette formule, voici comment va se passer la conqu\u00eate de la position de pointe en 2009. Deux s\u00e9ances de pr\u00e9-qualifications permettront de d\u00e9signer les vingt premiers qui courront pour la superpole. A la suite de ces pr\u00e9-qualifs, se d\u00e9roule l&rsquo;\u00e9cr\u00e9mage successif style F1: Apr\u00e8s 12 minutes en piste seront \u00e9limin\u00e9s les quatre concurrents les moins rapides.&nbsp; <\/p>\n<p>Vient une pause de sept minutes, suivie de &#8211; bis repetita &#8211; 12 minutes de chronos o\u00f9 seront exclus les 8 pilotes les plus lents. A la suite d&rsquo;une derni\u00e8re pause de 7 minutes, les huit derniers pilotes encore en lice disposeront d&rsquo;un temps de 12 minutes pour tenter de ravir la pole. <\/p>\n<p>Troy Bayliss que l&rsquo;on voit ici poser en titulaire de la superpole \u00e0 Assen, Pays-Bas, en avril dernier ne go\u00fbtera pas \u00e0 cette \u00e9volution puisqu&rsquo;il devrait bien quitter le WSBK \u00e0 la fin de la saison. Avec peut-\u00eatre \u00e0 39 ans (depuis le 30 mars dernier) un troisi\u00e8me titre en poche, apr\u00e8s ceux acquis 2001 et 2006. Cela semble en effet bien parti pour l&rsquo;Australien et Ducati.<\/p>\n","protected":false},"excerpt":{"rendered":"<p>Q3, Q2, Q1, cela vous dit quelque chose ? Ce sont les stades successifs d&rsquo;\u00e9cr\u00e9mage pour les qualifs de la Formule 1. S\u00e9bastien Bourdais, quadruple champion en ChampCar chez Newman\/Haas a un mal fou sur sa ch\u00e8vre de Toro Rosso \u00e0 passer en Q3, par exemple. Sauf le week-end dernier \u00e0 Valence. Mais revenons \u00e0 [&hellip;]<\/p>\n","protected":false},"author":324,"featured_media":0,"comment_status":"open","ping_status":"open","sticky":false,"template":"","format":"standard","meta":{"footnotes":""},"categories":[3,43],"tags":[],"class_list":["post-520","post","type-post","status-publish","format-standard","hentry","category-actualite","category-wsbk"],"yoast_head":"<!-- This site is optimized with the Yoast SEO plugin v26.0 - https:\/\/yoast.com\/wordpress\/plugins\/seo\/ -->\n<title>Les r\u00e8gles de la superpole en WSBK se rapprochent de la F1. - leblogmoto.com<\/title>\n<meta name=\"robots\" content=\"index, follow, max-snippet:-1, max-image-preview:large, max-video-preview:-1\" \/>\n<link rel=\"canonical\" href=\"https:\/\/blogs.thesocialmedia.com\/leblogmoto\/2008\/08\/26\/changement-des\/\" \/>\n<meta name=\"twitter:card\" content=\"summary_large_image\" \/>\n<meta name=\"twitter:title\" content=\"Les r\u00e8gles de la superpole en WSBK se rapprochent de la F1. - leblogmoto.com\" \/>\n<meta name=\"twitter:description\" content=\"Q3, Q2, Q1, cela vous dit quelque chose ? Ce sont les stades successifs d&rsquo;\u00e9cr\u00e9mage pour les qualifs de la Formule 1. S\u00e9bastien Bourdais, quadruple champion en ChampCar chez Newman\/Haas a un mal fou sur sa ch\u00e8vre de Toro Rosso \u00e0 passer en Q3, par exemple. Sauf le week-end dernier \u00e0 Valence. Mais revenons \u00e0 [&hellip;]\" \/>\n<meta name=\"twitter:image\" content=\"http:\/\/www.leblogmoto.com\/images\/2008\/08\/26\/moto_wsbk_superpole_netherlands_rou.jpg\" \/>\n<meta name=\"twitter:label1\" content=\"\u00c9crit par\" \/>\n\t<meta name=\"twitter:data1\" content=\"benoit rieu\" \/>\n\t<meta name=\"twitter:label2\" content=\"Dur\u00e9e de lecture estim\u00e9e\" \/>\n\t<meta name=\"twitter:data2\" content=\"1 minute\" \/>\n<script type=\"application\/ld+json\" class=\"yoast-schema-graph\">{\"@context\":\"https:\/\/schema.org\",\"@graph\":[{\"@type\":\"WebPage\",\"@id\":\"https:\/\/blogs.thesocialmedia.com\/leblogmoto\/2008\/08\/26\/changement-des\/\",\"url\":\"https:\/\/blogs.thesocialmedia.com\/leblogmoto\/2008\/08\/26\/changement-des\/\",\"name\":\"Les r\u00e8gles de la superpole en WSBK se rapprochent de la F1. - leblogmoto.com\",\"isPartOf\":{\"@id\":\"https:\/\/blogs.thesocialmedia.com\/leblogmoto\/#website\"},\"primaryImageOfPage\":{\"@id\":\"https:\/\/blogs.thesocialmedia.com\/leblogmoto\/2008\/08\/26\/changement-des\/#primaryimage\"},\"image\":{\"@id\":\"https:\/\/blogs.thesocialmedia.com\/leblogmoto\/2008\/08\/26\/changement-des\/#primaryimage\"},\"thumbnailUrl\":\"http:\/\/www.leblogmoto.com\/images\/2008\/08\/26\/moto_wsbk_superpole_netherlands_rou.jpg\",\"datePublished\":\"2008-08-26T23:46:19+00:00\",\"dateModified\":\"2012-07-11T16:14:59+00:00\",\"author\":{\"@id\":\"https:\/\/blogs.thesocialmedia.com\/leblogmoto\/#\/schema\/person\/18bfe773e5725ed6d24f743da805362a\"},\"breadcrumb\":{\"@id\":\"https:\/\/blogs.thesocialmedia.com\/leblogmoto\/2008\/08\/26\/changement-des\/#breadcrumb\"},\"inLanguage\":\"fr-FR\",\"potentialAction\":[{\"@type\":\"ReadAction\",\"target\":[\"https:\/\/blogs.thesocialmedia.com\/leblogmoto\/2008\/08\/26\/changement-des\/\"]}]},{\"@type\":\"ImageObject\",\"inLanguage\":\"fr-FR\",\"@id\":\"https:\/\/blogs.thesocialmedia.com\/leblogmoto\/2008\/08\/26\/changement-des\/#primaryimage\",\"url\":\"http:\/\/www.leblogmoto.com\/images\/2008\/08\/26\/moto_wsbk_superpole_netherlands_rou.jpg\",\"contentUrl\":\"http:\/\/www.leblogmoto.com\/images\/2008\/08\/26\/moto_wsbk_superpole_netherlands_rou.jpg\"},{\"@type\":\"BreadcrumbList\",\"@id\":\"https:\/\/blogs.thesocialmedia.com\/leblogmoto\/2008\/08\/26\/changement-des\/#breadcrumb\",\"itemListElement\":[{\"@type\":\"ListItem\",\"position\":1,\"name\":\"Accueil\",\"item\":\"https:\/\/blogs.thesocialmedia.com\/leblogmoto\/\"},{\"@type\":\"ListItem\",\"position\":2,\"name\":\"Les r\u00e8gles de la superpole en WSBK se rapprochent de la F1.\"}]},{\"@type\":\"WebSite\",\"@id\":\"https:\/\/blogs.thesocialmedia.com\/leblogmoto\/#website\",\"url\":\"https:\/\/blogs.thesocialmedia.com\/leblogmoto\/\",\"name\":\"leblogmoto\",\"description\":\"Toute l&#039;actualit\u00e9 des 2 roues\",\"potentialAction\":[{\"@type\":\"SearchAction\",\"target\":{\"@type\":\"EntryPoint\",\"urlTemplate\":\"https:\/\/blogs.thesocialmedia.com\/leblogmoto\/?s={search_term_string}\"},\"query-input\":{\"@type\":\"PropertyValueSpecification\",\"valueRequired\":true,\"valueName\":\"search_term_string\"}}],\"inLanguage\":\"fr-FR\"},{\"@type\":\"Person\",\"@id\":\"https:\/\/blogs.thesocialmedia.com\/leblogmoto\/#\/schema\/person\/18bfe773e5725ed6d24f743da805362a\",\"name\":\"benoit rieu\",\"image\":{\"@type\":\"ImageObject\",\"inLanguage\":\"fr-FR\",\"@id\":\"https:\/\/blogs.thesocialmedia.com\/leblogmoto\/#\/schema\/person\/image\/\",\"url\":\"https:\/\/secure.gravatar.com\/avatar\/?s=96&d=mm&r=g\",\"contentUrl\":\"https:\/\/secure.gravatar.com\/avatar\/?s=96&d=mm&r=g\",\"caption\":\"benoit rieu\"},\"url\":\"https:\/\/blogs.thesocialmedia.com\/leblogmoto\/author\/benoit-rieu\/\"}]}<\/script>\n<!-- \/ Yoast SEO plugin. -->","yoast_head_json":{"title":"Les r\u00e8gles de la superpole en WSBK se rapprochent de la F1. - leblogmoto.com","robots":{"index":"index","follow":"follow","max-snippet":"max-snippet:-1","max-image-preview":"max-image-preview:large","max-video-preview":"max-video-preview:-1"},"canonical":"https:\/\/blogs.thesocialmedia.com\/leblogmoto\/2008\/08\/26\/changement-des\/","twitter_card":"summary_large_image","twitter_title":"Les r\u00e8gles de la superpole en WSBK se rapprochent de la F1. - leblogmoto.com","twitter_description":"Q3, Q2, Q1, cela vous dit quelque chose ? Ce sont les stades successifs d&rsquo;\u00e9cr\u00e9mage pour les qualifs de la Formule 1. S\u00e9bastien Bourdais, quadruple champion en ChampCar chez Newman\/Haas a un mal fou sur sa ch\u00e8vre de Toro Rosso \u00e0 passer en Q3, par exemple. Sauf le week-end dernier \u00e0 Valence. Mais revenons \u00e0 [&hellip;]","twitter_image":"http:\/\/www.leblogmoto.com\/images\/2008\/08\/26\/moto_wsbk_superpole_netherlands_rou.jpg","twitter_misc":{"\u00c9crit par":"benoit rieu","Dur\u00e9e de lecture estim\u00e9e":"1 minute"},"schema":{"@context":"https:\/\/schema.org","@graph":[{"@type":"WebPage","@id":"https:\/\/blogs.thesocialmedia.com\/leblogmoto\/2008\/08\/26\/changement-des\/","url":"https:\/\/blogs.thesocialmedia.com\/leblogmoto\/2008\/08\/26\/changement-des\/","name":"Les r\u00e8gles de la superpole en WSBK se rapprochent de la F1. - leblogmoto.com","isPartOf":{"@id":"https:\/\/blogs.thesocialmedia.com\/leblogmoto\/#website"},"primaryImageOfPage":{"@id":"https:\/\/blogs.thesocialmedia.com\/leblogmoto\/2008\/08\/26\/changement-des\/#primaryimage"},"image":{"@id":"https:\/\/blogs.thesocialmedia.com\/leblogmoto\/2008\/08\/26\/changement-des\/#primaryimage"},"thumbnailUrl":"http:\/\/www.leblogmoto.com\/images\/2008\/08\/26\/moto_wsbk_superpole_netherlands_rou.jpg","datePublished":"2008-08-26T23:46:19+00:00","dateModified":"2012-07-11T16:14:59+00:00","author":{"@id":"https:\/\/blogs.thesocialmedia.com\/leblogmoto\/#\/schema\/person\/18bfe773e5725ed6d24f743da805362a"},"breadcrumb":{"@id":"https:\/\/blogs.thesocialmedia.com\/leblogmoto\/2008\/08\/26\/changement-des\/#breadcrumb"},"inLanguage":"fr-FR","potentialAction":[{"@type":"ReadAction","target":["https:\/\/blogs.thesocialmedia.com\/leblogmoto\/2008\/08\/26\/changement-des\/"]}]},{"@type":"ImageObject","inLanguage":"fr-FR","@id":"https:\/\/blogs.thesocialmedia.com\/leblogmoto\/2008\/08\/26\/changement-des\/#primaryimage","url":"http:\/\/www.leblogmoto.com\/images\/2008\/08\/26\/moto_wsbk_superpole_netherlands_rou.jpg","contentUrl":"http:\/\/www.leblogmoto.com\/images\/2008\/08\/26\/moto_wsbk_superpole_netherlands_rou.jpg"},{"@type":"BreadcrumbList","@id":"https:\/\/blogs.thesocialmedia.com\/leblogmoto\/2008\/08\/26\/changement-des\/#breadcrumb","itemListElement":[{"@type":"ListItem","position":1,"name":"Accueil","item":"https:\/\/blogs.thesocialmedia.com\/leblogmoto\/"},{"@type":"ListItem","position":2,"name":"Les r\u00e8gles de la superpole en WSBK se rapprochent de la F1."}]},{"@type":"WebSite","@id":"https:\/\/blogs.thesocialmedia.com\/leblogmoto\/#website","url":"https:\/\/blogs.thesocialmedia.com\/leblogmoto\/","name":"leblogmoto","description":"Toute l&#039;actualit\u00e9 des 2 roues","potentialAction":[{"@type":"SearchAction","target":{"@type":"EntryPoint","urlTemplate":"https:\/\/blogs.thesocialmedia.com\/leblogmoto\/?s={search_term_string}"},"query-input":{"@type":"PropertyValueSpecification","valueRequired":true,"valueName":"search_term_string"}}],"inLanguage":"fr-FR"},{"@type":"Person","@id":"https:\/\/blogs.thesocialmedia.com\/leblogmoto\/#\/schema\/person\/18bfe773e5725ed6d24f743da805362a","name":"benoit rieu","image":{"@type":"ImageObject","inLanguage":"fr-FR","@id":"https:\/\/blogs.thesocialmedia.com\/leblogmoto\/#\/schema\/person\/image\/","url":"https:\/\/secure.gravatar.com\/avatar\/?s=96&d=mm&r=g","contentUrl":"https:\/\/secure.gravatar.com\/avatar\/?s=96&d=mm&r=g","caption":"benoit rieu"},"url":"https:\/\/blogs.thesocialmedia.com\/leblogmoto\/author\/benoit-rieu\/"}]}},"_links":{"self":[{"href":"https:\/\/blogs.thesocialmedia.com\/leblogmoto\/wp-json\/wp\/v2\/posts\/520","targetHints":{"allow":["GET"]}}],"collection":[{"href":"https:\/\/blogs.thesocialmedia.com\/leblogmoto\/wp-json\/wp\/v2\/posts"}],"about":[{"href":"https:\/\/blogs.thesocialmedia.com\/leblogmoto\/wp-json\/wp\/v2\/types\/post"}],"author":[{"embeddable":true,"href":"https:\/\/blogs.thesocialmedia.com\/leblogmoto\/wp-json\/wp\/v2\/users\/324"}],"replies":[{"embeddable":true,"href":"https:\/\/blogs.thesocialmedia.com\/leblogmoto\/wp-json\/wp\/v2\/comments?post=520"}],"version-history":[{"count":2,"href":"https:\/\/blogs.thesocialmedia.com\/leblogmoto\/wp-json\/wp\/v2\/posts\/520\/revisions"}],"predecessor-version":[{"id":11526,"href":"https:\/\/blogs.thesocialmedia.com\/leblogmoto\/wp-json\/wp\/v2\/posts\/520\/revisions\/11526"}],"wp:attachment":[{"href":"https:\/\/blogs.thesocialmedia.com\/leblogmoto\/wp-json\/wp\/v2\/media?parent=520"}],"wp:term":[{"taxonomy":"category","embeddable":true,"href":"https:\/\/blogs.thesocialmedia.com\/leblogmoto\/wp-json\/wp\/v2\/categories?post=520"},{"taxonomy":"post_tag","embeddable":true,"href":"https:\/\/blogs.thesocialmedia.com\/leblogmoto\/wp-json\/wp\/v2\/tags?post=520"}],"curies":[{"name":"wp","href":"https:\/\/api.w.org\/{rel}","templated":true}]}}