{"id":522,"date":"2008-08-25T23:58:01","date_gmt":"2008-08-25T23:58:01","guid":{"rendered":"http:\/\/blogs.thesocialmedia.com\/leblogmoto\/2008\/08\/25\/pour-ceux-qui-n\/"},"modified":"2012-07-11T16:14:45","modified_gmt":"2012-07-11T16:14:45","slug":"pour-ceux-qui-n","status":"publish","type":"post","link":"https:\/\/blogs.thesocialmedia.com\/leblogmoto\/2008\/08\/25\/pour-ceux-qui-n\/","title":{"rendered":"Sete Gibernau, une classe \u00e0 part, voire m\u00eame une classe en dessous."},"content":{"rendered":"<p><a href=\"http:\/\/blogs.thesocialmedia.com\/leblogmoto\/files\/2012\/07\/moto_sete_gibernau_may_11_2007_ferr.jpg\"><img loading=\"lazy\" decoding=\"async\" width=\"470\" height=\"322\"  src=\"http:\/\/www.leblogmoto.com\/images\/2008\/08\/25\/moto_sete_gibernau_may_11_2007_ferr.jpg\" alt=\"Moto_sete_gibernau_may_11_2007_ferr\" \/><\/a> <\/p>\n<p>Chose <a href=\"http:\/\/www.leblogmoto.com\/2008\/08\/sete-gibernau-d.html\">promise<\/a>, chose due. Voici une courte biographie subjective de Sete en MotoGP, que l&rsquo;on voit ici avec son ex-femme, le mannequin Esther Ca\u00f1adas, dans le paddock chez Ferrari, en 2007. Pour ceux qui ne connaissent pas Gibernau, c&rsquo;est &quot;juste&quot; un grand pilote capable techniquement de tenir t\u00eate et de rivaliser avec le(s) plus grand(s). Mais, il faut bien l&rsquo;avouer, nettement inf\u00e9rieur dans la guerre des nerfs livr\u00e9e avec Vale. C&rsquo;est ce que confirma la seconde partie du championnat 2005 lors de la manche de Jerez. Apr\u00e8s cette man\u0153uvre, normale, risqu\u00e9e ou limite, \u00e0 vous de voir, du leader italien, <a href=\"http:\/\/www.setegibernau.com\/\">l&rsquo;Espagnol<\/a> s&rsquo;effondra psychologiquement, peu aid\u00e9 il est vrai par sa monture, terminant la saison sans victoire. Triste pour quelqu&rsquo;un baignant dans le monde de la moto depuis son enfance. C&rsquo;est m\u00eame une pr\u00e9disposition g\u00e9n\u00e9tique, une sorte d&rsquo;atavisme pour celui qui n&rsquo;est autre que le petit-fils du fondateur des marques <a href=\"http:\/\/www.montesa.fr\/\">Montesa<\/a> et de feu Bultaco, bien connues des amateurs de trial et d&rsquo;enduro.<\/p>\n<p><object width=\"425\" height=\"344\"><param name=\"movie\" value=\"http:\/\/www.youtube.com\/v\/419nCKc4B78&amp;hl=en&amp;fs=1\" \/><param name=\"allowFullScreen\" value=\"true\" \/><embed width=\"425\" height=\"344\" src=\"http:\/\/www.youtube.com\/v\/419nCKc4B78&amp;hl=en&amp;fs=1\" type=\"application\/x-shockwave-flash\"><\/embed><\/object> <\/p>\n<p>Ah ce fameux moment de Jerez, avec sa foule tr\u00e8s hostile \u00e0 l&rsquo;\u00e9gard de Rossi, pilote fantastique et redoutable. Redoutable, mais pas forc\u00e9ment coupable. Cependant cette victime expiatoire, \u00e0 port\u00e9e (de voix) du public ib\u00e9rique, est trop belle pour ne pas la conspuer. <\/p>\n<p>Car, m\u00eame si on ne le voit pas au premier coup d&rsquo;\u0153il, Vale doit composer avec un chattering, un dribble de la roue avant, et il place presque le pied au sol lors du passage en courbe (comme parfois \u00e7a lui arrive). C&rsquo;est pour cela que g\u00ean\u00e9 par sa propre monture, je ne pense pas qu&rsquo;il y ait intention de nuire, m\u00eame s&rsquo;il sort nettement de sa ligne.<\/p>\n<p><object width=\"425\" height=\"344\"><param name=\"movie\" value=\"http:\/\/www.youtube.com\/v\/NWYm1xT0oqM&amp;hl=en&amp;fs=1\" \/><param name=\"allowFullScreen\" value=\"true\" \/><embed width=\"425\" height=\"344\" src=\"http:\/\/www.youtube.com\/v\/NWYm1xT0oqM&amp;hl=en&amp;fs=1\" type=\"application\/x-shockwave-flash\"><\/embed><\/object> <\/p>\n<p>On a parfois compar\u00e9 la rivalit\u00e9 Rossi &#8211; Gibernau \u00e0 Doohan &#8211; Criville, l&rsquo;a\u00een\u00e9 espagnol ayant du mal \u00e0 exister dans l&rsquo;ombre tutellaire du pilote surdou\u00e9e de cette \u00e9poque, et tant que son flamboyant concurrent \u00e9tait pr\u00e9sent. A ceci pr\u00e8s que Sete Gibernau ne remportera probablement pas de titre mondial contrairement \u00e0 Alex Criville en 1999, depuis l&rsquo;annonce officielle de sa retraite, o\u00f9 il se r\u00e9clamait d&rsquo;une certaine lassitude et ne souhaitant pas courir uniquement pour l&rsquo;argent. A moins qu&rsquo;en 2009&#8230; mais le <a href=\"http:\/\/www.leblogmoto.com\/2008\/08\/nicky-hayden-pa.html\">r\u00e9cent choix d&rsquo;Hayden<\/a> compromet (euph\u00e9misme) ses chances, du moins sur la selle de la Ducati officielle.<\/p>\n<p>Concernant les deux rivalit\u00e9s Michael Doohan &#8211; Alex Criville et Valentino Rossi &#8211; Sete Gibernau, la guerre \u00e9tait intense entre ces deux hommes de deux g\u00e9n\u00e9rations diff\u00e9rentes, on en a un exemple dans cette victoire millim\u00e9tr\u00e9e en 1996 \u00e0 Brno et dans ce chass\u00e9 crois\u00e9 en t\u00eate \u00e0 Phillip Island en 2004. <\/p>\n<p><object width=\"425\" height=\"344\"><param name=\"movie\" value=\"http:\/\/www.youtube.com\/v\/ivtRhfDf0Vs&amp;hl=en&amp;fs=1\" \/><param name=\"allowFullScreen\" value=\"true\" \/><embed width=\"425\" height=\"344\" src=\"http:\/\/www.youtube.com\/v\/ivtRhfDf0Vs&amp;hl=en&amp;fs=1\" type=\"application\/x-shockwave-flash\"><\/embed><\/object> <\/p>\n<p>Mais on pense surtout \u00e0 l&rsquo;incident du Qatar de cette m\u00eame ann\u00e9e. Max Biaggi et Valentino Rossi avaient fait nettoyer leur <em>grid position<\/em> en vue d&rsquo;am\u00e9liorer la traction de leurs pneumatiques sur la piste, pratique \u00e0 peine tol\u00e9r\u00e9e. Le team Gresini de Gibernau, ainsi que Repsol Honda, d\u00e9pos\u00e8rent pourtant une r\u00e9clamation, et obtinrent gain de cause, rel\u00e9guant Vale en fond de grille, avec sa ranc\u0153ur, soup\u00e7onnant Sete d&rsquo;\u00eatre l&rsquo;instigateur de cette man\u0153uvre, malgr\u00e9 les d\u00e9n\u00e9gations constantes de ce dernier. <\/p>\n<p>Depuis lors Rossi jura que l&rsquo;Espagnol ne gagnerait plus de course, et s&rsquo;y employa, ce qui peut expliquer aussi en partie l&rsquo;incident de Jerez en 2005 ou du moins l&rsquo;absence de remord de Valentino au sujet de cette man\u0153uvre. <\/p>\n<p>Allez, encore une louche de Phillip Island 2004 avec le dernier tour mais en cam\u00e9ra embarqu\u00e9e cette fois.<\/p>\n<p><object width=\"425\" height=\"344\"><param name=\"movie\" value=\"http:\/\/www.youtube.com\/v\/Gujkfo_jO8w&amp;hl=en&amp;fs=1\" \/><param name=\"allowFullScreen\" value=\"true\" \/><embed width=\"425\" height=\"344\" src=\"http:\/\/www.youtube.com\/v\/Gujkfo_jO8w&amp;hl=en&amp;fs=1\" type=\"application\/x-shockwave-flash\"><\/embed><\/object> <\/p>\n","protected":false},"excerpt":{"rendered":"<p>Chose promise, chose due. Voici une courte biographie subjective de Sete en MotoGP, que l&rsquo;on voit ici avec son ex-femme, le mannequin Esther Ca\u00f1adas, dans le paddock chez Ferrari, en 2007. Pour ceux qui ne connaissent pas Gibernau, c&rsquo;est &quot;juste&quot; un grand pilote capable techniquement de tenir t\u00eate et de rivaliser avec le(s) plus grand(s). [&hellip;]<\/p>\n","protected":false},"author":324,"featured_media":0,"comment_status":"open","ping_status":"open","sticky":false,"template":"","format":"standard","meta":{"footnotes":""},"categories":[22,12],"tags":[],"class_list":["post-522","post","type-post","status-publish","format-standard","hentry","category-motogp","category-videos"],"yoast_head":"<!-- This site is optimized with the Yoast SEO plugin v26.0 - https:\/\/yoast.com\/wordpress\/plugins\/seo\/ -->\n<title>Sete Gibernau, une classe \u00e0 part, voire m\u00eame une classe en dessous. - leblogmoto.com<\/title>\n<meta name=\"robots\" content=\"index, follow, max-snippet:-1, max-image-preview:large, max-video-preview:-1\" \/>\n<link rel=\"canonical\" href=\"https:\/\/blogs.thesocialmedia.com\/leblogmoto\/2008\/08\/25\/pour-ceux-qui-n\/\" \/>\n<meta name=\"twitter:card\" content=\"summary_large_image\" \/>\n<meta name=\"twitter:title\" content=\"Sete Gibernau, une classe \u00e0 part, voire m\u00eame une classe en dessous. - leblogmoto.com\" \/>\n<meta name=\"twitter:description\" content=\"Chose promise, chose due. Voici une courte biographie subjective de Sete en MotoGP, que l&rsquo;on voit ici avec son ex-femme, le mannequin Esther Ca\u00f1adas, dans le paddock chez Ferrari, en 2007. Pour ceux qui ne connaissent pas Gibernau, c&rsquo;est &quot;juste&quot; un grand pilote capable techniquement de tenir t\u00eate et de rivaliser avec le(s) plus grand(s). [&hellip;]\" \/>\n<meta name=\"twitter:image\" content=\"http:\/\/www.leblogmoto.com\/images\/2008\/08\/25\/moto_sete_gibernau_may_11_2007_ferr.jpg\" \/>\n<meta name=\"twitter:label1\" content=\"\u00c9crit par\" \/>\n\t<meta name=\"twitter:data1\" content=\"benoit rieu\" \/>\n\t<meta name=\"twitter:label2\" content=\"Dur\u00e9e de lecture estim\u00e9e\" \/>\n\t<meta name=\"twitter:data2\" content=\"3 minutes\" \/>\n<script type=\"application\/ld+json\" class=\"yoast-schema-graph\">{\"@context\":\"https:\/\/schema.org\",\"@graph\":[{\"@type\":\"WebPage\",\"@id\":\"https:\/\/blogs.thesocialmedia.com\/leblogmoto\/2008\/08\/25\/pour-ceux-qui-n\/\",\"url\":\"https:\/\/blogs.thesocialmedia.com\/leblogmoto\/2008\/08\/25\/pour-ceux-qui-n\/\",\"name\":\"Sete Gibernau, une classe \u00e0 part, voire m\u00eame une classe en dessous. - leblogmoto.com\",\"isPartOf\":{\"@id\":\"https:\/\/blogs.thesocialmedia.com\/leblogmoto\/#website\"},\"primaryImageOfPage\":{\"@id\":\"https:\/\/blogs.thesocialmedia.com\/leblogmoto\/2008\/08\/25\/pour-ceux-qui-n\/#primaryimage\"},\"image\":{\"@id\":\"https:\/\/blogs.thesocialmedia.com\/leblogmoto\/2008\/08\/25\/pour-ceux-qui-n\/#primaryimage\"},\"thumbnailUrl\":\"http:\/\/www.leblogmoto.com\/images\/2008\/08\/25\/moto_sete_gibernau_may_11_2007_ferr.jpg\",\"datePublished\":\"2008-08-25T23:58:01+00:00\",\"dateModified\":\"2012-07-11T16:14:45+00:00\",\"author\":{\"@id\":\"https:\/\/blogs.thesocialmedia.com\/leblogmoto\/#\/schema\/person\/18bfe773e5725ed6d24f743da805362a\"},\"breadcrumb\":{\"@id\":\"https:\/\/blogs.thesocialmedia.com\/leblogmoto\/2008\/08\/25\/pour-ceux-qui-n\/#breadcrumb\"},\"inLanguage\":\"fr-FR\",\"potentialAction\":[{\"@type\":\"ReadAction\",\"target\":[\"https:\/\/blogs.thesocialmedia.com\/leblogmoto\/2008\/08\/25\/pour-ceux-qui-n\/\"]}]},{\"@type\":\"ImageObject\",\"inLanguage\":\"fr-FR\",\"@id\":\"https:\/\/blogs.thesocialmedia.com\/leblogmoto\/2008\/08\/25\/pour-ceux-qui-n\/#primaryimage\",\"url\":\"http:\/\/www.leblogmoto.com\/images\/2008\/08\/25\/moto_sete_gibernau_may_11_2007_ferr.jpg\",\"contentUrl\":\"http:\/\/www.leblogmoto.com\/images\/2008\/08\/25\/moto_sete_gibernau_may_11_2007_ferr.jpg\"},{\"@type\":\"BreadcrumbList\",\"@id\":\"https:\/\/blogs.thesocialmedia.com\/leblogmoto\/2008\/08\/25\/pour-ceux-qui-n\/#breadcrumb\",\"itemListElement\":[{\"@type\":\"ListItem\",\"position\":1,\"name\":\"Accueil\",\"item\":\"https:\/\/blogs.thesocialmedia.com\/leblogmoto\/\"},{\"@type\":\"ListItem\",\"position\":2,\"name\":\"Sete Gibernau, une classe \u00e0 part, voire m\u00eame une classe en dessous.\"}]},{\"@type\":\"WebSite\",\"@id\":\"https:\/\/blogs.thesocialmedia.com\/leblogmoto\/#website\",\"url\":\"https:\/\/blogs.thesocialmedia.com\/leblogmoto\/\",\"name\":\"leblogmoto\",\"description\":\"Toute l&#039;actualit\u00e9 des 2 roues\",\"potentialAction\":[{\"@type\":\"SearchAction\",\"target\":{\"@type\":\"EntryPoint\",\"urlTemplate\":\"https:\/\/blogs.thesocialmedia.com\/leblogmoto\/?s={search_term_string}\"},\"query-input\":{\"@type\":\"PropertyValueSpecification\",\"valueRequired\":true,\"valueName\":\"search_term_string\"}}],\"inLanguage\":\"fr-FR\"},{\"@type\":\"Person\",\"@id\":\"https:\/\/blogs.thesocialmedia.com\/leblogmoto\/#\/schema\/person\/18bfe773e5725ed6d24f743da805362a\",\"name\":\"benoit rieu\",\"image\":{\"@type\":\"ImageObject\",\"inLanguage\":\"fr-FR\",\"@id\":\"https:\/\/blogs.thesocialmedia.com\/leblogmoto\/#\/schema\/person\/image\/\",\"url\":\"https:\/\/secure.gravatar.com\/avatar\/?s=96&d=mm&r=g\",\"contentUrl\":\"https:\/\/secure.gravatar.com\/avatar\/?s=96&d=mm&r=g\",\"caption\":\"benoit rieu\"},\"url\":\"https:\/\/blogs.thesocialmedia.com\/leblogmoto\/author\/benoit-rieu\/\"}]}<\/script>\n<!-- \/ Yoast SEO plugin. -->","yoast_head_json":{"title":"Sete Gibernau, une classe \u00e0 part, voire m\u00eame une classe en dessous. - leblogmoto.com","robots":{"index":"index","follow":"follow","max-snippet":"max-snippet:-1","max-image-preview":"max-image-preview:large","max-video-preview":"max-video-preview:-1"},"canonical":"https:\/\/blogs.thesocialmedia.com\/leblogmoto\/2008\/08\/25\/pour-ceux-qui-n\/","twitter_card":"summary_large_image","twitter_title":"Sete Gibernau, une classe \u00e0 part, voire m\u00eame une classe en dessous. - leblogmoto.com","twitter_description":"Chose promise, chose due. Voici une courte biographie subjective de Sete en MotoGP, que l&rsquo;on voit ici avec son ex-femme, le mannequin Esther Ca\u00f1adas, dans le paddock chez Ferrari, en 2007. Pour ceux qui ne connaissent pas Gibernau, c&rsquo;est &quot;juste&quot; un grand pilote capable techniquement de tenir t\u00eate et de rivaliser avec le(s) plus grand(s). [&hellip;]","twitter_image":"http:\/\/www.leblogmoto.com\/images\/2008\/08\/25\/moto_sete_gibernau_may_11_2007_ferr.jpg","twitter_misc":{"\u00c9crit par":"benoit rieu","Dur\u00e9e de lecture estim\u00e9e":"3 minutes"},"schema":{"@context":"https:\/\/schema.org","@graph":[{"@type":"WebPage","@id":"https:\/\/blogs.thesocialmedia.com\/leblogmoto\/2008\/08\/25\/pour-ceux-qui-n\/","url":"https:\/\/blogs.thesocialmedia.com\/leblogmoto\/2008\/08\/25\/pour-ceux-qui-n\/","name":"Sete Gibernau, une classe \u00e0 part, voire m\u00eame une classe en dessous. - leblogmoto.com","isPartOf":{"@id":"https:\/\/blogs.thesocialmedia.com\/leblogmoto\/#website"},"primaryImageOfPage":{"@id":"https:\/\/blogs.thesocialmedia.com\/leblogmoto\/2008\/08\/25\/pour-ceux-qui-n\/#primaryimage"},"image":{"@id":"https:\/\/blogs.thesocialmedia.com\/leblogmoto\/2008\/08\/25\/pour-ceux-qui-n\/#primaryimage"},"thumbnailUrl":"http:\/\/www.leblogmoto.com\/images\/2008\/08\/25\/moto_sete_gibernau_may_11_2007_ferr.jpg","datePublished":"2008-08-25T23:58:01+00:00","dateModified":"2012-07-11T16:14:45+00:00","author":{"@id":"https:\/\/blogs.thesocialmedia.com\/leblogmoto\/#\/schema\/person\/18bfe773e5725ed6d24f743da805362a"},"breadcrumb":{"@id":"https:\/\/blogs.thesocialmedia.com\/leblogmoto\/2008\/08\/25\/pour-ceux-qui-n\/#breadcrumb"},"inLanguage":"fr-FR","potentialAction":[{"@type":"ReadAction","target":["https:\/\/blogs.thesocialmedia.com\/leblogmoto\/2008\/08\/25\/pour-ceux-qui-n\/"]}]},{"@type":"ImageObject","inLanguage":"fr-FR","@id":"https:\/\/blogs.thesocialmedia.com\/leblogmoto\/2008\/08\/25\/pour-ceux-qui-n\/#primaryimage","url":"http:\/\/www.leblogmoto.com\/images\/2008\/08\/25\/moto_sete_gibernau_may_11_2007_ferr.jpg","contentUrl":"http:\/\/www.leblogmoto.com\/images\/2008\/08\/25\/moto_sete_gibernau_may_11_2007_ferr.jpg"},{"@type":"BreadcrumbList","@id":"https:\/\/blogs.thesocialmedia.com\/leblogmoto\/2008\/08\/25\/pour-ceux-qui-n\/#breadcrumb","itemListElement":[{"@type":"ListItem","position":1,"name":"Accueil","item":"https:\/\/blogs.thesocialmedia.com\/leblogmoto\/"},{"@type":"ListItem","position":2,"name":"Sete Gibernau, une classe \u00e0 part, voire m\u00eame une classe en dessous."}]},{"@type":"WebSite","@id":"https:\/\/blogs.thesocialmedia.com\/leblogmoto\/#website","url":"https:\/\/blogs.thesocialmedia.com\/leblogmoto\/","name":"leblogmoto","description":"Toute l&#039;actualit\u00e9 des 2 roues","potentialAction":[{"@type":"SearchAction","target":{"@type":"EntryPoint","urlTemplate":"https:\/\/blogs.thesocialmedia.com\/leblogmoto\/?s={search_term_string}"},"query-input":{"@type":"PropertyValueSpecification","valueRequired":true,"valueName":"search_term_string"}}],"inLanguage":"fr-FR"},{"@type":"Person","@id":"https:\/\/blogs.thesocialmedia.com\/leblogmoto\/#\/schema\/person\/18bfe773e5725ed6d24f743da805362a","name":"benoit rieu","image":{"@type":"ImageObject","inLanguage":"fr-FR","@id":"https:\/\/blogs.thesocialmedia.com\/leblogmoto\/#\/schema\/person\/image\/","url":"https:\/\/secure.gravatar.com\/avatar\/?s=96&d=mm&r=g","contentUrl":"https:\/\/secure.gravatar.com\/avatar\/?s=96&d=mm&r=g","caption":"benoit rieu"},"url":"https:\/\/blogs.thesocialmedia.com\/leblogmoto\/author\/benoit-rieu\/"}]}},"_links":{"self":[{"href":"https:\/\/blogs.thesocialmedia.com\/leblogmoto\/wp-json\/wp\/v2\/posts\/522","targetHints":{"allow":["GET"]}}],"collection":[{"href":"https:\/\/blogs.thesocialmedia.com\/leblogmoto\/wp-json\/wp\/v2\/posts"}],"about":[{"href":"https:\/\/blogs.thesocialmedia.com\/leblogmoto\/wp-json\/wp\/v2\/types\/post"}],"author":[{"embeddable":true,"href":"https:\/\/blogs.thesocialmedia.com\/leblogmoto\/wp-json\/wp\/v2\/users\/324"}],"replies":[{"embeddable":true,"href":"https:\/\/blogs.thesocialmedia.com\/leblogmoto\/wp-json\/wp\/v2\/comments?post=522"}],"version-history":[{"count":2,"href":"https:\/\/blogs.thesocialmedia.com\/leblogmoto\/wp-json\/wp\/v2\/posts\/522\/revisions"}],"predecessor-version":[{"id":11518,"href":"https:\/\/blogs.thesocialmedia.com\/leblogmoto\/wp-json\/wp\/v2\/posts\/522\/revisions\/11518"}],"wp:attachment":[{"href":"https:\/\/blogs.thesocialmedia.com\/leblogmoto\/wp-json\/wp\/v2\/media?parent=522"}],"wp:term":[{"taxonomy":"category","embeddable":true,"href":"https:\/\/blogs.thesocialmedia.com\/leblogmoto\/wp-json\/wp\/v2\/categories?post=522"},{"taxonomy":"post_tag","embeddable":true,"href":"https:\/\/blogs.thesocialmedia.com\/leblogmoto\/wp-json\/wp\/v2\/tags?post=522"}],"curies":[{"name":"wp","href":"https:\/\/api.w.org\/{rel}","templated":true}]}}