{"id":523,"date":"2008-08-25T23:51:25","date_gmt":"2008-08-25T23:51:25","guid":{"rendered":"http:\/\/blogs.thesocialmedia.com\/leblogmoto\/2008\/08\/25\/nicky-hayden-pa\/"},"modified":"2012-07-11T16:14:43","modified_gmt":"2012-07-11T16:14:43","slug":"nicky-hayden-pa","status":"publish","type":"post","link":"https:\/\/blogs.thesocialmedia.com\/leblogmoto\/2008\/08\/25\/nicky-hayden-pa\/","title":{"rendered":"Nicky Hayden sera le co\u00e9quipier de Casey Stoner chez Ducati en 2009."},"content":{"rendered":"<p><a href=\"http:\/\/blogs.thesocialmedia.com\/leblogmoto\/files\/2012\/07\/moto_nicky_hayden_of_the_us_is_cong.jpg\"><img loading=\"lazy\" decoding=\"async\" width=\"470\" height=\"353\"  src=\"http:\/\/www.leblogmoto.com\/images\/2008\/08\/25\/moto_nicky_hayden_of_the_us_is_cong.jpg\" alt=\"Moto_nicky_hayden_of_the_us_is_cong\" \/><\/a><\/p>\n<p>Je me demandais quand est-ce que je ressortirai cette &quot;superbe&quot; photo de Nicky Hayden f\u00e9licit\u00e9 par sa m\u00e8re pour sa troisi\u00e8me place en qualifs \u00e0 Laguna Seca cette ann\u00e9e. Le <a href=\"http:\/\/blogs.thesocialmedia.com\/leblogmoto\/files\/2012\/07\/chad-reed-passe.html_.png\">second transfert de l&rsquo;\u00e9t\u00e9<\/a> m&rsquo;en donne l&rsquo;occasion et je ne vais pas m&rsquo;en priver. C&rsquo;est donc lass\u00e9 des dysfonctionnements internes du HRC et de la place de lieutenant qui lui \u00e9tait d\u00e9volue aupr\u00e8s de son ennemi intime Dani Pedrosa, que le <a href=\"http:\/\/www.nickyhayden.com\">Kentucky Kid<\/a> part \u00e9pauler l&rsquo;Australien Stoner en 2009. Un jeu de chaises musicales amorc\u00e9 par le d\u00e9part de Marco Melandri, auteur d&rsquo;une saison catastrophique chez les rouges. Livio Suppo ne cache pas sa satisfaction pour ce deal, l&rsquo;Am\u00e9ricain ayant encore de beaux restes au guidon: &quot;Au d\u00e9but de sa carri\u00e8re en motoGP, Nicky a roul\u00e9 avec Rossi, puis avec Pedrosa, nous pensons qu&rsquo;il sera le meilleur partenaire pour Casey&quot;. Il faudra cependant attendre Misano dans cinq jours ou Indianapolis \u00e0 la mi-septembre pour que l&rsquo;annonce de l&rsquo;association du champion 2006 et de son successeur soit officialis\u00e9e.<\/p>\n<p><a href=\"http:\/\/clabedan.typepad.com\/.shared\/image.html?\/photos\/uncategorized\/2008\/08\/25\/moto_nicky_hayden.jpg\"><img loading=\"lazy\" decoding=\"async\" width=\"470\" height=\"341\"  alt=\"Moto_nicky_hayden\" src=\"http:\/\/www.leblogmoto.com\/images\/2008\/08\/25\/moto_nicky_hayden.jpg\" \/><\/a><\/p>\n<p>En parlant de 2006, quelle est loin cette image, quelle est loin cette joie de le voir l&#8217;emporter dans la derni\u00e8re manche de la saison: Hayden l&rsquo;a fait, un peu comme Vale lui-m\u00eame avait pu grapiller quelques points et devenir leader (de huit points) au championnat du monde \u00e0 l&rsquo;issue du GP d&rsquo;Estoril, c&rsquo;est gr\u00e2ce \u00e0 sa volont\u00e9, sa r\u00e9gularit\u00e9 et un concours de circonstances que le Kid du Kentucky est devenu champion \u00e0 Valence.<\/p>\n<p>Lui, que l&rsquo;on disait f\u00e9brile face \u00e0 l&rsquo;enjeu, c&rsquo;est pourtant la l\u00e9gende vivante qui a craqu\u00e9. Mais rassure-toi Rossifan (dont je fais aussi partie, si, si), la cat\u00e9gorie reine de la moto a connu de belles passe d&rsquo;armes entre un grand champion et son dauphin comme les rivalit\u00e9s Surtees\/Liberi, Lawson\/Gardner et Agostini\/Read. Et l&rsquo;histoire a su faire la diff\u00e9rence entre chacun des deux, comme le prouvent les \u00e9checs de Hayden depuis son titres. Et ce m\u00eame si un titre reste un titre, surtout quand il est acquis, comme ici, avec la mani\u00e8re, \u00e0 la derni\u00e8re course (&quot;\u00e0 vaincre sans p\u00e9ril, etc., etc.&quot;).<\/p>\n<p><a href=\"http:\/\/blogs.thesocialmedia.com\/leblogmoto\/files\/2012\/07\/moto_nicky_hayden_from_the_united_s.jpg\"><img loading=\"lazy\" decoding=\"async\" width=\"470\" height=\"334\"  src=\"http:\/\/www.leblogmoto.com\/images\/2008\/08\/25\/moto_nicky_hayden_from_the_united_s.jpg\" alt=\"Moto_nicky_hayden_from_the_united_s\" \/><\/a> <\/p>\n<p>A bien y regarder, cela s&rsquo;\u00e9tait en fait jou\u00e9 d&rsquo;un souffle \u00e0 Estoril, 2\/1000 \u00e8mes de secondes s\u00e9parant Toni Elias du Doctor, quelques centim\u00e8tres sur la piste. A l&rsquo;instant o\u00f9 Rossi serre la main de Hayden (on a jamais cru \u00e0 un passage de t\u00e9moin \u00e0 l&rsquo;\u00e9poque) l&rsquo;Italien peut donc s&rsquo;en vouloir, car s&rsquo;il l&rsquo;avait emport\u00e9 au Portugal, se retrouvant math\u00e9matiquement avec le m\u00eame nombre de points qu&rsquo;Hayden \u00e0 la fin du championnat, Vale aurait finalement \u00e9t\u00e9 sacr\u00e9 champion car en t\u00eate au nombre des victoires.<\/p>\n<p> Et depuis ce titre, plus rien. Ou <a href=\"http:\/\/www.leblogmoto.com\/2007\/11\/retour-au-somme.html\">pas grand chose<\/a>, du moins par rapport \u00e0 son prestige pass\u00e9 et en comparaison des besogneux du fond de grille. Car pour un pilote qui a go\u00fbt\u00e9 pendant un temps tr\u00e8s court aux superlatifs, tout est relatif. <\/p>\n","protected":false},"excerpt":{"rendered":"<p>Je me demandais quand est-ce que je ressortirai cette &quot;superbe&quot; photo de Nicky Hayden f\u00e9licit\u00e9 par sa m\u00e8re pour sa troisi\u00e8me place en qualifs \u00e0 Laguna Seca cette ann\u00e9e. Le second transfert de l&rsquo;\u00e9t\u00e9 m&rsquo;en donne l&rsquo;occasion et je ne vais pas m&rsquo;en priver. C&rsquo;est donc lass\u00e9 des dysfonctionnements internes du HRC et de la [&hellip;]<\/p>\n","protected":false},"author":324,"featured_media":0,"comment_status":"open","ping_status":"open","sticky":false,"template":"","format":"standard","meta":{"footnotes":""},"categories":[3,41,22],"tags":[],"class_list":["post-523","post","type-post","status-publish","format-standard","hentry","category-actualite","category-ducati","category-motogp"],"yoast_head":"<!-- This site is optimized with the Yoast SEO plugin v26.0 - https:\/\/yoast.com\/wordpress\/plugins\/seo\/ -->\n<title>Nicky Hayden sera le co\u00e9quipier de Casey Stoner chez Ducati en 2009. - leblogmoto.com<\/title>\n<meta name=\"robots\" content=\"index, follow, max-snippet:-1, max-image-preview:large, max-video-preview:-1\" \/>\n<link rel=\"canonical\" href=\"https:\/\/blogs.thesocialmedia.com\/leblogmoto\/2008\/08\/25\/nicky-hayden-pa\/\" \/>\n<meta name=\"twitter:card\" content=\"summary_large_image\" \/>\n<meta name=\"twitter:title\" content=\"Nicky Hayden sera le co\u00e9quipier de Casey Stoner chez Ducati en 2009. - leblogmoto.com\" \/>\n<meta name=\"twitter:description\" content=\"Je me demandais quand est-ce que je ressortirai cette &quot;superbe&quot; photo de Nicky Hayden f\u00e9licit\u00e9 par sa m\u00e8re pour sa troisi\u00e8me place en qualifs \u00e0 Laguna Seca cette ann\u00e9e. Le second transfert de l&rsquo;\u00e9t\u00e9 m&rsquo;en donne l&rsquo;occasion et je ne vais pas m&rsquo;en priver. C&rsquo;est donc lass\u00e9 des dysfonctionnements internes du HRC et de la [&hellip;]\" \/>\n<meta name=\"twitter:image\" content=\"http:\/\/www.leblogmoto.com\/images\/2008\/08\/25\/moto_nicky_hayden_of_the_us_is_cong.jpg\" \/>\n<meta name=\"twitter:label1\" content=\"\u00c9crit par\" \/>\n\t<meta name=\"twitter:data1\" content=\"benoit rieu\" \/>\n\t<meta name=\"twitter:label2\" content=\"Dur\u00e9e de lecture estim\u00e9e\" \/>\n\t<meta name=\"twitter:data2\" content=\"3 minutes\" \/>\n<script type=\"application\/ld+json\" class=\"yoast-schema-graph\">{\"@context\":\"https:\/\/schema.org\",\"@graph\":[{\"@type\":\"WebPage\",\"@id\":\"https:\/\/blogs.thesocialmedia.com\/leblogmoto\/2008\/08\/25\/nicky-hayden-pa\/\",\"url\":\"https:\/\/blogs.thesocialmedia.com\/leblogmoto\/2008\/08\/25\/nicky-hayden-pa\/\",\"name\":\"Nicky Hayden sera le co\u00e9quipier de Casey Stoner chez Ducati en 2009. - leblogmoto.com\",\"isPartOf\":{\"@id\":\"https:\/\/blogs.thesocialmedia.com\/leblogmoto\/#website\"},\"primaryImageOfPage\":{\"@id\":\"https:\/\/blogs.thesocialmedia.com\/leblogmoto\/2008\/08\/25\/nicky-hayden-pa\/#primaryimage\"},\"image\":{\"@id\":\"https:\/\/blogs.thesocialmedia.com\/leblogmoto\/2008\/08\/25\/nicky-hayden-pa\/#primaryimage\"},\"thumbnailUrl\":\"http:\/\/www.leblogmoto.com\/images\/2008\/08\/25\/moto_nicky_hayden_of_the_us_is_cong.jpg\",\"datePublished\":\"2008-08-25T23:51:25+00:00\",\"dateModified\":\"2012-07-11T16:14:43+00:00\",\"author\":{\"@id\":\"https:\/\/blogs.thesocialmedia.com\/leblogmoto\/#\/schema\/person\/18bfe773e5725ed6d24f743da805362a\"},\"breadcrumb\":{\"@id\":\"https:\/\/blogs.thesocialmedia.com\/leblogmoto\/2008\/08\/25\/nicky-hayden-pa\/#breadcrumb\"},\"inLanguage\":\"fr-FR\",\"potentialAction\":[{\"@type\":\"ReadAction\",\"target\":[\"https:\/\/blogs.thesocialmedia.com\/leblogmoto\/2008\/08\/25\/nicky-hayden-pa\/\"]}]},{\"@type\":\"ImageObject\",\"inLanguage\":\"fr-FR\",\"@id\":\"https:\/\/blogs.thesocialmedia.com\/leblogmoto\/2008\/08\/25\/nicky-hayden-pa\/#primaryimage\",\"url\":\"http:\/\/www.leblogmoto.com\/images\/2008\/08\/25\/moto_nicky_hayden_of_the_us_is_cong.jpg\",\"contentUrl\":\"http:\/\/www.leblogmoto.com\/images\/2008\/08\/25\/moto_nicky_hayden_of_the_us_is_cong.jpg\"},{\"@type\":\"BreadcrumbList\",\"@id\":\"https:\/\/blogs.thesocialmedia.com\/leblogmoto\/2008\/08\/25\/nicky-hayden-pa\/#breadcrumb\",\"itemListElement\":[{\"@type\":\"ListItem\",\"position\":1,\"name\":\"Accueil\",\"item\":\"https:\/\/blogs.thesocialmedia.com\/leblogmoto\/\"},{\"@type\":\"ListItem\",\"position\":2,\"name\":\"Nicky Hayden sera le co\u00e9quipier de Casey Stoner chez Ducati en 2009.\"}]},{\"@type\":\"WebSite\",\"@id\":\"https:\/\/blogs.thesocialmedia.com\/leblogmoto\/#website\",\"url\":\"https:\/\/blogs.thesocialmedia.com\/leblogmoto\/\",\"name\":\"leblogmoto\",\"description\":\"Toute l&#039;actualit\u00e9 des 2 roues\",\"potentialAction\":[{\"@type\":\"SearchAction\",\"target\":{\"@type\":\"EntryPoint\",\"urlTemplate\":\"https:\/\/blogs.thesocialmedia.com\/leblogmoto\/?s={search_term_string}\"},\"query-input\":{\"@type\":\"PropertyValueSpecification\",\"valueRequired\":true,\"valueName\":\"search_term_string\"}}],\"inLanguage\":\"fr-FR\"},{\"@type\":\"Person\",\"@id\":\"https:\/\/blogs.thesocialmedia.com\/leblogmoto\/#\/schema\/person\/18bfe773e5725ed6d24f743da805362a\",\"name\":\"benoit rieu\",\"image\":{\"@type\":\"ImageObject\",\"inLanguage\":\"fr-FR\",\"@id\":\"https:\/\/blogs.thesocialmedia.com\/leblogmoto\/#\/schema\/person\/image\/\",\"url\":\"https:\/\/secure.gravatar.com\/avatar\/?s=96&d=mm&r=g\",\"contentUrl\":\"https:\/\/secure.gravatar.com\/avatar\/?s=96&d=mm&r=g\",\"caption\":\"benoit rieu\"},\"url\":\"https:\/\/blogs.thesocialmedia.com\/leblogmoto\/author\/benoit-rieu\/\"}]}<\/script>\n<!-- \/ Yoast SEO plugin. -->","yoast_head_json":{"title":"Nicky Hayden sera le co\u00e9quipier de Casey Stoner chez Ducati en 2009. - leblogmoto.com","robots":{"index":"index","follow":"follow","max-snippet":"max-snippet:-1","max-image-preview":"max-image-preview:large","max-video-preview":"max-video-preview:-1"},"canonical":"https:\/\/blogs.thesocialmedia.com\/leblogmoto\/2008\/08\/25\/nicky-hayden-pa\/","twitter_card":"summary_large_image","twitter_title":"Nicky Hayden sera le co\u00e9quipier de Casey Stoner chez Ducati en 2009. - leblogmoto.com","twitter_description":"Je me demandais quand est-ce que je ressortirai cette &quot;superbe&quot; photo de Nicky Hayden f\u00e9licit\u00e9 par sa m\u00e8re pour sa troisi\u00e8me place en qualifs \u00e0 Laguna Seca cette ann\u00e9e. Le second transfert de l&rsquo;\u00e9t\u00e9 m&rsquo;en donne l&rsquo;occasion et je ne vais pas m&rsquo;en priver. C&rsquo;est donc lass\u00e9 des dysfonctionnements internes du HRC et de la [&hellip;]","twitter_image":"http:\/\/www.leblogmoto.com\/images\/2008\/08\/25\/moto_nicky_hayden_of_the_us_is_cong.jpg","twitter_misc":{"\u00c9crit par":"benoit rieu","Dur\u00e9e de lecture estim\u00e9e":"3 minutes"},"schema":{"@context":"https:\/\/schema.org","@graph":[{"@type":"WebPage","@id":"https:\/\/blogs.thesocialmedia.com\/leblogmoto\/2008\/08\/25\/nicky-hayden-pa\/","url":"https:\/\/blogs.thesocialmedia.com\/leblogmoto\/2008\/08\/25\/nicky-hayden-pa\/","name":"Nicky Hayden sera le co\u00e9quipier de Casey Stoner chez Ducati en 2009. - leblogmoto.com","isPartOf":{"@id":"https:\/\/blogs.thesocialmedia.com\/leblogmoto\/#website"},"primaryImageOfPage":{"@id":"https:\/\/blogs.thesocialmedia.com\/leblogmoto\/2008\/08\/25\/nicky-hayden-pa\/#primaryimage"},"image":{"@id":"https:\/\/blogs.thesocialmedia.com\/leblogmoto\/2008\/08\/25\/nicky-hayden-pa\/#primaryimage"},"thumbnailUrl":"http:\/\/www.leblogmoto.com\/images\/2008\/08\/25\/moto_nicky_hayden_of_the_us_is_cong.jpg","datePublished":"2008-08-25T23:51:25+00:00","dateModified":"2012-07-11T16:14:43+00:00","author":{"@id":"https:\/\/blogs.thesocialmedia.com\/leblogmoto\/#\/schema\/person\/18bfe773e5725ed6d24f743da805362a"},"breadcrumb":{"@id":"https:\/\/blogs.thesocialmedia.com\/leblogmoto\/2008\/08\/25\/nicky-hayden-pa\/#breadcrumb"},"inLanguage":"fr-FR","potentialAction":[{"@type":"ReadAction","target":["https:\/\/blogs.thesocialmedia.com\/leblogmoto\/2008\/08\/25\/nicky-hayden-pa\/"]}]},{"@type":"ImageObject","inLanguage":"fr-FR","@id":"https:\/\/blogs.thesocialmedia.com\/leblogmoto\/2008\/08\/25\/nicky-hayden-pa\/#primaryimage","url":"http:\/\/www.leblogmoto.com\/images\/2008\/08\/25\/moto_nicky_hayden_of_the_us_is_cong.jpg","contentUrl":"http:\/\/www.leblogmoto.com\/images\/2008\/08\/25\/moto_nicky_hayden_of_the_us_is_cong.jpg"},{"@type":"BreadcrumbList","@id":"https:\/\/blogs.thesocialmedia.com\/leblogmoto\/2008\/08\/25\/nicky-hayden-pa\/#breadcrumb","itemListElement":[{"@type":"ListItem","position":1,"name":"Accueil","item":"https:\/\/blogs.thesocialmedia.com\/leblogmoto\/"},{"@type":"ListItem","position":2,"name":"Nicky Hayden sera le co\u00e9quipier de Casey Stoner chez Ducati en 2009."}]},{"@type":"WebSite","@id":"https:\/\/blogs.thesocialmedia.com\/leblogmoto\/#website","url":"https:\/\/blogs.thesocialmedia.com\/leblogmoto\/","name":"leblogmoto","description":"Toute l&#039;actualit\u00e9 des 2 roues","potentialAction":[{"@type":"SearchAction","target":{"@type":"EntryPoint","urlTemplate":"https:\/\/blogs.thesocialmedia.com\/leblogmoto\/?s={search_term_string}"},"query-input":{"@type":"PropertyValueSpecification","valueRequired":true,"valueName":"search_term_string"}}],"inLanguage":"fr-FR"},{"@type":"Person","@id":"https:\/\/blogs.thesocialmedia.com\/leblogmoto\/#\/schema\/person\/18bfe773e5725ed6d24f743da805362a","name":"benoit rieu","image":{"@type":"ImageObject","inLanguage":"fr-FR","@id":"https:\/\/blogs.thesocialmedia.com\/leblogmoto\/#\/schema\/person\/image\/","url":"https:\/\/secure.gravatar.com\/avatar\/?s=96&d=mm&r=g","contentUrl":"https:\/\/secure.gravatar.com\/avatar\/?s=96&d=mm&r=g","caption":"benoit rieu"},"url":"https:\/\/blogs.thesocialmedia.com\/leblogmoto\/author\/benoit-rieu\/"}]}},"_links":{"self":[{"href":"https:\/\/blogs.thesocialmedia.com\/leblogmoto\/wp-json\/wp\/v2\/posts\/523","targetHints":{"allow":["GET"]}}],"collection":[{"href":"https:\/\/blogs.thesocialmedia.com\/leblogmoto\/wp-json\/wp\/v2\/posts"}],"about":[{"href":"https:\/\/blogs.thesocialmedia.com\/leblogmoto\/wp-json\/wp\/v2\/types\/post"}],"author":[{"embeddable":true,"href":"https:\/\/blogs.thesocialmedia.com\/leblogmoto\/wp-json\/wp\/v2\/users\/324"}],"replies":[{"embeddable":true,"href":"https:\/\/blogs.thesocialmedia.com\/leblogmoto\/wp-json\/wp\/v2\/comments?post=523"}],"version-history":[{"count":2,"href":"https:\/\/blogs.thesocialmedia.com\/leblogmoto\/wp-json\/wp\/v2\/posts\/523\/revisions"}],"predecessor-version":[{"id":11516,"href":"https:\/\/blogs.thesocialmedia.com\/leblogmoto\/wp-json\/wp\/v2\/posts\/523\/revisions\/11516"}],"wp:attachment":[{"href":"https:\/\/blogs.thesocialmedia.com\/leblogmoto\/wp-json\/wp\/v2\/media?parent=523"}],"wp:term":[{"taxonomy":"category","embeddable":true,"href":"https:\/\/blogs.thesocialmedia.com\/leblogmoto\/wp-json\/wp\/v2\/categories?post=523"},{"taxonomy":"post_tag","embeddable":true,"href":"https:\/\/blogs.thesocialmedia.com\/leblogmoto\/wp-json\/wp\/v2\/tags?post=523"}],"curies":[{"name":"wp","href":"https:\/\/api.w.org\/{rel}","templated":true}]}}