{"id":527,"date":"2008-08-22T04:17:50","date_gmt":"2008-08-22T04:17:50","guid":{"rendered":"http:\/\/blogs.thesocialmedia.com\/leblogmoto\/2008\/08\/22\/album-du-vend-4-2\/"},"modified":"2012-07-11T16:14:07","modified_gmt":"2012-07-11T16:14:07","slug":"album-du-vend-4-2","status":"publish","type":"post","link":"https:\/\/blogs.thesocialmedia.com\/leblogmoto\/2008\/08\/22\/album-du-vend-4-2\/","title":{"rendered":"Album du vendredi, Championnat du Monde AMD 2008"},"content":{"rendered":"<p><a href=\"http:\/\/blogs.thesocialmedia.com\/leblogmoto\/files\/2012\/07\/album.jpg\"><img loading=\"lazy\" decoding=\"async\" width=\"470\" height=\"305\"  src=\"http:\/\/www.leblogmoto.com\/images\/2008\/08\/21\/album.jpg\" alt=\"Album\" \/><\/a> <\/p>\n<p><a href=\"http:\/\/www.motographer.de\/\"><em>Photos Horst R\u00f6sler<\/em><\/a><\/p>\n<p>Un Championnat du Monde, il n\u2019y a rien de mieux. Il y a les Olympiques bien s\u00fbr, et je ne sais trop pourquoi on en entend parl\u00e9 en ce moment, un petit quelque chose en Chine para\u00eetrait-il, mais dans le monde et l\u2019industrie de la moto \u00abcustom\u00bb, c\u2019est le <a href=\"http:\/\/www.amdchampionship.com\/\">Championnat du Monde AMD<\/a> (American Motorcycle Dealer magazine).<br \/>Tenue lors du rassemblement de Sturgis, cette comp\u00e9tition a ceci de particulier que ce sont les participants eux-m\u00eames qui sont juges. Il faut donc une moto en comp\u00e9tition pour pouvoir noter les autres, avec 12 choix \u00e0 faire dont 15 points pour son pr\u00e9f\u00e9r\u00e9, 12 points pour le deuxi\u00e8me, 10 pour le troisi\u00e8me et ainsi de suite.<\/p>\n<p>La cat\u00e9gorie reine, celle qui couronne le Champion du Monde, est la classe Style Libre. Ici, tout est permis et m\u00eame encourag\u00e9. C\u2019est l\u2019innovation \u00e0 l\u2019\u00e9tat pur, la cr\u00e9ativit\u00e9 d\u00e9brid\u00e9e, mais surtout l\u2019efficacit\u00e9 et l\u2019harmonie entre style et fonction. Et comme il n\u2019y a aucune restriction, l\u2019excellence est un minimum pour qui esp\u00e8re remporter la palme.<br \/>Les autres cat\u00e9gories sont, les Harley-Davidson modifi\u00e9es, soit cadre et engin H-D, les customs de production et les customs m\u00e9triques pour les Japonaises et Europ\u00e9ennes.<\/p>\n<p>Cette 5e \u00e9dition a couronn\u00e9, pour une troisi\u00e8me fois, le Canadien Roger Goldammer avec une machine qui non seulement en met plein la vue \u00e0 l\u2019arr\u00eat, mais qui sur le lac sal\u00e9 de Bonneville l\u2019ann\u00e9e derni\u00e8re fit son petit 265 km\/h.<\/p>\n<p><a href=\"http:\/\/clabedan.typepad.com\/.shared\/image.html?\/photos\/uncategorized\/2008\/08\/21\/album01.jpg\"><img loading=\"lazy\" decoding=\"async\" width=\"470\" height=\"311\"  src=\"http:\/\/www.leblogmoto.com\/images\/2008\/08\/21\/album01.jpg\" alt=\"Album01\" \/><\/a> <\/p>\n<p><a href=\"http:\/\/blogs.thesocialmedia.com\/leblogmoto\/files\/2012\/07\/album02.jpg\"><img loading=\"lazy\" decoding=\"async\" width=\"470\" height=\"313\"  src=\"http:\/\/www.leblogmoto.com\/images\/2008\/08\/21\/album02.jpg\" alt=\"Album02\" \/><\/a> <\/p>\n<p><a href=\"http:\/\/blogs.thesocialmedia.com\/leblogmoto\/files\/2012\/07\/album03.jpg\"><img loading=\"lazy\" decoding=\"async\" width=\"470\" height=\"313\"  src=\"http:\/\/www.leblogmoto.com\/images\/2008\/08\/21\/album03.jpg\" alt=\"Album03\" \/><\/a> <br \/><a href=\"http:\/\/www.goldammercycle.com\/\"><em>Goldammer Cycle Works<\/em><\/a><\/p>\n<p><a href=\"http:\/\/clabedan.typepad.com\/.shared\/image.html?\/photos\/uncategorized\/2008\/08\/21\/album04.jpg\"><img loading=\"lazy\" decoding=\"async\" width=\"470\" height=\"312\"  src=\"http:\/\/www.leblogmoto.com\/images\/2008\/08\/21\/album04.jpg\" alt=\"Album04\" \/><\/a> <\/p>\n<p><a href=\"http:\/\/blogs.thesocialmedia.com\/leblogmoto\/files\/2012\/07\/album05.jpg\"><img loading=\"lazy\" decoding=\"async\" width=\"470\" height=\"310\"  src=\"http:\/\/www.leblogmoto.com\/images\/2008\/08\/21\/album05.jpg\" alt=\"Album05\" \/><\/a> <\/p>\n<p><a href=\"http:\/\/blogs.thesocialmedia.com\/leblogmoto\/files\/2012\/07\/album06.jpg\"><img loading=\"lazy\" decoding=\"async\" width=\"470\" height=\"313\"  src=\"http:\/\/www.leblogmoto.com\/images\/2008\/08\/21\/album06.jpg\" alt=\"Album06\" \/><\/a> <br \/><a href=\"http:\/\/www.hot-dock.co.jp\/\"><em>Hot-Dock Custom Cycles<\/em><\/a><\/p>\n<p><a href=\"http:\/\/clabedan.typepad.com\/.shared\/image.html?\/photos\/uncategorized\/2008\/08\/21\/album07.jpg\"><img loading=\"lazy\" decoding=\"async\" width=\"470\" height=\"311\"  src=\"http:\/\/www.leblogmoto.com\/images\/2008\/08\/21\/album07.jpg\" alt=\"Album07\" \/><\/a> <\/p>\n<p><a href=\"http:\/\/blogs.thesocialmedia.com\/leblogmoto\/files\/2012\/07\/album08.jpg\"><img loading=\"lazy\" decoding=\"async\" width=\"470\" height=\"311\"  src=\"http:\/\/www.leblogmoto.com\/images\/2008\/08\/21\/album08.jpg\" alt=\"Album08\" \/><\/a> <br \/><a href=\"http:\/\/www.tgs-motorcycles.de\/cms\/index.php\"><em>TGS Motorcycles<\/em><\/a><\/p>\n<p><a href=\"http:\/\/clabedan.typepad.com\/.shared\/image.html?\/photos\/uncategorized\/2008\/08\/21\/album09.jpg\"><img loading=\"lazy\" decoding=\"async\" width=\"470\" height=\"312\"  src=\"http:\/\/www.leblogmoto.com\/images\/2008\/08\/21\/album09.jpg\" alt=\"Album09\" \/><\/a> <br \/><a href=\"http:\/\/www.tpjcustoms.com\/\"><em>TPJ Customs<\/em><\/a><\/p>\n<p><a href=\"http:\/\/clabedan.typepad.com\/.shared\/image.html?\/photos\/uncategorized\/2008\/08\/21\/album10.jpg\"><img loading=\"lazy\" decoding=\"async\" width=\"470\" height=\"315\"  src=\"http:\/\/www.leblogmoto.com\/images\/2008\/08\/21\/album10.jpg\" alt=\"Album10\" \/><\/a> <br \/><a href=\"http:\/\/www.wmf-uk.com\/lamb_custom_bike.htm\"><em>Lamb Precision Engineering<\/em><\/a><\/p>\n<p><a href=\"http:\/\/clabedan.typepad.com\/.shared\/image.html?\/photos\/uncategorized\/2008\/08\/21\/album11.jpg\"><img loading=\"lazy\" decoding=\"async\" width=\"470\" height=\"309\"  src=\"http:\/\/www.leblogmoto.com\/images\/2008\/08\/21\/album11.jpg\" alt=\"Album11\" \/><\/a> <br \/><a href=\"http:\/\/rs-motocyclettes.fr\/custom\/index.php\"><em>Riverside Motocyclettes &amp; Mort-M Garage<\/em><\/a><\/p>\n<p><a href=\"http:\/\/clabedan.typepad.com\/.shared\/image.html?\/photos\/uncategorized\/2008\/08\/21\/album12.jpg\"><img loading=\"lazy\" decoding=\"async\" width=\"470\" height=\"313\"  src=\"http:\/\/www.leblogmoto.com\/images\/2008\/08\/21\/album12.jpg\" alt=\"Album12\" \/><\/a> <br \/><a href=\"http:\/\/www.wildstyle.cz\/\"><em>Wildstyle<\/em><\/a><\/p>\n<p><a href=\"http:\/\/clabedan.typepad.com\/.shared\/image.html?\/photos\/uncategorized\/2008\/08\/21\/album13.jpg\"><img loading=\"lazy\" decoding=\"async\" width=\"470\" height=\"312\"  src=\"http:\/\/www.leblogmoto.com\/images\/2008\/08\/21\/album13.jpg\" alt=\"Album13\" \/><\/a> <\/p>\n<p><a href=\"http:\/\/blogs.thesocialmedia.com\/leblogmoto\/files\/2012\/07\/album14.jpg\"><img loading=\"lazy\" decoding=\"async\" width=\"470\" height=\"312\"  src=\"http:\/\/www.leblogmoto.com\/images\/2008\/08\/21\/album14.jpg\" alt=\"Album14\" \/><\/a> <br \/><a href=\"http:\/\/www.churchofchoppers.blogspot.com\/\"><em>Church of Choppers<\/em><\/a><\/p>\n","protected":false},"excerpt":{"rendered":"<p>Photos Horst R\u00f6sler Un Championnat du Monde, il n\u2019y a rien de mieux. Il y a les Olympiques bien s\u00fbr, et je ne sais trop pourquoi on en entend parl\u00e9 en ce moment, un petit quelque chose en Chine para\u00eetrait-il, mais dans le monde et l\u2019industrie de la moto \u00abcustom\u00bb, c\u2019est le Championnat du Monde [&hellip;]<\/p>\n","protected":false},"author":325,"featured_media":0,"comment_status":"open","ping_status":"open","sticky":false,"template":"","format":"standard","meta":{"footnotes":""},"categories":[3,16,33],"tags":[],"class_list":["post-527","post","type-post","status-publish","format-standard","hentry","category-actualite","category-art-moto","category-concept-bike"],"yoast_head":"<!-- This site is optimized with the Yoast SEO plugin v26.0 - https:\/\/yoast.com\/wordpress\/plugins\/seo\/ -->\n<title>Album du vendredi, Championnat du Monde AMD 2008 - leblogmoto.com<\/title>\n<meta name=\"robots\" content=\"index, follow, max-snippet:-1, max-image-preview:large, max-video-preview:-1\" \/>\n<link rel=\"canonical\" href=\"https:\/\/blogs.thesocialmedia.com\/leblogmoto\/2008\/08\/22\/album-du-vend-4-2\/\" \/>\n<meta name=\"twitter:card\" content=\"summary_large_image\" \/>\n<meta name=\"twitter:title\" content=\"Album du vendredi, Championnat du Monde AMD 2008 - leblogmoto.com\" \/>\n<meta name=\"twitter:description\" content=\"Photos Horst R\u00f6sler Un Championnat du Monde, il n\u2019y a rien de mieux. Il y a les Olympiques bien s\u00fbr, et je ne sais trop pourquoi on en entend parl\u00e9 en ce moment, un petit quelque chose en Chine para\u00eetrait-il, mais dans le monde et l\u2019industrie de la moto \u00abcustom\u00bb, c\u2019est le Championnat du Monde [&hellip;]\" \/>\n<meta name=\"twitter:image\" content=\"http:\/\/www.leblogmoto.com\/images\/2008\/08\/21\/album.jpg\" \/>\n<meta name=\"twitter:label1\" content=\"\u00c9crit par\" \/>\n\t<meta name=\"twitter:data1\" content=\"jacques lesage\" \/>\n\t<meta name=\"twitter:label2\" content=\"Dur\u00e9e de lecture estim\u00e9e\" \/>\n\t<meta name=\"twitter:data2\" content=\"1 minute\" \/>\n<script type=\"application\/ld+json\" class=\"yoast-schema-graph\">{\"@context\":\"https:\/\/schema.org\",\"@graph\":[{\"@type\":\"WebPage\",\"@id\":\"https:\/\/blogs.thesocialmedia.com\/leblogmoto\/2008\/08\/22\/album-du-vend-4-2\/\",\"url\":\"https:\/\/blogs.thesocialmedia.com\/leblogmoto\/2008\/08\/22\/album-du-vend-4-2\/\",\"name\":\"Album du vendredi, Championnat du Monde AMD 2008 - leblogmoto.com\",\"isPartOf\":{\"@id\":\"https:\/\/blogs.thesocialmedia.com\/leblogmoto\/#website\"},\"primaryImageOfPage\":{\"@id\":\"https:\/\/blogs.thesocialmedia.com\/leblogmoto\/2008\/08\/22\/album-du-vend-4-2\/#primaryimage\"},\"image\":{\"@id\":\"https:\/\/blogs.thesocialmedia.com\/leblogmoto\/2008\/08\/22\/album-du-vend-4-2\/#primaryimage\"},\"thumbnailUrl\":\"http:\/\/www.leblogmoto.com\/images\/2008\/08\/21\/album.jpg\",\"datePublished\":\"2008-08-22T04:17:50+00:00\",\"dateModified\":\"2012-07-11T16:14:07+00:00\",\"author\":{\"@id\":\"https:\/\/blogs.thesocialmedia.com\/leblogmoto\/#\/schema\/person\/e82a0ca8a9a63d031586097a3ed58526\"},\"breadcrumb\":{\"@id\":\"https:\/\/blogs.thesocialmedia.com\/leblogmoto\/2008\/08\/22\/album-du-vend-4-2\/#breadcrumb\"},\"inLanguage\":\"fr-FR\",\"potentialAction\":[{\"@type\":\"ReadAction\",\"target\":[\"https:\/\/blogs.thesocialmedia.com\/leblogmoto\/2008\/08\/22\/album-du-vend-4-2\/\"]}]},{\"@type\":\"ImageObject\",\"inLanguage\":\"fr-FR\",\"@id\":\"https:\/\/blogs.thesocialmedia.com\/leblogmoto\/2008\/08\/22\/album-du-vend-4-2\/#primaryimage\",\"url\":\"http:\/\/www.leblogmoto.com\/images\/2008\/08\/21\/album.jpg\",\"contentUrl\":\"http:\/\/www.leblogmoto.com\/images\/2008\/08\/21\/album.jpg\"},{\"@type\":\"BreadcrumbList\",\"@id\":\"https:\/\/blogs.thesocialmedia.com\/leblogmoto\/2008\/08\/22\/album-du-vend-4-2\/#breadcrumb\",\"itemListElement\":[{\"@type\":\"ListItem\",\"position\":1,\"name\":\"Accueil\",\"item\":\"https:\/\/blogs.thesocialmedia.com\/leblogmoto\/\"},{\"@type\":\"ListItem\",\"position\":2,\"name\":\"Album du vendredi, Championnat du Monde AMD 2008\"}]},{\"@type\":\"WebSite\",\"@id\":\"https:\/\/blogs.thesocialmedia.com\/leblogmoto\/#website\",\"url\":\"https:\/\/blogs.thesocialmedia.com\/leblogmoto\/\",\"name\":\"leblogmoto\",\"description\":\"Toute l&#039;actualit\u00e9 des 2 roues\",\"potentialAction\":[{\"@type\":\"SearchAction\",\"target\":{\"@type\":\"EntryPoint\",\"urlTemplate\":\"https:\/\/blogs.thesocialmedia.com\/leblogmoto\/?s={search_term_string}\"},\"query-input\":{\"@type\":\"PropertyValueSpecification\",\"valueRequired\":true,\"valueName\":\"search_term_string\"}}],\"inLanguage\":\"fr-FR\"},{\"@type\":\"Person\",\"@id\":\"https:\/\/blogs.thesocialmedia.com\/leblogmoto\/#\/schema\/person\/e82a0ca8a9a63d031586097a3ed58526\",\"name\":\"jacques lesage\",\"image\":{\"@type\":\"ImageObject\",\"inLanguage\":\"fr-FR\",\"@id\":\"https:\/\/blogs.thesocialmedia.com\/leblogmoto\/#\/schema\/person\/image\/\",\"url\":\"https:\/\/secure.gravatar.com\/avatar\/?s=96&d=mm&r=g\",\"contentUrl\":\"https:\/\/secure.gravatar.com\/avatar\/?s=96&d=mm&r=g\",\"caption\":\"jacques lesage\"},\"url\":\"https:\/\/blogs.thesocialmedia.com\/leblogmoto\/author\/jacques-lesage\/\"}]}<\/script>\n<!-- \/ Yoast SEO plugin. -->","yoast_head_json":{"title":"Album du vendredi, Championnat du Monde AMD 2008 - leblogmoto.com","robots":{"index":"index","follow":"follow","max-snippet":"max-snippet:-1","max-image-preview":"max-image-preview:large","max-video-preview":"max-video-preview:-1"},"canonical":"https:\/\/blogs.thesocialmedia.com\/leblogmoto\/2008\/08\/22\/album-du-vend-4-2\/","twitter_card":"summary_large_image","twitter_title":"Album du vendredi, Championnat du Monde AMD 2008 - leblogmoto.com","twitter_description":"Photos Horst R\u00f6sler Un Championnat du Monde, il n\u2019y a rien de mieux. Il y a les Olympiques bien s\u00fbr, et je ne sais trop pourquoi on en entend parl\u00e9 en ce moment, un petit quelque chose en Chine para\u00eetrait-il, mais dans le monde et l\u2019industrie de la moto \u00abcustom\u00bb, c\u2019est le Championnat du Monde [&hellip;]","twitter_image":"http:\/\/www.leblogmoto.com\/images\/2008\/08\/21\/album.jpg","twitter_misc":{"\u00c9crit par":"jacques lesage","Dur\u00e9e de lecture estim\u00e9e":"1 minute"},"schema":{"@context":"https:\/\/schema.org","@graph":[{"@type":"WebPage","@id":"https:\/\/blogs.thesocialmedia.com\/leblogmoto\/2008\/08\/22\/album-du-vend-4-2\/","url":"https:\/\/blogs.thesocialmedia.com\/leblogmoto\/2008\/08\/22\/album-du-vend-4-2\/","name":"Album du vendredi, Championnat du Monde AMD 2008 - leblogmoto.com","isPartOf":{"@id":"https:\/\/blogs.thesocialmedia.com\/leblogmoto\/#website"},"primaryImageOfPage":{"@id":"https:\/\/blogs.thesocialmedia.com\/leblogmoto\/2008\/08\/22\/album-du-vend-4-2\/#primaryimage"},"image":{"@id":"https:\/\/blogs.thesocialmedia.com\/leblogmoto\/2008\/08\/22\/album-du-vend-4-2\/#primaryimage"},"thumbnailUrl":"http:\/\/www.leblogmoto.com\/images\/2008\/08\/21\/album.jpg","datePublished":"2008-08-22T04:17:50+00:00","dateModified":"2012-07-11T16:14:07+00:00","author":{"@id":"https:\/\/blogs.thesocialmedia.com\/leblogmoto\/#\/schema\/person\/e82a0ca8a9a63d031586097a3ed58526"},"breadcrumb":{"@id":"https:\/\/blogs.thesocialmedia.com\/leblogmoto\/2008\/08\/22\/album-du-vend-4-2\/#breadcrumb"},"inLanguage":"fr-FR","potentialAction":[{"@type":"ReadAction","target":["https:\/\/blogs.thesocialmedia.com\/leblogmoto\/2008\/08\/22\/album-du-vend-4-2\/"]}]},{"@type":"ImageObject","inLanguage":"fr-FR","@id":"https:\/\/blogs.thesocialmedia.com\/leblogmoto\/2008\/08\/22\/album-du-vend-4-2\/#primaryimage","url":"http:\/\/www.leblogmoto.com\/images\/2008\/08\/21\/album.jpg","contentUrl":"http:\/\/www.leblogmoto.com\/images\/2008\/08\/21\/album.jpg"},{"@type":"BreadcrumbList","@id":"https:\/\/blogs.thesocialmedia.com\/leblogmoto\/2008\/08\/22\/album-du-vend-4-2\/#breadcrumb","itemListElement":[{"@type":"ListItem","position":1,"name":"Accueil","item":"https:\/\/blogs.thesocialmedia.com\/leblogmoto\/"},{"@type":"ListItem","position":2,"name":"Album du vendredi, Championnat du Monde AMD 2008"}]},{"@type":"WebSite","@id":"https:\/\/blogs.thesocialmedia.com\/leblogmoto\/#website","url":"https:\/\/blogs.thesocialmedia.com\/leblogmoto\/","name":"leblogmoto","description":"Toute l&#039;actualit\u00e9 des 2 roues","potentialAction":[{"@type":"SearchAction","target":{"@type":"EntryPoint","urlTemplate":"https:\/\/blogs.thesocialmedia.com\/leblogmoto\/?s={search_term_string}"},"query-input":{"@type":"PropertyValueSpecification","valueRequired":true,"valueName":"search_term_string"}}],"inLanguage":"fr-FR"},{"@type":"Person","@id":"https:\/\/blogs.thesocialmedia.com\/leblogmoto\/#\/schema\/person\/e82a0ca8a9a63d031586097a3ed58526","name":"jacques lesage","image":{"@type":"ImageObject","inLanguage":"fr-FR","@id":"https:\/\/blogs.thesocialmedia.com\/leblogmoto\/#\/schema\/person\/image\/","url":"https:\/\/secure.gravatar.com\/avatar\/?s=96&d=mm&r=g","contentUrl":"https:\/\/secure.gravatar.com\/avatar\/?s=96&d=mm&r=g","caption":"jacques lesage"},"url":"https:\/\/blogs.thesocialmedia.com\/leblogmoto\/author\/jacques-lesage\/"}]}},"_links":{"self":[{"href":"https:\/\/blogs.thesocialmedia.com\/leblogmoto\/wp-json\/wp\/v2\/posts\/527","targetHints":{"allow":["GET"]}}],"collection":[{"href":"https:\/\/blogs.thesocialmedia.com\/leblogmoto\/wp-json\/wp\/v2\/posts"}],"about":[{"href":"https:\/\/blogs.thesocialmedia.com\/leblogmoto\/wp-json\/wp\/v2\/types\/post"}],"author":[{"embeddable":true,"href":"https:\/\/blogs.thesocialmedia.com\/leblogmoto\/wp-json\/wp\/v2\/users\/325"}],"replies":[{"embeddable":true,"href":"https:\/\/blogs.thesocialmedia.com\/leblogmoto\/wp-json\/wp\/v2\/comments?post=527"}],"version-history":[{"count":2,"href":"https:\/\/blogs.thesocialmedia.com\/leblogmoto\/wp-json\/wp\/v2\/posts\/527\/revisions"}],"predecessor-version":[{"id":11493,"href":"https:\/\/blogs.thesocialmedia.com\/leblogmoto\/wp-json\/wp\/v2\/posts\/527\/revisions\/11493"}],"wp:attachment":[{"href":"https:\/\/blogs.thesocialmedia.com\/leblogmoto\/wp-json\/wp\/v2\/media?parent=527"}],"wp:term":[{"taxonomy":"category","embeddable":true,"href":"https:\/\/blogs.thesocialmedia.com\/leblogmoto\/wp-json\/wp\/v2\/categories?post=527"},{"taxonomy":"post_tag","embeddable":true,"href":"https:\/\/blogs.thesocialmedia.com\/leblogmoto\/wp-json\/wp\/v2\/tags?post=527"}],"curies":[{"name":"wp","href":"https:\/\/api.w.org\/{rel}","templated":true}]}}