{"id":529,"date":"2008-08-20T03:34:06","date_gmt":"2008-08-20T03:34:06","guid":{"rendered":"http:\/\/blogs.thesocialmedia.com\/leblogmoto\/2008\/08\/20\/album-du-vend-3-7\/"},"modified":"2012-07-11T16:13:53","modified_gmt":"2012-07-11T16:13:53","slug":"album-du-vend-3-7","status":"publish","type":"post","link":"https:\/\/blogs.thesocialmedia.com\/leblogmoto\/2008\/08\/20\/album-du-vend-3-7\/","title":{"rendered":"Album du vendredi un mercredi, \u00c9closion du Vespa au Canada"},"content":{"rendered":"<p><a href=\"http:\/\/blogs.thesocialmedia.com\/leblogmoto\/files\/2012\/07\/vespa.jpg\"><img loading=\"lazy\" decoding=\"async\" width=\"470\" height=\"312\"  src=\"http:\/\/www.leblogmoto.com\/images\/2008\/08\/19\/vespa.jpg\" alt=\"Vespa\" \/><\/a> <\/p>\n<p>En Am\u00e9rique du Nord, <a href=\"http:\/\/www.vespaquebec.com\/\">Vespa<\/a> et les scooters en g\u00e9n\u00e9ral prennent leur envol, flamb\u00e9e du prix de l\u2019essence oblige. Ils sont de plus en plus nombreux dans les rues de nos villes, et contrairement \u00e0 la premi\u00e8re vague d\u2019il y a quelques ann\u00e9es, ils ne sont plus l\u2019apanage des seuls adolescents.<\/p>\n<p>L\u2019autre matin, une dame d\u2019un \u00e2ge ind\u00e9termin\u00e9, difficile \u00e0 dire avec le casque, tailleur, talon aiguille et sac en bandouli\u00e8re, filait \u00e0 vive allure aux commandes de son scooter. Une telle image aurait \u00e9t\u00e9 impensable il y a moins de deux ans, alors que maintenant, on est pass\u00e9 de l\u2019incr\u00e9dulit\u00e9 \u00e0 un enthousiasme bon enfant.<\/p>\n<p>Alors que les march\u00e9s explosent, la concurrence se fait de plus en plus vive, les mod\u00e8les se diversifient, les prix baissent, un peu, et la Chine s\u2019y met aussi.<\/p>\n<p>Vespa du haut de ses lauriers de pionnier tente de s\u2019imposer. Et comme l\u2019image est tout, on l\u2019a d\u00e9j\u00e0 vu ailleurs, <a href=\"http:\/\/www.fr.piaggio.com\/\">Piaggio<\/a> ne l\u00e9sine pas et le communique avec force et talent.<\/p>\n<p>Cette <a href=\"http:\/\/www.dentsucanada.com\/\">s\u00e9rie d\u2019affiches<\/a> nous arrive de Toronto au Canada, et vante les m\u00e9rites du printemps et de son explosion de couleurs apr\u00e8s un rude et gris hiver. Ancrant aussi la marque dans une iconographie faisant r\u00e9f\u00e9rence \u00e0 un pass\u00e9 glorieux et \u00e0 une \u00e9poque o\u00f9 le mot libert\u00e9 avait encore toute sa signification.<\/p>\n<p><a href=\"http:\/\/clabedan.typepad.com\/.shared\/image.html?\/photos\/uncategorized\/2008\/08\/19\/vespa1.jpg\"><img loading=\"lazy\" decoding=\"async\" width=\"470\" height=\"312\"  alt=\"Vespa1\" src=\"http:\/\/www.leblogmoto.com\/images\/2008\/08\/19\/vespa1.jpg\" \/><\/a> <\/p>\n<p><a href=\"http:\/\/blogs.thesocialmedia.com\/leblogmoto\/files\/2012\/07\/vespa2.jpg\"><img loading=\"lazy\" decoding=\"async\" width=\"470\" height=\"312\"  alt=\"Vespa2\" src=\"http:\/\/www.leblogmoto.com\/images\/2008\/08\/19\/vespa2.jpg\" \/><\/a> <\/p>\n<p><a href=\"http:\/\/blogs.thesocialmedia.com\/leblogmoto\/files\/2012\/07\/vespa3.jpg\"><img loading=\"lazy\" decoding=\"async\" width=\"470\" height=\"312\"  alt=\"Vespa3\" src=\"http:\/\/www.leblogmoto.com\/images\/2008\/08\/19\/vespa3.jpg\" \/><\/a> <\/p>\n<p><a href=\"http:\/\/blogs.thesocialmedia.com\/leblogmoto\/files\/2012\/07\/vespa4.jpg\"><img loading=\"lazy\" decoding=\"async\" width=\"470\" height=\"312\"  alt=\"Vespa4\" src=\"http:\/\/www.leblogmoto.com\/images\/2008\/08\/19\/vespa4.jpg\" \/><\/a> <\/p>\n<p><a href=\"http:\/\/blogs.thesocialmedia.com\/leblogmoto\/files\/2012\/07\/vespa5.jpg\"><img loading=\"lazy\" decoding=\"async\" width=\"470\" height=\"312\"  alt=\"Vespa5\" src=\"http:\/\/www.leblogmoto.com\/images\/2008\/08\/19\/vespa5.jpg\" \/><\/a> <\/p>\n<p><a href=\"http:\/\/blogs.thesocialmedia.com\/leblogmoto\/files\/2012\/07\/vespa6.jpg\"><img loading=\"lazy\" decoding=\"async\" width=\"470\" height=\"312\"  alt=\"Vespa6\" src=\"http:\/\/www.leblogmoto.com\/images\/2008\/08\/19\/vespa6.jpg\" \/><\/a> <\/p>\n<p><a href=\"http:\/\/blogs.thesocialmedia.com\/leblogmoto\/files\/2012\/07\/vespa7.jpg\"><img loading=\"lazy\" decoding=\"async\" width=\"470\" height=\"311\"  alt=\"Vespa7\" src=\"http:\/\/www.leblogmoto.com\/images\/2008\/08\/19\/vespa7.jpg\" \/><\/a> <\/p>\n<p><a href=\"http:\/\/blogs.thesocialmedia.com\/leblogmoto\/files\/2012\/07\/vespa8.jpg\"><img loading=\"lazy\" decoding=\"async\" width=\"470\" height=\"311\"  alt=\"Vespa8\" src=\"http:\/\/www.leblogmoto.com\/images\/2008\/08\/19\/vespa8.jpg\" style=\"margin: 0px 5px 5px 0px;float: left\" \/><\/a> <\/p>\n<p><a href=\"http:\/\/blogs.thesocialmedia.com\/leblogmoto\/files\/2012\/07\/vespa9.jpg\"><img loading=\"lazy\" decoding=\"async\" width=\"470\" height=\"312\"  alt=\"Vespa9\" src=\"http:\/\/www.leblogmoto.com\/images\/2008\/08\/19\/vespa9.jpg\" \/><\/a> <\/p>\n<p><object width=\"425\" height=\"349\"><param value=\"http:\/\/www.youtube.com\/v\/jRJCiEVmkO8&amp;hl=en&amp;fs=1&amp;rel=0&amp;border=1\" name=\"movie\" \/><param value=\"true\" name=\"allowFullScreen\" \/><embed width=\"425\" height=\"349\" type=\"application\/x-shockwave-flash\" src=\"http:\/\/www.youtube.com\/v\/jRJCiEVmkO8&amp;hl=en&amp;fs=1&amp;rel=0&amp;border=1\"><\/embed><\/object><\/p>\n","protected":false},"excerpt":{"rendered":"<p>En Am\u00e9rique du Nord, Vespa et les scooters en g\u00e9n\u00e9ral prennent leur envol, flamb\u00e9e du prix de l\u2019essence oblige. Ils sont de plus en plus nombreux dans les rues de nos villes, et contrairement \u00e0 la premi\u00e8re vague d\u2019il y a quelques ann\u00e9es, ils ne sont plus l\u2019apanage des seuls adolescents. L\u2019autre matin, une dame [&hellip;]<\/p>\n","protected":false},"author":325,"featured_media":0,"comment_status":"open","ping_status":"open","sticky":false,"template":"","format":"standard","meta":{"footnotes":""},"categories":[16,18,20,12],"tags":[],"class_list":["post-529","post","type-post","status-publish","format-standard","hentry","category-art-moto","category-piaggio","category-vespa","category-videos"],"yoast_head":"<!-- This site is optimized with the Yoast SEO plugin v26.0 - https:\/\/yoast.com\/wordpress\/plugins\/seo\/ -->\n<title>Album du vendredi un mercredi, \u00c9closion du Vespa au Canada - leblogmoto.com<\/title>\n<meta name=\"robots\" content=\"index, follow, max-snippet:-1, max-image-preview:large, max-video-preview:-1\" \/>\n<link rel=\"canonical\" href=\"https:\/\/blogs.thesocialmedia.com\/leblogmoto\/2008\/08\/20\/album-du-vend-3-7\/\" \/>\n<meta name=\"twitter:card\" content=\"summary_large_image\" \/>\n<meta name=\"twitter:title\" content=\"Album du vendredi un mercredi, \u00c9closion du Vespa au Canada - leblogmoto.com\" \/>\n<meta name=\"twitter:description\" content=\"En Am\u00e9rique du Nord, Vespa et les scooters en g\u00e9n\u00e9ral prennent leur envol, flamb\u00e9e du prix de l\u2019essence oblige. Ils sont de plus en plus nombreux dans les rues de nos villes, et contrairement \u00e0 la premi\u00e8re vague d\u2019il y a quelques ann\u00e9es, ils ne sont plus l\u2019apanage des seuls adolescents. L\u2019autre matin, une dame [&hellip;]\" \/>\n<meta name=\"twitter:image\" content=\"http:\/\/www.leblogmoto.com\/images\/2008\/08\/19\/vespa.jpg\" \/>\n<meta name=\"twitter:label1\" content=\"\u00c9crit par\" \/>\n\t<meta name=\"twitter:data1\" content=\"jacques lesage\" \/>\n\t<meta name=\"twitter:label2\" content=\"Dur\u00e9e de lecture estim\u00e9e\" \/>\n\t<meta name=\"twitter:data2\" content=\"1 minute\" \/>\n<script type=\"application\/ld+json\" class=\"yoast-schema-graph\">{\"@context\":\"https:\/\/schema.org\",\"@graph\":[{\"@type\":\"WebPage\",\"@id\":\"https:\/\/blogs.thesocialmedia.com\/leblogmoto\/2008\/08\/20\/album-du-vend-3-7\/\",\"url\":\"https:\/\/blogs.thesocialmedia.com\/leblogmoto\/2008\/08\/20\/album-du-vend-3-7\/\",\"name\":\"Album du vendredi un mercredi, \u00c9closion du Vespa au Canada - leblogmoto.com\",\"isPartOf\":{\"@id\":\"https:\/\/blogs.thesocialmedia.com\/leblogmoto\/#website\"},\"primaryImageOfPage\":{\"@id\":\"https:\/\/blogs.thesocialmedia.com\/leblogmoto\/2008\/08\/20\/album-du-vend-3-7\/#primaryimage\"},\"image\":{\"@id\":\"https:\/\/blogs.thesocialmedia.com\/leblogmoto\/2008\/08\/20\/album-du-vend-3-7\/#primaryimage\"},\"thumbnailUrl\":\"http:\/\/www.leblogmoto.com\/images\/2008\/08\/19\/vespa.jpg\",\"datePublished\":\"2008-08-20T03:34:06+00:00\",\"dateModified\":\"2012-07-11T16:13:53+00:00\",\"author\":{\"@id\":\"https:\/\/blogs.thesocialmedia.com\/leblogmoto\/#\/schema\/person\/e82a0ca8a9a63d031586097a3ed58526\"},\"breadcrumb\":{\"@id\":\"https:\/\/blogs.thesocialmedia.com\/leblogmoto\/2008\/08\/20\/album-du-vend-3-7\/#breadcrumb\"},\"inLanguage\":\"fr-FR\",\"potentialAction\":[{\"@type\":\"ReadAction\",\"target\":[\"https:\/\/blogs.thesocialmedia.com\/leblogmoto\/2008\/08\/20\/album-du-vend-3-7\/\"]}]},{\"@type\":\"ImageObject\",\"inLanguage\":\"fr-FR\",\"@id\":\"https:\/\/blogs.thesocialmedia.com\/leblogmoto\/2008\/08\/20\/album-du-vend-3-7\/#primaryimage\",\"url\":\"http:\/\/www.leblogmoto.com\/images\/2008\/08\/19\/vespa.jpg\",\"contentUrl\":\"http:\/\/www.leblogmoto.com\/images\/2008\/08\/19\/vespa.jpg\"},{\"@type\":\"BreadcrumbList\",\"@id\":\"https:\/\/blogs.thesocialmedia.com\/leblogmoto\/2008\/08\/20\/album-du-vend-3-7\/#breadcrumb\",\"itemListElement\":[{\"@type\":\"ListItem\",\"position\":1,\"name\":\"Accueil\",\"item\":\"https:\/\/blogs.thesocialmedia.com\/leblogmoto\/\"},{\"@type\":\"ListItem\",\"position\":2,\"name\":\"Album du vendredi un mercredi, \u00c9closion du Vespa au Canada\"}]},{\"@type\":\"WebSite\",\"@id\":\"https:\/\/blogs.thesocialmedia.com\/leblogmoto\/#website\",\"url\":\"https:\/\/blogs.thesocialmedia.com\/leblogmoto\/\",\"name\":\"leblogmoto\",\"description\":\"Toute l&#039;actualit\u00e9 des 2 roues\",\"potentialAction\":[{\"@type\":\"SearchAction\",\"target\":{\"@type\":\"EntryPoint\",\"urlTemplate\":\"https:\/\/blogs.thesocialmedia.com\/leblogmoto\/?s={search_term_string}\"},\"query-input\":{\"@type\":\"PropertyValueSpecification\",\"valueRequired\":true,\"valueName\":\"search_term_string\"}}],\"inLanguage\":\"fr-FR\"},{\"@type\":\"Person\",\"@id\":\"https:\/\/blogs.thesocialmedia.com\/leblogmoto\/#\/schema\/person\/e82a0ca8a9a63d031586097a3ed58526\",\"name\":\"jacques lesage\",\"image\":{\"@type\":\"ImageObject\",\"inLanguage\":\"fr-FR\",\"@id\":\"https:\/\/blogs.thesocialmedia.com\/leblogmoto\/#\/schema\/person\/image\/\",\"url\":\"https:\/\/secure.gravatar.com\/avatar\/?s=96&d=mm&r=g\",\"contentUrl\":\"https:\/\/secure.gravatar.com\/avatar\/?s=96&d=mm&r=g\",\"caption\":\"jacques lesage\"},\"url\":\"https:\/\/blogs.thesocialmedia.com\/leblogmoto\/author\/jacques-lesage\/\"}]}<\/script>\n<!-- \/ Yoast SEO plugin. -->","yoast_head_json":{"title":"Album du vendredi un mercredi, \u00c9closion du Vespa au Canada - leblogmoto.com","robots":{"index":"index","follow":"follow","max-snippet":"max-snippet:-1","max-image-preview":"max-image-preview:large","max-video-preview":"max-video-preview:-1"},"canonical":"https:\/\/blogs.thesocialmedia.com\/leblogmoto\/2008\/08\/20\/album-du-vend-3-7\/","twitter_card":"summary_large_image","twitter_title":"Album du vendredi un mercredi, \u00c9closion du Vespa au Canada - leblogmoto.com","twitter_description":"En Am\u00e9rique du Nord, Vespa et les scooters en g\u00e9n\u00e9ral prennent leur envol, flamb\u00e9e du prix de l\u2019essence oblige. Ils sont de plus en plus nombreux dans les rues de nos villes, et contrairement \u00e0 la premi\u00e8re vague d\u2019il y a quelques ann\u00e9es, ils ne sont plus l\u2019apanage des seuls adolescents. L\u2019autre matin, une dame [&hellip;]","twitter_image":"http:\/\/www.leblogmoto.com\/images\/2008\/08\/19\/vespa.jpg","twitter_misc":{"\u00c9crit par":"jacques lesage","Dur\u00e9e de lecture estim\u00e9e":"1 minute"},"schema":{"@context":"https:\/\/schema.org","@graph":[{"@type":"WebPage","@id":"https:\/\/blogs.thesocialmedia.com\/leblogmoto\/2008\/08\/20\/album-du-vend-3-7\/","url":"https:\/\/blogs.thesocialmedia.com\/leblogmoto\/2008\/08\/20\/album-du-vend-3-7\/","name":"Album du vendredi un mercredi, \u00c9closion du Vespa au Canada - leblogmoto.com","isPartOf":{"@id":"https:\/\/blogs.thesocialmedia.com\/leblogmoto\/#website"},"primaryImageOfPage":{"@id":"https:\/\/blogs.thesocialmedia.com\/leblogmoto\/2008\/08\/20\/album-du-vend-3-7\/#primaryimage"},"image":{"@id":"https:\/\/blogs.thesocialmedia.com\/leblogmoto\/2008\/08\/20\/album-du-vend-3-7\/#primaryimage"},"thumbnailUrl":"http:\/\/www.leblogmoto.com\/images\/2008\/08\/19\/vespa.jpg","datePublished":"2008-08-20T03:34:06+00:00","dateModified":"2012-07-11T16:13:53+00:00","author":{"@id":"https:\/\/blogs.thesocialmedia.com\/leblogmoto\/#\/schema\/person\/e82a0ca8a9a63d031586097a3ed58526"},"breadcrumb":{"@id":"https:\/\/blogs.thesocialmedia.com\/leblogmoto\/2008\/08\/20\/album-du-vend-3-7\/#breadcrumb"},"inLanguage":"fr-FR","potentialAction":[{"@type":"ReadAction","target":["https:\/\/blogs.thesocialmedia.com\/leblogmoto\/2008\/08\/20\/album-du-vend-3-7\/"]}]},{"@type":"ImageObject","inLanguage":"fr-FR","@id":"https:\/\/blogs.thesocialmedia.com\/leblogmoto\/2008\/08\/20\/album-du-vend-3-7\/#primaryimage","url":"http:\/\/www.leblogmoto.com\/images\/2008\/08\/19\/vespa.jpg","contentUrl":"http:\/\/www.leblogmoto.com\/images\/2008\/08\/19\/vespa.jpg"},{"@type":"BreadcrumbList","@id":"https:\/\/blogs.thesocialmedia.com\/leblogmoto\/2008\/08\/20\/album-du-vend-3-7\/#breadcrumb","itemListElement":[{"@type":"ListItem","position":1,"name":"Accueil","item":"https:\/\/blogs.thesocialmedia.com\/leblogmoto\/"},{"@type":"ListItem","position":2,"name":"Album du vendredi un mercredi, \u00c9closion du Vespa au Canada"}]},{"@type":"WebSite","@id":"https:\/\/blogs.thesocialmedia.com\/leblogmoto\/#website","url":"https:\/\/blogs.thesocialmedia.com\/leblogmoto\/","name":"leblogmoto","description":"Toute l&#039;actualit\u00e9 des 2 roues","potentialAction":[{"@type":"SearchAction","target":{"@type":"EntryPoint","urlTemplate":"https:\/\/blogs.thesocialmedia.com\/leblogmoto\/?s={search_term_string}"},"query-input":{"@type":"PropertyValueSpecification","valueRequired":true,"valueName":"search_term_string"}}],"inLanguage":"fr-FR"},{"@type":"Person","@id":"https:\/\/blogs.thesocialmedia.com\/leblogmoto\/#\/schema\/person\/e82a0ca8a9a63d031586097a3ed58526","name":"jacques lesage","image":{"@type":"ImageObject","inLanguage":"fr-FR","@id":"https:\/\/blogs.thesocialmedia.com\/leblogmoto\/#\/schema\/person\/image\/","url":"https:\/\/secure.gravatar.com\/avatar\/?s=96&d=mm&r=g","contentUrl":"https:\/\/secure.gravatar.com\/avatar\/?s=96&d=mm&r=g","caption":"jacques lesage"},"url":"https:\/\/blogs.thesocialmedia.com\/leblogmoto\/author\/jacques-lesage\/"}]}},"_links":{"self":[{"href":"https:\/\/blogs.thesocialmedia.com\/leblogmoto\/wp-json\/wp\/v2\/posts\/529","targetHints":{"allow":["GET"]}}],"collection":[{"href":"https:\/\/blogs.thesocialmedia.com\/leblogmoto\/wp-json\/wp\/v2\/posts"}],"about":[{"href":"https:\/\/blogs.thesocialmedia.com\/leblogmoto\/wp-json\/wp\/v2\/types\/post"}],"author":[{"embeddable":true,"href":"https:\/\/blogs.thesocialmedia.com\/leblogmoto\/wp-json\/wp\/v2\/users\/325"}],"replies":[{"embeddable":true,"href":"https:\/\/blogs.thesocialmedia.com\/leblogmoto\/wp-json\/wp\/v2\/comments?post=529"}],"version-history":[{"count":2,"href":"https:\/\/blogs.thesocialmedia.com\/leblogmoto\/wp-json\/wp\/v2\/posts\/529\/revisions"}],"predecessor-version":[{"id":11485,"href":"https:\/\/blogs.thesocialmedia.com\/leblogmoto\/wp-json\/wp\/v2\/posts\/529\/revisions\/11485"}],"wp:attachment":[{"href":"https:\/\/blogs.thesocialmedia.com\/leblogmoto\/wp-json\/wp\/v2\/media?parent=529"}],"wp:term":[{"taxonomy":"category","embeddable":true,"href":"https:\/\/blogs.thesocialmedia.com\/leblogmoto\/wp-json\/wp\/v2\/categories?post=529"},{"taxonomy":"post_tag","embeddable":true,"href":"https:\/\/blogs.thesocialmedia.com\/leblogmoto\/wp-json\/wp\/v2\/tags?post=529"}],"curies":[{"name":"wp","href":"https:\/\/api.w.org\/{rel}","templated":true}]}}