{"id":53,"date":"2009-10-12T23:56:49","date_gmt":"2009-10-12T23:56:49","guid":{"rendered":"http:\/\/blogs.thesocialmedia.com\/leblogmoto\/2009\/10\/12\/rassemblement-motard-assassine-toulouse\/"},"modified":"2012-07-11T17:39:46","modified_gmt":"2012-07-11T17:39:46","slug":"rassemblement-motard-assassine-toulouse","status":"publish","type":"post","link":"https:\/\/blogs.thesocialmedia.com\/leblogmoto\/2009\/10\/12\/rassemblement-motard-assassine-toulouse\/","title":{"rendered":"Rassemblement pour le motard assassin\u00e9 \u00e0 Toulouse."},"content":{"rendered":"<p><a href=\"http:\/\/blogs.thesocialmedia.com\/leblogmoto\/files\/2012\/07\/6a00d83451b18369e20120a6344d14970c-popup.png\"><img decoding=\"async\" alt=\"Moto Rassemblement Toulouse 10 Octobre 2009 en m\u00e9moire de Fr\u00e9d\u00e9ric Daigneau\" class=\"asset asset-image at-xid-6a00d83451b18369e20120a6344d14970c \" src=\"http:\/\/blogs.thesocialmedia.com\/leblogmoto\/files\/2012\/07\/6a00d83451b18369e20120a6344d14970c-500wi.jpg\" \/><\/a><\/p>\n<p>Pr\u00e8s de&#160;trois cents motards se sont rassembl\u00e9s dans le centre de la ville rose samedi apr\u00e8s-midi pour comm\u00e9morer la disparition de Fr\u00e9d\u00e9ric Daigneau, \u00e0 25 ans, victime d&#039;une agression au couteau en tentant d&#039;emp\u00eacher le vol de sa&#160;Yamaha*, bloqu\u00e9e par un scooter&#160;sur le Pont St Michel le 28 septembre de l&#039;ann\u00e9e derni\u00e8re. Malgr\u00e9 l&#039;intervention des secours et sa d\u00e9termination farouche**,&#160;il devait d\u00e9c\u00e9der de ses blessures quelques jours plus tard au service de r\u00e9animation de l&#039;h\u00f4pital Purpan, un des deux CHU de Toulouse. Pour en revenir&#160;au rassemblement&#160;proprement dit, le chiffre annonc\u00e9 est&#160;faible si l&#039;on se r\u00e9f\u00e8re au milliers de manifestants au plus fort des cort\u00e8ges l&#039;an pass\u00e9. D&#039;autant que l&#039;enqu\u00eate semble pi\u00e9tiner depuis que les&#160;personnes jusqu&#039;alors suspect\u00e9es, deux mineurs de 16 et 17 ans, mis en examen et d\u00e9tenus, ont \u00e9t\u00e9 rel\u00e2ch\u00e9s.<\/p>\n<\/p>\n<p>Je me permets de vous conseiller la lecture de cet <a href=\"http:\/\/www.leblogmoto.com\/2009\/01\/rcit-dun-bike-j.html\">article<\/a> sur le blog, avec un court r\u00e9capitulatif du drame et l&#039;interview d&#039;un autre motard victime d&#039;un bike-jacking toujours \u00e0 Toulouse qui lui s&#039;en \u00e9tait tir\u00e9 sain et sauf quelques jours avant l&#039;agression de Fr\u00e9d\u00e9ric Daigneau.<\/p>\n<p><em>*Dont il retint les clefs de contact, &quot;entra\u00eenant&quot; les deux coups de couteau du meurtrier.<\/em><\/p>\n<p><em>**Pourtant tr\u00e8s s\u00e9rieusement bless\u00e9 il fut aid\u00e9 par une automobiliste et tenta de poursuivre ses agresseurs.<\/em><\/p>\n<p><em>Cr\u00e9dit photo: AFP.<\/em><br \/>&#160;<\/p>\n","protected":false},"excerpt":{"rendered":"<p>Pr\u00e8s de&#160;trois cents motards se sont rassembl\u00e9s dans le centre de la ville rose samedi apr\u00e8s-midi pour comm\u00e9morer la disparition de Fr\u00e9d\u00e9ric Daigneau, \u00e0 25 ans, victime d&#039;une agression au couteau en tentant d&#039;emp\u00eacher le vol de sa&#160;Yamaha*, bloqu\u00e9e par un scooter&#160;sur le Pont St Michel le 28 septembre de l&#039;ann\u00e9e derni\u00e8re. Malgr\u00e9 l&#039;intervention des [&hellip;]<\/p>\n","protected":false},"author":324,"featured_media":14209,"comment_status":"open","ping_status":"open","sticky":false,"template":"","format":"standard","meta":{"footnotes":""},"categories":[3,26,10,27],"tags":[],"class_list":["post-53","post","type-post","status-publish","format-standard","has-post-thumbnail","hentry","category-actualite","category-circulation","category-meetings","category-securite"],"yoast_head":"<!-- This site is optimized with the Yoast SEO plugin v26.0 - https:\/\/yoast.com\/wordpress\/plugins\/seo\/ -->\n<title>Rassemblement pour le motard assassin\u00e9 \u00e0 Toulouse. - leblogmoto.com<\/title>\n<meta name=\"robots\" content=\"index, follow, max-snippet:-1, max-image-preview:large, max-video-preview:-1\" \/>\n<link rel=\"canonical\" href=\"https:\/\/blogs.thesocialmedia.com\/leblogmoto\/2009\/10\/12\/rassemblement-motard-assassine-toulouse\/\" \/>\n<meta name=\"twitter:card\" content=\"summary_large_image\" \/>\n<meta name=\"twitter:title\" content=\"Rassemblement pour le motard assassin\u00e9 \u00e0 Toulouse. - leblogmoto.com\" \/>\n<meta name=\"twitter:description\" content=\"Pr\u00e8s de&#160;trois cents motards se sont rassembl\u00e9s dans le centre de la ville rose samedi apr\u00e8s-midi pour comm\u00e9morer la disparition de Fr\u00e9d\u00e9ric Daigneau, \u00e0 25 ans, victime d&#039;une agression au couteau en tentant d&#039;emp\u00eacher le vol de sa&#160;Yamaha*, bloqu\u00e9e par un scooter&#160;sur le Pont St Michel le 28 septembre de l&#039;ann\u00e9e derni\u00e8re. Malgr\u00e9 l&#039;intervention des [&hellip;]\" \/>\n<meta name=\"twitter:image\" content=\"https:\/\/blogs.thesocialmedia.com\/leblogmoto\/files\/2012\/07\/6a00d83451b18369e20120a6344d14970c-500wi.jpg\" \/>\n<meta name=\"twitter:label1\" content=\"\u00c9crit par\" \/>\n\t<meta name=\"twitter:data1\" content=\"benoit rieu\" \/>\n\t<meta name=\"twitter:label2\" content=\"Dur\u00e9e de lecture estim\u00e9e\" \/>\n\t<meta name=\"twitter:data2\" content=\"1 minute\" \/>\n<script type=\"application\/ld+json\" class=\"yoast-schema-graph\">{\"@context\":\"https:\/\/schema.org\",\"@graph\":[{\"@type\":\"WebPage\",\"@id\":\"https:\/\/blogs.thesocialmedia.com\/leblogmoto\/2009\/10\/12\/rassemblement-motard-assassine-toulouse\/\",\"url\":\"https:\/\/blogs.thesocialmedia.com\/leblogmoto\/2009\/10\/12\/rassemblement-motard-assassine-toulouse\/\",\"name\":\"Rassemblement pour le motard assassin\u00e9 \u00e0 Toulouse. - leblogmoto.com\",\"isPartOf\":{\"@id\":\"https:\/\/blogs.thesocialmedia.com\/leblogmoto\/#website\"},\"primaryImageOfPage\":{\"@id\":\"https:\/\/blogs.thesocialmedia.com\/leblogmoto\/2009\/10\/12\/rassemblement-motard-assassine-toulouse\/#primaryimage\"},\"image\":{\"@id\":\"https:\/\/blogs.thesocialmedia.com\/leblogmoto\/2009\/10\/12\/rassemblement-motard-assassine-toulouse\/#primaryimage\"},\"thumbnailUrl\":\"https:\/\/blogs.thesocialmedia.com\/leblogmoto\/files\/2012\/07\/6a00d83451b18369e20120a6344d14970c-500wi.jpg\",\"datePublished\":\"2009-10-12T23:56:49+00:00\",\"dateModified\":\"2012-07-11T17:39:46+00:00\",\"author\":{\"@id\":\"https:\/\/blogs.thesocialmedia.com\/leblogmoto\/#\/schema\/person\/18bfe773e5725ed6d24f743da805362a\"},\"breadcrumb\":{\"@id\":\"https:\/\/blogs.thesocialmedia.com\/leblogmoto\/2009\/10\/12\/rassemblement-motard-assassine-toulouse\/#breadcrumb\"},\"inLanguage\":\"fr-FR\",\"potentialAction\":[{\"@type\":\"ReadAction\",\"target\":[\"https:\/\/blogs.thesocialmedia.com\/leblogmoto\/2009\/10\/12\/rassemblement-motard-assassine-toulouse\/\"]}]},{\"@type\":\"ImageObject\",\"inLanguage\":\"fr-FR\",\"@id\":\"https:\/\/blogs.thesocialmedia.com\/leblogmoto\/2009\/10\/12\/rassemblement-motard-assassine-toulouse\/#primaryimage\",\"url\":\"https:\/\/blogs.thesocialmedia.com\/leblogmoto\/files\/2012\/07\/6a00d83451b18369e20120a6344d14970c-500wi.jpg\",\"contentUrl\":\"https:\/\/blogs.thesocialmedia.com\/leblogmoto\/files\/2012\/07\/6a00d83451b18369e20120a6344d14970c-500wi.jpg\",\"width\":\"500\",\"height\":\"354\"},{\"@type\":\"BreadcrumbList\",\"@id\":\"https:\/\/blogs.thesocialmedia.com\/leblogmoto\/2009\/10\/12\/rassemblement-motard-assassine-toulouse\/#breadcrumb\",\"itemListElement\":[{\"@type\":\"ListItem\",\"position\":1,\"name\":\"Accueil\",\"item\":\"https:\/\/blogs.thesocialmedia.com\/leblogmoto\/\"},{\"@type\":\"ListItem\",\"position\":2,\"name\":\"Rassemblement pour le motard assassin\u00e9 \u00e0 Toulouse.\"}]},{\"@type\":\"WebSite\",\"@id\":\"https:\/\/blogs.thesocialmedia.com\/leblogmoto\/#website\",\"url\":\"https:\/\/blogs.thesocialmedia.com\/leblogmoto\/\",\"name\":\"leblogmoto\",\"description\":\"Toute l&#039;actualit\u00e9 des 2 roues\",\"potentialAction\":[{\"@type\":\"SearchAction\",\"target\":{\"@type\":\"EntryPoint\",\"urlTemplate\":\"https:\/\/blogs.thesocialmedia.com\/leblogmoto\/?s={search_term_string}\"},\"query-input\":{\"@type\":\"PropertyValueSpecification\",\"valueRequired\":true,\"valueName\":\"search_term_string\"}}],\"inLanguage\":\"fr-FR\"},{\"@type\":\"Person\",\"@id\":\"https:\/\/blogs.thesocialmedia.com\/leblogmoto\/#\/schema\/person\/18bfe773e5725ed6d24f743da805362a\",\"name\":\"benoit rieu\",\"image\":{\"@type\":\"ImageObject\",\"inLanguage\":\"fr-FR\",\"@id\":\"https:\/\/blogs.thesocialmedia.com\/leblogmoto\/#\/schema\/person\/image\/\",\"url\":\"https:\/\/secure.gravatar.com\/avatar\/?s=96&d=mm&r=g\",\"contentUrl\":\"https:\/\/secure.gravatar.com\/avatar\/?s=96&d=mm&r=g\",\"caption\":\"benoit rieu\"},\"url\":\"https:\/\/blogs.thesocialmedia.com\/leblogmoto\/author\/benoit-rieu\/\"}]}<\/script>\n<!-- \/ Yoast SEO plugin. -->","yoast_head_json":{"title":"Rassemblement pour le motard assassin\u00e9 \u00e0 Toulouse. - leblogmoto.com","robots":{"index":"index","follow":"follow","max-snippet":"max-snippet:-1","max-image-preview":"max-image-preview:large","max-video-preview":"max-video-preview:-1"},"canonical":"https:\/\/blogs.thesocialmedia.com\/leblogmoto\/2009\/10\/12\/rassemblement-motard-assassine-toulouse\/","twitter_card":"summary_large_image","twitter_title":"Rassemblement pour le motard assassin\u00e9 \u00e0 Toulouse. - leblogmoto.com","twitter_description":"Pr\u00e8s de&#160;trois cents motards se sont rassembl\u00e9s dans le centre de la ville rose samedi apr\u00e8s-midi pour comm\u00e9morer la disparition de Fr\u00e9d\u00e9ric Daigneau, \u00e0 25 ans, victime d&#039;une agression au couteau en tentant d&#039;emp\u00eacher le vol de sa&#160;Yamaha*, bloqu\u00e9e par un scooter&#160;sur le Pont St Michel le 28 septembre de l&#039;ann\u00e9e derni\u00e8re. Malgr\u00e9 l&#039;intervention des [&hellip;]","twitter_image":"https:\/\/blogs.thesocialmedia.com\/leblogmoto\/files\/2012\/07\/6a00d83451b18369e20120a6344d14970c-500wi.jpg","twitter_misc":{"\u00c9crit par":"benoit rieu","Dur\u00e9e de lecture estim\u00e9e":"1 minute"},"schema":{"@context":"https:\/\/schema.org","@graph":[{"@type":"WebPage","@id":"https:\/\/blogs.thesocialmedia.com\/leblogmoto\/2009\/10\/12\/rassemblement-motard-assassine-toulouse\/","url":"https:\/\/blogs.thesocialmedia.com\/leblogmoto\/2009\/10\/12\/rassemblement-motard-assassine-toulouse\/","name":"Rassemblement pour le motard assassin\u00e9 \u00e0 Toulouse. - leblogmoto.com","isPartOf":{"@id":"https:\/\/blogs.thesocialmedia.com\/leblogmoto\/#website"},"primaryImageOfPage":{"@id":"https:\/\/blogs.thesocialmedia.com\/leblogmoto\/2009\/10\/12\/rassemblement-motard-assassine-toulouse\/#primaryimage"},"image":{"@id":"https:\/\/blogs.thesocialmedia.com\/leblogmoto\/2009\/10\/12\/rassemblement-motard-assassine-toulouse\/#primaryimage"},"thumbnailUrl":"https:\/\/blogs.thesocialmedia.com\/leblogmoto\/files\/2012\/07\/6a00d83451b18369e20120a6344d14970c-500wi.jpg","datePublished":"2009-10-12T23:56:49+00:00","dateModified":"2012-07-11T17:39:46+00:00","author":{"@id":"https:\/\/blogs.thesocialmedia.com\/leblogmoto\/#\/schema\/person\/18bfe773e5725ed6d24f743da805362a"},"breadcrumb":{"@id":"https:\/\/blogs.thesocialmedia.com\/leblogmoto\/2009\/10\/12\/rassemblement-motard-assassine-toulouse\/#breadcrumb"},"inLanguage":"fr-FR","potentialAction":[{"@type":"ReadAction","target":["https:\/\/blogs.thesocialmedia.com\/leblogmoto\/2009\/10\/12\/rassemblement-motard-assassine-toulouse\/"]}]},{"@type":"ImageObject","inLanguage":"fr-FR","@id":"https:\/\/blogs.thesocialmedia.com\/leblogmoto\/2009\/10\/12\/rassemblement-motard-assassine-toulouse\/#primaryimage","url":"https:\/\/blogs.thesocialmedia.com\/leblogmoto\/files\/2012\/07\/6a00d83451b18369e20120a6344d14970c-500wi.jpg","contentUrl":"https:\/\/blogs.thesocialmedia.com\/leblogmoto\/files\/2012\/07\/6a00d83451b18369e20120a6344d14970c-500wi.jpg","width":"500","height":"354"},{"@type":"BreadcrumbList","@id":"https:\/\/blogs.thesocialmedia.com\/leblogmoto\/2009\/10\/12\/rassemblement-motard-assassine-toulouse\/#breadcrumb","itemListElement":[{"@type":"ListItem","position":1,"name":"Accueil","item":"https:\/\/blogs.thesocialmedia.com\/leblogmoto\/"},{"@type":"ListItem","position":2,"name":"Rassemblement pour le motard assassin\u00e9 \u00e0 Toulouse."}]},{"@type":"WebSite","@id":"https:\/\/blogs.thesocialmedia.com\/leblogmoto\/#website","url":"https:\/\/blogs.thesocialmedia.com\/leblogmoto\/","name":"leblogmoto","description":"Toute l&#039;actualit\u00e9 des 2 roues","potentialAction":[{"@type":"SearchAction","target":{"@type":"EntryPoint","urlTemplate":"https:\/\/blogs.thesocialmedia.com\/leblogmoto\/?s={search_term_string}"},"query-input":{"@type":"PropertyValueSpecification","valueRequired":true,"valueName":"search_term_string"}}],"inLanguage":"fr-FR"},{"@type":"Person","@id":"https:\/\/blogs.thesocialmedia.com\/leblogmoto\/#\/schema\/person\/18bfe773e5725ed6d24f743da805362a","name":"benoit rieu","image":{"@type":"ImageObject","inLanguage":"fr-FR","@id":"https:\/\/blogs.thesocialmedia.com\/leblogmoto\/#\/schema\/person\/image\/","url":"https:\/\/secure.gravatar.com\/avatar\/?s=96&d=mm&r=g","contentUrl":"https:\/\/secure.gravatar.com\/avatar\/?s=96&d=mm&r=g","caption":"benoit rieu"},"url":"https:\/\/blogs.thesocialmedia.com\/leblogmoto\/author\/benoit-rieu\/"}]}},"_links":{"self":[{"href":"https:\/\/blogs.thesocialmedia.com\/leblogmoto\/wp-json\/wp\/v2\/posts\/53","targetHints":{"allow":["GET"]}}],"collection":[{"href":"https:\/\/blogs.thesocialmedia.com\/leblogmoto\/wp-json\/wp\/v2\/posts"}],"about":[{"href":"https:\/\/blogs.thesocialmedia.com\/leblogmoto\/wp-json\/wp\/v2\/types\/post"}],"author":[{"embeddable":true,"href":"https:\/\/blogs.thesocialmedia.com\/leblogmoto\/wp-json\/wp\/v2\/users\/324"}],"replies":[{"embeddable":true,"href":"https:\/\/blogs.thesocialmedia.com\/leblogmoto\/wp-json\/wp\/v2\/comments?post=53"}],"version-history":[{"count":2,"href":"https:\/\/blogs.thesocialmedia.com\/leblogmoto\/wp-json\/wp\/v2\/posts\/53\/revisions"}],"predecessor-version":[{"id":14211,"href":"https:\/\/blogs.thesocialmedia.com\/leblogmoto\/wp-json\/wp\/v2\/posts\/53\/revisions\/14211"}],"wp:featuredmedia":[{"embeddable":true,"href":"https:\/\/blogs.thesocialmedia.com\/leblogmoto\/wp-json\/wp\/v2\/media\/14209"}],"wp:attachment":[{"href":"https:\/\/blogs.thesocialmedia.com\/leblogmoto\/wp-json\/wp\/v2\/media?parent=53"}],"wp:term":[{"taxonomy":"category","embeddable":true,"href":"https:\/\/blogs.thesocialmedia.com\/leblogmoto\/wp-json\/wp\/v2\/categories?post=53"},{"taxonomy":"post_tag","embeddable":true,"href":"https:\/\/blogs.thesocialmedia.com\/leblogmoto\/wp-json\/wp\/v2\/tags?post=53"}],"curies":[{"name":"wp","href":"https:\/\/api.w.org\/{rel}","templated":true}]}}