{"id":530,"date":"2008-08-19T04:18:05","date_gmt":"2008-08-19T04:18:05","guid":{"rendered":"http:\/\/blogs.thesocialmedia.com\/leblogmoto\/2008\/08\/19\/ama-superbike-v\/"},"modified":"2012-07-11T16:13:36","modified_gmt":"2012-07-11T16:13:36","slug":"ama-superbike-v","status":"publish","type":"post","link":"https:\/\/blogs.thesocialmedia.com\/leblogmoto\/2008\/08\/19\/ama-superbike-v\/","title":{"rendered":"AMA Superbike VIR, Mladin le + motiv\u00e9"},"content":{"rendered":"<p><em><a href=\"http:\/\/blogs.thesocialmedia.com\/leblogmoto\/files\/2012\/07\/vir.jpg\"><img loading=\"lazy\" decoding=\"async\" width=\"470\" height=\"312\"  alt=\"Vir\" src=\"http:\/\/www.leblogmoto.com\/images\/2008\/08\/18\/vir.jpg\" \/><\/a> <br \/>Photos Brian J. Nelson<\/em><\/p>\n<p><em>maj: L\u2019\u00e9quipe Rockstar Makita Suzuki a d\u00e9cid\u00e9 d\u2019en appeler, ce vendredi 22, de la d\u00e9cision prise par le AMA Pro racing plus t\u00f4t cette semaine de disqualifier leur pilote Mat Mladin, gagnant des 2 manches du week-end dernier au VIRginia International Raceway. Apr\u00e8s inspection, il avait \u00e9t\u00e9 trouv\u00e9 que le vilebrequin de la Suzuki # 6 n\u2019\u00e9tait pas conforme aux r\u00e8glements.<br \/>D\u00e9sol\u00e9 pour le ton laconique de cette mise \u00e0 jour, les communiqu\u00e9s officiels le sont tout autant. Aucun d\u00e9tail pr\u00e9cis n\u2019est disponible pour l\u2019instant dans cette affaire. \u00c0 suivre donc.<\/em><\/p>\n<p>Ce week-end au <a href=\"http:\/\/www.virclub.com\/\">VIR<\/a>ginia International Raceway vit Mat Mladin remporter ses 71 et 72es victoires en carri\u00e8re en AMA Superbike, ses cinqui\u00e8me et sixi\u00e8me d&rsquo;affil\u00e9e cette saison. Rappelons que son co\u00e9quipier Ben Spies en avait mis 7 de suite plus t\u00f4t dans la saison, dans ce qui semblait alors un chemin pav\u00e9 d\u2019or pour le Texan vers le titre. Mais les sir\u00e8nes du Moto GP semblent maintenant prendre \u00e0 Spies les dixi\u00e8mes de secondes qu\u2019il savait trouver en d\u00e9but de saison.<\/p>\n<p>Revenons en Virginie et sur la piste pour la course du samedi. Apr\u00e8s un d\u00e9part ordinaire, Mladin se retrouvait quatri\u00e8me \u00e0 plus d\u2019une seconde et demie du meneur Ben Spies \u00e0 la fin du premier tour. Passant de quatri\u00e8me \u00e0 deuxi\u00e8me et dans la roue de Spies au 4e tour, il fit l\u2019int\u00e9rieur \u00e0 ce dernier pour prendre d\u00e9finitivement la t\u00eate. Spies pourtant ne se laissait pas distancer, mais une remise des gaz h\u00e2tive en sortie de courbe le d\u00e9s\u00e9quilibrera. Ne l\u00e2chant pas le guidon, bouscul\u00e9 par sa Suzuki comme par un cheval fou, Spies demeurera miraculeusement en selle, mais ses chances de victoires elles, venaient d\u2019\u00eatre \u00e9ject\u00e9es.<br \/>Derri\u00e8re, la bataille faisait rage entre <a href=\"http:\/\/www.yamaha-motor.com\/sport\/racing\/07_eric_bostrom_flash.aspx\">Eric Bostrom<\/a> et <a href=\"http:\/\/www.tommyhayden.com\/\">Tommy Hayden<\/a> pour la derni\u00e8re marche du podium, mais c\u2019est la troisi\u00e8me Suzuki de chez Rockstar Makita Yoshimura et donc Hayden qui garnira le podium.<\/p>\n<p>La course du dimanche verra encore un Mladin prendre son temps au d\u00e9part pour se retrouver 3e derri\u00e8re ses co\u00e9quipiers Hayden, prenant les r\u00eanes et Spies. Mais d\u00e8s le d\u00e9but de la deuxi\u00e8me boucle, Mladin plongea \u00e0 l\u2019int\u00e9rieur de la premi\u00e8re courbe pour prendre par surprise et de court Spies et Hayden. Plus personne ne le revit, sauf quelques attard\u00e9s qui, si faisant preuve d\u2019un moment d\u2019inattention pouvait tr\u00e8s bien ne pas le voir non plus. Ce podium du dimanche devenant une copie conforme de celui de la veille. Derri\u00e8re, Eric Bostrom sur sa Yamaha fera une autre quatri\u00e8me place en deux jours, un baume sur une saison difficile pour le dauphin au championnat de 2002.<\/p>\n<p>Ce week-end fut aussi marqu\u00e9 par son contingent de sorties de piste, voyant Neil Hodgson et Jamie Hacking sortir le samedi et le dimanche, puis suivit par Aaron Yates et Jason DiSalvo, pour ne nommer que les meneurs.<\/p>\n<p>La fin de saison s\u2019annonce donc excitante avec un Ben Spies condamn\u00e9 \u00e0 ne pas faire pire que deuxi\u00e8me, s\u2019il ne veut pas perdre le titre, et un Mat Mladin \u00e0 gagner s\u2019il veut le lui ravir.<\/p>\n<p>Le prochain rendez-vous est \u00e0 la fin du mois d\u2019ao\u00fbt au circuit de Road Atlanta.<\/p>\n<p><a href=\"http:\/\/clabedan.typepad.com\/.shared\/image.html?\/photos\/uncategorized\/2008\/08\/18\/vir1.jpg\"><img loading=\"lazy\" decoding=\"async\" width=\"470\" height=\"312\"  alt=\"Vir1\" src=\"http:\/\/www.leblogmoto.com\/images\/2008\/08\/18\/vir1.jpg\" \/><\/a> <\/p>\n<p><a href=\"http:\/\/blogs.thesocialmedia.com\/leblogmoto\/files\/2012\/07\/vir2.jpg\"><img loading=\"lazy\" decoding=\"async\" width=\"470\" height=\"312\"  alt=\"Vir2\" src=\"http:\/\/www.leblogmoto.com\/images\/2008\/08\/18\/vir2.jpg\" \/><\/a> <\/p>\n<p><a href=\"http:\/\/blogs.thesocialmedia.com\/leblogmoto\/files\/2012\/07\/vir3.jpg\"><img loading=\"lazy\" decoding=\"async\" width=\"470\" height=\"312\"  alt=\"Vir3\" src=\"http:\/\/www.leblogmoto.com\/images\/2008\/08\/18\/vir3.jpg\" \/><\/a> <\/p>\n<p><a href=\"http:\/\/blogs.thesocialmedia.com\/leblogmoto\/files\/2012\/07\/vir4.jpg\"><img loading=\"lazy\" decoding=\"async\" width=\"470\" height=\"312\"  alt=\"Vir4\" src=\"http:\/\/www.leblogmoto.com\/images\/2008\/08\/18\/vir4.jpg\" \/><\/a> <\/p>\n<p><a href=\"http:\/\/blogs.thesocialmedia.com\/leblogmoto\/files\/2012\/07\/vir5.jpg\"><img loading=\"lazy\" decoding=\"async\" width=\"470\" height=\"312\"  alt=\"Vir5\" src=\"http:\/\/www.leblogmoto.com\/images\/2008\/08\/18\/vir5.jpg\" style=\"margin: 0px 5px 5px 0px;float: left\" \/><\/a> <\/p>\n<p><a href=\"http:\/\/blogs.thesocialmedia.com\/leblogmoto\/files\/2012\/07\/vir6.jpg\"><img loading=\"lazy\" decoding=\"async\" width=\"470\" height=\"312\"  alt=\"Vir6\" src=\"http:\/\/www.leblogmoto.com\/images\/2008\/08\/18\/vir6.jpg\" style=\"margin: 0px 5px 5px 0px;float: left\" \/><\/a> <\/p>\n","protected":false},"excerpt":{"rendered":"<p>Photos Brian J. Nelson maj: L\u2019\u00e9quipe Rockstar Makita Suzuki a d\u00e9cid\u00e9 d\u2019en appeler, ce vendredi 22, de la d\u00e9cision prise par le AMA Pro racing plus t\u00f4t cette semaine de disqualifier leur pilote Mat Mladin, gagnant des 2 manches du week-end dernier au VIRginia International Raceway. Apr\u00e8s inspection, il avait \u00e9t\u00e9 trouv\u00e9 que le vilebrequin [&hellip;]<\/p>\n","protected":false},"author":325,"featured_media":0,"comment_status":"open","ping_status":"open","sticky":false,"template":"","format":"standard","meta":{"footnotes":""},"categories":[74],"tags":[],"class_list":["post-530","post","type-post","status-publish","format-standard","hentry","category-ama-superbike"],"yoast_head":"<!-- This site is optimized with the Yoast SEO plugin v26.0 - https:\/\/yoast.com\/wordpress\/plugins\/seo\/ -->\n<title>AMA Superbike VIR, Mladin le + motiv\u00e9 - leblogmoto.com<\/title>\n<meta name=\"robots\" content=\"index, follow, max-snippet:-1, max-image-preview:large, max-video-preview:-1\" \/>\n<link rel=\"canonical\" href=\"https:\/\/blogs.thesocialmedia.com\/leblogmoto\/2008\/08\/19\/ama-superbike-v\/\" \/>\n<meta name=\"twitter:card\" content=\"summary_large_image\" \/>\n<meta name=\"twitter:title\" content=\"AMA Superbike VIR, Mladin le + motiv\u00e9 - leblogmoto.com\" \/>\n<meta name=\"twitter:description\" content=\"Photos Brian J. Nelson maj: L\u2019\u00e9quipe Rockstar Makita Suzuki a d\u00e9cid\u00e9 d\u2019en appeler, ce vendredi 22, de la d\u00e9cision prise par le AMA Pro racing plus t\u00f4t cette semaine de disqualifier leur pilote Mat Mladin, gagnant des 2 manches du week-end dernier au VIRginia International Raceway. Apr\u00e8s inspection, il avait \u00e9t\u00e9 trouv\u00e9 que le vilebrequin [&hellip;]\" \/>\n<meta name=\"twitter:image\" content=\"http:\/\/www.leblogmoto.com\/images\/2008\/08\/18\/vir.jpg\" \/>\n<meta name=\"twitter:label1\" content=\"\u00c9crit par\" \/>\n\t<meta name=\"twitter:data1\" content=\"jacques lesage\" \/>\n\t<meta name=\"twitter:label2\" content=\"Dur\u00e9e de lecture estim\u00e9e\" \/>\n\t<meta name=\"twitter:data2\" content=\"3 minutes\" \/>\n<script type=\"application\/ld+json\" class=\"yoast-schema-graph\">{\"@context\":\"https:\/\/schema.org\",\"@graph\":[{\"@type\":\"WebPage\",\"@id\":\"https:\/\/blogs.thesocialmedia.com\/leblogmoto\/2008\/08\/19\/ama-superbike-v\/\",\"url\":\"https:\/\/blogs.thesocialmedia.com\/leblogmoto\/2008\/08\/19\/ama-superbike-v\/\",\"name\":\"AMA Superbike VIR, Mladin le + motiv\u00e9 - leblogmoto.com\",\"isPartOf\":{\"@id\":\"https:\/\/blogs.thesocialmedia.com\/leblogmoto\/#website\"},\"primaryImageOfPage\":{\"@id\":\"https:\/\/blogs.thesocialmedia.com\/leblogmoto\/2008\/08\/19\/ama-superbike-v\/#primaryimage\"},\"image\":{\"@id\":\"https:\/\/blogs.thesocialmedia.com\/leblogmoto\/2008\/08\/19\/ama-superbike-v\/#primaryimage\"},\"thumbnailUrl\":\"http:\/\/www.leblogmoto.com\/images\/2008\/08\/18\/vir.jpg\",\"datePublished\":\"2008-08-19T04:18:05+00:00\",\"dateModified\":\"2012-07-11T16:13:36+00:00\",\"author\":{\"@id\":\"https:\/\/blogs.thesocialmedia.com\/leblogmoto\/#\/schema\/person\/e82a0ca8a9a63d031586097a3ed58526\"},\"breadcrumb\":{\"@id\":\"https:\/\/blogs.thesocialmedia.com\/leblogmoto\/2008\/08\/19\/ama-superbike-v\/#breadcrumb\"},\"inLanguage\":\"fr-FR\",\"potentialAction\":[{\"@type\":\"ReadAction\",\"target\":[\"https:\/\/blogs.thesocialmedia.com\/leblogmoto\/2008\/08\/19\/ama-superbike-v\/\"]}]},{\"@type\":\"ImageObject\",\"inLanguage\":\"fr-FR\",\"@id\":\"https:\/\/blogs.thesocialmedia.com\/leblogmoto\/2008\/08\/19\/ama-superbike-v\/#primaryimage\",\"url\":\"http:\/\/www.leblogmoto.com\/images\/2008\/08\/18\/vir.jpg\",\"contentUrl\":\"http:\/\/www.leblogmoto.com\/images\/2008\/08\/18\/vir.jpg\"},{\"@type\":\"BreadcrumbList\",\"@id\":\"https:\/\/blogs.thesocialmedia.com\/leblogmoto\/2008\/08\/19\/ama-superbike-v\/#breadcrumb\",\"itemListElement\":[{\"@type\":\"ListItem\",\"position\":1,\"name\":\"Accueil\",\"item\":\"https:\/\/blogs.thesocialmedia.com\/leblogmoto\/\"},{\"@type\":\"ListItem\",\"position\":2,\"name\":\"AMA Superbike VIR, Mladin le + motiv\u00e9\"}]},{\"@type\":\"WebSite\",\"@id\":\"https:\/\/blogs.thesocialmedia.com\/leblogmoto\/#website\",\"url\":\"https:\/\/blogs.thesocialmedia.com\/leblogmoto\/\",\"name\":\"leblogmoto\",\"description\":\"Toute l&#039;actualit\u00e9 des 2 roues\",\"potentialAction\":[{\"@type\":\"SearchAction\",\"target\":{\"@type\":\"EntryPoint\",\"urlTemplate\":\"https:\/\/blogs.thesocialmedia.com\/leblogmoto\/?s={search_term_string}\"},\"query-input\":{\"@type\":\"PropertyValueSpecification\",\"valueRequired\":true,\"valueName\":\"search_term_string\"}}],\"inLanguage\":\"fr-FR\"},{\"@type\":\"Person\",\"@id\":\"https:\/\/blogs.thesocialmedia.com\/leblogmoto\/#\/schema\/person\/e82a0ca8a9a63d031586097a3ed58526\",\"name\":\"jacques lesage\",\"image\":{\"@type\":\"ImageObject\",\"inLanguage\":\"fr-FR\",\"@id\":\"https:\/\/blogs.thesocialmedia.com\/leblogmoto\/#\/schema\/person\/image\/\",\"url\":\"https:\/\/secure.gravatar.com\/avatar\/?s=96&d=mm&r=g\",\"contentUrl\":\"https:\/\/secure.gravatar.com\/avatar\/?s=96&d=mm&r=g\",\"caption\":\"jacques lesage\"},\"url\":\"https:\/\/blogs.thesocialmedia.com\/leblogmoto\/author\/jacques-lesage\/\"}]}<\/script>\n<!-- \/ Yoast SEO plugin. -->","yoast_head_json":{"title":"AMA Superbike VIR, Mladin le + motiv\u00e9 - leblogmoto.com","robots":{"index":"index","follow":"follow","max-snippet":"max-snippet:-1","max-image-preview":"max-image-preview:large","max-video-preview":"max-video-preview:-1"},"canonical":"https:\/\/blogs.thesocialmedia.com\/leblogmoto\/2008\/08\/19\/ama-superbike-v\/","twitter_card":"summary_large_image","twitter_title":"AMA Superbike VIR, Mladin le + motiv\u00e9 - leblogmoto.com","twitter_description":"Photos Brian J. Nelson maj: L\u2019\u00e9quipe Rockstar Makita Suzuki a d\u00e9cid\u00e9 d\u2019en appeler, ce vendredi 22, de la d\u00e9cision prise par le AMA Pro racing plus t\u00f4t cette semaine de disqualifier leur pilote Mat Mladin, gagnant des 2 manches du week-end dernier au VIRginia International Raceway. Apr\u00e8s inspection, il avait \u00e9t\u00e9 trouv\u00e9 que le vilebrequin [&hellip;]","twitter_image":"http:\/\/www.leblogmoto.com\/images\/2008\/08\/18\/vir.jpg","twitter_misc":{"\u00c9crit par":"jacques lesage","Dur\u00e9e de lecture estim\u00e9e":"3 minutes"},"schema":{"@context":"https:\/\/schema.org","@graph":[{"@type":"WebPage","@id":"https:\/\/blogs.thesocialmedia.com\/leblogmoto\/2008\/08\/19\/ama-superbike-v\/","url":"https:\/\/blogs.thesocialmedia.com\/leblogmoto\/2008\/08\/19\/ama-superbike-v\/","name":"AMA Superbike VIR, Mladin le + motiv\u00e9 - leblogmoto.com","isPartOf":{"@id":"https:\/\/blogs.thesocialmedia.com\/leblogmoto\/#website"},"primaryImageOfPage":{"@id":"https:\/\/blogs.thesocialmedia.com\/leblogmoto\/2008\/08\/19\/ama-superbike-v\/#primaryimage"},"image":{"@id":"https:\/\/blogs.thesocialmedia.com\/leblogmoto\/2008\/08\/19\/ama-superbike-v\/#primaryimage"},"thumbnailUrl":"http:\/\/www.leblogmoto.com\/images\/2008\/08\/18\/vir.jpg","datePublished":"2008-08-19T04:18:05+00:00","dateModified":"2012-07-11T16:13:36+00:00","author":{"@id":"https:\/\/blogs.thesocialmedia.com\/leblogmoto\/#\/schema\/person\/e82a0ca8a9a63d031586097a3ed58526"},"breadcrumb":{"@id":"https:\/\/blogs.thesocialmedia.com\/leblogmoto\/2008\/08\/19\/ama-superbike-v\/#breadcrumb"},"inLanguage":"fr-FR","potentialAction":[{"@type":"ReadAction","target":["https:\/\/blogs.thesocialmedia.com\/leblogmoto\/2008\/08\/19\/ama-superbike-v\/"]}]},{"@type":"ImageObject","inLanguage":"fr-FR","@id":"https:\/\/blogs.thesocialmedia.com\/leblogmoto\/2008\/08\/19\/ama-superbike-v\/#primaryimage","url":"http:\/\/www.leblogmoto.com\/images\/2008\/08\/18\/vir.jpg","contentUrl":"http:\/\/www.leblogmoto.com\/images\/2008\/08\/18\/vir.jpg"},{"@type":"BreadcrumbList","@id":"https:\/\/blogs.thesocialmedia.com\/leblogmoto\/2008\/08\/19\/ama-superbike-v\/#breadcrumb","itemListElement":[{"@type":"ListItem","position":1,"name":"Accueil","item":"https:\/\/blogs.thesocialmedia.com\/leblogmoto\/"},{"@type":"ListItem","position":2,"name":"AMA Superbike VIR, Mladin le + motiv\u00e9"}]},{"@type":"WebSite","@id":"https:\/\/blogs.thesocialmedia.com\/leblogmoto\/#website","url":"https:\/\/blogs.thesocialmedia.com\/leblogmoto\/","name":"leblogmoto","description":"Toute l&#039;actualit\u00e9 des 2 roues","potentialAction":[{"@type":"SearchAction","target":{"@type":"EntryPoint","urlTemplate":"https:\/\/blogs.thesocialmedia.com\/leblogmoto\/?s={search_term_string}"},"query-input":{"@type":"PropertyValueSpecification","valueRequired":true,"valueName":"search_term_string"}}],"inLanguage":"fr-FR"},{"@type":"Person","@id":"https:\/\/blogs.thesocialmedia.com\/leblogmoto\/#\/schema\/person\/e82a0ca8a9a63d031586097a3ed58526","name":"jacques lesage","image":{"@type":"ImageObject","inLanguage":"fr-FR","@id":"https:\/\/blogs.thesocialmedia.com\/leblogmoto\/#\/schema\/person\/image\/","url":"https:\/\/secure.gravatar.com\/avatar\/?s=96&d=mm&r=g","contentUrl":"https:\/\/secure.gravatar.com\/avatar\/?s=96&d=mm&r=g","caption":"jacques lesage"},"url":"https:\/\/blogs.thesocialmedia.com\/leblogmoto\/author\/jacques-lesage\/"}]}},"_links":{"self":[{"href":"https:\/\/blogs.thesocialmedia.com\/leblogmoto\/wp-json\/wp\/v2\/posts\/530","targetHints":{"allow":["GET"]}}],"collection":[{"href":"https:\/\/blogs.thesocialmedia.com\/leblogmoto\/wp-json\/wp\/v2\/posts"}],"about":[{"href":"https:\/\/blogs.thesocialmedia.com\/leblogmoto\/wp-json\/wp\/v2\/types\/post"}],"author":[{"embeddable":true,"href":"https:\/\/blogs.thesocialmedia.com\/leblogmoto\/wp-json\/wp\/v2\/users\/325"}],"replies":[{"embeddable":true,"href":"https:\/\/blogs.thesocialmedia.com\/leblogmoto\/wp-json\/wp\/v2\/comments?post=530"}],"version-history":[{"count":2,"href":"https:\/\/blogs.thesocialmedia.com\/leblogmoto\/wp-json\/wp\/v2\/posts\/530\/revisions"}],"predecessor-version":[{"id":11475,"href":"https:\/\/blogs.thesocialmedia.com\/leblogmoto\/wp-json\/wp\/v2\/posts\/530\/revisions\/11475"}],"wp:attachment":[{"href":"https:\/\/blogs.thesocialmedia.com\/leblogmoto\/wp-json\/wp\/v2\/media?parent=530"}],"wp:term":[{"taxonomy":"category","embeddable":true,"href":"https:\/\/blogs.thesocialmedia.com\/leblogmoto\/wp-json\/wp\/v2\/categories?post=530"},{"taxonomy":"post_tag","embeddable":true,"href":"https:\/\/blogs.thesocialmedia.com\/leblogmoto\/wp-json\/wp\/v2\/tags?post=530"}],"curies":[{"name":"wp","href":"https:\/\/api.w.org\/{rel}","templated":true}]}}