{"id":531,"date":"2008-08-15T18:08:26","date_gmt":"2008-08-15T18:08:26","guid":{"rendered":"http:\/\/blogs.thesocialmedia.com\/leblogmoto\/2008\/08\/15\/album-du-vend-2-7\/"},"modified":"2012-07-11T16:13:24","modified_gmt":"2012-07-11T16:13:24","slug":"album-du-vend-2-7","status":"publish","type":"post","link":"https:\/\/blogs.thesocialmedia.com\/leblogmoto\/2008\/08\/15\/album-du-vend-2-7\/","title":{"rendered":"Album du vendredi, Artifices"},"content":{"rendered":"<p><a href=\"http:\/\/blogs.thesocialmedia.com\/leblogmoto\/files\/2012\/07\/studio.jpg\"><img loading=\"lazy\" decoding=\"async\" width=\"470\" height=\"332\"  src=\"http:\/\/www.leblogmoto.com\/images\/2008\/08\/15\/studio.jpg\" alt=\"Studio\" \/><\/a> <\/p>\n<p><a href=\"http:\/\/fr.wiktionary.org\/wiki\/chassez_le_naturel_il_revient_au_galop\">Chassez le naturel<\/a>, il revient au galop dit-on. Si cela est vrai pour notre personnalit\u00e9, qui malgr\u00e9 le vernis qu&rsquo;on y applique finit toujours par montrer sa vraie nature, en photographie, c&rsquo;est le vernis qui est la v\u00e9rit\u00e9. Les objets du quotidien, que ce soit le dernier gadget \u00e0 la mode, notre voiture ou moto, banalement repr\u00e9sent\u00e9 est sans vie. Ils ont besoin de ce suppl\u00e9ment d&rsquo;\u00e2me que les magiciens de l&rsquo;image y appliquent.<\/p>\n<p>Parce que, pour un objet, la personnalit\u00e9 est dans le para\u00eetre, meilleure sera son image, meilleure sera sa v\u00e9rit\u00e9. Ici, l&rsquo;artifice n&rsquo;est pas mensonge, il est r\u00e9v\u00e9lateur puisque tout est en surface.<\/p>\n<p>L&rsquo;art et la mani\u00e8re demandent quand m\u00eame tout un travail, comme le d\u00e9montrent ces deux s\u00e9quences d\u00e9cortiquant le processus cr\u00e9atif derri\u00e8re l&rsquo;artifice.<\/p>\n<p><a href=\"http:\/\/dukesphotography.com\/blog\/2008\/01\/15\/mini-cooper-john-cooper-works-edition-photo-and-image-build-up\/#more-48\">Scott Duke Photography 1<\/a><\/p>\n<p><a href=\"http:\/\/dukesphotography.com\/blog\/2008\/01\/16\/mini-cooper-john-cooper-works-edition-photo-and-image-build-up-part-2\/#more-49\"> Scott Duke Photography 2<\/a><\/p>\n<p>Parce qu&rsquo;il se cache, il faut le r\u00e9v\u00e9ler, alors dans cet Album, quelques exemples, certains mieux r\u00e9ussis que d&rsquo;autres, puisque le talent et le savoir-faire demandent une introspection qui ne se trouve pas en surface.<\/p>\n<p><a href=\"http:\/\/clabedan.typepad.com\/.shared\/image.html?\/photos\/uncategorized\/2008\/08\/15\/studio1.jpg\"><img loading=\"lazy\" decoding=\"async\" width=\"470\" height=\"312\"  src=\"http:\/\/www.leblogmoto.com\/images\/2008\/08\/15\/studio1.jpg\" alt=\"Studio1\" \/><\/a> <\/p>\n<p><a href=\"http:\/\/blogs.thesocialmedia.com\/leblogmoto\/files\/2012\/07\/studio2.jpg\"><img loading=\"lazy\" decoding=\"async\" width=\"470\" height=\"352\"  src=\"http:\/\/www.leblogmoto.com\/images\/2008\/08\/15\/studio2.jpg\" alt=\"Studio2\" \/><\/a> <\/p>\n<p><a href=\"http:\/\/blogs.thesocialmedia.com\/leblogmoto\/files\/2012\/07\/studio3.jpg\"><img loading=\"lazy\" decoding=\"async\" width=\"470\" height=\"314\"  src=\"http:\/\/www.leblogmoto.com\/images\/2008\/08\/15\/studio3.jpg\" alt=\"Studio3\" \/><\/a> <\/p>\n<p><a href=\"http:\/\/blogs.thesocialmedia.com\/leblogmoto\/files\/2012\/07\/studio4.jpg\"><img loading=\"lazy\" decoding=\"async\" width=\"470\" height=\"354\"  src=\"http:\/\/www.leblogmoto.com\/images\/2008\/08\/15\/studio4.jpg\" alt=\"Studio4\" \/><\/a> <\/p>\n<p><a href=\"http:\/\/blogs.thesocialmedia.com\/leblogmoto\/files\/2012\/07\/studio5.jpg\"><img loading=\"lazy\" decoding=\"async\" width=\"470\" height=\"352\"  src=\"http:\/\/www.leblogmoto.com\/images\/2008\/08\/15\/studio5.jpg\" alt=\"Studio5\" \/><\/a> <\/p>\n<p><a href=\"http:\/\/blogs.thesocialmedia.com\/leblogmoto\/files\/2012\/07\/studio6.jpg\"><img loading=\"lazy\" decoding=\"async\" width=\"470\" height=\"361\"  src=\"http:\/\/www.leblogmoto.com\/images\/2008\/08\/15\/studio6.jpg\" alt=\"Studio6\" \/><\/a> <\/p>\n<p><a href=\"http:\/\/blogs.thesocialmedia.com\/leblogmoto\/files\/2012\/07\/studio7.jpg\"><img loading=\"lazy\" decoding=\"async\" width=\"470\" height=\"352\"  src=\"http:\/\/www.leblogmoto.com\/images\/2008\/08\/15\/studio7.jpg\" alt=\"Studio7\" \/><\/a> <\/p>\n<p><a href=\"http:\/\/blogs.thesocialmedia.com\/leblogmoto\/files\/2012\/07\/studio8.jpg\"><img loading=\"lazy\" decoding=\"async\" width=\"470\" height=\"352\"  src=\"http:\/\/www.leblogmoto.com\/images\/2008\/08\/15\/studio8.jpg\" alt=\"Studio8\" \/><\/a> <\/p>\n<p><a href=\"http:\/\/blogs.thesocialmedia.com\/leblogmoto\/files\/2012\/07\/studio9.jpg\"><img loading=\"lazy\" decoding=\"async\" width=\"470\" height=\"352\"  src=\"http:\/\/www.leblogmoto.com\/images\/2008\/08\/15\/studio9.jpg\" alt=\"Studio9\" \/><\/a> <\/p>\n","protected":false},"excerpt":{"rendered":"<p>Chassez le naturel, il revient au galop dit-on. Si cela est vrai pour notre personnalit\u00e9, qui malgr\u00e9 le vernis qu&rsquo;on y applique finit toujours par montrer sa vraie nature, en photographie, c&rsquo;est le vernis qui est la v\u00e9rit\u00e9. Les objets du quotidien, que ce soit le dernier gadget \u00e0 la mode, notre voiture ou moto, [&hellip;]<\/p>\n","protected":false},"author":325,"featured_media":0,"comment_status":"open","ping_status":"open","sticky":false,"template":"","format":"standard","meta":{"footnotes":""},"categories":[16,17],"tags":[],"class_list":["post-531","post","type-post","status-publish","format-standard","hentry","category-art-moto","category-divers"],"yoast_head":"<!-- This site is optimized with the Yoast SEO plugin v26.0 - https:\/\/yoast.com\/wordpress\/plugins\/seo\/ -->\n<title>Album du vendredi, Artifices - leblogmoto.com<\/title>\n<meta name=\"robots\" content=\"index, follow, max-snippet:-1, max-image-preview:large, max-video-preview:-1\" \/>\n<link rel=\"canonical\" href=\"https:\/\/blogs.thesocialmedia.com\/leblogmoto\/2008\/08\/15\/album-du-vend-2-7\/\" \/>\n<meta name=\"twitter:card\" content=\"summary_large_image\" \/>\n<meta name=\"twitter:title\" content=\"Album du vendredi, Artifices - leblogmoto.com\" \/>\n<meta name=\"twitter:description\" content=\"Chassez le naturel, il revient au galop dit-on. Si cela est vrai pour notre personnalit\u00e9, qui malgr\u00e9 le vernis qu&rsquo;on y applique finit toujours par montrer sa vraie nature, en photographie, c&rsquo;est le vernis qui est la v\u00e9rit\u00e9. Les objets du quotidien, que ce soit le dernier gadget \u00e0 la mode, notre voiture ou moto, [&hellip;]\" \/>\n<meta name=\"twitter:image\" content=\"http:\/\/www.leblogmoto.com\/images\/2008\/08\/15\/studio.jpg\" \/>\n<meta name=\"twitter:label1\" content=\"\u00c9crit par\" \/>\n\t<meta name=\"twitter:data1\" content=\"jacques lesage\" \/>\n\t<meta name=\"twitter:label2\" content=\"Dur\u00e9e de lecture estim\u00e9e\" \/>\n\t<meta name=\"twitter:data2\" content=\"1 minute\" \/>\n<script type=\"application\/ld+json\" class=\"yoast-schema-graph\">{\"@context\":\"https:\/\/schema.org\",\"@graph\":[{\"@type\":\"WebPage\",\"@id\":\"https:\/\/blogs.thesocialmedia.com\/leblogmoto\/2008\/08\/15\/album-du-vend-2-7\/\",\"url\":\"https:\/\/blogs.thesocialmedia.com\/leblogmoto\/2008\/08\/15\/album-du-vend-2-7\/\",\"name\":\"Album du vendredi, Artifices - leblogmoto.com\",\"isPartOf\":{\"@id\":\"https:\/\/blogs.thesocialmedia.com\/leblogmoto\/#website\"},\"primaryImageOfPage\":{\"@id\":\"https:\/\/blogs.thesocialmedia.com\/leblogmoto\/2008\/08\/15\/album-du-vend-2-7\/#primaryimage\"},\"image\":{\"@id\":\"https:\/\/blogs.thesocialmedia.com\/leblogmoto\/2008\/08\/15\/album-du-vend-2-7\/#primaryimage\"},\"thumbnailUrl\":\"http:\/\/www.leblogmoto.com\/images\/2008\/08\/15\/studio.jpg\",\"datePublished\":\"2008-08-15T18:08:26+00:00\",\"dateModified\":\"2012-07-11T16:13:24+00:00\",\"author\":{\"@id\":\"https:\/\/blogs.thesocialmedia.com\/leblogmoto\/#\/schema\/person\/e82a0ca8a9a63d031586097a3ed58526\"},\"breadcrumb\":{\"@id\":\"https:\/\/blogs.thesocialmedia.com\/leblogmoto\/2008\/08\/15\/album-du-vend-2-7\/#breadcrumb\"},\"inLanguage\":\"fr-FR\",\"potentialAction\":[{\"@type\":\"ReadAction\",\"target\":[\"https:\/\/blogs.thesocialmedia.com\/leblogmoto\/2008\/08\/15\/album-du-vend-2-7\/\"]}]},{\"@type\":\"ImageObject\",\"inLanguage\":\"fr-FR\",\"@id\":\"https:\/\/blogs.thesocialmedia.com\/leblogmoto\/2008\/08\/15\/album-du-vend-2-7\/#primaryimage\",\"url\":\"http:\/\/www.leblogmoto.com\/images\/2008\/08\/15\/studio.jpg\",\"contentUrl\":\"http:\/\/www.leblogmoto.com\/images\/2008\/08\/15\/studio.jpg\"},{\"@type\":\"BreadcrumbList\",\"@id\":\"https:\/\/blogs.thesocialmedia.com\/leblogmoto\/2008\/08\/15\/album-du-vend-2-7\/#breadcrumb\",\"itemListElement\":[{\"@type\":\"ListItem\",\"position\":1,\"name\":\"Accueil\",\"item\":\"https:\/\/blogs.thesocialmedia.com\/leblogmoto\/\"},{\"@type\":\"ListItem\",\"position\":2,\"name\":\"Album du vendredi, Artifices\"}]},{\"@type\":\"WebSite\",\"@id\":\"https:\/\/blogs.thesocialmedia.com\/leblogmoto\/#website\",\"url\":\"https:\/\/blogs.thesocialmedia.com\/leblogmoto\/\",\"name\":\"leblogmoto\",\"description\":\"Toute l&#039;actualit\u00e9 des 2 roues\",\"potentialAction\":[{\"@type\":\"SearchAction\",\"target\":{\"@type\":\"EntryPoint\",\"urlTemplate\":\"https:\/\/blogs.thesocialmedia.com\/leblogmoto\/?s={search_term_string}\"},\"query-input\":{\"@type\":\"PropertyValueSpecification\",\"valueRequired\":true,\"valueName\":\"search_term_string\"}}],\"inLanguage\":\"fr-FR\"},{\"@type\":\"Person\",\"@id\":\"https:\/\/blogs.thesocialmedia.com\/leblogmoto\/#\/schema\/person\/e82a0ca8a9a63d031586097a3ed58526\",\"name\":\"jacques lesage\",\"image\":{\"@type\":\"ImageObject\",\"inLanguage\":\"fr-FR\",\"@id\":\"https:\/\/blogs.thesocialmedia.com\/leblogmoto\/#\/schema\/person\/image\/\",\"url\":\"https:\/\/secure.gravatar.com\/avatar\/?s=96&d=mm&r=g\",\"contentUrl\":\"https:\/\/secure.gravatar.com\/avatar\/?s=96&d=mm&r=g\",\"caption\":\"jacques lesage\"},\"url\":\"https:\/\/blogs.thesocialmedia.com\/leblogmoto\/author\/jacques-lesage\/\"}]}<\/script>\n<!-- \/ Yoast SEO plugin. -->","yoast_head_json":{"title":"Album du vendredi, Artifices - leblogmoto.com","robots":{"index":"index","follow":"follow","max-snippet":"max-snippet:-1","max-image-preview":"max-image-preview:large","max-video-preview":"max-video-preview:-1"},"canonical":"https:\/\/blogs.thesocialmedia.com\/leblogmoto\/2008\/08\/15\/album-du-vend-2-7\/","twitter_card":"summary_large_image","twitter_title":"Album du vendredi, Artifices - leblogmoto.com","twitter_description":"Chassez le naturel, il revient au galop dit-on. Si cela est vrai pour notre personnalit\u00e9, qui malgr\u00e9 le vernis qu&rsquo;on y applique finit toujours par montrer sa vraie nature, en photographie, c&rsquo;est le vernis qui est la v\u00e9rit\u00e9. Les objets du quotidien, que ce soit le dernier gadget \u00e0 la mode, notre voiture ou moto, [&hellip;]","twitter_image":"http:\/\/www.leblogmoto.com\/images\/2008\/08\/15\/studio.jpg","twitter_misc":{"\u00c9crit par":"jacques lesage","Dur\u00e9e de lecture estim\u00e9e":"1 minute"},"schema":{"@context":"https:\/\/schema.org","@graph":[{"@type":"WebPage","@id":"https:\/\/blogs.thesocialmedia.com\/leblogmoto\/2008\/08\/15\/album-du-vend-2-7\/","url":"https:\/\/blogs.thesocialmedia.com\/leblogmoto\/2008\/08\/15\/album-du-vend-2-7\/","name":"Album du vendredi, Artifices - leblogmoto.com","isPartOf":{"@id":"https:\/\/blogs.thesocialmedia.com\/leblogmoto\/#website"},"primaryImageOfPage":{"@id":"https:\/\/blogs.thesocialmedia.com\/leblogmoto\/2008\/08\/15\/album-du-vend-2-7\/#primaryimage"},"image":{"@id":"https:\/\/blogs.thesocialmedia.com\/leblogmoto\/2008\/08\/15\/album-du-vend-2-7\/#primaryimage"},"thumbnailUrl":"http:\/\/www.leblogmoto.com\/images\/2008\/08\/15\/studio.jpg","datePublished":"2008-08-15T18:08:26+00:00","dateModified":"2012-07-11T16:13:24+00:00","author":{"@id":"https:\/\/blogs.thesocialmedia.com\/leblogmoto\/#\/schema\/person\/e82a0ca8a9a63d031586097a3ed58526"},"breadcrumb":{"@id":"https:\/\/blogs.thesocialmedia.com\/leblogmoto\/2008\/08\/15\/album-du-vend-2-7\/#breadcrumb"},"inLanguage":"fr-FR","potentialAction":[{"@type":"ReadAction","target":["https:\/\/blogs.thesocialmedia.com\/leblogmoto\/2008\/08\/15\/album-du-vend-2-7\/"]}]},{"@type":"ImageObject","inLanguage":"fr-FR","@id":"https:\/\/blogs.thesocialmedia.com\/leblogmoto\/2008\/08\/15\/album-du-vend-2-7\/#primaryimage","url":"http:\/\/www.leblogmoto.com\/images\/2008\/08\/15\/studio.jpg","contentUrl":"http:\/\/www.leblogmoto.com\/images\/2008\/08\/15\/studio.jpg"},{"@type":"BreadcrumbList","@id":"https:\/\/blogs.thesocialmedia.com\/leblogmoto\/2008\/08\/15\/album-du-vend-2-7\/#breadcrumb","itemListElement":[{"@type":"ListItem","position":1,"name":"Accueil","item":"https:\/\/blogs.thesocialmedia.com\/leblogmoto\/"},{"@type":"ListItem","position":2,"name":"Album du vendredi, Artifices"}]},{"@type":"WebSite","@id":"https:\/\/blogs.thesocialmedia.com\/leblogmoto\/#website","url":"https:\/\/blogs.thesocialmedia.com\/leblogmoto\/","name":"leblogmoto","description":"Toute l&#039;actualit\u00e9 des 2 roues","potentialAction":[{"@type":"SearchAction","target":{"@type":"EntryPoint","urlTemplate":"https:\/\/blogs.thesocialmedia.com\/leblogmoto\/?s={search_term_string}"},"query-input":{"@type":"PropertyValueSpecification","valueRequired":true,"valueName":"search_term_string"}}],"inLanguage":"fr-FR"},{"@type":"Person","@id":"https:\/\/blogs.thesocialmedia.com\/leblogmoto\/#\/schema\/person\/e82a0ca8a9a63d031586097a3ed58526","name":"jacques lesage","image":{"@type":"ImageObject","inLanguage":"fr-FR","@id":"https:\/\/blogs.thesocialmedia.com\/leblogmoto\/#\/schema\/person\/image\/","url":"https:\/\/secure.gravatar.com\/avatar\/?s=96&d=mm&r=g","contentUrl":"https:\/\/secure.gravatar.com\/avatar\/?s=96&d=mm&r=g","caption":"jacques lesage"},"url":"https:\/\/blogs.thesocialmedia.com\/leblogmoto\/author\/jacques-lesage\/"}]}},"_links":{"self":[{"href":"https:\/\/blogs.thesocialmedia.com\/leblogmoto\/wp-json\/wp\/v2\/posts\/531","targetHints":{"allow":["GET"]}}],"collection":[{"href":"https:\/\/blogs.thesocialmedia.com\/leblogmoto\/wp-json\/wp\/v2\/posts"}],"about":[{"href":"https:\/\/blogs.thesocialmedia.com\/leblogmoto\/wp-json\/wp\/v2\/types\/post"}],"author":[{"embeddable":true,"href":"https:\/\/blogs.thesocialmedia.com\/leblogmoto\/wp-json\/wp\/v2\/users\/325"}],"replies":[{"embeddable":true,"href":"https:\/\/blogs.thesocialmedia.com\/leblogmoto\/wp-json\/wp\/v2\/comments?post=531"}],"version-history":[{"count":2,"href":"https:\/\/blogs.thesocialmedia.com\/leblogmoto\/wp-json\/wp\/v2\/posts\/531\/revisions"}],"predecessor-version":[{"id":11468,"href":"https:\/\/blogs.thesocialmedia.com\/leblogmoto\/wp-json\/wp\/v2\/posts\/531\/revisions\/11468"}],"wp:attachment":[{"href":"https:\/\/blogs.thesocialmedia.com\/leblogmoto\/wp-json\/wp\/v2\/media?parent=531"}],"wp:term":[{"taxonomy":"category","embeddable":true,"href":"https:\/\/blogs.thesocialmedia.com\/leblogmoto\/wp-json\/wp\/v2\/categories?post=531"},{"taxonomy":"post_tag","embeddable":true,"href":"https:\/\/blogs.thesocialmedia.com\/leblogmoto\/wp-json\/wp\/v2\/tags?post=531"}],"curies":[{"name":"wp","href":"https:\/\/api.w.org\/{rel}","templated":true}]}}