{"id":536,"date":"2008-08-09T23:42:48","date_gmt":"2008-08-09T23:42:48","guid":{"rendered":"http:\/\/blogs.thesocialmedia.com\/leblogmoto\/2008\/08\/09\/dcevante-modifi\/"},"modified":"2012-07-11T16:12:43","modified_gmt":"2012-07-11T16:12:43","slug":"dcevante-modifi","status":"publish","type":"post","link":"https:\/\/blogs.thesocialmedia.com\/leblogmoto\/2008\/08\/09\/dcevante-modifi\/","title":{"rendered":"D\u00e9cevante modification \u00ab\u00a0a minima\u00a0\u00bb pour la Kawasaki Z 750."},"content":{"rendered":"<p><a href=\"http:\/\/blogs.thesocialmedia.com\/leblogmoto\/files\/2012\/07\/moto_roadster_kawasaki_z_750_noir_4.jpg\"><img loading=\"lazy\" decoding=\"async\" width=\"470\" height=\"313\"  src=\"http:\/\/www.leblogmoto.com\/images\/2008\/08\/09\/moto_roadster_kawasaki_z_750_noir_4.jpg\" alt=\"Moto_roadster_kawasaki_z_750_noir_4\" \/><\/a> <\/p>\n<p>Voil\u00e0 ce que <a href=\"http:\/\/www.kawasaki.fr\/\">Kawa<\/a> nous envoie dans nos bo\u00eetes mails: des images r\u00e9v\u00e9lant un travail soign\u00e9. Puis <em>basta<\/em>. Alors allons-y de notre couplet \u00e9logieux sur ce bi-ton puisqu&rsquo;on est l\u00e0 pour relayer l&rsquo;info: Le noir profond semble contenir le vert, que ce soit sur le r\u00e9servoir, le garde-boue, les \u00e9copes, le pot, avec ce joli petit liser\u00e9 d\u00e9partageant les couleurs. Tout ceci respire le travail bien fait et fera mentir ceux qui regrettaient le manque de finition du Kawa. Un mariage de tons qui nous change de l&rsquo;Orange Pearl, du Noir Eb\u00e8ne et du Blue Metallic Ocean* d\u00e9j\u00e0 dispo en concessions. Certes. <\/p>\n<p><a href=\"http:\/\/clabedan.typepad.com\/.shared\/image.html?\/photos\/uncategorized\/2008\/08\/09\/moto_roadster_kawasaki_z_750_noir_2.jpg\"><img loading=\"lazy\" decoding=\"async\" width=\"470\" height=\"375\"  src=\"http:\/\/www.leblogmoto.com\/images\/2008\/08\/09\/moto_roadster_kawasaki_z_750_noir_2.jpg\" alt=\"Moto_roadster_kawasaki_z_750_noir_2\" \/><\/a><\/p>\n<p>Mais n&rsquo;\u00e9tait-ce pas l&rsquo;occasion de revoir les (rares) d\u00e9fauts du roadster comme ce cadre peu rigide, ne rien toucher au train avant et au moteur (tout deux excellents). Une impression favorable, que ternit l&rsquo;arri\u00e8re avec ses suspensions trop souples et son frein manquant nettement de mordant, \u00e0 mon go\u00fbt. On chipote hein, le roadster Z 750 n&rsquo;est pas pour rien le <a href=\"http:\/\/blogs.thesocialmedia.com\/leblogmoto\/files\/2012\/07\/vous-roulerez-e.html_.png\">best-seller<\/a> de la marque dans l&rsquo;hexagone, et m\u00eame de sa cat\u00e9gorie. On chipote et, surtout, on attendra. <\/p>\n<p><a href=\"http:\/\/clabedan.typepad.com\/.shared\/image.html?\/photos\/uncategorized\/2008\/08\/09\/moto_roadster_kawasaki_z_750_noir_v.jpg\"><img loading=\"lazy\" decoding=\"async\" width=\"470\" height=\"304\"  src=\"http:\/\/www.leblogmoto.com\/images\/2008\/08\/09\/moto_roadster_kawasaki_z_750_noir_v.jpg\" alt=\"Moto_roadster_kawasaki_z_750_noir_v\" \/><\/a><\/p>\n<p><em>*qui sera remplac\u00e9 par le Blue Candy Imperial.<\/em> <\/p>\n","protected":false},"excerpt":{"rendered":"<p>Voil\u00e0 ce que Kawa nous envoie dans nos bo\u00eetes mails: des images r\u00e9v\u00e9lant un travail soign\u00e9. Puis basta. Alors allons-y de notre couplet \u00e9logieux sur ce bi-ton puisqu&rsquo;on est l\u00e0 pour relayer l&rsquo;info: Le noir profond semble contenir le vert, que ce soit sur le r\u00e9servoir, le garde-boue, les \u00e9copes, le pot, avec ce joli [&hellip;]<\/p>\n","protected":false},"author":324,"featured_media":0,"comment_status":"open","ping_status":"open","sticky":false,"template":"","format":"standard","meta":{"footnotes":""},"categories":[3,45],"tags":[],"class_list":["post-536","post","type-post","status-publish","format-standard","hentry","category-actualite","category-kawasaki"],"yoast_head":"<!-- This site is optimized with the Yoast SEO plugin v26.0 - https:\/\/yoast.com\/wordpress\/plugins\/seo\/ -->\n<title>D\u00e9cevante modification &quot;a minima&quot; pour la Kawasaki Z 750. - leblogmoto.com<\/title>\n<meta name=\"robots\" content=\"index, follow, max-snippet:-1, max-image-preview:large, max-video-preview:-1\" \/>\n<link rel=\"canonical\" href=\"https:\/\/blogs.thesocialmedia.com\/leblogmoto\/2008\/08\/09\/dcevante-modifi\/\" \/>\n<meta name=\"twitter:card\" content=\"summary_large_image\" \/>\n<meta name=\"twitter:title\" content=\"D\u00e9cevante modification &quot;a minima&quot; pour la Kawasaki Z 750. - leblogmoto.com\" \/>\n<meta name=\"twitter:description\" content=\"Voil\u00e0 ce que Kawa nous envoie dans nos bo\u00eetes mails: des images r\u00e9v\u00e9lant un travail soign\u00e9. Puis basta. Alors allons-y de notre couplet \u00e9logieux sur ce bi-ton puisqu&rsquo;on est l\u00e0 pour relayer l&rsquo;info: Le noir profond semble contenir le vert, que ce soit sur le r\u00e9servoir, le garde-boue, les \u00e9copes, le pot, avec ce joli [&hellip;]\" \/>\n<meta name=\"twitter:image\" content=\"http:\/\/www.leblogmoto.com\/images\/2008\/08\/09\/moto_roadster_kawasaki_z_750_noir_4.jpg\" \/>\n<meta name=\"twitter:label1\" content=\"\u00c9crit par\" \/>\n\t<meta name=\"twitter:data1\" content=\"benoit rieu\" \/>\n\t<meta name=\"twitter:label2\" content=\"Dur\u00e9e de lecture estim\u00e9e\" \/>\n\t<meta name=\"twitter:data2\" content=\"1 minute\" \/>\n<script type=\"application\/ld+json\" class=\"yoast-schema-graph\">{\"@context\":\"https:\/\/schema.org\",\"@graph\":[{\"@type\":\"WebPage\",\"@id\":\"https:\/\/blogs.thesocialmedia.com\/leblogmoto\/2008\/08\/09\/dcevante-modifi\/\",\"url\":\"https:\/\/blogs.thesocialmedia.com\/leblogmoto\/2008\/08\/09\/dcevante-modifi\/\",\"name\":\"D\u00e9cevante modification \\\"a minima\\\" pour la Kawasaki Z 750. - leblogmoto.com\",\"isPartOf\":{\"@id\":\"https:\/\/blogs.thesocialmedia.com\/leblogmoto\/#website\"},\"primaryImageOfPage\":{\"@id\":\"https:\/\/blogs.thesocialmedia.com\/leblogmoto\/2008\/08\/09\/dcevante-modifi\/#primaryimage\"},\"image\":{\"@id\":\"https:\/\/blogs.thesocialmedia.com\/leblogmoto\/2008\/08\/09\/dcevante-modifi\/#primaryimage\"},\"thumbnailUrl\":\"http:\/\/www.leblogmoto.com\/images\/2008\/08\/09\/moto_roadster_kawasaki_z_750_noir_4.jpg\",\"datePublished\":\"2008-08-09T23:42:48+00:00\",\"dateModified\":\"2012-07-11T16:12:43+00:00\",\"author\":{\"@id\":\"https:\/\/blogs.thesocialmedia.com\/leblogmoto\/#\/schema\/person\/18bfe773e5725ed6d24f743da805362a\"},\"breadcrumb\":{\"@id\":\"https:\/\/blogs.thesocialmedia.com\/leblogmoto\/2008\/08\/09\/dcevante-modifi\/#breadcrumb\"},\"inLanguage\":\"fr-FR\",\"potentialAction\":[{\"@type\":\"ReadAction\",\"target\":[\"https:\/\/blogs.thesocialmedia.com\/leblogmoto\/2008\/08\/09\/dcevante-modifi\/\"]}]},{\"@type\":\"ImageObject\",\"inLanguage\":\"fr-FR\",\"@id\":\"https:\/\/blogs.thesocialmedia.com\/leblogmoto\/2008\/08\/09\/dcevante-modifi\/#primaryimage\",\"url\":\"http:\/\/www.leblogmoto.com\/images\/2008\/08\/09\/moto_roadster_kawasaki_z_750_noir_4.jpg\",\"contentUrl\":\"http:\/\/www.leblogmoto.com\/images\/2008\/08\/09\/moto_roadster_kawasaki_z_750_noir_4.jpg\"},{\"@type\":\"BreadcrumbList\",\"@id\":\"https:\/\/blogs.thesocialmedia.com\/leblogmoto\/2008\/08\/09\/dcevante-modifi\/#breadcrumb\",\"itemListElement\":[{\"@type\":\"ListItem\",\"position\":1,\"name\":\"Accueil\",\"item\":\"https:\/\/blogs.thesocialmedia.com\/leblogmoto\/\"},{\"@type\":\"ListItem\",\"position\":2,\"name\":\"D\u00e9cevante modification \u00ab\u00a0a minima\u00a0\u00bb pour la Kawasaki Z 750.\"}]},{\"@type\":\"WebSite\",\"@id\":\"https:\/\/blogs.thesocialmedia.com\/leblogmoto\/#website\",\"url\":\"https:\/\/blogs.thesocialmedia.com\/leblogmoto\/\",\"name\":\"leblogmoto\",\"description\":\"Toute l&#039;actualit\u00e9 des 2 roues\",\"potentialAction\":[{\"@type\":\"SearchAction\",\"target\":{\"@type\":\"EntryPoint\",\"urlTemplate\":\"https:\/\/blogs.thesocialmedia.com\/leblogmoto\/?s={search_term_string}\"},\"query-input\":{\"@type\":\"PropertyValueSpecification\",\"valueRequired\":true,\"valueName\":\"search_term_string\"}}],\"inLanguage\":\"fr-FR\"},{\"@type\":\"Person\",\"@id\":\"https:\/\/blogs.thesocialmedia.com\/leblogmoto\/#\/schema\/person\/18bfe773e5725ed6d24f743da805362a\",\"name\":\"benoit rieu\",\"image\":{\"@type\":\"ImageObject\",\"inLanguage\":\"fr-FR\",\"@id\":\"https:\/\/blogs.thesocialmedia.com\/leblogmoto\/#\/schema\/person\/image\/\",\"url\":\"https:\/\/secure.gravatar.com\/avatar\/?s=96&d=mm&r=g\",\"contentUrl\":\"https:\/\/secure.gravatar.com\/avatar\/?s=96&d=mm&r=g\",\"caption\":\"benoit rieu\"},\"url\":\"https:\/\/blogs.thesocialmedia.com\/leblogmoto\/author\/benoit-rieu\/\"}]}<\/script>\n<!-- \/ Yoast SEO plugin. -->","yoast_head_json":{"title":"D\u00e9cevante modification \"a minima\" pour la Kawasaki Z 750. - leblogmoto.com","robots":{"index":"index","follow":"follow","max-snippet":"max-snippet:-1","max-image-preview":"max-image-preview:large","max-video-preview":"max-video-preview:-1"},"canonical":"https:\/\/blogs.thesocialmedia.com\/leblogmoto\/2008\/08\/09\/dcevante-modifi\/","twitter_card":"summary_large_image","twitter_title":"D\u00e9cevante modification \"a minima\" pour la Kawasaki Z 750. - leblogmoto.com","twitter_description":"Voil\u00e0 ce que Kawa nous envoie dans nos bo\u00eetes mails: des images r\u00e9v\u00e9lant un travail soign\u00e9. Puis basta. Alors allons-y de notre couplet \u00e9logieux sur ce bi-ton puisqu&rsquo;on est l\u00e0 pour relayer l&rsquo;info: Le noir profond semble contenir le vert, que ce soit sur le r\u00e9servoir, le garde-boue, les \u00e9copes, le pot, avec ce joli [&hellip;]","twitter_image":"http:\/\/www.leblogmoto.com\/images\/2008\/08\/09\/moto_roadster_kawasaki_z_750_noir_4.jpg","twitter_misc":{"\u00c9crit par":"benoit rieu","Dur\u00e9e de lecture estim\u00e9e":"1 minute"},"schema":{"@context":"https:\/\/schema.org","@graph":[{"@type":"WebPage","@id":"https:\/\/blogs.thesocialmedia.com\/leblogmoto\/2008\/08\/09\/dcevante-modifi\/","url":"https:\/\/blogs.thesocialmedia.com\/leblogmoto\/2008\/08\/09\/dcevante-modifi\/","name":"D\u00e9cevante modification \"a minima\" pour la Kawasaki Z 750. - leblogmoto.com","isPartOf":{"@id":"https:\/\/blogs.thesocialmedia.com\/leblogmoto\/#website"},"primaryImageOfPage":{"@id":"https:\/\/blogs.thesocialmedia.com\/leblogmoto\/2008\/08\/09\/dcevante-modifi\/#primaryimage"},"image":{"@id":"https:\/\/blogs.thesocialmedia.com\/leblogmoto\/2008\/08\/09\/dcevante-modifi\/#primaryimage"},"thumbnailUrl":"http:\/\/www.leblogmoto.com\/images\/2008\/08\/09\/moto_roadster_kawasaki_z_750_noir_4.jpg","datePublished":"2008-08-09T23:42:48+00:00","dateModified":"2012-07-11T16:12:43+00:00","author":{"@id":"https:\/\/blogs.thesocialmedia.com\/leblogmoto\/#\/schema\/person\/18bfe773e5725ed6d24f743da805362a"},"breadcrumb":{"@id":"https:\/\/blogs.thesocialmedia.com\/leblogmoto\/2008\/08\/09\/dcevante-modifi\/#breadcrumb"},"inLanguage":"fr-FR","potentialAction":[{"@type":"ReadAction","target":["https:\/\/blogs.thesocialmedia.com\/leblogmoto\/2008\/08\/09\/dcevante-modifi\/"]}]},{"@type":"ImageObject","inLanguage":"fr-FR","@id":"https:\/\/blogs.thesocialmedia.com\/leblogmoto\/2008\/08\/09\/dcevante-modifi\/#primaryimage","url":"http:\/\/www.leblogmoto.com\/images\/2008\/08\/09\/moto_roadster_kawasaki_z_750_noir_4.jpg","contentUrl":"http:\/\/www.leblogmoto.com\/images\/2008\/08\/09\/moto_roadster_kawasaki_z_750_noir_4.jpg"},{"@type":"BreadcrumbList","@id":"https:\/\/blogs.thesocialmedia.com\/leblogmoto\/2008\/08\/09\/dcevante-modifi\/#breadcrumb","itemListElement":[{"@type":"ListItem","position":1,"name":"Accueil","item":"https:\/\/blogs.thesocialmedia.com\/leblogmoto\/"},{"@type":"ListItem","position":2,"name":"D\u00e9cevante modification \u00ab\u00a0a minima\u00a0\u00bb pour la Kawasaki Z 750."}]},{"@type":"WebSite","@id":"https:\/\/blogs.thesocialmedia.com\/leblogmoto\/#website","url":"https:\/\/blogs.thesocialmedia.com\/leblogmoto\/","name":"leblogmoto","description":"Toute l&#039;actualit\u00e9 des 2 roues","potentialAction":[{"@type":"SearchAction","target":{"@type":"EntryPoint","urlTemplate":"https:\/\/blogs.thesocialmedia.com\/leblogmoto\/?s={search_term_string}"},"query-input":{"@type":"PropertyValueSpecification","valueRequired":true,"valueName":"search_term_string"}}],"inLanguage":"fr-FR"},{"@type":"Person","@id":"https:\/\/blogs.thesocialmedia.com\/leblogmoto\/#\/schema\/person\/18bfe773e5725ed6d24f743da805362a","name":"benoit rieu","image":{"@type":"ImageObject","inLanguage":"fr-FR","@id":"https:\/\/blogs.thesocialmedia.com\/leblogmoto\/#\/schema\/person\/image\/","url":"https:\/\/secure.gravatar.com\/avatar\/?s=96&d=mm&r=g","contentUrl":"https:\/\/secure.gravatar.com\/avatar\/?s=96&d=mm&r=g","caption":"benoit rieu"},"url":"https:\/\/blogs.thesocialmedia.com\/leblogmoto\/author\/benoit-rieu\/"}]}},"_links":{"self":[{"href":"https:\/\/blogs.thesocialmedia.com\/leblogmoto\/wp-json\/wp\/v2\/posts\/536","targetHints":{"allow":["GET"]}}],"collection":[{"href":"https:\/\/blogs.thesocialmedia.com\/leblogmoto\/wp-json\/wp\/v2\/posts"}],"about":[{"href":"https:\/\/blogs.thesocialmedia.com\/leblogmoto\/wp-json\/wp\/v2\/types\/post"}],"author":[{"embeddable":true,"href":"https:\/\/blogs.thesocialmedia.com\/leblogmoto\/wp-json\/wp\/v2\/users\/324"}],"replies":[{"embeddable":true,"href":"https:\/\/blogs.thesocialmedia.com\/leblogmoto\/wp-json\/wp\/v2\/comments?post=536"}],"version-history":[{"count":2,"href":"https:\/\/blogs.thesocialmedia.com\/leblogmoto\/wp-json\/wp\/v2\/posts\/536\/revisions"}],"predecessor-version":[{"id":11444,"href":"https:\/\/blogs.thesocialmedia.com\/leblogmoto\/wp-json\/wp\/v2\/posts\/536\/revisions\/11444"}],"wp:attachment":[{"href":"https:\/\/blogs.thesocialmedia.com\/leblogmoto\/wp-json\/wp\/v2\/media?parent=536"}],"wp:term":[{"taxonomy":"category","embeddable":true,"href":"https:\/\/blogs.thesocialmedia.com\/leblogmoto\/wp-json\/wp\/v2\/categories?post=536"},{"taxonomy":"post_tag","embeddable":true,"href":"https:\/\/blogs.thesocialmedia.com\/leblogmoto\/wp-json\/wp\/v2\/tags?post=536"}],"curies":[{"name":"wp","href":"https:\/\/api.w.org\/{rel}","templated":true}]}}