{"id":541,"date":"2008-08-07T23:35:04","date_gmt":"2008-08-07T23:35:04","guid":{"rendered":"http:\/\/blogs.thesocialmedia.com\/leblogmoto\/2008\/08\/07\/un-parking-sout\/"},"modified":"2012-07-11T16:12:10","modified_gmt":"2012-07-11T16:12:10","slug":"un-parking-sout","status":"publish","type":"post","link":"https:\/\/blogs.thesocialmedia.com\/leblogmoto\/2008\/08\/07\/un-parking-sout\/","title":{"rendered":"Un parking souterrain \u00e0 Melbourne qui joue sur la perspective."},"content":{"rendered":"<p><a href=\"http:\/\/blogs.thesocialmedia.com\/leblogmoto\/files\/2012\/07\/001.png\"><img loading=\"lazy\" decoding=\"async\" width=\"470\" height=\"352\"  alt=\"001\" src=\"http:\/\/www.leblogmoto.com\/images\/2008\/08\/07\/001.jpg\" \/><\/a><\/p>\n<p>En tant que motard je n&#8217;emprunte que tr\u00e8s rarement les parkings publics souterrains, pour de nombreuses et \u00e9videntes raisons. L&rsquo;une des rares fois o\u00f9 mon chemin m&rsquo;y a conduit, certains d&rsquo;entre vous doivent conna\u00eetre, c&rsquo;est dans le parking souterrain de Roissy apr\u00e8s y avoir gar\u00e9 une des motos d&rsquo;un ami parisien, une vieille XJ600 (devenue la &quot;Diversion&quot; dans les ann\u00e9es 90). B\u00e9cane assez ab\u00eem\u00e9e pour que personne ne pense \u00e0 la lui voler pendant la semaine que durait mon s\u00e9jour \u00e0 l&rsquo;\u00e9tranger. Malgr\u00e9 cette aversion pour ces espaces l\u00e0, du moins sur deux roues, le parking qui vous est pr\u00e9sent\u00e9 aujourd&rsquo;hui m&rsquo;a plu en raison de l&rsquo;originalit\u00e9 de sa signalisation tr\u00e8s &quot;pop art&quot;. Et le mode de classement des photos in\/out, up\/down, m&rsquo;a sembl\u00e9 logique pour un blogger, bien que pas tr\u00e8s commode du point de vue de l&rsquo;usager. Via le blog n\u00e9erlandais <a href=\"http:\/\/www.biertijd.com\/\">Biertijd<\/a>. <\/p>\n<p><a href=\"http:\/\/clabedan.typepad.com\/.shared\/image.html?\/photos\/uncategorized\/2008\/08\/07\/002.jpg\"><img loading=\"lazy\" decoding=\"async\" width=\"470\" height=\"478\"  alt=\"002\" src=\"http:\/\/www.leblogmoto.com\/images\/2008\/08\/07\/002.jpg\" \/><\/a><\/p>\n<p><a href=\"http:\/\/blogs.thesocialmedia.com\/leblogmoto\/files\/2012\/07\/005.png\"><img loading=\"lazy\" decoding=\"async\" width=\"470\" height=\"478\"  alt=\"005\" src=\"http:\/\/www.leblogmoto.com\/images\/2008\/08\/07\/005.jpg\" \/><\/a> <\/p>\n<p><a href=\"http:\/\/blogs.thesocialmedia.com\/leblogmoto\/files\/2012\/07\/003.png\"><img loading=\"lazy\" decoding=\"async\" width=\"470\" height=\"478\"  alt=\"003\" src=\"http:\/\/www.leblogmoto.com\/images\/2008\/08\/07\/003.jpg\" \/><\/a><\/p>\n<p><a href=\"http:\/\/blogs.thesocialmedia.com\/leblogmoto\/files\/2012\/07\/004.png\"><img loading=\"lazy\" decoding=\"async\" width=\"470\" height=\"478\"  alt=\"004\" src=\"http:\/\/www.leblogmoto.com\/images\/2008\/08\/07\/004.jpg\" \/><\/a>  <\/p>\n","protected":false},"excerpt":{"rendered":"<p>En tant que motard je n&#8217;emprunte que tr\u00e8s rarement les parkings publics souterrains, pour de nombreuses et \u00e9videntes raisons. L&rsquo;une des rares fois o\u00f9 mon chemin m&rsquo;y a conduit, certains d&rsquo;entre vous doivent conna\u00eetre, c&rsquo;est dans le parking souterrain de Roissy apr\u00e8s y avoir gar\u00e9 une des motos d&rsquo;un ami parisien, une vieille XJ600 (devenue [&hellip;]<\/p>\n","protected":false},"author":324,"featured_media":0,"comment_status":"open","ping_status":"open","sticky":false,"template":"","format":"standard","meta":{"footnotes":""},"categories":[58],"tags":[],"class_list":["post-541","post","type-post","status-publish","format-standard","hentry","category-insolite"],"yoast_head":"<!-- This site is optimized with the Yoast SEO plugin v26.0 - https:\/\/yoast.com\/wordpress\/plugins\/seo\/ -->\n<title>Un parking souterrain \u00e0 Melbourne qui joue sur la perspective. - leblogmoto.com<\/title>\n<meta name=\"robots\" content=\"index, follow, max-snippet:-1, max-image-preview:large, max-video-preview:-1\" \/>\n<link rel=\"canonical\" href=\"https:\/\/blogs.thesocialmedia.com\/leblogmoto\/2008\/08\/07\/un-parking-sout\/\" \/>\n<meta name=\"twitter:card\" content=\"summary_large_image\" \/>\n<meta name=\"twitter:title\" content=\"Un parking souterrain \u00e0 Melbourne qui joue sur la perspective. - leblogmoto.com\" \/>\n<meta name=\"twitter:description\" content=\"En tant que motard je n&#8217;emprunte que tr\u00e8s rarement les parkings publics souterrains, pour de nombreuses et \u00e9videntes raisons. L&rsquo;une des rares fois o\u00f9 mon chemin m&rsquo;y a conduit, certains d&rsquo;entre vous doivent conna\u00eetre, c&rsquo;est dans le parking souterrain de Roissy apr\u00e8s y avoir gar\u00e9 une des motos d&rsquo;un ami parisien, une vieille XJ600 (devenue [&hellip;]\" \/>\n<meta name=\"twitter:image\" content=\"http:\/\/www.leblogmoto.com\/images\/2008\/08\/07\/001.jpg\" \/>\n<meta name=\"twitter:label1\" content=\"\u00c9crit par\" \/>\n\t<meta name=\"twitter:data1\" content=\"benoit rieu\" \/>\n\t<meta name=\"twitter:label2\" content=\"Dur\u00e9e de lecture estim\u00e9e\" \/>\n\t<meta name=\"twitter:data2\" content=\"1 minute\" \/>\n<script type=\"application\/ld+json\" class=\"yoast-schema-graph\">{\"@context\":\"https:\/\/schema.org\",\"@graph\":[{\"@type\":\"WebPage\",\"@id\":\"https:\/\/blogs.thesocialmedia.com\/leblogmoto\/2008\/08\/07\/un-parking-sout\/\",\"url\":\"https:\/\/blogs.thesocialmedia.com\/leblogmoto\/2008\/08\/07\/un-parking-sout\/\",\"name\":\"Un parking souterrain \u00e0 Melbourne qui joue sur la perspective. - leblogmoto.com\",\"isPartOf\":{\"@id\":\"https:\/\/blogs.thesocialmedia.com\/leblogmoto\/#website\"},\"primaryImageOfPage\":{\"@id\":\"https:\/\/blogs.thesocialmedia.com\/leblogmoto\/2008\/08\/07\/un-parking-sout\/#primaryimage\"},\"image\":{\"@id\":\"https:\/\/blogs.thesocialmedia.com\/leblogmoto\/2008\/08\/07\/un-parking-sout\/#primaryimage\"},\"thumbnailUrl\":\"http:\/\/www.leblogmoto.com\/images\/2008\/08\/07\/001.jpg\",\"datePublished\":\"2008-08-07T23:35:04+00:00\",\"dateModified\":\"2012-07-11T16:12:10+00:00\",\"author\":{\"@id\":\"https:\/\/blogs.thesocialmedia.com\/leblogmoto\/#\/schema\/person\/18bfe773e5725ed6d24f743da805362a\"},\"breadcrumb\":{\"@id\":\"https:\/\/blogs.thesocialmedia.com\/leblogmoto\/2008\/08\/07\/un-parking-sout\/#breadcrumb\"},\"inLanguage\":\"fr-FR\",\"potentialAction\":[{\"@type\":\"ReadAction\",\"target\":[\"https:\/\/blogs.thesocialmedia.com\/leblogmoto\/2008\/08\/07\/un-parking-sout\/\"]}]},{\"@type\":\"ImageObject\",\"inLanguage\":\"fr-FR\",\"@id\":\"https:\/\/blogs.thesocialmedia.com\/leblogmoto\/2008\/08\/07\/un-parking-sout\/#primaryimage\",\"url\":\"http:\/\/www.leblogmoto.com\/images\/2008\/08\/07\/001.jpg\",\"contentUrl\":\"http:\/\/www.leblogmoto.com\/images\/2008\/08\/07\/001.jpg\"},{\"@type\":\"BreadcrumbList\",\"@id\":\"https:\/\/blogs.thesocialmedia.com\/leblogmoto\/2008\/08\/07\/un-parking-sout\/#breadcrumb\",\"itemListElement\":[{\"@type\":\"ListItem\",\"position\":1,\"name\":\"Accueil\",\"item\":\"https:\/\/blogs.thesocialmedia.com\/leblogmoto\/\"},{\"@type\":\"ListItem\",\"position\":2,\"name\":\"Un parking souterrain \u00e0 Melbourne qui joue sur la perspective.\"}]},{\"@type\":\"WebSite\",\"@id\":\"https:\/\/blogs.thesocialmedia.com\/leblogmoto\/#website\",\"url\":\"https:\/\/blogs.thesocialmedia.com\/leblogmoto\/\",\"name\":\"leblogmoto\",\"description\":\"Toute l&#039;actualit\u00e9 des 2 roues\",\"potentialAction\":[{\"@type\":\"SearchAction\",\"target\":{\"@type\":\"EntryPoint\",\"urlTemplate\":\"https:\/\/blogs.thesocialmedia.com\/leblogmoto\/?s={search_term_string}\"},\"query-input\":{\"@type\":\"PropertyValueSpecification\",\"valueRequired\":true,\"valueName\":\"search_term_string\"}}],\"inLanguage\":\"fr-FR\"},{\"@type\":\"Person\",\"@id\":\"https:\/\/blogs.thesocialmedia.com\/leblogmoto\/#\/schema\/person\/18bfe773e5725ed6d24f743da805362a\",\"name\":\"benoit rieu\",\"image\":{\"@type\":\"ImageObject\",\"inLanguage\":\"fr-FR\",\"@id\":\"https:\/\/blogs.thesocialmedia.com\/leblogmoto\/#\/schema\/person\/image\/\",\"url\":\"https:\/\/secure.gravatar.com\/avatar\/?s=96&d=mm&r=g\",\"contentUrl\":\"https:\/\/secure.gravatar.com\/avatar\/?s=96&d=mm&r=g\",\"caption\":\"benoit rieu\"},\"url\":\"https:\/\/blogs.thesocialmedia.com\/leblogmoto\/author\/benoit-rieu\/\"}]}<\/script>\n<!-- \/ Yoast SEO plugin. -->","yoast_head_json":{"title":"Un parking souterrain \u00e0 Melbourne qui joue sur la perspective. - leblogmoto.com","robots":{"index":"index","follow":"follow","max-snippet":"max-snippet:-1","max-image-preview":"max-image-preview:large","max-video-preview":"max-video-preview:-1"},"canonical":"https:\/\/blogs.thesocialmedia.com\/leblogmoto\/2008\/08\/07\/un-parking-sout\/","twitter_card":"summary_large_image","twitter_title":"Un parking souterrain \u00e0 Melbourne qui joue sur la perspective. - leblogmoto.com","twitter_description":"En tant que motard je n&#8217;emprunte que tr\u00e8s rarement les parkings publics souterrains, pour de nombreuses et \u00e9videntes raisons. L&rsquo;une des rares fois o\u00f9 mon chemin m&rsquo;y a conduit, certains d&rsquo;entre vous doivent conna\u00eetre, c&rsquo;est dans le parking souterrain de Roissy apr\u00e8s y avoir gar\u00e9 une des motos d&rsquo;un ami parisien, une vieille XJ600 (devenue [&hellip;]","twitter_image":"http:\/\/www.leblogmoto.com\/images\/2008\/08\/07\/001.jpg","twitter_misc":{"\u00c9crit par":"benoit rieu","Dur\u00e9e de lecture estim\u00e9e":"1 minute"},"schema":{"@context":"https:\/\/schema.org","@graph":[{"@type":"WebPage","@id":"https:\/\/blogs.thesocialmedia.com\/leblogmoto\/2008\/08\/07\/un-parking-sout\/","url":"https:\/\/blogs.thesocialmedia.com\/leblogmoto\/2008\/08\/07\/un-parking-sout\/","name":"Un parking souterrain \u00e0 Melbourne qui joue sur la perspective. - leblogmoto.com","isPartOf":{"@id":"https:\/\/blogs.thesocialmedia.com\/leblogmoto\/#website"},"primaryImageOfPage":{"@id":"https:\/\/blogs.thesocialmedia.com\/leblogmoto\/2008\/08\/07\/un-parking-sout\/#primaryimage"},"image":{"@id":"https:\/\/blogs.thesocialmedia.com\/leblogmoto\/2008\/08\/07\/un-parking-sout\/#primaryimage"},"thumbnailUrl":"http:\/\/www.leblogmoto.com\/images\/2008\/08\/07\/001.jpg","datePublished":"2008-08-07T23:35:04+00:00","dateModified":"2012-07-11T16:12:10+00:00","author":{"@id":"https:\/\/blogs.thesocialmedia.com\/leblogmoto\/#\/schema\/person\/18bfe773e5725ed6d24f743da805362a"},"breadcrumb":{"@id":"https:\/\/blogs.thesocialmedia.com\/leblogmoto\/2008\/08\/07\/un-parking-sout\/#breadcrumb"},"inLanguage":"fr-FR","potentialAction":[{"@type":"ReadAction","target":["https:\/\/blogs.thesocialmedia.com\/leblogmoto\/2008\/08\/07\/un-parking-sout\/"]}]},{"@type":"ImageObject","inLanguage":"fr-FR","@id":"https:\/\/blogs.thesocialmedia.com\/leblogmoto\/2008\/08\/07\/un-parking-sout\/#primaryimage","url":"http:\/\/www.leblogmoto.com\/images\/2008\/08\/07\/001.jpg","contentUrl":"http:\/\/www.leblogmoto.com\/images\/2008\/08\/07\/001.jpg"},{"@type":"BreadcrumbList","@id":"https:\/\/blogs.thesocialmedia.com\/leblogmoto\/2008\/08\/07\/un-parking-sout\/#breadcrumb","itemListElement":[{"@type":"ListItem","position":1,"name":"Accueil","item":"https:\/\/blogs.thesocialmedia.com\/leblogmoto\/"},{"@type":"ListItem","position":2,"name":"Un parking souterrain \u00e0 Melbourne qui joue sur la perspective."}]},{"@type":"WebSite","@id":"https:\/\/blogs.thesocialmedia.com\/leblogmoto\/#website","url":"https:\/\/blogs.thesocialmedia.com\/leblogmoto\/","name":"leblogmoto","description":"Toute l&#039;actualit\u00e9 des 2 roues","potentialAction":[{"@type":"SearchAction","target":{"@type":"EntryPoint","urlTemplate":"https:\/\/blogs.thesocialmedia.com\/leblogmoto\/?s={search_term_string}"},"query-input":{"@type":"PropertyValueSpecification","valueRequired":true,"valueName":"search_term_string"}}],"inLanguage":"fr-FR"},{"@type":"Person","@id":"https:\/\/blogs.thesocialmedia.com\/leblogmoto\/#\/schema\/person\/18bfe773e5725ed6d24f743da805362a","name":"benoit rieu","image":{"@type":"ImageObject","inLanguage":"fr-FR","@id":"https:\/\/blogs.thesocialmedia.com\/leblogmoto\/#\/schema\/person\/image\/","url":"https:\/\/secure.gravatar.com\/avatar\/?s=96&d=mm&r=g","contentUrl":"https:\/\/secure.gravatar.com\/avatar\/?s=96&d=mm&r=g","caption":"benoit rieu"},"url":"https:\/\/blogs.thesocialmedia.com\/leblogmoto\/author\/benoit-rieu\/"}]}},"_links":{"self":[{"href":"https:\/\/blogs.thesocialmedia.com\/leblogmoto\/wp-json\/wp\/v2\/posts\/541","targetHints":{"allow":["GET"]}}],"collection":[{"href":"https:\/\/blogs.thesocialmedia.com\/leblogmoto\/wp-json\/wp\/v2\/posts"}],"about":[{"href":"https:\/\/blogs.thesocialmedia.com\/leblogmoto\/wp-json\/wp\/v2\/types\/post"}],"author":[{"embeddable":true,"href":"https:\/\/blogs.thesocialmedia.com\/leblogmoto\/wp-json\/wp\/v2\/users\/324"}],"replies":[{"embeddable":true,"href":"https:\/\/blogs.thesocialmedia.com\/leblogmoto\/wp-json\/wp\/v2\/comments?post=541"}],"version-history":[{"count":2,"href":"https:\/\/blogs.thesocialmedia.com\/leblogmoto\/wp-json\/wp\/v2\/posts\/541\/revisions"}],"predecessor-version":[{"id":11421,"href":"https:\/\/blogs.thesocialmedia.com\/leblogmoto\/wp-json\/wp\/v2\/posts\/541\/revisions\/11421"}],"wp:attachment":[{"href":"https:\/\/blogs.thesocialmedia.com\/leblogmoto\/wp-json\/wp\/v2\/media?parent=541"}],"wp:term":[{"taxonomy":"category","embeddable":true,"href":"https:\/\/blogs.thesocialmedia.com\/leblogmoto\/wp-json\/wp\/v2\/categories?post=541"},{"taxonomy":"post_tag","embeddable":true,"href":"https:\/\/blogs.thesocialmedia.com\/leblogmoto\/wp-json\/wp\/v2\/tags?post=541"}],"curies":[{"name":"wp","href":"https:\/\/api.w.org\/{rel}","templated":true}]}}