{"id":542,"date":"2008-08-07T00:20:39","date_gmt":"2008-08-07T00:20:39","guid":{"rendered":"http:\/\/blogs.thesocialmedia.com\/leblogmoto\/2008\/08\/07\/zro-comme-zero\/"},"modified":"2012-07-11T16:11:41","modified_gmt":"2012-07-11T16:11:41","slug":"zro-comme-zero","status":"publish","type":"post","link":"https:\/\/blogs.thesocialmedia.com\/leblogmoto\/2008\/08\/07\/zro-comme-zero\/","title":{"rendered":"Z\u00e9ro comme Zero X"},"content":{"rendered":"<p><a href=\"http:\/\/blogs.thesocialmedia.com\/leblogmoto\/files\/2012\/07\/zero1.jpg\"><img loading=\"lazy\" decoding=\"async\" width=\"470\" height=\"344\"  src=\"http:\/\/www.leblogmoto.com\/images\/2008\/08\/06\/zero1.jpg\" alt=\"Zero1\" \/><\/a> <\/p>\n<p>La moto \u00e9lectrique, c\u2019est l\u2019avenir. Quel avenir, \u00e7a personne ne pourrait vraiment le dire, mais \u00e7a n\u2019emp\u00eache aucunement les nouveaux produits d\u2019appara\u00eetre r\u00e9guli\u00e8rement. Lesquels survivront \u00e0 ces premiers balbutiements, autre belle question, \u00e0 laquelle Neil Saiki, ancien ing\u00e9nieur de la NASA et maintenant de <a href=\"http:\/\/www.zeromotorcycles.com\/\">Zero Motorcycle<\/a> pense conna\u00eetre la r\u00e9ponse.<br \/>Le Zero X est une moto hors route \u00e9lectrique, et elle est d\u00e9j\u00e0 offerte \u00e0 partir du site web de la compagnie.<\/p>\n<p>Gr\u00e2ce \u00e0 la disponibilit\u00e9 instantan\u00e9e de tout le couple qu\u2019offre le moteur \u00e9lectrique, l\u2019id\u00e9e d\u2019un moto-cross l\u00e9ger n\u2019est pas b\u00eate du tout. Et le Zero X ne pesant pas plus de 65 kg, soit un peu moins de 30 kg qu\u2019une Kawasaki KX250 avec laquelle on pourrait la comparer, l\u2019avantage est ind\u00e9niable. C\u2019est plut\u00f4t l\u2019adaptation \u00e0 la conduite qui risque d\u2019\u00eatre int\u00e9ressante. Sans embrayage, une seule vitesse et aucune commande au pied. On acc\u00e9l\u00e8re au guidon comme toute moto, mais on freine aussi au guidon, devant comme derri\u00e8re, comme sur un v\u00e9lo. En fait, le Zero X est un peu comme un BMX avec des mollets d\u2019acier, carburant au lithium-ion.<\/p>\n<p><a href=\"http:\/\/clabedan.typepad.com\/.shared\/image.html?\/photos\/uncategorized\/2008\/08\/06\/zero2.jpg\"><img loading=\"lazy\" decoding=\"async\" width=\"470\" height=\"413\"  src=\"http:\/\/www.leblogmoto.com\/images\/2008\/08\/06\/zero2.jpg\" alt=\"Zero2\" \/><\/a> <\/p>\n<p>D\u2019ailleurs, avec les v\u00e9hicules uniquement \u00e9lectriques, on en revient toujours \u00e0 ce probl\u00e8me de l\u2019autonomie des batteries. Le Zero X est bon pour 65 km avec une charge compl\u00e8te et dans les meilleures conditions. La dur\u00e9e de vie de la batterie, qui \u00e0 elle seule vaut 3000 $ (2000 euros) est d\u2019environ 35,000 km pour 600 charges, soit plus ou moins 2 ans selon l\u2019utilisation qu\u2019on fait de la moto.<br \/>Une Supermoto devrait bient\u00f4t voir le jour, avec une plus grande autonomie et une vitesse de pointe un petit peu au dessus des 100 km\/h.<\/p>\n<p><a href=\"http:\/\/blogs.thesocialmedia.com\/leblogmoto\/files\/2012\/07\/zero7.jpg\"><img loading=\"lazy\" decoding=\"async\" width=\"470\" height=\"351\"  src=\"http:\/\/www.leblogmoto.com\/images\/2008\/08\/06\/zero7.jpg\" alt=\"Zero7\" \/><\/a> <\/p>\n<p><a href=\"http:\/\/blogs.thesocialmedia.com\/leblogmoto\/files\/2012\/07\/zero6.jpg\"><img loading=\"lazy\" decoding=\"async\" width=\"470\" height=\"352\"  src=\"http:\/\/www.leblogmoto.com\/images\/2008\/08\/06\/zero6.jpg\" alt=\"Zero6\" \/><\/a> <\/p>\n<p><a href=\"http:\/\/blogs.thesocialmedia.com\/leblogmoto\/files\/2012\/07\/zero5.jpg\"><img loading=\"lazy\" decoding=\"async\" width=\"470\" height=\"351\"  src=\"http:\/\/www.leblogmoto.com\/images\/2008\/08\/06\/zero5.jpg\" alt=\"Zero5\" \/><\/a> <\/p>\n<p>On est toujours partant pour un v\u00e9hicule l\u00e9ger, maniable et agr\u00e9able en ville, ne serait-ce que pour se rendre \u00e0 l\u2019\u00e9cole ou au boulot. Et le Zero X, comme on l\u2019esp\u00e8re sa nombreuse descendance, est un pas dans la bonne direction.<br \/>Ne reste plus, pour eux comme pour tous les autres dans ce march\u00e9, \u00e0 offrir des piles performantes et \u00e9conomiques.<\/p>\n<p><object width=\"425\" height=\"349\"><param value=\"http:\/\/www.youtube.com\/v\/_ic9fDPnnuA&amp;hl=en&amp;fs=1&amp;rel=0&amp;border=1\" name=\"movie\" \/><param value=\"true\" name=\"allowFullScreen\" \/><embed width=\"425\" height=\"349\" type=\"application\/x-shockwave-flash\" src=\"http:\/\/www.youtube.com\/v\/_ic9fDPnnuA&amp;hl=en&amp;fs=1&amp;rel=0&amp;border=1\"><\/embed><\/object><\/p>\n<p><object width=\"425\" height=\"349\"><param value=\"http:\/\/www.youtube.com\/v\/juqCpYhrhyc&amp;hl=en&amp;fs=1&amp;rel=0&amp;border=1\" name=\"movie\" \/><param value=\"true\" name=\"allowFullScreen\" \/><embed width=\"425\" height=\"349\" type=\"application\/x-shockwave-flash\" src=\"http:\/\/www.youtube.com\/v\/juqCpYhrhyc&amp;hl=en&amp;fs=1&amp;rel=0&amp;border=1\"><\/embed><\/object><\/p>\n<p><object width=\"425\" height=\"349\"><param value=\"http:\/\/www.youtube.com\/v\/O_rF-kRtiB4&amp;hl=en&amp;fs=1&amp;rel=0&amp;border=1\" name=\"movie\" \/><param value=\"true\" name=\"allowFullScreen\" \/><embed width=\"425\" height=\"349\" type=\"application\/x-shockwave-flash\" src=\"http:\/\/www.youtube.com\/v\/O_rF-kRtiB4&amp;hl=en&amp;fs=1&amp;rel=0&amp;border=1\"><\/embed><\/object><\/p>\n<p><object width=\"425\" height=\"349\"><param value=\"http:\/\/www.youtube.com\/v\/i0kxaHfYRGg&amp;hl=en&amp;fs=1&amp;rel=0&amp;border=1\" name=\"movie\" \/><param value=\"true\" name=\"allowFullScreen\" \/><embed width=\"425\" height=\"349\" type=\"application\/x-shockwave-flash\" src=\"http:\/\/www.youtube.com\/v\/i0kxaHfYRGg&amp;hl=en&amp;fs=1&amp;rel=0&amp;border=1\"><\/embed><\/object><\/p>\n","protected":false},"excerpt":{"rendered":"<p>La moto \u00e9lectrique, c\u2019est l\u2019avenir. Quel avenir, \u00e7a personne ne pourrait vraiment le dire, mais \u00e7a n\u2019emp\u00eache aucunement les nouveaux produits d\u2019appara\u00eetre r\u00e9guli\u00e8rement. Lesquels survivront \u00e0 ces premiers balbutiements, autre belle question, \u00e0 laquelle Neil Saiki, ancien ing\u00e9nieur de la NASA et maintenant de Zero Motorcycle pense conna\u00eetre la r\u00e9ponse.Le Zero X est une moto [&hellip;]<\/p>\n","protected":false},"author":325,"featured_media":0,"comment_status":"open","ping_status":"open","sticky":false,"template":"","format":"standard","meta":{"footnotes":""},"categories":[30,66,12],"tags":[],"class_list":["post-542","post","type-post","status-publish","format-standard","hentry","category-bio-carburantsvehicules-propres","category-moto-cross","category-videos"],"yoast_head":"<!-- This site is optimized with the Yoast SEO plugin v26.0 - https:\/\/yoast.com\/wordpress\/plugins\/seo\/ -->\n<title>Z\u00e9ro comme Zero X - leblogmoto.com<\/title>\n<meta name=\"robots\" content=\"index, follow, max-snippet:-1, max-image-preview:large, max-video-preview:-1\" \/>\n<link rel=\"canonical\" href=\"https:\/\/blogs.thesocialmedia.com\/leblogmoto\/2008\/08\/07\/zro-comme-zero\/\" \/>\n<meta name=\"twitter:card\" content=\"summary_large_image\" \/>\n<meta name=\"twitter:title\" content=\"Z\u00e9ro comme Zero X - leblogmoto.com\" \/>\n<meta name=\"twitter:description\" content=\"La moto \u00e9lectrique, c\u2019est l\u2019avenir. Quel avenir, \u00e7a personne ne pourrait vraiment le dire, mais \u00e7a n\u2019emp\u00eache aucunement les nouveaux produits d\u2019appara\u00eetre r\u00e9guli\u00e8rement. Lesquels survivront \u00e0 ces premiers balbutiements, autre belle question, \u00e0 laquelle Neil Saiki, ancien ing\u00e9nieur de la NASA et maintenant de Zero Motorcycle pense conna\u00eetre la r\u00e9ponse.Le Zero X est une moto [&hellip;]\" \/>\n<meta name=\"twitter:image\" content=\"http:\/\/www.leblogmoto.com\/images\/2008\/08\/06\/zero1.jpg\" \/>\n<meta name=\"twitter:label1\" content=\"\u00c9crit par\" \/>\n\t<meta name=\"twitter:data1\" content=\"jacques lesage\" \/>\n\t<meta name=\"twitter:label2\" content=\"Dur\u00e9e de lecture estim\u00e9e\" \/>\n\t<meta name=\"twitter:data2\" content=\"2 minutes\" \/>\n<script type=\"application\/ld+json\" class=\"yoast-schema-graph\">{\"@context\":\"https:\/\/schema.org\",\"@graph\":[{\"@type\":\"WebPage\",\"@id\":\"https:\/\/blogs.thesocialmedia.com\/leblogmoto\/2008\/08\/07\/zro-comme-zero\/\",\"url\":\"https:\/\/blogs.thesocialmedia.com\/leblogmoto\/2008\/08\/07\/zro-comme-zero\/\",\"name\":\"Z\u00e9ro comme Zero X - leblogmoto.com\",\"isPartOf\":{\"@id\":\"https:\/\/blogs.thesocialmedia.com\/leblogmoto\/#website\"},\"primaryImageOfPage\":{\"@id\":\"https:\/\/blogs.thesocialmedia.com\/leblogmoto\/2008\/08\/07\/zro-comme-zero\/#primaryimage\"},\"image\":{\"@id\":\"https:\/\/blogs.thesocialmedia.com\/leblogmoto\/2008\/08\/07\/zro-comme-zero\/#primaryimage\"},\"thumbnailUrl\":\"http:\/\/www.leblogmoto.com\/images\/2008\/08\/06\/zero1.jpg\",\"datePublished\":\"2008-08-07T00:20:39+00:00\",\"dateModified\":\"2012-07-11T16:11:41+00:00\",\"author\":{\"@id\":\"https:\/\/blogs.thesocialmedia.com\/leblogmoto\/#\/schema\/person\/e82a0ca8a9a63d031586097a3ed58526\"},\"breadcrumb\":{\"@id\":\"https:\/\/blogs.thesocialmedia.com\/leblogmoto\/2008\/08\/07\/zro-comme-zero\/#breadcrumb\"},\"inLanguage\":\"fr-FR\",\"potentialAction\":[{\"@type\":\"ReadAction\",\"target\":[\"https:\/\/blogs.thesocialmedia.com\/leblogmoto\/2008\/08\/07\/zro-comme-zero\/\"]}]},{\"@type\":\"ImageObject\",\"inLanguage\":\"fr-FR\",\"@id\":\"https:\/\/blogs.thesocialmedia.com\/leblogmoto\/2008\/08\/07\/zro-comme-zero\/#primaryimage\",\"url\":\"http:\/\/www.leblogmoto.com\/images\/2008\/08\/06\/zero1.jpg\",\"contentUrl\":\"http:\/\/www.leblogmoto.com\/images\/2008\/08\/06\/zero1.jpg\"},{\"@type\":\"BreadcrumbList\",\"@id\":\"https:\/\/blogs.thesocialmedia.com\/leblogmoto\/2008\/08\/07\/zro-comme-zero\/#breadcrumb\",\"itemListElement\":[{\"@type\":\"ListItem\",\"position\":1,\"name\":\"Accueil\",\"item\":\"https:\/\/blogs.thesocialmedia.com\/leblogmoto\/\"},{\"@type\":\"ListItem\",\"position\":2,\"name\":\"Z\u00e9ro comme Zero X\"}]},{\"@type\":\"WebSite\",\"@id\":\"https:\/\/blogs.thesocialmedia.com\/leblogmoto\/#website\",\"url\":\"https:\/\/blogs.thesocialmedia.com\/leblogmoto\/\",\"name\":\"leblogmoto\",\"description\":\"Toute l&#039;actualit\u00e9 des 2 roues\",\"potentialAction\":[{\"@type\":\"SearchAction\",\"target\":{\"@type\":\"EntryPoint\",\"urlTemplate\":\"https:\/\/blogs.thesocialmedia.com\/leblogmoto\/?s={search_term_string}\"},\"query-input\":{\"@type\":\"PropertyValueSpecification\",\"valueRequired\":true,\"valueName\":\"search_term_string\"}}],\"inLanguage\":\"fr-FR\"},{\"@type\":\"Person\",\"@id\":\"https:\/\/blogs.thesocialmedia.com\/leblogmoto\/#\/schema\/person\/e82a0ca8a9a63d031586097a3ed58526\",\"name\":\"jacques lesage\",\"image\":{\"@type\":\"ImageObject\",\"inLanguage\":\"fr-FR\",\"@id\":\"https:\/\/blogs.thesocialmedia.com\/leblogmoto\/#\/schema\/person\/image\/\",\"url\":\"https:\/\/secure.gravatar.com\/avatar\/?s=96&d=mm&r=g\",\"contentUrl\":\"https:\/\/secure.gravatar.com\/avatar\/?s=96&d=mm&r=g\",\"caption\":\"jacques lesage\"},\"url\":\"https:\/\/blogs.thesocialmedia.com\/leblogmoto\/author\/jacques-lesage\/\"}]}<\/script>\n<!-- \/ Yoast SEO plugin. -->","yoast_head_json":{"title":"Z\u00e9ro comme Zero X - leblogmoto.com","robots":{"index":"index","follow":"follow","max-snippet":"max-snippet:-1","max-image-preview":"max-image-preview:large","max-video-preview":"max-video-preview:-1"},"canonical":"https:\/\/blogs.thesocialmedia.com\/leblogmoto\/2008\/08\/07\/zro-comme-zero\/","twitter_card":"summary_large_image","twitter_title":"Z\u00e9ro comme Zero X - leblogmoto.com","twitter_description":"La moto \u00e9lectrique, c\u2019est l\u2019avenir. Quel avenir, \u00e7a personne ne pourrait vraiment le dire, mais \u00e7a n\u2019emp\u00eache aucunement les nouveaux produits d\u2019appara\u00eetre r\u00e9guli\u00e8rement. Lesquels survivront \u00e0 ces premiers balbutiements, autre belle question, \u00e0 laquelle Neil Saiki, ancien ing\u00e9nieur de la NASA et maintenant de Zero Motorcycle pense conna\u00eetre la r\u00e9ponse.Le Zero X est une moto [&hellip;]","twitter_image":"http:\/\/www.leblogmoto.com\/images\/2008\/08\/06\/zero1.jpg","twitter_misc":{"\u00c9crit par":"jacques lesage","Dur\u00e9e de lecture estim\u00e9e":"2 minutes"},"schema":{"@context":"https:\/\/schema.org","@graph":[{"@type":"WebPage","@id":"https:\/\/blogs.thesocialmedia.com\/leblogmoto\/2008\/08\/07\/zro-comme-zero\/","url":"https:\/\/blogs.thesocialmedia.com\/leblogmoto\/2008\/08\/07\/zro-comme-zero\/","name":"Z\u00e9ro comme Zero X - leblogmoto.com","isPartOf":{"@id":"https:\/\/blogs.thesocialmedia.com\/leblogmoto\/#website"},"primaryImageOfPage":{"@id":"https:\/\/blogs.thesocialmedia.com\/leblogmoto\/2008\/08\/07\/zro-comme-zero\/#primaryimage"},"image":{"@id":"https:\/\/blogs.thesocialmedia.com\/leblogmoto\/2008\/08\/07\/zro-comme-zero\/#primaryimage"},"thumbnailUrl":"http:\/\/www.leblogmoto.com\/images\/2008\/08\/06\/zero1.jpg","datePublished":"2008-08-07T00:20:39+00:00","dateModified":"2012-07-11T16:11:41+00:00","author":{"@id":"https:\/\/blogs.thesocialmedia.com\/leblogmoto\/#\/schema\/person\/e82a0ca8a9a63d031586097a3ed58526"},"breadcrumb":{"@id":"https:\/\/blogs.thesocialmedia.com\/leblogmoto\/2008\/08\/07\/zro-comme-zero\/#breadcrumb"},"inLanguage":"fr-FR","potentialAction":[{"@type":"ReadAction","target":["https:\/\/blogs.thesocialmedia.com\/leblogmoto\/2008\/08\/07\/zro-comme-zero\/"]}]},{"@type":"ImageObject","inLanguage":"fr-FR","@id":"https:\/\/blogs.thesocialmedia.com\/leblogmoto\/2008\/08\/07\/zro-comme-zero\/#primaryimage","url":"http:\/\/www.leblogmoto.com\/images\/2008\/08\/06\/zero1.jpg","contentUrl":"http:\/\/www.leblogmoto.com\/images\/2008\/08\/06\/zero1.jpg"},{"@type":"BreadcrumbList","@id":"https:\/\/blogs.thesocialmedia.com\/leblogmoto\/2008\/08\/07\/zro-comme-zero\/#breadcrumb","itemListElement":[{"@type":"ListItem","position":1,"name":"Accueil","item":"https:\/\/blogs.thesocialmedia.com\/leblogmoto\/"},{"@type":"ListItem","position":2,"name":"Z\u00e9ro comme Zero X"}]},{"@type":"WebSite","@id":"https:\/\/blogs.thesocialmedia.com\/leblogmoto\/#website","url":"https:\/\/blogs.thesocialmedia.com\/leblogmoto\/","name":"leblogmoto","description":"Toute l&#039;actualit\u00e9 des 2 roues","potentialAction":[{"@type":"SearchAction","target":{"@type":"EntryPoint","urlTemplate":"https:\/\/blogs.thesocialmedia.com\/leblogmoto\/?s={search_term_string}"},"query-input":{"@type":"PropertyValueSpecification","valueRequired":true,"valueName":"search_term_string"}}],"inLanguage":"fr-FR"},{"@type":"Person","@id":"https:\/\/blogs.thesocialmedia.com\/leblogmoto\/#\/schema\/person\/e82a0ca8a9a63d031586097a3ed58526","name":"jacques lesage","image":{"@type":"ImageObject","inLanguage":"fr-FR","@id":"https:\/\/blogs.thesocialmedia.com\/leblogmoto\/#\/schema\/person\/image\/","url":"https:\/\/secure.gravatar.com\/avatar\/?s=96&d=mm&r=g","contentUrl":"https:\/\/secure.gravatar.com\/avatar\/?s=96&d=mm&r=g","caption":"jacques lesage"},"url":"https:\/\/blogs.thesocialmedia.com\/leblogmoto\/author\/jacques-lesage\/"}]}},"_links":{"self":[{"href":"https:\/\/blogs.thesocialmedia.com\/leblogmoto\/wp-json\/wp\/v2\/posts\/542","targetHints":{"allow":["GET"]}}],"collection":[{"href":"https:\/\/blogs.thesocialmedia.com\/leblogmoto\/wp-json\/wp\/v2\/posts"}],"about":[{"href":"https:\/\/blogs.thesocialmedia.com\/leblogmoto\/wp-json\/wp\/v2\/types\/post"}],"author":[{"embeddable":true,"href":"https:\/\/blogs.thesocialmedia.com\/leblogmoto\/wp-json\/wp\/v2\/users\/325"}],"replies":[{"embeddable":true,"href":"https:\/\/blogs.thesocialmedia.com\/leblogmoto\/wp-json\/wp\/v2\/comments?post=542"}],"version-history":[{"count":2,"href":"https:\/\/blogs.thesocialmedia.com\/leblogmoto\/wp-json\/wp\/v2\/posts\/542\/revisions"}],"predecessor-version":[{"id":11416,"href":"https:\/\/blogs.thesocialmedia.com\/leblogmoto\/wp-json\/wp\/v2\/posts\/542\/revisions\/11416"}],"wp:attachment":[{"href":"https:\/\/blogs.thesocialmedia.com\/leblogmoto\/wp-json\/wp\/v2\/media?parent=542"}],"wp:term":[{"taxonomy":"category","embeddable":true,"href":"https:\/\/blogs.thesocialmedia.com\/leblogmoto\/wp-json\/wp\/v2\/categories?post=542"},{"taxonomy":"post_tag","embeddable":true,"href":"https:\/\/blogs.thesocialmedia.com\/leblogmoto\/wp-json\/wp\/v2\/tags?post=542"}],"curies":[{"name":"wp","href":"https:\/\/api.w.org\/{rel}","templated":true}]}}