{"id":546,"date":"2008-08-05T23:05:52","date_gmt":"2008-08-05T23:05:52","guid":{"rendered":"http:\/\/blogs.thesocialmedia.com\/leblogmoto\/2008\/08\/05\/un-candidat-la\/"},"modified":"2012-07-11T16:11:29","modified_gmt":"2012-07-11T16:11:29","slug":"un-candidat-la","status":"publish","type":"post","link":"https:\/\/blogs.thesocialmedia.com\/leblogmoto\/2008\/08\/05\/un-candidat-la\/","title":{"rendered":"Un candidat \u00e0 la Maison Blanche en campagne \u00e0&#8230; Sturgis."},"content":{"rendered":"<p><a href=\"http:\/\/blogs.thesocialmedia.com\/leblogmoto\/files\/2012\/07\/moto_mccain_sturgis_south_dakota_2.jpg\"><img loading=\"lazy\" decoding=\"async\" width=\"470\" height=\"307\"  alt=\"Moto_mccain_sturgis_south_dakota_2\" src=\"http:\/\/www.leblogmoto.com\/images\/2008\/08\/05\/moto_mccain_sturgis_south_dakota_2.jpg\" \/><\/a><\/p>\n<p>Ce ne sont pas les 200.000 Allemands qui attendaient Barack Obama au pied de la colonne de la Victoire \u00e0 <a href=\"http:\/\/www.youtube.com\/watch?v=Q-9ry38AhbU&amp;feature=related\">Berlin<\/a>, ni les 75.000 de ses compatriotes attendus dans un stade pour son sacre en tant que candidat du parti d\u00e9mocrate dans quelques semaines. Mais ils sont pr\u00e8s de 50.000 tout de m\u00eame <a href=\"http:\/\/edition.cnn.com\/video\/#\/video\/politics\/2008\/08\/05\/sot.mccain.sturgis.cnn\">\u00e0 saluer<\/a> John McCain, le candidat du G.O.P, le parti r\u00e9publicain. Le s\u00e9nateur de l&rsquo;Arizona leur rend leurs &quot;cheers&quot; en les saluant \u00e0 son tour, les bras pas plus haut que l&rsquo;\u00e9paule comme toujours, en raison des s\u00e9quelles de ses blessures (r\u00e9elles) de guerre. C&rsquo;est accompagn\u00e9 de sa femme Cindy (une vraie fan de courses auto) et de John Thune*, <em>junior senator<\/em> de l&rsquo;Etat organisateur, qu&rsquo;il s&rsquo;est rendu, <a href=\"http:\/\/politicalticker.blogs.cnn.com\/2008\/08\/05\/scenes-from-the-trail-mccain-makes-the-rounds-at-biker-rally\/\">ce lundi<\/a>, au 68\u00e8me <a href=\"http:\/\/www.leblogmoto.com\/2008\/07\/sturgis-68-ans.html\">Sturgis<\/a> Rally \u00e0 Buffalo Chip dans le Dakota du Sud. <\/p>\n<p><a href=\"http:\/\/clabedan.typepad.com\/.shared\/image.html?\/photos\/uncategorized\/2008\/08\/05\/moto_mccain_sturgis_south_dakota.jpg\"><img loading=\"lazy\" decoding=\"async\" width=\"470\" height=\"306\"  src=\"http:\/\/www.leblogmoto.com\/images\/2008\/08\/05\/moto_mccain_sturgis_south_dakota.jpg\" alt=\"Moto_mccain_sturgis_south_dakota\" \/><\/a><\/p>\n<p>Devant la foule il a scand\u00e9: &quot;Comme vous le savez probablement, quelques 100.000 Berlinois ont fait beaucoup de bruit pour mon concurrent. Je pr\u00e9f\u00e8re le rugissement de 50.000 Harleys.&quot;<\/p>\n<p>Ajoutant, tr\u00e8s lyrique &quot;C&rsquo;est la premi\u00e8re fois que je viens ici, mais je reconnais ce son, c&rsquo;est le son de la libert\u00e9&quot;. A t&rsquo;il pr\u00e9cis\u00e9 \u00e0 son public qu&rsquo;il souhaitait, s&rsquo;il est \u00e9lu, favoriser la voiture \u00e9lectrique ? Dites, \u00e7a fait du bruit un deux-roues \u00e9lectrique, monsieur le s\u00e9nateur ?<\/p>\n<p><em>*en chemise bleue derri\u00e8re Cindy McCain, sur la seconde photo.<\/em><\/p>\n<p><em>Sources: CNN.<br \/><\/em><\/p>\n<p>&nbsp;<\/p>\n","protected":false},"excerpt":{"rendered":"<p>Ce ne sont pas les 200.000 Allemands qui attendaient Barack Obama au pied de la colonne de la Victoire \u00e0 Berlin, ni les 75.000 de ses compatriotes attendus dans un stade pour son sacre en tant que candidat du parti d\u00e9mocrate dans quelques semaines. Mais ils sont pr\u00e8s de 50.000 tout de m\u00eame \u00e0 saluer [&hellip;]<\/p>\n","protected":false},"author":324,"featured_media":0,"comment_status":"open","ping_status":"open","sticky":false,"template":"","format":"standard","meta":{"footnotes":""},"categories":[3,8,17],"tags":[],"class_list":["post-546","post","type-post","status-publish","format-standard","hentry","category-actualite","category-chaines-et-cuirs","category-divers"],"yoast_head":"<!-- This site is optimized with the Yoast SEO plugin v26.0 - https:\/\/yoast.com\/wordpress\/plugins\/seo\/ -->\n<title>Un candidat \u00e0 la Maison Blanche en campagne \u00e0... Sturgis. - leblogmoto.com<\/title>\n<meta name=\"robots\" content=\"index, follow, max-snippet:-1, max-image-preview:large, max-video-preview:-1\" \/>\n<link rel=\"canonical\" href=\"https:\/\/blogs.thesocialmedia.com\/leblogmoto\/2008\/08\/05\/un-candidat-la\/\" \/>\n<meta name=\"twitter:card\" content=\"summary_large_image\" \/>\n<meta name=\"twitter:title\" content=\"Un candidat \u00e0 la Maison Blanche en campagne \u00e0... Sturgis. - leblogmoto.com\" \/>\n<meta name=\"twitter:description\" content=\"Ce ne sont pas les 200.000 Allemands qui attendaient Barack Obama au pied de la colonne de la Victoire \u00e0 Berlin, ni les 75.000 de ses compatriotes attendus dans un stade pour son sacre en tant que candidat du parti d\u00e9mocrate dans quelques semaines. Mais ils sont pr\u00e8s de 50.000 tout de m\u00eame \u00e0 saluer [&hellip;]\" \/>\n<meta name=\"twitter:image\" content=\"http:\/\/www.leblogmoto.com\/images\/2008\/08\/05\/moto_mccain_sturgis_south_dakota_2.jpg\" \/>\n<meta name=\"twitter:label1\" content=\"\u00c9crit par\" \/>\n\t<meta name=\"twitter:data1\" content=\"benoit rieu\" \/>\n\t<meta name=\"twitter:label2\" content=\"Dur\u00e9e de lecture estim\u00e9e\" \/>\n\t<meta name=\"twitter:data2\" content=\"1 minute\" \/>\n<script type=\"application\/ld+json\" class=\"yoast-schema-graph\">{\"@context\":\"https:\/\/schema.org\",\"@graph\":[{\"@type\":\"WebPage\",\"@id\":\"https:\/\/blogs.thesocialmedia.com\/leblogmoto\/2008\/08\/05\/un-candidat-la\/\",\"url\":\"https:\/\/blogs.thesocialmedia.com\/leblogmoto\/2008\/08\/05\/un-candidat-la\/\",\"name\":\"Un candidat \u00e0 la Maison Blanche en campagne \u00e0... Sturgis. - leblogmoto.com\",\"isPartOf\":{\"@id\":\"https:\/\/blogs.thesocialmedia.com\/leblogmoto\/#website\"},\"primaryImageOfPage\":{\"@id\":\"https:\/\/blogs.thesocialmedia.com\/leblogmoto\/2008\/08\/05\/un-candidat-la\/#primaryimage\"},\"image\":{\"@id\":\"https:\/\/blogs.thesocialmedia.com\/leblogmoto\/2008\/08\/05\/un-candidat-la\/#primaryimage\"},\"thumbnailUrl\":\"http:\/\/www.leblogmoto.com\/images\/2008\/08\/05\/moto_mccain_sturgis_south_dakota_2.jpg\",\"datePublished\":\"2008-08-05T23:05:52+00:00\",\"dateModified\":\"2012-07-11T16:11:29+00:00\",\"author\":{\"@id\":\"https:\/\/blogs.thesocialmedia.com\/leblogmoto\/#\/schema\/person\/18bfe773e5725ed6d24f743da805362a\"},\"breadcrumb\":{\"@id\":\"https:\/\/blogs.thesocialmedia.com\/leblogmoto\/2008\/08\/05\/un-candidat-la\/#breadcrumb\"},\"inLanguage\":\"fr-FR\",\"potentialAction\":[{\"@type\":\"ReadAction\",\"target\":[\"https:\/\/blogs.thesocialmedia.com\/leblogmoto\/2008\/08\/05\/un-candidat-la\/\"]}]},{\"@type\":\"ImageObject\",\"inLanguage\":\"fr-FR\",\"@id\":\"https:\/\/blogs.thesocialmedia.com\/leblogmoto\/2008\/08\/05\/un-candidat-la\/#primaryimage\",\"url\":\"http:\/\/www.leblogmoto.com\/images\/2008\/08\/05\/moto_mccain_sturgis_south_dakota_2.jpg\",\"contentUrl\":\"http:\/\/www.leblogmoto.com\/images\/2008\/08\/05\/moto_mccain_sturgis_south_dakota_2.jpg\"},{\"@type\":\"BreadcrumbList\",\"@id\":\"https:\/\/blogs.thesocialmedia.com\/leblogmoto\/2008\/08\/05\/un-candidat-la\/#breadcrumb\",\"itemListElement\":[{\"@type\":\"ListItem\",\"position\":1,\"name\":\"Accueil\",\"item\":\"https:\/\/blogs.thesocialmedia.com\/leblogmoto\/\"},{\"@type\":\"ListItem\",\"position\":2,\"name\":\"Un candidat \u00e0 la Maison Blanche en campagne \u00e0&#8230; Sturgis.\"}]},{\"@type\":\"WebSite\",\"@id\":\"https:\/\/blogs.thesocialmedia.com\/leblogmoto\/#website\",\"url\":\"https:\/\/blogs.thesocialmedia.com\/leblogmoto\/\",\"name\":\"leblogmoto\",\"description\":\"Toute l&#039;actualit\u00e9 des 2 roues\",\"potentialAction\":[{\"@type\":\"SearchAction\",\"target\":{\"@type\":\"EntryPoint\",\"urlTemplate\":\"https:\/\/blogs.thesocialmedia.com\/leblogmoto\/?s={search_term_string}\"},\"query-input\":{\"@type\":\"PropertyValueSpecification\",\"valueRequired\":true,\"valueName\":\"search_term_string\"}}],\"inLanguage\":\"fr-FR\"},{\"@type\":\"Person\",\"@id\":\"https:\/\/blogs.thesocialmedia.com\/leblogmoto\/#\/schema\/person\/18bfe773e5725ed6d24f743da805362a\",\"name\":\"benoit rieu\",\"image\":{\"@type\":\"ImageObject\",\"inLanguage\":\"fr-FR\",\"@id\":\"https:\/\/blogs.thesocialmedia.com\/leblogmoto\/#\/schema\/person\/image\/\",\"url\":\"https:\/\/secure.gravatar.com\/avatar\/?s=96&d=mm&r=g\",\"contentUrl\":\"https:\/\/secure.gravatar.com\/avatar\/?s=96&d=mm&r=g\",\"caption\":\"benoit rieu\"},\"url\":\"https:\/\/blogs.thesocialmedia.com\/leblogmoto\/author\/benoit-rieu\/\"}]}<\/script>\n<!-- \/ Yoast SEO plugin. -->","yoast_head_json":{"title":"Un candidat \u00e0 la Maison Blanche en campagne \u00e0... Sturgis. - leblogmoto.com","robots":{"index":"index","follow":"follow","max-snippet":"max-snippet:-1","max-image-preview":"max-image-preview:large","max-video-preview":"max-video-preview:-1"},"canonical":"https:\/\/blogs.thesocialmedia.com\/leblogmoto\/2008\/08\/05\/un-candidat-la\/","twitter_card":"summary_large_image","twitter_title":"Un candidat \u00e0 la Maison Blanche en campagne \u00e0... Sturgis. - leblogmoto.com","twitter_description":"Ce ne sont pas les 200.000 Allemands qui attendaient Barack Obama au pied de la colonne de la Victoire \u00e0 Berlin, ni les 75.000 de ses compatriotes attendus dans un stade pour son sacre en tant que candidat du parti d\u00e9mocrate dans quelques semaines. Mais ils sont pr\u00e8s de 50.000 tout de m\u00eame \u00e0 saluer [&hellip;]","twitter_image":"http:\/\/www.leblogmoto.com\/images\/2008\/08\/05\/moto_mccain_sturgis_south_dakota_2.jpg","twitter_misc":{"\u00c9crit par":"benoit rieu","Dur\u00e9e de lecture estim\u00e9e":"1 minute"},"schema":{"@context":"https:\/\/schema.org","@graph":[{"@type":"WebPage","@id":"https:\/\/blogs.thesocialmedia.com\/leblogmoto\/2008\/08\/05\/un-candidat-la\/","url":"https:\/\/blogs.thesocialmedia.com\/leblogmoto\/2008\/08\/05\/un-candidat-la\/","name":"Un candidat \u00e0 la Maison Blanche en campagne \u00e0... Sturgis. - leblogmoto.com","isPartOf":{"@id":"https:\/\/blogs.thesocialmedia.com\/leblogmoto\/#website"},"primaryImageOfPage":{"@id":"https:\/\/blogs.thesocialmedia.com\/leblogmoto\/2008\/08\/05\/un-candidat-la\/#primaryimage"},"image":{"@id":"https:\/\/blogs.thesocialmedia.com\/leblogmoto\/2008\/08\/05\/un-candidat-la\/#primaryimage"},"thumbnailUrl":"http:\/\/www.leblogmoto.com\/images\/2008\/08\/05\/moto_mccain_sturgis_south_dakota_2.jpg","datePublished":"2008-08-05T23:05:52+00:00","dateModified":"2012-07-11T16:11:29+00:00","author":{"@id":"https:\/\/blogs.thesocialmedia.com\/leblogmoto\/#\/schema\/person\/18bfe773e5725ed6d24f743da805362a"},"breadcrumb":{"@id":"https:\/\/blogs.thesocialmedia.com\/leblogmoto\/2008\/08\/05\/un-candidat-la\/#breadcrumb"},"inLanguage":"fr-FR","potentialAction":[{"@type":"ReadAction","target":["https:\/\/blogs.thesocialmedia.com\/leblogmoto\/2008\/08\/05\/un-candidat-la\/"]}]},{"@type":"ImageObject","inLanguage":"fr-FR","@id":"https:\/\/blogs.thesocialmedia.com\/leblogmoto\/2008\/08\/05\/un-candidat-la\/#primaryimage","url":"http:\/\/www.leblogmoto.com\/images\/2008\/08\/05\/moto_mccain_sturgis_south_dakota_2.jpg","contentUrl":"http:\/\/www.leblogmoto.com\/images\/2008\/08\/05\/moto_mccain_sturgis_south_dakota_2.jpg"},{"@type":"BreadcrumbList","@id":"https:\/\/blogs.thesocialmedia.com\/leblogmoto\/2008\/08\/05\/un-candidat-la\/#breadcrumb","itemListElement":[{"@type":"ListItem","position":1,"name":"Accueil","item":"https:\/\/blogs.thesocialmedia.com\/leblogmoto\/"},{"@type":"ListItem","position":2,"name":"Un candidat \u00e0 la Maison Blanche en campagne \u00e0&#8230; Sturgis."}]},{"@type":"WebSite","@id":"https:\/\/blogs.thesocialmedia.com\/leblogmoto\/#website","url":"https:\/\/blogs.thesocialmedia.com\/leblogmoto\/","name":"leblogmoto","description":"Toute l&#039;actualit\u00e9 des 2 roues","potentialAction":[{"@type":"SearchAction","target":{"@type":"EntryPoint","urlTemplate":"https:\/\/blogs.thesocialmedia.com\/leblogmoto\/?s={search_term_string}"},"query-input":{"@type":"PropertyValueSpecification","valueRequired":true,"valueName":"search_term_string"}}],"inLanguage":"fr-FR"},{"@type":"Person","@id":"https:\/\/blogs.thesocialmedia.com\/leblogmoto\/#\/schema\/person\/18bfe773e5725ed6d24f743da805362a","name":"benoit rieu","image":{"@type":"ImageObject","inLanguage":"fr-FR","@id":"https:\/\/blogs.thesocialmedia.com\/leblogmoto\/#\/schema\/person\/image\/","url":"https:\/\/secure.gravatar.com\/avatar\/?s=96&d=mm&r=g","contentUrl":"https:\/\/secure.gravatar.com\/avatar\/?s=96&d=mm&r=g","caption":"benoit rieu"},"url":"https:\/\/blogs.thesocialmedia.com\/leblogmoto\/author\/benoit-rieu\/"}]}},"_links":{"self":[{"href":"https:\/\/blogs.thesocialmedia.com\/leblogmoto\/wp-json\/wp\/v2\/posts\/546","targetHints":{"allow":["GET"]}}],"collection":[{"href":"https:\/\/blogs.thesocialmedia.com\/leblogmoto\/wp-json\/wp\/v2\/posts"}],"about":[{"href":"https:\/\/blogs.thesocialmedia.com\/leblogmoto\/wp-json\/wp\/v2\/types\/post"}],"author":[{"embeddable":true,"href":"https:\/\/blogs.thesocialmedia.com\/leblogmoto\/wp-json\/wp\/v2\/users\/324"}],"replies":[{"embeddable":true,"href":"https:\/\/blogs.thesocialmedia.com\/leblogmoto\/wp-json\/wp\/v2\/comments?post=546"}],"version-history":[{"count":2,"href":"https:\/\/blogs.thesocialmedia.com\/leblogmoto\/wp-json\/wp\/v2\/posts\/546\/revisions"}],"predecessor-version":[{"id":11409,"href":"https:\/\/blogs.thesocialmedia.com\/leblogmoto\/wp-json\/wp\/v2\/posts\/546\/revisions\/11409"}],"wp:attachment":[{"href":"https:\/\/blogs.thesocialmedia.com\/leblogmoto\/wp-json\/wp\/v2\/media?parent=546"}],"wp:term":[{"taxonomy":"category","embeddable":true,"href":"https:\/\/blogs.thesocialmedia.com\/leblogmoto\/wp-json\/wp\/v2\/categories?post=546"},{"taxonomy":"post_tag","embeddable":true,"href":"https:\/\/blogs.thesocialmedia.com\/leblogmoto\/wp-json\/wp\/v2\/tags?post=546"}],"curies":[{"name":"wp","href":"https:\/\/api.w.org\/{rel}","templated":true}]}}