{"id":547,"date":"2008-08-05T18:43:46","date_gmt":"2008-08-05T18:43:46","guid":{"rendered":"http:\/\/blogs.thesocialmedia.com\/leblogmoto\/2008\/08\/05\/craig-jones-pil\/"},"modified":"2012-07-11T16:11:27","modified_gmt":"2012-07-11T16:11:27","slug":"craig-jones-pil","status":"publish","type":"post","link":"https:\/\/blogs.thesocialmedia.com\/leblogmoto\/2008\/08\/05\/craig-jones-pil\/","title":{"rendered":"Craig Jones, pilote de Supersport, est d\u00e9c\u00e9d\u00e9."},"content":{"rendered":"<p><a href=\"http:\/\/blogs.thesocialmedia.com\/leblogmoto\/files\/2012\/07\/moto_wsbk_supersport_craig_jones_es.jpg\"><img loading=\"lazy\" decoding=\"async\" width=\"470\" height=\"311\"  alt=\"Moto_wsbk_supersport_craig_jones_es\" src=\"http:\/\/www.leblogmoto.com\/images\/2008\/08\/05\/moto_wsbk_supersport_craig_jones_es.jpg\" \/><\/a><\/p>\n<p>A la suite de la <a href=\"http:\/\/www.fim.ch\/fr\/default.asp\">FIM<\/a>, une d\u00e9p\u00eache AFP nous apprend la mort du pilote anglais. Craig Jones d\u00e9butait l&rsquo;\u00e9preuve de <a href=\"http:\/\/www.motorsportvision.co.uk\/brands-hatch\/news\/article.asp?NewsID=4050\">Brands Hatch<\/a> avec une cinqui\u00e8me place au classement g\u00e9n\u00e9ral pour la saison en cours. Alors en deuxi\u00e8me position sur la piste, au guidon de sa CBR du team Parkalgar-Honda, le Britannique a chut\u00e9 dimanche dans le virage &quot;Clark&quot;, puis fut heurt\u00e9 par la moto d&rsquo;Andrew Pitt qui le suivait, le blessant \u00e0 la t\u00eate. Brandissant le drapeau rouge, les commissaires interrompirent la course, ce qui permit au comp\u00e9titeur d&rsquo;\u00eatre \u00e9vacu\u00e9 rapidement en h\u00e9licopt\u00e8re vers le Royal London Hospital, apr\u00e8s avoir re\u00e7u les premiers soins, \u00e0 m\u00eame la piste, puis dans l&rsquo;antenne m\u00e9dicale du circuit. Plac\u00e9 dans un coma artificiel, son \u00e9tat s&rsquo;est rapidement d\u00e9grad\u00e9. Le d\u00e9c\u00e8s a \u00e9t\u00e9 constat\u00e9 lundi, t\u00f4t dans la matin\u00e9e. Il avait 23 ans. <\/p>\n<p>Craig Jones, natif de Northwich, le 16 janvier 1985, a \u00e9t\u00e9 successivement champion britannique junior de minimoto en 1996 (avec notamment huit victoires en huit courses), puis champion senior de cette cat\u00e9gorie en 1998. Quatre ans plus tard et toujours au sein du championnat britannique, il fut couronn\u00e9 champion junior Superstock et acc\u00e9da au r\u00f4le de dauphin avec sa seconde place en Supersport en 2005. Au cours de la saison pass\u00e9e, il s&rsquo;est class\u00e9 cinqui\u00e8me pilote du championnat mondial.<\/p>\n<p><em>Credit photo: Superbike.co.uk<\/em><\/p>\n","protected":false},"excerpt":{"rendered":"<p>A la suite de la FIM, une d\u00e9p\u00eache AFP nous apprend la mort du pilote anglais. Craig Jones d\u00e9butait l&rsquo;\u00e9preuve de Brands Hatch avec une cinqui\u00e8me place au classement g\u00e9n\u00e9ral pour la saison en cours. Alors en deuxi\u00e8me position sur la piste, au guidon de sa CBR du team Parkalgar-Honda, le Britannique a chut\u00e9 dimanche [&hellip;]<\/p>\n","protected":false},"author":324,"featured_media":0,"comment_status":"open","ping_status":"open","sticky":false,"template":"","format":"standard","meta":{"footnotes":""},"categories":[3,32,42,72],"tags":[],"class_list":["post-547","post","type-post","status-publish","format-standard","hentry","category-actualite","category-sport-moto","category-supersport","category-superstock"],"yoast_head":"<!-- This site is optimized with the Yoast SEO plugin v26.0 - https:\/\/yoast.com\/wordpress\/plugins\/seo\/ -->\n<title>Craig Jones, pilote de Supersport, est d\u00e9c\u00e9d\u00e9. - leblogmoto.com<\/title>\n<meta name=\"robots\" content=\"index, follow, max-snippet:-1, max-image-preview:large, max-video-preview:-1\" \/>\n<link rel=\"canonical\" href=\"https:\/\/blogs.thesocialmedia.com\/leblogmoto\/2008\/08\/05\/craig-jones-pil\/\" \/>\n<meta name=\"twitter:card\" content=\"summary_large_image\" \/>\n<meta name=\"twitter:title\" content=\"Craig Jones, pilote de Supersport, est d\u00e9c\u00e9d\u00e9. - leblogmoto.com\" \/>\n<meta name=\"twitter:description\" content=\"A la suite de la FIM, une d\u00e9p\u00eache AFP nous apprend la mort du pilote anglais. Craig Jones d\u00e9butait l&rsquo;\u00e9preuve de Brands Hatch avec une cinqui\u00e8me place au classement g\u00e9n\u00e9ral pour la saison en cours. Alors en deuxi\u00e8me position sur la piste, au guidon de sa CBR du team Parkalgar-Honda, le Britannique a chut\u00e9 dimanche [&hellip;]\" \/>\n<meta name=\"twitter:image\" content=\"http:\/\/www.leblogmoto.com\/images\/2008\/08\/05\/moto_wsbk_supersport_craig_jones_es.jpg\" \/>\n<meta name=\"twitter:label1\" content=\"\u00c9crit par\" \/>\n\t<meta name=\"twitter:data1\" content=\"benoit rieu\" \/>\n\t<meta name=\"twitter:label2\" content=\"Dur\u00e9e de lecture estim\u00e9e\" \/>\n\t<meta name=\"twitter:data2\" content=\"1 minute\" \/>\n<script type=\"application\/ld+json\" class=\"yoast-schema-graph\">{\"@context\":\"https:\/\/schema.org\",\"@graph\":[{\"@type\":\"WebPage\",\"@id\":\"https:\/\/blogs.thesocialmedia.com\/leblogmoto\/2008\/08\/05\/craig-jones-pil\/\",\"url\":\"https:\/\/blogs.thesocialmedia.com\/leblogmoto\/2008\/08\/05\/craig-jones-pil\/\",\"name\":\"Craig Jones, pilote de Supersport, est d\u00e9c\u00e9d\u00e9. - leblogmoto.com\",\"isPartOf\":{\"@id\":\"https:\/\/blogs.thesocialmedia.com\/leblogmoto\/#website\"},\"primaryImageOfPage\":{\"@id\":\"https:\/\/blogs.thesocialmedia.com\/leblogmoto\/2008\/08\/05\/craig-jones-pil\/#primaryimage\"},\"image\":{\"@id\":\"https:\/\/blogs.thesocialmedia.com\/leblogmoto\/2008\/08\/05\/craig-jones-pil\/#primaryimage\"},\"thumbnailUrl\":\"http:\/\/www.leblogmoto.com\/images\/2008\/08\/05\/moto_wsbk_supersport_craig_jones_es.jpg\",\"datePublished\":\"2008-08-05T18:43:46+00:00\",\"dateModified\":\"2012-07-11T16:11:27+00:00\",\"author\":{\"@id\":\"https:\/\/blogs.thesocialmedia.com\/leblogmoto\/#\/schema\/person\/18bfe773e5725ed6d24f743da805362a\"},\"breadcrumb\":{\"@id\":\"https:\/\/blogs.thesocialmedia.com\/leblogmoto\/2008\/08\/05\/craig-jones-pil\/#breadcrumb\"},\"inLanguage\":\"fr-FR\",\"potentialAction\":[{\"@type\":\"ReadAction\",\"target\":[\"https:\/\/blogs.thesocialmedia.com\/leblogmoto\/2008\/08\/05\/craig-jones-pil\/\"]}]},{\"@type\":\"ImageObject\",\"inLanguage\":\"fr-FR\",\"@id\":\"https:\/\/blogs.thesocialmedia.com\/leblogmoto\/2008\/08\/05\/craig-jones-pil\/#primaryimage\",\"url\":\"http:\/\/www.leblogmoto.com\/images\/2008\/08\/05\/moto_wsbk_supersport_craig_jones_es.jpg\",\"contentUrl\":\"http:\/\/www.leblogmoto.com\/images\/2008\/08\/05\/moto_wsbk_supersport_craig_jones_es.jpg\"},{\"@type\":\"BreadcrumbList\",\"@id\":\"https:\/\/blogs.thesocialmedia.com\/leblogmoto\/2008\/08\/05\/craig-jones-pil\/#breadcrumb\",\"itemListElement\":[{\"@type\":\"ListItem\",\"position\":1,\"name\":\"Accueil\",\"item\":\"https:\/\/blogs.thesocialmedia.com\/leblogmoto\/\"},{\"@type\":\"ListItem\",\"position\":2,\"name\":\"Craig Jones, pilote de Supersport, est d\u00e9c\u00e9d\u00e9.\"}]},{\"@type\":\"WebSite\",\"@id\":\"https:\/\/blogs.thesocialmedia.com\/leblogmoto\/#website\",\"url\":\"https:\/\/blogs.thesocialmedia.com\/leblogmoto\/\",\"name\":\"leblogmoto\",\"description\":\"Toute l&#039;actualit\u00e9 des 2 roues\",\"potentialAction\":[{\"@type\":\"SearchAction\",\"target\":{\"@type\":\"EntryPoint\",\"urlTemplate\":\"https:\/\/blogs.thesocialmedia.com\/leblogmoto\/?s={search_term_string}\"},\"query-input\":{\"@type\":\"PropertyValueSpecification\",\"valueRequired\":true,\"valueName\":\"search_term_string\"}}],\"inLanguage\":\"fr-FR\"},{\"@type\":\"Person\",\"@id\":\"https:\/\/blogs.thesocialmedia.com\/leblogmoto\/#\/schema\/person\/18bfe773e5725ed6d24f743da805362a\",\"name\":\"benoit rieu\",\"image\":{\"@type\":\"ImageObject\",\"inLanguage\":\"fr-FR\",\"@id\":\"https:\/\/blogs.thesocialmedia.com\/leblogmoto\/#\/schema\/person\/image\/\",\"url\":\"https:\/\/secure.gravatar.com\/avatar\/?s=96&d=mm&r=g\",\"contentUrl\":\"https:\/\/secure.gravatar.com\/avatar\/?s=96&d=mm&r=g\",\"caption\":\"benoit rieu\"},\"url\":\"https:\/\/blogs.thesocialmedia.com\/leblogmoto\/author\/benoit-rieu\/\"}]}<\/script>\n<!-- \/ Yoast SEO plugin. -->","yoast_head_json":{"title":"Craig Jones, pilote de Supersport, est d\u00e9c\u00e9d\u00e9. - leblogmoto.com","robots":{"index":"index","follow":"follow","max-snippet":"max-snippet:-1","max-image-preview":"max-image-preview:large","max-video-preview":"max-video-preview:-1"},"canonical":"https:\/\/blogs.thesocialmedia.com\/leblogmoto\/2008\/08\/05\/craig-jones-pil\/","twitter_card":"summary_large_image","twitter_title":"Craig Jones, pilote de Supersport, est d\u00e9c\u00e9d\u00e9. - leblogmoto.com","twitter_description":"A la suite de la FIM, une d\u00e9p\u00eache AFP nous apprend la mort du pilote anglais. Craig Jones d\u00e9butait l&rsquo;\u00e9preuve de Brands Hatch avec une cinqui\u00e8me place au classement g\u00e9n\u00e9ral pour la saison en cours. Alors en deuxi\u00e8me position sur la piste, au guidon de sa CBR du team Parkalgar-Honda, le Britannique a chut\u00e9 dimanche [&hellip;]","twitter_image":"http:\/\/www.leblogmoto.com\/images\/2008\/08\/05\/moto_wsbk_supersport_craig_jones_es.jpg","twitter_misc":{"\u00c9crit par":"benoit rieu","Dur\u00e9e de lecture estim\u00e9e":"1 minute"},"schema":{"@context":"https:\/\/schema.org","@graph":[{"@type":"WebPage","@id":"https:\/\/blogs.thesocialmedia.com\/leblogmoto\/2008\/08\/05\/craig-jones-pil\/","url":"https:\/\/blogs.thesocialmedia.com\/leblogmoto\/2008\/08\/05\/craig-jones-pil\/","name":"Craig Jones, pilote de Supersport, est d\u00e9c\u00e9d\u00e9. - leblogmoto.com","isPartOf":{"@id":"https:\/\/blogs.thesocialmedia.com\/leblogmoto\/#website"},"primaryImageOfPage":{"@id":"https:\/\/blogs.thesocialmedia.com\/leblogmoto\/2008\/08\/05\/craig-jones-pil\/#primaryimage"},"image":{"@id":"https:\/\/blogs.thesocialmedia.com\/leblogmoto\/2008\/08\/05\/craig-jones-pil\/#primaryimage"},"thumbnailUrl":"http:\/\/www.leblogmoto.com\/images\/2008\/08\/05\/moto_wsbk_supersport_craig_jones_es.jpg","datePublished":"2008-08-05T18:43:46+00:00","dateModified":"2012-07-11T16:11:27+00:00","author":{"@id":"https:\/\/blogs.thesocialmedia.com\/leblogmoto\/#\/schema\/person\/18bfe773e5725ed6d24f743da805362a"},"breadcrumb":{"@id":"https:\/\/blogs.thesocialmedia.com\/leblogmoto\/2008\/08\/05\/craig-jones-pil\/#breadcrumb"},"inLanguage":"fr-FR","potentialAction":[{"@type":"ReadAction","target":["https:\/\/blogs.thesocialmedia.com\/leblogmoto\/2008\/08\/05\/craig-jones-pil\/"]}]},{"@type":"ImageObject","inLanguage":"fr-FR","@id":"https:\/\/blogs.thesocialmedia.com\/leblogmoto\/2008\/08\/05\/craig-jones-pil\/#primaryimage","url":"http:\/\/www.leblogmoto.com\/images\/2008\/08\/05\/moto_wsbk_supersport_craig_jones_es.jpg","contentUrl":"http:\/\/www.leblogmoto.com\/images\/2008\/08\/05\/moto_wsbk_supersport_craig_jones_es.jpg"},{"@type":"BreadcrumbList","@id":"https:\/\/blogs.thesocialmedia.com\/leblogmoto\/2008\/08\/05\/craig-jones-pil\/#breadcrumb","itemListElement":[{"@type":"ListItem","position":1,"name":"Accueil","item":"https:\/\/blogs.thesocialmedia.com\/leblogmoto\/"},{"@type":"ListItem","position":2,"name":"Craig Jones, pilote de Supersport, est d\u00e9c\u00e9d\u00e9."}]},{"@type":"WebSite","@id":"https:\/\/blogs.thesocialmedia.com\/leblogmoto\/#website","url":"https:\/\/blogs.thesocialmedia.com\/leblogmoto\/","name":"leblogmoto","description":"Toute l&#039;actualit\u00e9 des 2 roues","potentialAction":[{"@type":"SearchAction","target":{"@type":"EntryPoint","urlTemplate":"https:\/\/blogs.thesocialmedia.com\/leblogmoto\/?s={search_term_string}"},"query-input":{"@type":"PropertyValueSpecification","valueRequired":true,"valueName":"search_term_string"}}],"inLanguage":"fr-FR"},{"@type":"Person","@id":"https:\/\/blogs.thesocialmedia.com\/leblogmoto\/#\/schema\/person\/18bfe773e5725ed6d24f743da805362a","name":"benoit rieu","image":{"@type":"ImageObject","inLanguage":"fr-FR","@id":"https:\/\/blogs.thesocialmedia.com\/leblogmoto\/#\/schema\/person\/image\/","url":"https:\/\/secure.gravatar.com\/avatar\/?s=96&d=mm&r=g","contentUrl":"https:\/\/secure.gravatar.com\/avatar\/?s=96&d=mm&r=g","caption":"benoit rieu"},"url":"https:\/\/blogs.thesocialmedia.com\/leblogmoto\/author\/benoit-rieu\/"}]}},"_links":{"self":[{"href":"https:\/\/blogs.thesocialmedia.com\/leblogmoto\/wp-json\/wp\/v2\/posts\/547","targetHints":{"allow":["GET"]}}],"collection":[{"href":"https:\/\/blogs.thesocialmedia.com\/leblogmoto\/wp-json\/wp\/v2\/posts"}],"about":[{"href":"https:\/\/blogs.thesocialmedia.com\/leblogmoto\/wp-json\/wp\/v2\/types\/post"}],"author":[{"embeddable":true,"href":"https:\/\/blogs.thesocialmedia.com\/leblogmoto\/wp-json\/wp\/v2\/users\/324"}],"replies":[{"embeddable":true,"href":"https:\/\/blogs.thesocialmedia.com\/leblogmoto\/wp-json\/wp\/v2\/comments?post=547"}],"version-history":[{"count":2,"href":"https:\/\/blogs.thesocialmedia.com\/leblogmoto\/wp-json\/wp\/v2\/posts\/547\/revisions"}],"predecessor-version":[{"id":11407,"href":"https:\/\/blogs.thesocialmedia.com\/leblogmoto\/wp-json\/wp\/v2\/posts\/547\/revisions\/11407"}],"wp:attachment":[{"href":"https:\/\/blogs.thesocialmedia.com\/leblogmoto\/wp-json\/wp\/v2\/media?parent=547"}],"wp:term":[{"taxonomy":"category","embeddable":true,"href":"https:\/\/blogs.thesocialmedia.com\/leblogmoto\/wp-json\/wp\/v2\/categories?post=547"},{"taxonomy":"post_tag","embeddable":true,"href":"https:\/\/blogs.thesocialmedia.com\/leblogmoto\/wp-json\/wp\/v2\/tags?post=547"}],"curies":[{"name":"wp","href":"https:\/\/api.w.org\/{rel}","templated":true}]}}