{"id":548,"date":"2008-08-05T04:45:04","date_gmt":"2008-08-05T04:45:04","guid":{"rendered":"http:\/\/blogs.thesocialmedia.com\/leblogmoto\/2008\/08\/05\/ama-superbike-m\/"},"modified":"2012-07-11T16:11:22","modified_gmt":"2012-07-11T16:11:22","slug":"ama-superbike-m","status":"publish","type":"post","link":"https:\/\/blogs.thesocialmedia.com\/leblogmoto\/2008\/08\/05\/ama-superbike-m\/","title":{"rendered":"AMA Superbike Mid-Ohio, Toujours les m\u00eames"},"content":{"rendered":"<p><a href=\"http:\/\/blogs.thesocialmedia.com\/leblogmoto\/files\/2012\/07\/ohio.jpg\"><img loading=\"lazy\" decoding=\"async\" width=\"470\" height=\"265\"  src=\"http:\/\/www.leblogmoto.com\/images\/2008\/08\/04\/ohio.jpg\" alt=\"Ohio\" \/><\/a> <\/p>\n<p>Ce double week-end de course a vu Mat Mladin offrir \u00e0 son \u00e9quipe \u00ab<a href=\"http:\/\/teamsuzuki.com\/RoadRacing\/FactoryTeam.aspx\">Rockstar Makita Yoshimura Suzuki<\/a>\u00bb sa 40e victoire cons\u00e9cutive en Superbike le samedi, alors que l\u2019Australien y allait de sa 70e victoire personnelle le lendemain.<br \/>Mais m\u00eame si les records allaient bon train, le d\u00e9roulement de ces deux manches fut \u00e0 l\u2019oppos\u00e9. La course de samedi, qui mit plus de deux heures avant d\u2019en finir, vit trois drapeaux rouges et une belle succession de sortie de piste. Alors que celle de dimanche fut une affaire class\u00e9e d\u00e8s le deuxi\u00e8me tour.<\/p>\n<p>Revenons \u00e0 la journ\u00e9e de samedi, qui vit un Jamie Hacking sur sa Kawasaki ZX-10R soutirer de peine et de mis\u00e8re la premi\u00e8re place aux deux pilotes Suzuki Mladin et Spies. Mais sa joie ne dura pas, Mladin s\u2019emparant de la t\u00eate avant la fin du premier tour. Hacking s\u2019accrocha tout de m\u00eame, faisant quelques tentatives sans succ\u00e8s, mais avec un Spies en embuscade. Cet ordre pr\u00e9vaudra jusqu\u2019\u00e0 l\u2019avant-dernier tour.<\/p>\n<p><a href=\"http:\/\/clabedan.typepad.com\/.shared\/image.html?\/photos\/uncategorized\/2008\/08\/04\/ohio1.jpg\"><img loading=\"lazy\" decoding=\"async\" width=\"470\" height=\"312\"  src=\"http:\/\/www.leblogmoto.com\/images\/2008\/08\/04\/ohio1.jpg\" alt=\"Ohio1\" \/><\/a> <\/p>\n<p>Cependant, au huiti\u00e8me tour, la Honda de <a href=\"http:\/\/en.wikipedia.org\/wiki\/Neil_Hodgson\">Neil Hodgson<\/a> qui pointait en quatri\u00e8me place, apr\u00e8s un d\u00e9part ordinaire en premi\u00e8re ligne, rendit l\u2019\u00e2me d\u00e9versant ses fluides sur la piste. Derri\u00e8re, ce fut l\u2019h\u00e9tacombe avec plusieurs sorties de piste, dont certaines violentes, mais heureusement, sans blessures graves pour les pilotes. Le premier drapeau rouge de la journ\u00e9e s\u2019agitait.<\/p>\n<p>Mais la relance, quelques instants plus tard, ne dura pas un tour alors que Mladin et son poursuivant Hacking sortirent de piste apr\u00e8s qu\u2019un spectateur ait d\u00e9vers\u00e9 l\u2019eau de sa glaci\u00e8re sur la piste depuis une passerelle pi\u00e9tonne. Mladin put repartir assez rapidement, mais Hacking dut faire un bel effort physique, poussant sa Kawasaki sur une bonne distance avant de pouvoir lui redonner vie. Ils furent les deux seuls \u00e0 sortir de piste, mais Spies, qui ma\u00eetrisa un highside, souffrit tout autant, et deuxi\u00e8me neutralisation de la course. Puis, on relan\u00e7a tout ce beau monde pour un petit 4 tours, jusqu\u2019a ce que la Honda de Matt Lynn parte en glissade sur son flanc dans une tr\u00e8s photog\u00e9nique boulle de feu. Il sera suivi de pr\u00e8s par l\u2019autre Honda de Miguel Duhamel, qui en \u00e9tait a sa deuxi\u00e8me sortie de piste de la journ\u00e9e, tout cela bon pour un troisi\u00e8me drapeau rouge.<\/p>\n<p><a href=\"http:\/\/clabedan.typepad.com\/.shared\/image.html?\/photos\/uncategorized\/2008\/08\/04\/ohio3.jpg\"><img loading=\"lazy\" decoding=\"async\" width=\"470\" height=\"312\"  src=\"http:\/\/www.leblogmoto.com\/images\/2008\/08\/04\/ohio3.jpg\" alt=\"Ohio3\" \/><\/a> <\/p>\n<p>Avec tout \u00e7a, ne restait plus que 9 tours avant de voir cet \u00e9pisode mouvement\u00e9 prendre fin, mais pas avant que Ben Spies n\u2019enl\u00e8ve la deuxi\u00e8me marche du podium \u00e0 Jamie Hacking dans le dernier tour. On se retrouve donc, malgr\u00e9 tout, avec un podium qui a des airs de d\u00e9j\u00e0 vu, les pilotes Suzuki Mladin et Spies un et deux, puis Hacking troisi\u00e8me.<\/p>\n<p>Apr\u00e8s les \u00e9motions de la veille, la course du dimanche dura en fait que deux tours. Hacking, comme il l\u2019avait fait le samedi, prit la commande du peloton d\u00e8s le d\u00e9part. Mais 6 petites courbes plus tard, il se faisait surprendre par Ben Spies, Spies qui se fera passer par son co\u00e9quipier Mladin, qui \u00e9tait toujours troisi\u00e8me quelques secondes auparavant, avant la fin de la seconde boucle. L\u2019ordre du podium \u00e9tait scell\u00e9, Mladin, Spies et Hacking.<br \/>Derri\u00e8re, les Honda de Hodgson et Duhamel semblaient en meilleure forme, prenant la quatri\u00e8me et sixi\u00e8me place, voyant uniquement une autre Suzuki, celle de Tommy Hayden, s\u2019intercaler entre eux deux.<\/p>\n<p>Avec ses deux victoires \u00e0 <a href=\"http:\/\/www.midohio.com\/\">Mid-Ohio<\/a>, Mladin se rapproche de son co\u00e9quipier \u00e0 la t\u00eate du championnat, n\u2019ayant plus que 27 points de retard avec 4 week-end de courses restant au calendrier 2008. Spies r\u00e9agira-t-il avec une autre s\u00e9rie de victoires? C\u2019est ce que nous saurons dans 2 semaines, alors que le cirque am\u00e9ricain du Superbike sera au Virginia International Raceway.<\/p>\n<p><a href=\"http:\/\/clabedan.typepad.com\/.shared\/image.html?\/photos\/uncategorized\/2008\/08\/04\/ohio2.jpg\"><img loading=\"lazy\" decoding=\"async\" width=\"470\" height=\"312\"  src=\"http:\/\/www.leblogmoto.com\/images\/2008\/08\/04\/ohio2.jpg\" alt=\"Ohio2\" \/><\/a> <\/p>\n<p><a href=\"http:\/\/blogs.thesocialmedia.com\/leblogmoto\/files\/2012\/07\/ohio5.jpg\"><img loading=\"lazy\" decoding=\"async\" width=\"470\" height=\"312\"  src=\"http:\/\/www.leblogmoto.com\/images\/2008\/08\/04\/ohio5.jpg\" alt=\"Ohio5\" \/><\/a> <\/p>\n<table  align=\"left\">\n<tbody>\n<tr>\n<td width=\"340\" height=\"50\" colspan=\"4\"><em>R\u00e9sultats, samedi AMA Superbike<\/em><\/td>\n<\/tr>\n<tr>\n<td width=\"60\">1. #6<\/td>\n<td width=\"150\">Mathew Mladin<\/td>\n<td width=\"170\">Suzuki GSX-R1000<\/td>\n<\/tr>\n<tr>\n<td width=\"60\">2. #1<\/td>\n<td width=\"150\">Ben Spies<\/td>\n<td width=\"170\">Suzuki GSX-R1000<\/td>\n<td width=\"60\">1,966<\/td>\n<\/tr>\n<tr>\n<td width=\"60\">3. #2<\/td>\n<td width=\"150\">Jamie A. Hacking<\/td>\n<td width=\"170\">Kawasaki ZX-10<\/td>\n<td width=\"60\">2,423<\/td>\n<\/tr>\n<tr>\n<td width=\"60\">4. #40<\/td>\n<td width=\"150\">Jason Disalvo<\/td>\n<td width=\"170\">Yamaha YZF-R1<\/td>\n<td width=\"60\">7,940<\/td>\n<\/tr>\n<tr>\n<td width=\"60\">5. #22<\/td>\n<td width=\"150\">Tommy Hayden<\/td>\n<td width=\"170\">Suzuki GSX-R1000<\/td>\n<td width=\"60\">8,730<\/td>\n<\/tr>\n<tr>\n<td width=\"60\">6. #95<\/td>\n<td width=\"150\">Roger Hayden<\/td>\n<td width=\"170\">Kawasaki ZX-10<\/td>\n<td width=\"60\">11,526<\/td>\n<\/tr>\n<tr>\n<td width=\"60\">7. #32<\/td>\n<td width=\"150\">Eric Bostrom<\/td>\n<td width=\"170\">Yamaha YZF-R1<\/td>\n<td width=\"60\">11,654<\/td>\n<\/tr>\n<tr>\n<td width=\"60\">8. #99<\/td>\n<td width=\"150\">Geoff May<\/td>\n<td width=\"170\">Suzuki GSX-R1000<\/td>\n<td width=\"60\">15,569<\/td>\n<\/tr>\n<tr>\n<td width=\"340\" height=\"50\" colspan=\"4\"><em>R\u00e9sultats, dimanche AMA Superbike<\/em><\/td>\n<\/tr>\n<tr>\n<td width=\"60\">1. #6<\/td>\n<td width=\"150\">Mathew Mladin<\/td>\n<td width=\"170\">Suzuki GSX-R1000<\/td>\n<\/tr>\n<tr>\n<td width=\"60\">2. #1<\/td>\n<td width=\"150\">Ben Spies<\/td>\n<td width=\"170\">Suzuki GSX-R1000<\/td>\n<td width=\"60\">6,357<\/td>\n<\/tr>\n<tr>\n<td width=\"60\">3. #2<\/td>\n<td width=\"150\">Jamie A. Hacking<\/td>\n<td width=\"170\">Kawasaki ZX-10<\/td>\n<td width=\"60\">20,617<\/td>\n<\/tr>\n<tr>\n<td width=\"60\">4. #100<\/td>\n<td width=\"150\">Neil Hodgson<\/td>\n<td width=\"170\">Honda CBR1000RR<\/td>\n<td width=\"60\">27,827<\/td>\n<\/tr>\n<tr>\n<td width=\"60\">5. #22<\/td>\n<td width=\"150\">Tommy Hayden<\/td>\n<td width=\"170\">Suzuki GSX-R1000<\/td>\n<td width=\"60\">30,492<\/td>\n<\/tr>\n<tr>\n<td width=\"60\">6. #17<\/td>\n<td width=\"150\">Miguel Duhamel<\/td>\n<td width=\"170\">Honda CBR1000RR<\/td>\n<td width=\"60\">31,425<\/td>\n<\/tr>\n<tr>\n<td width=\"60\">7. #40<\/td>\n<td width=\"150\">Jason Disalvo<\/td>\n<td width=\"170\">Yamaha YZF-R1<\/td>\n<td width=\"60\">52,772<\/td>\n<\/tr>\n<tr>\n<td width=\"60\">8. #99<\/td>\n<td width=\"150\">Geoff May<\/td>\n<td width=\"170\">Suzuki GSX-R1000<\/td>\n<td width=\"60\">1 tour<\/td>\n<\/tr>\n<tr>\n<td width=\"340\" height=\"50\" colspan=\"4\"><em>Championnat 2008 apr\u00e8s 15 courses<\/em><\/td>\n<\/tr>\n<tr>\n<td width=\"60\">1. #1<\/td>\n<td width=\"150\">Ben Spies<\/td>\n<td width=\"60\">476<\/td>\n<\/tr>\n<tr>\n<td width=\"60\">2. #6<\/td>\n<td width=\"150\">Mathew Mladin<\/td>\n<td width=\"60\">449<\/td>\n<\/tr>\n<tr>\n<td width=\"60\">3. #2<\/td>\n<td width=\"150\">Jamie A. Hacking<\/td>\n<td width=\"60\">377<\/td>\n<\/tr>\n<tr>\n<td width=\"60\">4. #100<\/td>\n<td width=\"150\">Neil Hodgson<\/td>\n<td width=\"60\">344<\/td>\n<\/tr>\n<tr>\n<td width=\"60\">5. #40<\/td>\n<td width=\"150\">Jason Disalvo<\/td>\n<td width=\"60\">339<\/td>\n<\/tr>\n<tr>\n<td width=\"60\">6. #32<\/td>\n<td width=\"150\">Eric Bostrom<\/td>\n<td width=\"60\">311<\/td>\n<\/tr>\n<tr>\n<td width=\"60\">7. #20<\/td>\n<td width=\"150\">Aaron W. Yates<\/td>\n<td width=\"60\">288<\/td>\n<\/tr>\n<tr>\n<td width=\"60\">8. #17<\/td>\n<td width=\"150\">Miguel Duhamel<\/td>\n<td width=\"60\">284<\/td>\n<\/tr>\n<\/tbody>\n<\/table>\n","protected":false},"excerpt":{"rendered":"<p>Ce double week-end de course a vu Mat Mladin offrir \u00e0 son \u00e9quipe \u00abRockstar Makita Yoshimura Suzuki\u00bb sa 40e victoire cons\u00e9cutive en Superbike le samedi, alors que l\u2019Australien y allait de sa 70e victoire personnelle le lendemain.Mais m\u00eame si les records allaient bon train, le d\u00e9roulement de ces deux manches fut \u00e0 l\u2019oppos\u00e9. La course [&hellip;]<\/p>\n","protected":false},"author":325,"featured_media":0,"comment_status":"open","ping_status":"open","sticky":false,"template":"","format":"standard","meta":{"footnotes":""},"categories":[74],"tags":[],"class_list":["post-548","post","type-post","status-publish","format-standard","hentry","category-ama-superbike"],"yoast_head":"<!-- This site is optimized with the Yoast SEO plugin v26.0 - https:\/\/yoast.com\/wordpress\/plugins\/seo\/ -->\n<title>AMA Superbike Mid-Ohio, Toujours les m\u00eames - leblogmoto.com<\/title>\n<meta name=\"robots\" content=\"index, follow, max-snippet:-1, max-image-preview:large, max-video-preview:-1\" \/>\n<link rel=\"canonical\" href=\"https:\/\/blogs.thesocialmedia.com\/leblogmoto\/2008\/08\/05\/ama-superbike-m\/\" \/>\n<meta name=\"twitter:card\" content=\"summary_large_image\" \/>\n<meta name=\"twitter:title\" content=\"AMA Superbike Mid-Ohio, Toujours les m\u00eames - leblogmoto.com\" \/>\n<meta name=\"twitter:description\" content=\"Ce double week-end de course a vu Mat Mladin offrir \u00e0 son \u00e9quipe \u00abRockstar Makita Yoshimura Suzuki\u00bb sa 40e victoire cons\u00e9cutive en Superbike le samedi, alors que l\u2019Australien y allait de sa 70e victoire personnelle le lendemain.Mais m\u00eame si les records allaient bon train, le d\u00e9roulement de ces deux manches fut \u00e0 l\u2019oppos\u00e9. La course [&hellip;]\" \/>\n<meta name=\"twitter:image\" content=\"http:\/\/www.leblogmoto.com\/images\/2008\/08\/04\/ohio.jpg\" \/>\n<meta name=\"twitter:label1\" content=\"\u00c9crit par\" \/>\n\t<meta name=\"twitter:data1\" content=\"jacques lesage\" \/>\n\t<meta name=\"twitter:label2\" content=\"Dur\u00e9e de lecture estim\u00e9e\" \/>\n\t<meta name=\"twitter:data2\" content=\"4 minutes\" \/>\n<script type=\"application\/ld+json\" class=\"yoast-schema-graph\">{\"@context\":\"https:\/\/schema.org\",\"@graph\":[{\"@type\":\"WebPage\",\"@id\":\"https:\/\/blogs.thesocialmedia.com\/leblogmoto\/2008\/08\/05\/ama-superbike-m\/\",\"url\":\"https:\/\/blogs.thesocialmedia.com\/leblogmoto\/2008\/08\/05\/ama-superbike-m\/\",\"name\":\"AMA Superbike Mid-Ohio, Toujours les m\u00eames - leblogmoto.com\",\"isPartOf\":{\"@id\":\"https:\/\/blogs.thesocialmedia.com\/leblogmoto\/#website\"},\"primaryImageOfPage\":{\"@id\":\"https:\/\/blogs.thesocialmedia.com\/leblogmoto\/2008\/08\/05\/ama-superbike-m\/#primaryimage\"},\"image\":{\"@id\":\"https:\/\/blogs.thesocialmedia.com\/leblogmoto\/2008\/08\/05\/ama-superbike-m\/#primaryimage\"},\"thumbnailUrl\":\"http:\/\/www.leblogmoto.com\/images\/2008\/08\/04\/ohio.jpg\",\"datePublished\":\"2008-08-05T04:45:04+00:00\",\"dateModified\":\"2012-07-11T16:11:22+00:00\",\"author\":{\"@id\":\"https:\/\/blogs.thesocialmedia.com\/leblogmoto\/#\/schema\/person\/e82a0ca8a9a63d031586097a3ed58526\"},\"breadcrumb\":{\"@id\":\"https:\/\/blogs.thesocialmedia.com\/leblogmoto\/2008\/08\/05\/ama-superbike-m\/#breadcrumb\"},\"inLanguage\":\"fr-FR\",\"potentialAction\":[{\"@type\":\"ReadAction\",\"target\":[\"https:\/\/blogs.thesocialmedia.com\/leblogmoto\/2008\/08\/05\/ama-superbike-m\/\"]}]},{\"@type\":\"ImageObject\",\"inLanguage\":\"fr-FR\",\"@id\":\"https:\/\/blogs.thesocialmedia.com\/leblogmoto\/2008\/08\/05\/ama-superbike-m\/#primaryimage\",\"url\":\"http:\/\/www.leblogmoto.com\/images\/2008\/08\/04\/ohio.jpg\",\"contentUrl\":\"http:\/\/www.leblogmoto.com\/images\/2008\/08\/04\/ohio.jpg\"},{\"@type\":\"BreadcrumbList\",\"@id\":\"https:\/\/blogs.thesocialmedia.com\/leblogmoto\/2008\/08\/05\/ama-superbike-m\/#breadcrumb\",\"itemListElement\":[{\"@type\":\"ListItem\",\"position\":1,\"name\":\"Accueil\",\"item\":\"https:\/\/blogs.thesocialmedia.com\/leblogmoto\/\"},{\"@type\":\"ListItem\",\"position\":2,\"name\":\"AMA Superbike Mid-Ohio, Toujours les m\u00eames\"}]},{\"@type\":\"WebSite\",\"@id\":\"https:\/\/blogs.thesocialmedia.com\/leblogmoto\/#website\",\"url\":\"https:\/\/blogs.thesocialmedia.com\/leblogmoto\/\",\"name\":\"leblogmoto\",\"description\":\"Toute l&#039;actualit\u00e9 des 2 roues\",\"potentialAction\":[{\"@type\":\"SearchAction\",\"target\":{\"@type\":\"EntryPoint\",\"urlTemplate\":\"https:\/\/blogs.thesocialmedia.com\/leblogmoto\/?s={search_term_string}\"},\"query-input\":{\"@type\":\"PropertyValueSpecification\",\"valueRequired\":true,\"valueName\":\"search_term_string\"}}],\"inLanguage\":\"fr-FR\"},{\"@type\":\"Person\",\"@id\":\"https:\/\/blogs.thesocialmedia.com\/leblogmoto\/#\/schema\/person\/e82a0ca8a9a63d031586097a3ed58526\",\"name\":\"jacques lesage\",\"image\":{\"@type\":\"ImageObject\",\"inLanguage\":\"fr-FR\",\"@id\":\"https:\/\/blogs.thesocialmedia.com\/leblogmoto\/#\/schema\/person\/image\/\",\"url\":\"https:\/\/secure.gravatar.com\/avatar\/?s=96&d=mm&r=g\",\"contentUrl\":\"https:\/\/secure.gravatar.com\/avatar\/?s=96&d=mm&r=g\",\"caption\":\"jacques lesage\"},\"url\":\"https:\/\/blogs.thesocialmedia.com\/leblogmoto\/author\/jacques-lesage\/\"}]}<\/script>\n<!-- \/ Yoast SEO plugin. -->","yoast_head_json":{"title":"AMA Superbike Mid-Ohio, Toujours les m\u00eames - leblogmoto.com","robots":{"index":"index","follow":"follow","max-snippet":"max-snippet:-1","max-image-preview":"max-image-preview:large","max-video-preview":"max-video-preview:-1"},"canonical":"https:\/\/blogs.thesocialmedia.com\/leblogmoto\/2008\/08\/05\/ama-superbike-m\/","twitter_card":"summary_large_image","twitter_title":"AMA Superbike Mid-Ohio, Toujours les m\u00eames - leblogmoto.com","twitter_description":"Ce double week-end de course a vu Mat Mladin offrir \u00e0 son \u00e9quipe \u00abRockstar Makita Yoshimura Suzuki\u00bb sa 40e victoire cons\u00e9cutive en Superbike le samedi, alors que l\u2019Australien y allait de sa 70e victoire personnelle le lendemain.Mais m\u00eame si les records allaient bon train, le d\u00e9roulement de ces deux manches fut \u00e0 l\u2019oppos\u00e9. La course [&hellip;]","twitter_image":"http:\/\/www.leblogmoto.com\/images\/2008\/08\/04\/ohio.jpg","twitter_misc":{"\u00c9crit par":"jacques lesage","Dur\u00e9e de lecture estim\u00e9e":"4 minutes"},"schema":{"@context":"https:\/\/schema.org","@graph":[{"@type":"WebPage","@id":"https:\/\/blogs.thesocialmedia.com\/leblogmoto\/2008\/08\/05\/ama-superbike-m\/","url":"https:\/\/blogs.thesocialmedia.com\/leblogmoto\/2008\/08\/05\/ama-superbike-m\/","name":"AMA Superbike Mid-Ohio, Toujours les m\u00eames - leblogmoto.com","isPartOf":{"@id":"https:\/\/blogs.thesocialmedia.com\/leblogmoto\/#website"},"primaryImageOfPage":{"@id":"https:\/\/blogs.thesocialmedia.com\/leblogmoto\/2008\/08\/05\/ama-superbike-m\/#primaryimage"},"image":{"@id":"https:\/\/blogs.thesocialmedia.com\/leblogmoto\/2008\/08\/05\/ama-superbike-m\/#primaryimage"},"thumbnailUrl":"http:\/\/www.leblogmoto.com\/images\/2008\/08\/04\/ohio.jpg","datePublished":"2008-08-05T04:45:04+00:00","dateModified":"2012-07-11T16:11:22+00:00","author":{"@id":"https:\/\/blogs.thesocialmedia.com\/leblogmoto\/#\/schema\/person\/e82a0ca8a9a63d031586097a3ed58526"},"breadcrumb":{"@id":"https:\/\/blogs.thesocialmedia.com\/leblogmoto\/2008\/08\/05\/ama-superbike-m\/#breadcrumb"},"inLanguage":"fr-FR","potentialAction":[{"@type":"ReadAction","target":["https:\/\/blogs.thesocialmedia.com\/leblogmoto\/2008\/08\/05\/ama-superbike-m\/"]}]},{"@type":"ImageObject","inLanguage":"fr-FR","@id":"https:\/\/blogs.thesocialmedia.com\/leblogmoto\/2008\/08\/05\/ama-superbike-m\/#primaryimage","url":"http:\/\/www.leblogmoto.com\/images\/2008\/08\/04\/ohio.jpg","contentUrl":"http:\/\/www.leblogmoto.com\/images\/2008\/08\/04\/ohio.jpg"},{"@type":"BreadcrumbList","@id":"https:\/\/blogs.thesocialmedia.com\/leblogmoto\/2008\/08\/05\/ama-superbike-m\/#breadcrumb","itemListElement":[{"@type":"ListItem","position":1,"name":"Accueil","item":"https:\/\/blogs.thesocialmedia.com\/leblogmoto\/"},{"@type":"ListItem","position":2,"name":"AMA Superbike Mid-Ohio, Toujours les m\u00eames"}]},{"@type":"WebSite","@id":"https:\/\/blogs.thesocialmedia.com\/leblogmoto\/#website","url":"https:\/\/blogs.thesocialmedia.com\/leblogmoto\/","name":"leblogmoto","description":"Toute l&#039;actualit\u00e9 des 2 roues","potentialAction":[{"@type":"SearchAction","target":{"@type":"EntryPoint","urlTemplate":"https:\/\/blogs.thesocialmedia.com\/leblogmoto\/?s={search_term_string}"},"query-input":{"@type":"PropertyValueSpecification","valueRequired":true,"valueName":"search_term_string"}}],"inLanguage":"fr-FR"},{"@type":"Person","@id":"https:\/\/blogs.thesocialmedia.com\/leblogmoto\/#\/schema\/person\/e82a0ca8a9a63d031586097a3ed58526","name":"jacques lesage","image":{"@type":"ImageObject","inLanguage":"fr-FR","@id":"https:\/\/blogs.thesocialmedia.com\/leblogmoto\/#\/schema\/person\/image\/","url":"https:\/\/secure.gravatar.com\/avatar\/?s=96&d=mm&r=g","contentUrl":"https:\/\/secure.gravatar.com\/avatar\/?s=96&d=mm&r=g","caption":"jacques lesage"},"url":"https:\/\/blogs.thesocialmedia.com\/leblogmoto\/author\/jacques-lesage\/"}]}},"_links":{"self":[{"href":"https:\/\/blogs.thesocialmedia.com\/leblogmoto\/wp-json\/wp\/v2\/posts\/548","targetHints":{"allow":["GET"]}}],"collection":[{"href":"https:\/\/blogs.thesocialmedia.com\/leblogmoto\/wp-json\/wp\/v2\/posts"}],"about":[{"href":"https:\/\/blogs.thesocialmedia.com\/leblogmoto\/wp-json\/wp\/v2\/types\/post"}],"author":[{"embeddable":true,"href":"https:\/\/blogs.thesocialmedia.com\/leblogmoto\/wp-json\/wp\/v2\/users\/325"}],"replies":[{"embeddable":true,"href":"https:\/\/blogs.thesocialmedia.com\/leblogmoto\/wp-json\/wp\/v2\/comments?post=548"}],"version-history":[{"count":2,"href":"https:\/\/blogs.thesocialmedia.com\/leblogmoto\/wp-json\/wp\/v2\/posts\/548\/revisions"}],"predecessor-version":[{"id":11405,"href":"https:\/\/blogs.thesocialmedia.com\/leblogmoto\/wp-json\/wp\/v2\/posts\/548\/revisions\/11405"}],"wp:attachment":[{"href":"https:\/\/blogs.thesocialmedia.com\/leblogmoto\/wp-json\/wp\/v2\/media?parent=548"}],"wp:term":[{"taxonomy":"category","embeddable":true,"href":"https:\/\/blogs.thesocialmedia.com\/leblogmoto\/wp-json\/wp\/v2\/categories?post=548"},{"taxonomy":"post_tag","embeddable":true,"href":"https:\/\/blogs.thesocialmedia.com\/leblogmoto\/wp-json\/wp\/v2\/tags?post=548"}],"curies":[{"name":"wp","href":"https:\/\/api.w.org\/{rel}","templated":true}]}}