{"id":553,"date":"2008-08-01T04:58:03","date_gmt":"2008-08-01T04:58:03","guid":{"rendered":"http:\/\/blogs.thesocialmedia.com\/leblogmoto\/2008\/08\/01\/album-du-vendre-8\/"},"modified":"2012-07-11T16:11:00","modified_gmt":"2012-07-11T16:11:00","slug":"album-du-vendre-8","status":"publish","type":"post","link":"https:\/\/blogs.thesocialmedia.com\/leblogmoto\/2008\/08\/01\/album-du-vendre-8\/","title":{"rendered":"Album du vendredi, Extravagance du jour"},"content":{"rendered":"<p><a href=\"http:\/\/blogs.thesocialmedia.com\/leblogmoto\/files\/2012\/07\/077.jpg\"><img loading=\"lazy\" decoding=\"async\" width=\"470\" height=\"313\"  src=\"http:\/\/www.leblogmoto.com\/images\/2008\/07\/31\/077.jpg\" alt=\"077\" \/><\/a> <\/p>\n<p>Plus jeunes, nous avons tous des r\u00eaves fous, de ces extravagances qui na\u00efvement expos\u00e9es ou manifest\u00e9es, sont rapidement ramen\u00e9es \u00e0 la r\u00e9alit\u00e9. Enfant, impressionn\u00e9 par les aventures de <a href=\"http:\/\/fanaviation.oldiblog.com\/?page=lastarticle&amp;id=956119\">Tanguy et Laverdure<\/a>, je voulais devenir pilote de chasse. Un cur\u00e9, probablement J\u00e9suite, fier de son esprit, avait dit \u00e0 ma m\u00e8re que je visais un peu trop haut. Redescendu sur terre maintenant, \u00e0 moto, je vole quand m\u00eame.<\/p>\n<p>Mais il y en a pour qui les lubies du petit gar\u00e7on en culotte courte s&rsquo;incrustent, et la vie d&rsquo;adulte se passe \u00e0 tenter de, maladroitement souvent, toucher ce ciel inaccessible.<\/p>\n<p>Cette moto, Sir Lancelot de son nom par <a href=\"http:\/\/www.metrictv.com\/adamcanni.htm\">Adam Canni<\/a>, me semble en \u00eatre une belle repr\u00e9sentation. Je ne vois pas d&rsquo;autre explication, pour mettre autant d&rsquo;\u00e9nergie et de temps pour une aussi futile entreprise.<\/p>\n<p>Une oeuvre d&rsquo;art, bonne ou mauvaise, est le fruit d&rsquo;une \u00e9motion intellectualis\u00e9e, mais cette moto est un r\u00eave pour son cr\u00e9ateur, un cauchemar pour les autres. Parfois, il vaut mieux affronter la r\u00e9alit\u00e9, la comprendre et l&rsquo;expliquer, que de r\u00e9gurgiter un pass\u00e9 id\u00e9alis\u00e9.<\/p>\n<p><a href=\"http:\/\/clabedan.typepad.com\/.shared\/image.html?\/photos\/uncategorized\/2008\/07\/31\/078.jpg\"><img loading=\"lazy\" decoding=\"async\" width=\"470\" height=\"313\"  src=\"http:\/\/www.leblogmoto.com\/images\/2008\/07\/31\/078.jpg\" alt=\"078\" \/><\/a> <\/p>\n<p><a href=\"http:\/\/blogs.thesocialmedia.com\/leblogmoto\/files\/2012\/07\/079.jpg\"><img loading=\"lazy\" decoding=\"async\" width=\"470\" height=\"313\"  src=\"http:\/\/www.leblogmoto.com\/images\/2008\/07\/31\/079.jpg\" alt=\"079\" \/><\/a> <\/p>\n<p><a href=\"http:\/\/blogs.thesocialmedia.com\/leblogmoto\/files\/2012\/07\/107.jpg\"><img loading=\"lazy\" decoding=\"async\" width=\"470\" height=\"659\"  src=\"http:\/\/www.leblogmoto.com\/images\/2008\/07\/31\/107.jpg\" alt=\"107\" \/><\/a> <\/p>\n<p><a href=\"http:\/\/blogs.thesocialmedia.com\/leblogmoto\/files\/2012\/07\/119.jpg\"><img loading=\"lazy\" decoding=\"async\" width=\"470\" height=\"254\"  src=\"http:\/\/www.leblogmoto.com\/images\/2008\/07\/31\/119.jpg\" alt=\"119\" \/><\/a> <\/p>\n<p><a href=\"http:\/\/blogs.thesocialmedia.com\/leblogmoto\/files\/2012\/07\/126.jpg\"><img loading=\"lazy\" decoding=\"async\" width=\"470\" height=\"313\"  src=\"http:\/\/www.leblogmoto.com\/images\/2008\/07\/31\/126.jpg\" alt=\"126\" \/><\/a> <\/p>\n<p><a href=\"http:\/\/blogs.thesocialmedia.com\/leblogmoto\/files\/2012\/07\/128.jpg\"><img loading=\"lazy\" decoding=\"async\" width=\"470\" height=\"313\"  src=\"http:\/\/www.leblogmoto.com\/images\/2008\/07\/31\/128.jpg\" alt=\"128\" \/><\/a> <\/p>\n<p><a href=\"http:\/\/blogs.thesocialmedia.com\/leblogmoto\/files\/2012\/07\/132.jpg\"><img loading=\"lazy\" decoding=\"async\" width=\"470\" height=\"313\"  src=\"http:\/\/www.leblogmoto.com\/images\/2008\/07\/31\/132.jpg\" alt=\"132\" \/><\/a> <\/p>\n<p><a href=\"http:\/\/blogs.thesocialmedia.com\/leblogmoto\/files\/2012\/07\/135.jpg\"><img loading=\"lazy\" decoding=\"async\" width=\"470\" height=\"313\"  src=\"http:\/\/www.leblogmoto.com\/images\/2008\/07\/31\/135.jpg\" alt=\"135\" \/><\/a> <\/p>\n<p><a href=\"http:\/\/blogs.thesocialmedia.com\/leblogmoto\/files\/2012\/07\/251.jpg\"><img loading=\"lazy\" decoding=\"async\" width=\"470\" height=\"313\"  src=\"http:\/\/www.leblogmoto.com\/images\/2008\/07\/31\/251.jpg\" alt=\"251\" \/><\/a> <\/p>\n","protected":false},"excerpt":{"rendered":"<p>Plus jeunes, nous avons tous des r\u00eaves fous, de ces extravagances qui na\u00efvement expos\u00e9es ou manifest\u00e9es, sont rapidement ramen\u00e9es \u00e0 la r\u00e9alit\u00e9. Enfant, impressionn\u00e9 par les aventures de Tanguy et Laverdure, je voulais devenir pilote de chasse. Un cur\u00e9, probablement J\u00e9suite, fier de son esprit, avait dit \u00e0 ma m\u00e8re que je visais un peu [&hellip;]<\/p>\n","protected":false},"author":325,"featured_media":0,"comment_status":"open","ping_status":"open","sticky":false,"template":"","format":"standard","meta":{"footnotes":""},"categories":[16],"tags":[],"class_list":["post-553","post","type-post","status-publish","format-standard","hentry","category-art-moto"],"yoast_head":"<!-- This site is optimized with the Yoast SEO plugin v26.0 - https:\/\/yoast.com\/wordpress\/plugins\/seo\/ -->\n<title>Album du vendredi, Extravagance du jour - leblogmoto.com<\/title>\n<meta name=\"robots\" content=\"index, follow, max-snippet:-1, max-image-preview:large, max-video-preview:-1\" \/>\n<link rel=\"canonical\" href=\"https:\/\/blogs.thesocialmedia.com\/leblogmoto\/2008\/08\/01\/album-du-vendre-8\/\" \/>\n<meta name=\"twitter:card\" content=\"summary_large_image\" \/>\n<meta name=\"twitter:title\" content=\"Album du vendredi, Extravagance du jour - leblogmoto.com\" \/>\n<meta name=\"twitter:description\" content=\"Plus jeunes, nous avons tous des r\u00eaves fous, de ces extravagances qui na\u00efvement expos\u00e9es ou manifest\u00e9es, sont rapidement ramen\u00e9es \u00e0 la r\u00e9alit\u00e9. Enfant, impressionn\u00e9 par les aventures de Tanguy et Laverdure, je voulais devenir pilote de chasse. Un cur\u00e9, probablement J\u00e9suite, fier de son esprit, avait dit \u00e0 ma m\u00e8re que je visais un peu [&hellip;]\" \/>\n<meta name=\"twitter:image\" content=\"http:\/\/www.leblogmoto.com\/images\/2008\/07\/31\/077.jpg\" \/>\n<meta name=\"twitter:label1\" content=\"\u00c9crit par\" \/>\n\t<meta name=\"twitter:data1\" content=\"jacques lesage\" \/>\n\t<meta name=\"twitter:label2\" content=\"Dur\u00e9e de lecture estim\u00e9e\" \/>\n\t<meta name=\"twitter:data2\" content=\"1 minute\" \/>\n<script type=\"application\/ld+json\" class=\"yoast-schema-graph\">{\"@context\":\"https:\/\/schema.org\",\"@graph\":[{\"@type\":\"WebPage\",\"@id\":\"https:\/\/blogs.thesocialmedia.com\/leblogmoto\/2008\/08\/01\/album-du-vendre-8\/\",\"url\":\"https:\/\/blogs.thesocialmedia.com\/leblogmoto\/2008\/08\/01\/album-du-vendre-8\/\",\"name\":\"Album du vendredi, Extravagance du jour - leblogmoto.com\",\"isPartOf\":{\"@id\":\"https:\/\/blogs.thesocialmedia.com\/leblogmoto\/#website\"},\"primaryImageOfPage\":{\"@id\":\"https:\/\/blogs.thesocialmedia.com\/leblogmoto\/2008\/08\/01\/album-du-vendre-8\/#primaryimage\"},\"image\":{\"@id\":\"https:\/\/blogs.thesocialmedia.com\/leblogmoto\/2008\/08\/01\/album-du-vendre-8\/#primaryimage\"},\"thumbnailUrl\":\"http:\/\/www.leblogmoto.com\/images\/2008\/07\/31\/077.jpg\",\"datePublished\":\"2008-08-01T04:58:03+00:00\",\"dateModified\":\"2012-07-11T16:11:00+00:00\",\"author\":{\"@id\":\"https:\/\/blogs.thesocialmedia.com\/leblogmoto\/#\/schema\/person\/e82a0ca8a9a63d031586097a3ed58526\"},\"breadcrumb\":{\"@id\":\"https:\/\/blogs.thesocialmedia.com\/leblogmoto\/2008\/08\/01\/album-du-vendre-8\/#breadcrumb\"},\"inLanguage\":\"fr-FR\",\"potentialAction\":[{\"@type\":\"ReadAction\",\"target\":[\"https:\/\/blogs.thesocialmedia.com\/leblogmoto\/2008\/08\/01\/album-du-vendre-8\/\"]}]},{\"@type\":\"ImageObject\",\"inLanguage\":\"fr-FR\",\"@id\":\"https:\/\/blogs.thesocialmedia.com\/leblogmoto\/2008\/08\/01\/album-du-vendre-8\/#primaryimage\",\"url\":\"http:\/\/www.leblogmoto.com\/images\/2008\/07\/31\/077.jpg\",\"contentUrl\":\"http:\/\/www.leblogmoto.com\/images\/2008\/07\/31\/077.jpg\"},{\"@type\":\"BreadcrumbList\",\"@id\":\"https:\/\/blogs.thesocialmedia.com\/leblogmoto\/2008\/08\/01\/album-du-vendre-8\/#breadcrumb\",\"itemListElement\":[{\"@type\":\"ListItem\",\"position\":1,\"name\":\"Accueil\",\"item\":\"https:\/\/blogs.thesocialmedia.com\/leblogmoto\/\"},{\"@type\":\"ListItem\",\"position\":2,\"name\":\"Album du vendredi, Extravagance du jour\"}]},{\"@type\":\"WebSite\",\"@id\":\"https:\/\/blogs.thesocialmedia.com\/leblogmoto\/#website\",\"url\":\"https:\/\/blogs.thesocialmedia.com\/leblogmoto\/\",\"name\":\"leblogmoto\",\"description\":\"Toute l&#039;actualit\u00e9 des 2 roues\",\"potentialAction\":[{\"@type\":\"SearchAction\",\"target\":{\"@type\":\"EntryPoint\",\"urlTemplate\":\"https:\/\/blogs.thesocialmedia.com\/leblogmoto\/?s={search_term_string}\"},\"query-input\":{\"@type\":\"PropertyValueSpecification\",\"valueRequired\":true,\"valueName\":\"search_term_string\"}}],\"inLanguage\":\"fr-FR\"},{\"@type\":\"Person\",\"@id\":\"https:\/\/blogs.thesocialmedia.com\/leblogmoto\/#\/schema\/person\/e82a0ca8a9a63d031586097a3ed58526\",\"name\":\"jacques lesage\",\"image\":{\"@type\":\"ImageObject\",\"inLanguage\":\"fr-FR\",\"@id\":\"https:\/\/blogs.thesocialmedia.com\/leblogmoto\/#\/schema\/person\/image\/\",\"url\":\"https:\/\/secure.gravatar.com\/avatar\/?s=96&d=mm&r=g\",\"contentUrl\":\"https:\/\/secure.gravatar.com\/avatar\/?s=96&d=mm&r=g\",\"caption\":\"jacques lesage\"},\"url\":\"https:\/\/blogs.thesocialmedia.com\/leblogmoto\/author\/jacques-lesage\/\"}]}<\/script>\n<!-- \/ Yoast SEO plugin. -->","yoast_head_json":{"title":"Album du vendredi, Extravagance du jour - leblogmoto.com","robots":{"index":"index","follow":"follow","max-snippet":"max-snippet:-1","max-image-preview":"max-image-preview:large","max-video-preview":"max-video-preview:-1"},"canonical":"https:\/\/blogs.thesocialmedia.com\/leblogmoto\/2008\/08\/01\/album-du-vendre-8\/","twitter_card":"summary_large_image","twitter_title":"Album du vendredi, Extravagance du jour - leblogmoto.com","twitter_description":"Plus jeunes, nous avons tous des r\u00eaves fous, de ces extravagances qui na\u00efvement expos\u00e9es ou manifest\u00e9es, sont rapidement ramen\u00e9es \u00e0 la r\u00e9alit\u00e9. Enfant, impressionn\u00e9 par les aventures de Tanguy et Laverdure, je voulais devenir pilote de chasse. Un cur\u00e9, probablement J\u00e9suite, fier de son esprit, avait dit \u00e0 ma m\u00e8re que je visais un peu [&hellip;]","twitter_image":"http:\/\/www.leblogmoto.com\/images\/2008\/07\/31\/077.jpg","twitter_misc":{"\u00c9crit par":"jacques lesage","Dur\u00e9e de lecture estim\u00e9e":"1 minute"},"schema":{"@context":"https:\/\/schema.org","@graph":[{"@type":"WebPage","@id":"https:\/\/blogs.thesocialmedia.com\/leblogmoto\/2008\/08\/01\/album-du-vendre-8\/","url":"https:\/\/blogs.thesocialmedia.com\/leblogmoto\/2008\/08\/01\/album-du-vendre-8\/","name":"Album du vendredi, Extravagance du jour - leblogmoto.com","isPartOf":{"@id":"https:\/\/blogs.thesocialmedia.com\/leblogmoto\/#website"},"primaryImageOfPage":{"@id":"https:\/\/blogs.thesocialmedia.com\/leblogmoto\/2008\/08\/01\/album-du-vendre-8\/#primaryimage"},"image":{"@id":"https:\/\/blogs.thesocialmedia.com\/leblogmoto\/2008\/08\/01\/album-du-vendre-8\/#primaryimage"},"thumbnailUrl":"http:\/\/www.leblogmoto.com\/images\/2008\/07\/31\/077.jpg","datePublished":"2008-08-01T04:58:03+00:00","dateModified":"2012-07-11T16:11:00+00:00","author":{"@id":"https:\/\/blogs.thesocialmedia.com\/leblogmoto\/#\/schema\/person\/e82a0ca8a9a63d031586097a3ed58526"},"breadcrumb":{"@id":"https:\/\/blogs.thesocialmedia.com\/leblogmoto\/2008\/08\/01\/album-du-vendre-8\/#breadcrumb"},"inLanguage":"fr-FR","potentialAction":[{"@type":"ReadAction","target":["https:\/\/blogs.thesocialmedia.com\/leblogmoto\/2008\/08\/01\/album-du-vendre-8\/"]}]},{"@type":"ImageObject","inLanguage":"fr-FR","@id":"https:\/\/blogs.thesocialmedia.com\/leblogmoto\/2008\/08\/01\/album-du-vendre-8\/#primaryimage","url":"http:\/\/www.leblogmoto.com\/images\/2008\/07\/31\/077.jpg","contentUrl":"http:\/\/www.leblogmoto.com\/images\/2008\/07\/31\/077.jpg"},{"@type":"BreadcrumbList","@id":"https:\/\/blogs.thesocialmedia.com\/leblogmoto\/2008\/08\/01\/album-du-vendre-8\/#breadcrumb","itemListElement":[{"@type":"ListItem","position":1,"name":"Accueil","item":"https:\/\/blogs.thesocialmedia.com\/leblogmoto\/"},{"@type":"ListItem","position":2,"name":"Album du vendredi, Extravagance du jour"}]},{"@type":"WebSite","@id":"https:\/\/blogs.thesocialmedia.com\/leblogmoto\/#website","url":"https:\/\/blogs.thesocialmedia.com\/leblogmoto\/","name":"leblogmoto","description":"Toute l&#039;actualit\u00e9 des 2 roues","potentialAction":[{"@type":"SearchAction","target":{"@type":"EntryPoint","urlTemplate":"https:\/\/blogs.thesocialmedia.com\/leblogmoto\/?s={search_term_string}"},"query-input":{"@type":"PropertyValueSpecification","valueRequired":true,"valueName":"search_term_string"}}],"inLanguage":"fr-FR"},{"@type":"Person","@id":"https:\/\/blogs.thesocialmedia.com\/leblogmoto\/#\/schema\/person\/e82a0ca8a9a63d031586097a3ed58526","name":"jacques lesage","image":{"@type":"ImageObject","inLanguage":"fr-FR","@id":"https:\/\/blogs.thesocialmedia.com\/leblogmoto\/#\/schema\/person\/image\/","url":"https:\/\/secure.gravatar.com\/avatar\/?s=96&d=mm&r=g","contentUrl":"https:\/\/secure.gravatar.com\/avatar\/?s=96&d=mm&r=g","caption":"jacques lesage"},"url":"https:\/\/blogs.thesocialmedia.com\/leblogmoto\/author\/jacques-lesage\/"}]}},"_links":{"self":[{"href":"https:\/\/blogs.thesocialmedia.com\/leblogmoto\/wp-json\/wp\/v2\/posts\/553","targetHints":{"allow":["GET"]}}],"collection":[{"href":"https:\/\/blogs.thesocialmedia.com\/leblogmoto\/wp-json\/wp\/v2\/posts"}],"about":[{"href":"https:\/\/blogs.thesocialmedia.com\/leblogmoto\/wp-json\/wp\/v2\/types\/post"}],"author":[{"embeddable":true,"href":"https:\/\/blogs.thesocialmedia.com\/leblogmoto\/wp-json\/wp\/v2\/users\/325"}],"replies":[{"embeddable":true,"href":"https:\/\/blogs.thesocialmedia.com\/leblogmoto\/wp-json\/wp\/v2\/comments?post=553"}],"version-history":[{"count":2,"href":"https:\/\/blogs.thesocialmedia.com\/leblogmoto\/wp-json\/wp\/v2\/posts\/553\/revisions"}],"predecessor-version":[{"id":11391,"href":"https:\/\/blogs.thesocialmedia.com\/leblogmoto\/wp-json\/wp\/v2\/posts\/553\/revisions\/11391"}],"wp:attachment":[{"href":"https:\/\/blogs.thesocialmedia.com\/leblogmoto\/wp-json\/wp\/v2\/media?parent=553"}],"wp:term":[{"taxonomy":"category","embeddable":true,"href":"https:\/\/blogs.thesocialmedia.com\/leblogmoto\/wp-json\/wp\/v2\/categories?post=553"},{"taxonomy":"post_tag","embeddable":true,"href":"https:\/\/blogs.thesocialmedia.com\/leblogmoto\/wp-json\/wp\/v2\/tags?post=553"}],"curies":[{"name":"wp","href":"https:\/\/api.w.org\/{rel}","templated":true}]}}