{"id":56,"date":"2009-10-12T08:26:31","date_gmt":"2009-10-12T08:26:31","guid":{"rendered":"http:\/\/blogs.thesocialmedia.com\/leblogmoto\/2009\/10\/12\/easy-rider-en-breles-a-lassaut-du-ventoux\/"},"modified":"2012-07-11T13:23:17","modified_gmt":"2012-07-11T13:23:17","slug":"easy-rider-en-breles-a-lassaut-du-ventoux","status":"publish","type":"post","link":"https:\/\/blogs.thesocialmedia.com\/leblogmoto\/2009\/10\/12\/easy-rider-en-breles-a-lassaut-du-ventoux\/","title":{"rendered":"Course et nostalgie en br\u00eale, \u00e0 l&rsquo;assaut du Ventoux."},"content":{"rendered":"<div> <object height=\"365\" width=\"470\"><param name=\"movie\" value=\"http:\/\/www.dailymotion.com\/swf\/x9zdx4&amp;related=0\" \/><param name=\"allowFullScreen\" value=\"true\" \/><param name=\"allowScriptAccess\" value=\"always\" \/><embed height=\"365\" src=\"http:\/\/www.dailymotion.com\/swf\/x9zdx4&amp;related=0\" type=\"application\/x-shockwave-flash\" width=\"470\" \/><\/object><br \/><strong><a href=\"http:\/\/www.dailymotion.com\/video\/x9zdx4_mobriders-au-ventoux_travel\">MobRiders au Ventoux<\/a><\/strong><br \/><em>envoy\u00e9 par <a href=\"http:\/\/www.dailymotion.com\/LordBarwed\">LordBarwed<\/a>. &#8211; <a href=\"http:\/\/www.dailymotion.com\/fr\/channel\/travel\">Evadez-vous en vid\u00e9o.<\/a><\/em><\/div>\n<p> <\/p>\n<p>&quot;Je vous parle d&#039;un temps que les moins de vingt ans ne peuvent pas conna\u00eetre&quot;, des paroles pleines de sens&#160;lorsqu&#039;on \u00e9voque le lent et in\u00e9luctable&#160;d\u00e9clin des&#160;mobylettes au profit des scooters. Le kitsch des guidons torsad\u00e9s le disputait aux selles de toutes formes&#160;et b\u00e9quilles du m\u00eame tonneau, dans les \u00e9tablissement&#160;du secondaire \u00e0 mon \u00e9poque.&#160;Quelque chose&#160;d&#039;invariable entre hier et maintenant, c&#039;est ce son de moustique m\u00e9canique&#160;parfois insupportable, m\u00eame &#8211; surtout ! &#8211; pour un motard.&#160;Les&#160;dix engag\u00e9s&#160;du <em>Mob riders tour<\/em>&#160;ont d\u00e9cid\u00e9 de revivre ces glorieuses ann\u00e9es,&#160;alors que d\u00e9sormais&#160;ce type de&#160;monture&#160;est seulement r\u00e9serv\u00e9&#160;\u00e0 quelques rares&#160;livreurs de pizza et coursiers qui n&#039;ont pas encore saut\u00e9 le pas. Et bien s\u00fbr aux passionn\u00e9s.<\/p>\n<p>L&#039;occasion de voir les&#160;Peugeot BB, 102, 103, 104, Motob\u00e9canes-Motoconfort, Flandria et Honda, partir \u00e0 l&#039;assaut de cette \u00e9tape mythique.&#160;A hauteur d&#039;homme on remarque&#160;moins&#160;le paysage aride, quasi-lunaire du Mont Ventoux tel que nous le font d\u00e9couvrir les cam\u00e9ras de t\u00e9l\u00e9vision au coeur de l&#039;\u00e9t\u00e9 lors du Tour de France. A ce propos il serait int\u00e9ressant de conna\u00eetre les vitesses moyennes des protagonistes de l&#039;ascension. Histoire de savoir qui du moulbif de 50cc &quot;dop\u00e9&quot; par un&#160;variateur de vitesse ou de la machine humaine souvent charg\u00e9e comme une chaudi\u00e8re est le plus rapide pour avaler les 23 kilom\u00e8tres de mont\u00e9e \u00e0 10%. J&#039;ai une petite id\u00e9e.<\/p>\n","protected":false},"excerpt":{"rendered":"<p>MobRiders au Ventouxenvoy\u00e9 par LordBarwed. &#8211; Evadez-vous en vid\u00e9o. &quot;Je vous parle d&#039;un temps que les moins de vingt ans ne peuvent pas conna\u00eetre&quot;, des paroles pleines de sens&#160;lorsqu&#039;on \u00e9voque le lent et in\u00e9luctable&#160;d\u00e9clin des&#160;mobylettes au profit des scooters. Le kitsch des guidons torsad\u00e9s le disputait aux selles de toutes formes&#160;et b\u00e9quilles du m\u00eame tonneau, [&hellip;]<\/p>\n","protected":false},"author":324,"featured_media":0,"comment_status":"open","ping_status":"open","sticky":false,"template":"","format":"standard","meta":{"footnotes":""},"categories":[53,11,12],"tags":[],"class_list":["post-56","post","type-post","status-publish","format-standard","hentry","category-mbk","category-passion","category-videos"],"yoast_head":"<!-- This site is optimized with the Yoast SEO plugin v26.0 - https:\/\/yoast.com\/wordpress\/plugins\/seo\/ -->\n<title>Course et nostalgie en br\u00eale, \u00e0 l&#039;assaut du Ventoux. - leblogmoto.com<\/title>\n<meta name=\"robots\" content=\"index, follow, max-snippet:-1, max-image-preview:large, max-video-preview:-1\" \/>\n<link rel=\"canonical\" href=\"https:\/\/blogs.thesocialmedia.com\/leblogmoto\/2009\/10\/12\/easy-rider-en-breles-a-lassaut-du-ventoux\/\" \/>\n<meta name=\"twitter:card\" content=\"summary_large_image\" \/>\n<meta name=\"twitter:title\" content=\"Course et nostalgie en br\u00eale, \u00e0 l&#039;assaut du Ventoux. - leblogmoto.com\" \/>\n<meta name=\"twitter:description\" content=\"MobRiders au Ventouxenvoy\u00e9 par LordBarwed. &#8211; Evadez-vous en vid\u00e9o. &quot;Je vous parle d&#039;un temps que les moins de vingt ans ne peuvent pas conna\u00eetre&quot;, des paroles pleines de sens&#160;lorsqu&#039;on \u00e9voque le lent et in\u00e9luctable&#160;d\u00e9clin des&#160;mobylettes au profit des scooters. Le kitsch des guidons torsad\u00e9s le disputait aux selles de toutes formes&#160;et b\u00e9quilles du m\u00eame tonneau, [&hellip;]\" \/>\n<meta name=\"twitter:label1\" content=\"\u00c9crit par\" \/>\n\t<meta name=\"twitter:data1\" content=\"benoit rieu\" \/>\n\t<meta name=\"twitter:label2\" content=\"Dur\u00e9e de lecture estim\u00e9e\" \/>\n\t<meta name=\"twitter:data2\" content=\"1 minute\" \/>\n<script type=\"application\/ld+json\" class=\"yoast-schema-graph\">{\"@context\":\"https:\/\/schema.org\",\"@graph\":[{\"@type\":\"WebPage\",\"@id\":\"https:\/\/blogs.thesocialmedia.com\/leblogmoto\/2009\/10\/12\/easy-rider-en-breles-a-lassaut-du-ventoux\/\",\"url\":\"https:\/\/blogs.thesocialmedia.com\/leblogmoto\/2009\/10\/12\/easy-rider-en-breles-a-lassaut-du-ventoux\/\",\"name\":\"Course et nostalgie en br\u00eale, \u00e0 l'assaut du Ventoux. - leblogmoto.com\",\"isPartOf\":{\"@id\":\"https:\/\/blogs.thesocialmedia.com\/leblogmoto\/#website\"},\"datePublished\":\"2009-10-12T08:26:31+00:00\",\"dateModified\":\"2012-07-11T13:23:17+00:00\",\"author\":{\"@id\":\"https:\/\/blogs.thesocialmedia.com\/leblogmoto\/#\/schema\/person\/18bfe773e5725ed6d24f743da805362a\"},\"breadcrumb\":{\"@id\":\"https:\/\/blogs.thesocialmedia.com\/leblogmoto\/2009\/10\/12\/easy-rider-en-breles-a-lassaut-du-ventoux\/#breadcrumb\"},\"inLanguage\":\"fr-FR\",\"potentialAction\":[{\"@type\":\"ReadAction\",\"target\":[\"https:\/\/blogs.thesocialmedia.com\/leblogmoto\/2009\/10\/12\/easy-rider-en-breles-a-lassaut-du-ventoux\/\"]}]},{\"@type\":\"BreadcrumbList\",\"@id\":\"https:\/\/blogs.thesocialmedia.com\/leblogmoto\/2009\/10\/12\/easy-rider-en-breles-a-lassaut-du-ventoux\/#breadcrumb\",\"itemListElement\":[{\"@type\":\"ListItem\",\"position\":1,\"name\":\"Accueil\",\"item\":\"https:\/\/blogs.thesocialmedia.com\/leblogmoto\/\"},{\"@type\":\"ListItem\",\"position\":2,\"name\":\"Course et nostalgie en br\u00eale, \u00e0 l&rsquo;assaut du Ventoux.\"}]},{\"@type\":\"WebSite\",\"@id\":\"https:\/\/blogs.thesocialmedia.com\/leblogmoto\/#website\",\"url\":\"https:\/\/blogs.thesocialmedia.com\/leblogmoto\/\",\"name\":\"leblogmoto\",\"description\":\"Toute l&#039;actualit\u00e9 des 2 roues\",\"potentialAction\":[{\"@type\":\"SearchAction\",\"target\":{\"@type\":\"EntryPoint\",\"urlTemplate\":\"https:\/\/blogs.thesocialmedia.com\/leblogmoto\/?s={search_term_string}\"},\"query-input\":{\"@type\":\"PropertyValueSpecification\",\"valueRequired\":true,\"valueName\":\"search_term_string\"}}],\"inLanguage\":\"fr-FR\"},{\"@type\":\"Person\",\"@id\":\"https:\/\/blogs.thesocialmedia.com\/leblogmoto\/#\/schema\/person\/18bfe773e5725ed6d24f743da805362a\",\"name\":\"benoit rieu\",\"image\":{\"@type\":\"ImageObject\",\"inLanguage\":\"fr-FR\",\"@id\":\"https:\/\/blogs.thesocialmedia.com\/leblogmoto\/#\/schema\/person\/image\/\",\"url\":\"https:\/\/secure.gravatar.com\/avatar\/?s=96&d=mm&r=g\",\"contentUrl\":\"https:\/\/secure.gravatar.com\/avatar\/?s=96&d=mm&r=g\",\"caption\":\"benoit rieu\"},\"url\":\"https:\/\/blogs.thesocialmedia.com\/leblogmoto\/author\/benoit-rieu\/\"}]}<\/script>\n<!-- \/ Yoast SEO plugin. -->","yoast_head_json":{"title":"Course et nostalgie en br\u00eale, \u00e0 l'assaut du Ventoux. - leblogmoto.com","robots":{"index":"index","follow":"follow","max-snippet":"max-snippet:-1","max-image-preview":"max-image-preview:large","max-video-preview":"max-video-preview:-1"},"canonical":"https:\/\/blogs.thesocialmedia.com\/leblogmoto\/2009\/10\/12\/easy-rider-en-breles-a-lassaut-du-ventoux\/","twitter_card":"summary_large_image","twitter_title":"Course et nostalgie en br\u00eale, \u00e0 l'assaut du Ventoux. - leblogmoto.com","twitter_description":"MobRiders au Ventouxenvoy\u00e9 par LordBarwed. &#8211; Evadez-vous en vid\u00e9o. &quot;Je vous parle d&#039;un temps que les moins de vingt ans ne peuvent pas conna\u00eetre&quot;, des paroles pleines de sens&#160;lorsqu&#039;on \u00e9voque le lent et in\u00e9luctable&#160;d\u00e9clin des&#160;mobylettes au profit des scooters. Le kitsch des guidons torsad\u00e9s le disputait aux selles de toutes formes&#160;et b\u00e9quilles du m\u00eame tonneau, [&hellip;]","twitter_misc":{"\u00c9crit par":"benoit rieu","Dur\u00e9e de lecture estim\u00e9e":"1 minute"},"schema":{"@context":"https:\/\/schema.org","@graph":[{"@type":"WebPage","@id":"https:\/\/blogs.thesocialmedia.com\/leblogmoto\/2009\/10\/12\/easy-rider-en-breles-a-lassaut-du-ventoux\/","url":"https:\/\/blogs.thesocialmedia.com\/leblogmoto\/2009\/10\/12\/easy-rider-en-breles-a-lassaut-du-ventoux\/","name":"Course et nostalgie en br\u00eale, \u00e0 l'assaut du Ventoux. - leblogmoto.com","isPartOf":{"@id":"https:\/\/blogs.thesocialmedia.com\/leblogmoto\/#website"},"datePublished":"2009-10-12T08:26:31+00:00","dateModified":"2012-07-11T13:23:17+00:00","author":{"@id":"https:\/\/blogs.thesocialmedia.com\/leblogmoto\/#\/schema\/person\/18bfe773e5725ed6d24f743da805362a"},"breadcrumb":{"@id":"https:\/\/blogs.thesocialmedia.com\/leblogmoto\/2009\/10\/12\/easy-rider-en-breles-a-lassaut-du-ventoux\/#breadcrumb"},"inLanguage":"fr-FR","potentialAction":[{"@type":"ReadAction","target":["https:\/\/blogs.thesocialmedia.com\/leblogmoto\/2009\/10\/12\/easy-rider-en-breles-a-lassaut-du-ventoux\/"]}]},{"@type":"BreadcrumbList","@id":"https:\/\/blogs.thesocialmedia.com\/leblogmoto\/2009\/10\/12\/easy-rider-en-breles-a-lassaut-du-ventoux\/#breadcrumb","itemListElement":[{"@type":"ListItem","position":1,"name":"Accueil","item":"https:\/\/blogs.thesocialmedia.com\/leblogmoto\/"},{"@type":"ListItem","position":2,"name":"Course et nostalgie en br\u00eale, \u00e0 l&rsquo;assaut du Ventoux."}]},{"@type":"WebSite","@id":"https:\/\/blogs.thesocialmedia.com\/leblogmoto\/#website","url":"https:\/\/blogs.thesocialmedia.com\/leblogmoto\/","name":"leblogmoto","description":"Toute l&#039;actualit\u00e9 des 2 roues","potentialAction":[{"@type":"SearchAction","target":{"@type":"EntryPoint","urlTemplate":"https:\/\/blogs.thesocialmedia.com\/leblogmoto\/?s={search_term_string}"},"query-input":{"@type":"PropertyValueSpecification","valueRequired":true,"valueName":"search_term_string"}}],"inLanguage":"fr-FR"},{"@type":"Person","@id":"https:\/\/blogs.thesocialmedia.com\/leblogmoto\/#\/schema\/person\/18bfe773e5725ed6d24f743da805362a","name":"benoit rieu","image":{"@type":"ImageObject","inLanguage":"fr-FR","@id":"https:\/\/blogs.thesocialmedia.com\/leblogmoto\/#\/schema\/person\/image\/","url":"https:\/\/secure.gravatar.com\/avatar\/?s=96&d=mm&r=g","contentUrl":"https:\/\/secure.gravatar.com\/avatar\/?s=96&d=mm&r=g","caption":"benoit rieu"},"url":"https:\/\/blogs.thesocialmedia.com\/leblogmoto\/author\/benoit-rieu\/"}]}},"_links":{"self":[{"href":"https:\/\/blogs.thesocialmedia.com\/leblogmoto\/wp-json\/wp\/v2\/posts\/56","targetHints":{"allow":["GET"]}}],"collection":[{"href":"https:\/\/blogs.thesocialmedia.com\/leblogmoto\/wp-json\/wp\/v2\/posts"}],"about":[{"href":"https:\/\/blogs.thesocialmedia.com\/leblogmoto\/wp-json\/wp\/v2\/types\/post"}],"author":[{"embeddable":true,"href":"https:\/\/blogs.thesocialmedia.com\/leblogmoto\/wp-json\/wp\/v2\/users\/324"}],"replies":[{"embeddable":true,"href":"https:\/\/blogs.thesocialmedia.com\/leblogmoto\/wp-json\/wp\/v2\/comments?post=56"}],"version-history":[{"count":1,"href":"https:\/\/blogs.thesocialmedia.com\/leblogmoto\/wp-json\/wp\/v2\/posts\/56\/revisions"}],"predecessor-version":[{"id":5194,"href":"https:\/\/blogs.thesocialmedia.com\/leblogmoto\/wp-json\/wp\/v2\/posts\/56\/revisions\/5194"}],"wp:attachment":[{"href":"https:\/\/blogs.thesocialmedia.com\/leblogmoto\/wp-json\/wp\/v2\/media?parent=56"}],"wp:term":[{"taxonomy":"category","embeddable":true,"href":"https:\/\/blogs.thesocialmedia.com\/leblogmoto\/wp-json\/wp\/v2\/categories?post=56"},{"taxonomy":"post_tag","embeddable":true,"href":"https:\/\/blogs.thesocialmedia.com\/leblogmoto\/wp-json\/wp\/v2\/tags?post=56"}],"curies":[{"name":"wp","href":"https:\/\/api.w.org\/{rel}","templated":true}]}}