{"id":560,"date":"2008-07-29T22:59:53","date_gmt":"2008-07-29T22:59:53","guid":{"rendered":"http:\/\/blogs.thesocialmedia.com\/leblogmoto\/2008\/07\/29\/exit-la-chine-d\/"},"modified":"2012-07-11T16:10:02","modified_gmt":"2012-07-11T16:10:02","slug":"exit-la-chine-d","status":"publish","type":"post","link":"https:\/\/blogs.thesocialmedia.com\/leblogmoto\/2008\/07\/29\/exit-la-chine-d\/","title":{"rendered":"Exit la Chine dans le futur calendrier 2009 diffus\u00e9 par la FIM."},"content":{"rendered":"<p><a href=\"http:\/\/blogs.thesocialmedia.com\/leblogmoto\/files\/2012\/07\/motogp_rossi_china_2008_by_eugene_h.jpg\"><img loading=\"lazy\" decoding=\"async\" width=\"470\" height=\"340\"  alt=\"Motogp_rossi_china_2008_by_eugene_h\" src=\"http:\/\/www.leblogmoto.com\/images\/2008\/07\/29\/motogp_rossi_china_2008_by_eugene_h.jpg\" \/><\/a><\/p>\n<p>Vous ne reverrez pas le sourire enfantin, b\u00e9at et candide (mais si sinc\u00e8re !) de <a href=\"http:\/\/www.leblogmoto.com\/2008\/05\/reprises-des-co.html\">Valentino Rossi<\/a> embrassant son troph\u00e9e arrach\u00e9 de haute lutte, drap\u00e9 dans son \u00e9tendard frapp\u00e9 de son num\u00e9ro f\u00e9tiche. Du moins plus \u00e0 <a href=\"http:\/\/fr.wikipedia.org\/wiki\/Circuit_international_de_Shanghai\">Shangha\u00ef<\/a>. Et tant pis si les <em>aficionados<\/em> aimaient ce circuit o\u00f9 s&rsquo;exprimaient pleinement les machines le long de sa ligne droite kilom\u00e9trique, un <em>main straight<\/em> qui permettait alors de r\u00e9v\u00e9ler les plus v\u00e9loces des plus rapides de ces bolides. C&rsquo;est donc sans grand bouleversement ni suspense que la FIM a communiqu\u00e9 le week-end dernier son calendrier provisoire pour 2009. Un calendrier o\u00f9 la suppression de l&rsquo;\u00e9dition chinoise laisse la place \u00e0 un grand prix qui se courra en Hongrie sur le tout nouveau <a href=\"http:\/\/en.wikipedia.org\/wiki\/Balatonring\">Balatonring<\/a>. <\/p>\n<p> L&rsquo;ann\u00e9e commencera donc par un grand prix de nuit \u00e0 Losail et s&rsquo;ach\u00e8vera au Ricardo Tormo. Il est \u00e0 noter que les \u00e9preuves du Portugal et du Japon s&rsquo;\u00e9changeront leur date dans la saison \u00e0 venir. Comme toujours la course \u00e0 Assen se d\u00e9roulera le samedi, et seules les MotoGP seront engag\u00e9es en Californie. <\/p>\n<p>Source du calendrier: <a href=\"http:\/\/www.autosport.com\">Autosport.com<\/a> <\/p>\n<p class=\"MsoNormal\" style=\"margin-bottom: 0.0001pt;line-height: normal\"><span lang=\"EN-US\">Avril 12 <strong>Qatar<\/strong> Doha\/Losail<\/span><\/p>\n<p class=\"MsoNormal\" style=\"margin-bottom: 0.0001pt;line-height: normal\"><span lang=\"EN-US\"><\/span><\/p>\n<p class=\"MsoNormal\" style=\"margin-bottom: 0.0001pt;line-height: normal\"><span lang=\"EN-US\">Avril 26 <strong>Japon<\/strong> Motegi<\/span><\/p>\n<p class=\"MsoNormal\" style=\"margin-bottom: 0.0001pt;line-height: normal\"><span lang=\"EN-US\"><\/span><\/p>\n<p class=\"MsoNormal\" style=\"margin-bottom: 0.0001pt;line-height: normal\"><span lang=\"EN-US\">Mai 3 <strong>Espagne<\/strong> Jerez<\/span><\/p>\n<p class=\"MsoNormal\" style=\"margin-bottom: 0.0001pt;line-height: normal\"><span lang=\"EN-US\"> <\/span><\/p>\n<p class=\"MsoNormal\" style=\"margin-bottom: 0.0001pt;line-height: normal\"><span lang=\"EN-US\">Mai 17 <strong>France<\/strong> Le Mans<\/span><\/p>\n<p class=\"MsoNormal\" style=\"margin-bottom: 0.0001pt;line-height: normal\"><span lang=\"EN-US\"><\/span><\/p>\n<p class=\"MsoNormal\" style=\"margin-bottom: 0.0001pt;line-height: normal\"><span lang=\"EN-US\">Mai 31 <strong>Italie<\/strong> Mugello<\/span><\/p>\n<p class=\"MsoNormal\" style=\"margin-bottom: 0.0001pt;line-height: normal\"><span lang=\"EN-US\"><\/span><\/p>\n<p class=\"MsoNormal\" style=\"margin-bottom: 0.0001pt;line-height: normal\"><span lang=\"EN-US\">Juin 14 <strong>Catalogne<\/strong> Catalunya<\/span><\/p>\n<p class=\"MsoNormal\" style=\"margin-bottom: 0.0001pt;line-height: normal\"><span lang=\"EN-US\"><\/span><\/p>\n<p class=\"MsoNormal\" style=\"margin-bottom: 0.0001pt;line-height: normal\"><span lang=\"EN-US\">Juin 27 <strong>Pays-Bas<\/strong> Assen<\/span><\/p>\n<p class=\"MsoNormal\" style=\"margin-bottom: 0.0001pt;line-height: normal\"><span lang=\"EN-US\"><\/span><\/p>\n<p class=\"MsoNormal\" style=\"margin-bottom: 0.0001pt;line-height: normal\"><span lang=\"EN-US\">Juillet 5 <strong>USA<\/strong> Laguna Seca<\/span><\/p>\n<p class=\"MsoNormal\" style=\"margin-bottom: 0.0001pt;line-height: normal\"><span lang=\"EN-US\"><\/span><\/p>\n<p class=\"MsoNormal\" style=\"margin-bottom: 0.0001pt;line-height: normal\"><span lang=\"EN-US\">Juillet 19 <strong>Allemagne<\/strong> Sachsenring<\/span><\/p>\n<p class=\"MsoNormal\" style=\"margin-bottom: 0.0001pt;line-height: normal\"><span lang=\"EN-US\"><\/span><\/p>\n<p class=\"MsoNormal\" style=\"margin-bottom: 0.0001pt;line-height: normal\"><span lang=\"EN-US\">Juillet 26 <strong>Grande Bretagne<\/strong> Donington Park<\/span><\/p>\n<p class=\"MsoNormal\" style=\"margin-bottom: 0.0001pt;line-height: normal\"><span lang=\"EN-US\"><\/span><\/p>\n<p class=\"MsoNormal\" style=\"margin-bottom: 0.0001pt;line-height: normal\"><span lang=\"EN-US\">Ao\u00fbt 16&nbsp; &nbsp;<strong>R\u00e9p. Tch\u00e8que<\/strong>&nbsp; Brno<\/span><\/p>\n<p class=\"MsoNormal\" style=\"margin-bottom: 0.0001pt;line-height: normal\"><span lang=\"EN-US\"><\/span><\/p>\n<p class=\"MsoNormal\" style=\"margin-bottom: 0.0001pt;line-height: normal\"><span lang=\"EN-US\">Ao\u00fbt 30 <strong>USA<\/strong> Indianapolis<\/span><\/p>\n<p class=\"MsoNormal\" style=\"margin-bottom: 0.0001pt;line-height: normal\"><span lang=\"EN-US\"><\/span><\/p>\n<p class=\"MsoNormal\" style=\"margin-bottom: 0.0001pt;line-height: normal\"><span lang=\"EN-US\">Septembre 13 <strong>San Marin<\/strong> Misano<\/span><\/p>\n<p class=\"MsoNormal\" style=\"margin-bottom: 0.0001pt;line-height: normal\"><span lang=\"EN-US\"><\/span><\/p>\n<p class=\"MsoNormal\" style=\"margin-bottom: 0.0001pt;line-height: normal\"><span lang=\"EN-US\">Septembre 20 <strong>Hongrie<\/strong> Lake Balaton<\/span><\/p>\n<p class=\"MsoNormal\" style=\"margin-bottom: 0.0001pt;line-height: normal\"><span lang=\"EN-US\"><\/span><\/p>\n<p class=\"MsoNormal\" style=\"margin-bottom: 0.0001pt;line-height: normal\"><span>Octobre 4 <strong>Portugal<\/strong> Estoril<\/span><\/p>\n<p class=\"MsoNormal\" style=\"margin-bottom: 0.0001pt;line-height: normal\"><span><\/span><\/p>\n<p class=\"MsoNormal\" style=\"margin-bottom: 0.0001pt;line-height: normal\"><span>Octobre 18 <strong>Australie<\/strong> Phillip Island<\/span><\/p>\n<p class=\"MsoNormal\" style=\"margin-bottom: 0.0001pt;line-height: normal\"><span><\/span><\/p>\n<p class=\"MsoNormal\" style=\"margin-bottom: 0.0001pt;line-height: normal\"><span>Octobre 25 <strong>Malaisie<\/strong> Sepang<\/span><\/p>\n<p class=\"MsoNormal\" style=\"margin-bottom: 0.0001pt;line-height: normal\"><span><\/span><\/p>\n<p class=\"MsoNormal\" style=\"margin-bottom: 0.0001pt;line-height: normal\"><span>Novembre 8 <strong>Valencia<\/strong>&nbsp; Ricardo Tormo<\/span><\/p>\n","protected":false},"excerpt":{"rendered":"<p>Vous ne reverrez pas le sourire enfantin, b\u00e9at et candide (mais si sinc\u00e8re !) de Valentino Rossi embrassant son troph\u00e9e arrach\u00e9 de haute lutte, drap\u00e9 dans son \u00e9tendard frapp\u00e9 de son num\u00e9ro f\u00e9tiche. Du moins plus \u00e0 Shangha\u00ef. Et tant pis si les aficionados aimaient ce circuit o\u00f9 s&rsquo;exprimaient pleinement les machines le long de [&hellip;]<\/p>\n","protected":false},"author":324,"featured_media":0,"comment_status":"open","ping_status":"open","sticky":false,"template":"","format":"standard","meta":{"footnotes":""},"categories":[1],"tags":[],"class_list":["post-560","post","type-post","status-publish","format-standard","hentry","category-uncategorized"],"yoast_head":"<!-- This site is optimized with the Yoast SEO plugin v26.0 - https:\/\/yoast.com\/wordpress\/plugins\/seo\/ -->\n<title>Exit la Chine dans le futur calendrier 2009 diffus\u00e9 par la FIM. - leblogmoto.com<\/title>\n<meta name=\"robots\" content=\"index, follow, max-snippet:-1, max-image-preview:large, max-video-preview:-1\" \/>\n<link rel=\"canonical\" href=\"https:\/\/blogs.thesocialmedia.com\/leblogmoto\/2008\/07\/29\/exit-la-chine-d\/\" \/>\n<meta name=\"twitter:card\" content=\"summary_large_image\" \/>\n<meta name=\"twitter:title\" content=\"Exit la Chine dans le futur calendrier 2009 diffus\u00e9 par la FIM. - leblogmoto.com\" \/>\n<meta name=\"twitter:description\" content=\"Vous ne reverrez pas le sourire enfantin, b\u00e9at et candide (mais si sinc\u00e8re !) de Valentino Rossi embrassant son troph\u00e9e arrach\u00e9 de haute lutte, drap\u00e9 dans son \u00e9tendard frapp\u00e9 de son num\u00e9ro f\u00e9tiche. Du moins plus \u00e0 Shangha\u00ef. Et tant pis si les aficionados aimaient ce circuit o\u00f9 s&rsquo;exprimaient pleinement les machines le long de [&hellip;]\" \/>\n<meta name=\"twitter:image\" content=\"http:\/\/www.leblogmoto.com\/images\/2008\/07\/29\/motogp_rossi_china_2008_by_eugene_h.jpg\" \/>\n<meta name=\"twitter:label1\" content=\"\u00c9crit par\" \/>\n\t<meta name=\"twitter:data1\" content=\"benoit rieu\" \/>\n\t<meta name=\"twitter:label2\" content=\"Dur\u00e9e de lecture estim\u00e9e\" \/>\n\t<meta name=\"twitter:data2\" content=\"1 minute\" \/>\n<script type=\"application\/ld+json\" class=\"yoast-schema-graph\">{\"@context\":\"https:\/\/schema.org\",\"@graph\":[{\"@type\":\"WebPage\",\"@id\":\"https:\/\/blogs.thesocialmedia.com\/leblogmoto\/2008\/07\/29\/exit-la-chine-d\/\",\"url\":\"https:\/\/blogs.thesocialmedia.com\/leblogmoto\/2008\/07\/29\/exit-la-chine-d\/\",\"name\":\"Exit la Chine dans le futur calendrier 2009 diffus\u00e9 par la FIM. - leblogmoto.com\",\"isPartOf\":{\"@id\":\"https:\/\/blogs.thesocialmedia.com\/leblogmoto\/#website\"},\"primaryImageOfPage\":{\"@id\":\"https:\/\/blogs.thesocialmedia.com\/leblogmoto\/2008\/07\/29\/exit-la-chine-d\/#primaryimage\"},\"image\":{\"@id\":\"https:\/\/blogs.thesocialmedia.com\/leblogmoto\/2008\/07\/29\/exit-la-chine-d\/#primaryimage\"},\"thumbnailUrl\":\"http:\/\/www.leblogmoto.com\/images\/2008\/07\/29\/motogp_rossi_china_2008_by_eugene_h.jpg\",\"datePublished\":\"2008-07-29T22:59:53+00:00\",\"dateModified\":\"2012-07-11T16:10:02+00:00\",\"author\":{\"@id\":\"https:\/\/blogs.thesocialmedia.com\/leblogmoto\/#\/schema\/person\/18bfe773e5725ed6d24f743da805362a\"},\"breadcrumb\":{\"@id\":\"https:\/\/blogs.thesocialmedia.com\/leblogmoto\/2008\/07\/29\/exit-la-chine-d\/#breadcrumb\"},\"inLanguage\":\"fr-FR\",\"potentialAction\":[{\"@type\":\"ReadAction\",\"target\":[\"https:\/\/blogs.thesocialmedia.com\/leblogmoto\/2008\/07\/29\/exit-la-chine-d\/\"]}]},{\"@type\":\"ImageObject\",\"inLanguage\":\"fr-FR\",\"@id\":\"https:\/\/blogs.thesocialmedia.com\/leblogmoto\/2008\/07\/29\/exit-la-chine-d\/#primaryimage\",\"url\":\"http:\/\/www.leblogmoto.com\/images\/2008\/07\/29\/motogp_rossi_china_2008_by_eugene_h.jpg\",\"contentUrl\":\"http:\/\/www.leblogmoto.com\/images\/2008\/07\/29\/motogp_rossi_china_2008_by_eugene_h.jpg\"},{\"@type\":\"BreadcrumbList\",\"@id\":\"https:\/\/blogs.thesocialmedia.com\/leblogmoto\/2008\/07\/29\/exit-la-chine-d\/#breadcrumb\",\"itemListElement\":[{\"@type\":\"ListItem\",\"position\":1,\"name\":\"Accueil\",\"item\":\"https:\/\/blogs.thesocialmedia.com\/leblogmoto\/\"},{\"@type\":\"ListItem\",\"position\":2,\"name\":\"Exit la Chine dans le futur calendrier 2009 diffus\u00e9 par la FIM.\"}]},{\"@type\":\"WebSite\",\"@id\":\"https:\/\/blogs.thesocialmedia.com\/leblogmoto\/#website\",\"url\":\"https:\/\/blogs.thesocialmedia.com\/leblogmoto\/\",\"name\":\"leblogmoto\",\"description\":\"Toute l&#039;actualit\u00e9 des 2 roues\",\"potentialAction\":[{\"@type\":\"SearchAction\",\"target\":{\"@type\":\"EntryPoint\",\"urlTemplate\":\"https:\/\/blogs.thesocialmedia.com\/leblogmoto\/?s={search_term_string}\"},\"query-input\":{\"@type\":\"PropertyValueSpecification\",\"valueRequired\":true,\"valueName\":\"search_term_string\"}}],\"inLanguage\":\"fr-FR\"},{\"@type\":\"Person\",\"@id\":\"https:\/\/blogs.thesocialmedia.com\/leblogmoto\/#\/schema\/person\/18bfe773e5725ed6d24f743da805362a\",\"name\":\"benoit rieu\",\"image\":{\"@type\":\"ImageObject\",\"inLanguage\":\"fr-FR\",\"@id\":\"https:\/\/blogs.thesocialmedia.com\/leblogmoto\/#\/schema\/person\/image\/\",\"url\":\"https:\/\/secure.gravatar.com\/avatar\/?s=96&d=mm&r=g\",\"contentUrl\":\"https:\/\/secure.gravatar.com\/avatar\/?s=96&d=mm&r=g\",\"caption\":\"benoit rieu\"},\"url\":\"https:\/\/blogs.thesocialmedia.com\/leblogmoto\/author\/benoit-rieu\/\"}]}<\/script>\n<!-- \/ Yoast SEO plugin. -->","yoast_head_json":{"title":"Exit la Chine dans le futur calendrier 2009 diffus\u00e9 par la FIM. - leblogmoto.com","robots":{"index":"index","follow":"follow","max-snippet":"max-snippet:-1","max-image-preview":"max-image-preview:large","max-video-preview":"max-video-preview:-1"},"canonical":"https:\/\/blogs.thesocialmedia.com\/leblogmoto\/2008\/07\/29\/exit-la-chine-d\/","twitter_card":"summary_large_image","twitter_title":"Exit la Chine dans le futur calendrier 2009 diffus\u00e9 par la FIM. - leblogmoto.com","twitter_description":"Vous ne reverrez pas le sourire enfantin, b\u00e9at et candide (mais si sinc\u00e8re !) de Valentino Rossi embrassant son troph\u00e9e arrach\u00e9 de haute lutte, drap\u00e9 dans son \u00e9tendard frapp\u00e9 de son num\u00e9ro f\u00e9tiche. Du moins plus \u00e0 Shangha\u00ef. Et tant pis si les aficionados aimaient ce circuit o\u00f9 s&rsquo;exprimaient pleinement les machines le long de [&hellip;]","twitter_image":"http:\/\/www.leblogmoto.com\/images\/2008\/07\/29\/motogp_rossi_china_2008_by_eugene_h.jpg","twitter_misc":{"\u00c9crit par":"benoit rieu","Dur\u00e9e de lecture estim\u00e9e":"1 minute"},"schema":{"@context":"https:\/\/schema.org","@graph":[{"@type":"WebPage","@id":"https:\/\/blogs.thesocialmedia.com\/leblogmoto\/2008\/07\/29\/exit-la-chine-d\/","url":"https:\/\/blogs.thesocialmedia.com\/leblogmoto\/2008\/07\/29\/exit-la-chine-d\/","name":"Exit la Chine dans le futur calendrier 2009 diffus\u00e9 par la FIM. - leblogmoto.com","isPartOf":{"@id":"https:\/\/blogs.thesocialmedia.com\/leblogmoto\/#website"},"primaryImageOfPage":{"@id":"https:\/\/blogs.thesocialmedia.com\/leblogmoto\/2008\/07\/29\/exit-la-chine-d\/#primaryimage"},"image":{"@id":"https:\/\/blogs.thesocialmedia.com\/leblogmoto\/2008\/07\/29\/exit-la-chine-d\/#primaryimage"},"thumbnailUrl":"http:\/\/www.leblogmoto.com\/images\/2008\/07\/29\/motogp_rossi_china_2008_by_eugene_h.jpg","datePublished":"2008-07-29T22:59:53+00:00","dateModified":"2012-07-11T16:10:02+00:00","author":{"@id":"https:\/\/blogs.thesocialmedia.com\/leblogmoto\/#\/schema\/person\/18bfe773e5725ed6d24f743da805362a"},"breadcrumb":{"@id":"https:\/\/blogs.thesocialmedia.com\/leblogmoto\/2008\/07\/29\/exit-la-chine-d\/#breadcrumb"},"inLanguage":"fr-FR","potentialAction":[{"@type":"ReadAction","target":["https:\/\/blogs.thesocialmedia.com\/leblogmoto\/2008\/07\/29\/exit-la-chine-d\/"]}]},{"@type":"ImageObject","inLanguage":"fr-FR","@id":"https:\/\/blogs.thesocialmedia.com\/leblogmoto\/2008\/07\/29\/exit-la-chine-d\/#primaryimage","url":"http:\/\/www.leblogmoto.com\/images\/2008\/07\/29\/motogp_rossi_china_2008_by_eugene_h.jpg","contentUrl":"http:\/\/www.leblogmoto.com\/images\/2008\/07\/29\/motogp_rossi_china_2008_by_eugene_h.jpg"},{"@type":"BreadcrumbList","@id":"https:\/\/blogs.thesocialmedia.com\/leblogmoto\/2008\/07\/29\/exit-la-chine-d\/#breadcrumb","itemListElement":[{"@type":"ListItem","position":1,"name":"Accueil","item":"https:\/\/blogs.thesocialmedia.com\/leblogmoto\/"},{"@type":"ListItem","position":2,"name":"Exit la Chine dans le futur calendrier 2009 diffus\u00e9 par la FIM."}]},{"@type":"WebSite","@id":"https:\/\/blogs.thesocialmedia.com\/leblogmoto\/#website","url":"https:\/\/blogs.thesocialmedia.com\/leblogmoto\/","name":"leblogmoto","description":"Toute l&#039;actualit\u00e9 des 2 roues","potentialAction":[{"@type":"SearchAction","target":{"@type":"EntryPoint","urlTemplate":"https:\/\/blogs.thesocialmedia.com\/leblogmoto\/?s={search_term_string}"},"query-input":{"@type":"PropertyValueSpecification","valueRequired":true,"valueName":"search_term_string"}}],"inLanguage":"fr-FR"},{"@type":"Person","@id":"https:\/\/blogs.thesocialmedia.com\/leblogmoto\/#\/schema\/person\/18bfe773e5725ed6d24f743da805362a","name":"benoit rieu","image":{"@type":"ImageObject","inLanguage":"fr-FR","@id":"https:\/\/blogs.thesocialmedia.com\/leblogmoto\/#\/schema\/person\/image\/","url":"https:\/\/secure.gravatar.com\/avatar\/?s=96&d=mm&r=g","contentUrl":"https:\/\/secure.gravatar.com\/avatar\/?s=96&d=mm&r=g","caption":"benoit rieu"},"url":"https:\/\/blogs.thesocialmedia.com\/leblogmoto\/author\/benoit-rieu\/"}]}},"_links":{"self":[{"href":"https:\/\/blogs.thesocialmedia.com\/leblogmoto\/wp-json\/wp\/v2\/posts\/560","targetHints":{"allow":["GET"]}}],"collection":[{"href":"https:\/\/blogs.thesocialmedia.com\/leblogmoto\/wp-json\/wp\/v2\/posts"}],"about":[{"href":"https:\/\/blogs.thesocialmedia.com\/leblogmoto\/wp-json\/wp\/v2\/types\/post"}],"author":[{"embeddable":true,"href":"https:\/\/blogs.thesocialmedia.com\/leblogmoto\/wp-json\/wp\/v2\/users\/324"}],"replies":[{"embeddable":true,"href":"https:\/\/blogs.thesocialmedia.com\/leblogmoto\/wp-json\/wp\/v2\/comments?post=560"}],"version-history":[{"count":2,"href":"https:\/\/blogs.thesocialmedia.com\/leblogmoto\/wp-json\/wp\/v2\/posts\/560\/revisions"}],"predecessor-version":[{"id":11366,"href":"https:\/\/blogs.thesocialmedia.com\/leblogmoto\/wp-json\/wp\/v2\/posts\/560\/revisions\/11366"}],"wp:attachment":[{"href":"https:\/\/blogs.thesocialmedia.com\/leblogmoto\/wp-json\/wp\/v2\/media?parent=560"}],"wp:term":[{"taxonomy":"category","embeddable":true,"href":"https:\/\/blogs.thesocialmedia.com\/leblogmoto\/wp-json\/wp\/v2\/categories?post=560"},{"taxonomy":"post_tag","embeddable":true,"href":"https:\/\/blogs.thesocialmedia.com\/leblogmoto\/wp-json\/wp\/v2\/tags?post=560"}],"curies":[{"name":"wp","href":"https:\/\/api.w.org\/{rel}","templated":true}]}}