{"id":562,"date":"2008-07-28T23:54:55","date_gmt":"2008-07-28T23:54:55","guid":{"rendered":"http:\/\/blogs.thesocialmedia.com\/leblogmoto\/2008\/07\/28\/le-la-times-pas\/"},"modified":"2012-07-11T16:09:54","modified_gmt":"2012-07-11T16:09:54","slug":"le-la-times-pas","status":"publish","type":"post","link":"https:\/\/blogs.thesocialmedia.com\/leblogmoto\/2008\/07\/28\/le-la-times-pas\/","title":{"rendered":"Le LA Times passe en revue les motos des polices de la r\u00e9gion."},"content":{"rendered":"<p><a href=\"http:\/\/blogs.thesocialmedia.com\/leblogmoto\/files\/2012\/07\/moto_cal_honda_st1300p_2.jpg\"><img loading=\"lazy\" decoding=\"async\" width=\"470\" height=\"281\"  alt=\"Moto_cal_honda_st1300p_2\" src=\"http:\/\/www.leblogmoto.com\/images\/2008\/07\/28\/moto_cal_honda_st1300p_2.jpg\" \/><\/a> <\/p>\n<p>Le c\u00e9l\u00e8bre quotidien r\u00e9f\u00e9rence de la c\u00f4te ouest pr\u00e9sentait il y a quelques semaines dans ses pages, et maintenant en ligne, les <a href=\"http:\/\/www.latimes.com\/classified\/automotive\/highway1\/la-hy-police-bikes-pg,0,3522160.photogallery?index=1\">diff\u00e9rentes motos<\/a> de ses forces de l&rsquo;ordre. Et le moins que l&rsquo;on puisse dire est que la diversit\u00e9 est au rendez-vous, rien \u00e0 voir avec les m\u00e9ga-commandes de nos polices europ\u00e9ennes pour un v\u00e9hicule monotype: beaucoup de Harley \u00e9videmment, de Buell toute r\u00e9cente, mais aussi des Honda, BMW, et Kawasaki. Un exemple parmi d&rsquo;autres, la Honda ST 1300P ci-dessus avec ses 125 chevaux, habitant son V4 de 1261cc \u00e9quipe la police de Glendale. Comme ses cons\u0153urs, sa bulle est ajustable \u00e9lectroniquement. Un luxe d&rsquo;\u00e9quipement qui caract\u00e9rise tous ces bureaux roulants californiens. Sans compter que ces v\u00e9hicules, sont \u00e0 mon avis et logiquement, tous \u00e9quip\u00e9s d&rsquo;une poign\u00e9e de gaz sans retour.<\/p>\n<p><a href=\"http:\/\/clabedan.typepad.com\/.shared\/image.html?\/photos\/uncategorized\/2008\/07\/28\/moto_cal_honda_st1300p.jpg\"><\/a><a href=\"http:\/\/clabedan.typepad.com\/.shared\/image.html?\/photos\/uncategorized\/2008\/07\/28\/moto_cal_buell_ulysses_police_xb1_3.jpg\"><img loading=\"lazy\" decoding=\"async\" width=\"430\" height=\"344\"  alt=\"Moto_cal_buell_ulysses_police_xb1_3\" src=\"http:\/\/www.leblogmoto.com\/images\/2008\/07\/28\/moto_cal_buell_ulysses_police_xb1_3.jpg\" \/><\/a><\/p>\n<p>Cette Buell Ulysses XB12XP va \u00e9quiper d\u00e8s le mois d&rsquo;ao\u00fbt des unit\u00e9s de la police de Los Angeles. Outre ses 1203cc et 103 chevaux affich\u00e9s (comme sa version civile am\u00e9ricaine), elle poss\u00e8de des top case beaucoup plus \u00e9troits que sa frangine des concessions, et est bien s\u00fbr \u00e9quip\u00e9e de la sir\u00e8ne et des lumi\u00e8res alternatives r\u00e8glementaires. A noter que contrairement \u00e0 beaucoup d&rsquo;autres motos des forces de l&rsquo;ordre elle peut transporter un passager.<\/p>\n<p><a href=\"http:\/\/blogs.thesocialmedia.com\/leblogmoto\/files\/2012\/07\/moto_cal_bmw_r1200rt.jpg\"><img loading=\"lazy\" decoding=\"async\" width=\"440\" height=\"246\"  src=\"http:\/\/www.leblogmoto.com\/images\/2008\/07\/28\/moto_cal_bmw_r1200rt.jpg\" alt=\"Moto_cal_bmw_r1200rt\" \/><\/a><\/p>\n<p>Une bavaroise dans le <em>Golden State<\/em> (ce surnom historique de la Californie qui orne les plaques min\u00e9ralogiques), le boxer de cette R1200RT sport tourer et ses performances (110 chevaux pour un flat twin de 1170cc) font la joie de la California Highway Patrol et du L.A. County Sheriff\u2019s Department. <\/p>\n<p><a href=\"http:\/\/blogs.thesocialmedia.com\/leblogmoto\/files\/2012\/07\/moto_cal_harley_flhp_road_king_poli.jpg\"><img loading=\"lazy\" decoding=\"async\" width=\"440\" height=\"280\"  src=\"http:\/\/www.leblogmoto.com\/images\/2008\/07\/28\/moto_cal_harley_flhp_road_king_poli.jpg\" alt=\"Moto_cal_harley_flhp_road_king_poli\" \/><\/a><\/p>\n<p>La Harley-Davidson FLHP Road King Police qui \u00e9quipe le l\u00e9gendaire LAPD poss\u00e8de des \u00e9quipements \u00e0 rendre jaloux ses voisines d&rsquo;aspahalte, avec son ABS et ses freins Brembo, son r\u00e9servoir de six gallons et sa selle pivotante.<\/p>\n<p><a href=\"http:\/\/blogs.thesocialmedia.com\/leblogmoto\/files\/2012\/07\/moto_cal_harley_flhtp_electra_glide.jpg\"><img loading=\"lazy\" decoding=\"async\" width=\"440\" height=\"280\"  src=\"http:\/\/www.leblogmoto.com\/images\/2008\/07\/28\/moto_cal_harley_flhtp_electra_glide.jpg\" alt=\"Moto_cal_harley_flhtp_electra_glide\" \/><\/a><\/p>\n<p>Dans le m\u00eame luxe d&rsquo;option que la Road King Police noire pr\u00e9c\u00e9dente, toutes les FLHTP de Harley au LAPD sont modifi\u00e9es pour pouvoir recevoir un side-car. <\/p>\n<p><a href=\"http:\/\/blogs.thesocialmedia.com\/leblogmoto\/files\/2012\/07\/moto_cal_harley_xl_883_sportster.jpg\"><img loading=\"lazy\" decoding=\"async\" width=\"440\" height=\"293\"  src=\"http:\/\/www.leblogmoto.com\/images\/2008\/07\/28\/moto_cal_harley_xl_883_sportster.jpg\" alt=\"Moto_cal_harley_xl_883_sportster\" \/><\/a><\/p>\n<p>De toutes les beaut\u00e9s de Milwaukee ici pr\u00e9sent\u00e9es, la version police de la 883 Sportster est la plus proche du mod\u00e8le original qu&rsquo;elle c\u00f4toie voire pourchasse sur les <em>highway<\/em> ou <em>downtow<\/em>n, et toujours pour le compte du Los Angeles Police Department.<\/p>\n<p><a href=\"http:\/\/blogs.thesocialmedia.com\/leblogmoto\/files\/2012\/07\/moto_cal_kawasaki_police_special.jpg\"><img loading=\"lazy\" decoding=\"async\" width=\"440\" height=\"264\"  src=\"http:\/\/www.leblogmoto.com\/images\/2008\/07\/28\/moto_cal_kawasaki_police_special.jpg\" alt=\"Moto_cal_kawasaki_police_special\" \/><\/a> <\/p>\n<p>Pour terminer, celle qui a fait la l\u00e9gende de la Highway Patrol, et dont les motards avec leur casque bleu et dor\u00e9s ont berc\u00e9 notre jeunesse dans la s\u00e9rie CHIPs: la <em>C series Kawasaki Police Special<\/em> (ici une <em>P series<\/em>). La firme japonaise a arr\u00eat\u00e9 la production de ce quatre cylindre en ligne cubant du 998 cc pour cause de normes antipollutions de plus en plus draconiennes. Mais le L.A County Sheriff Department utilise encore ses derni\u00e8res repr\u00e9sentantes, aux c\u00f4t\u00e9s de la BMW cit\u00e9e plus haut. Voir aussi nos <a href=\"http:\/\/www.leblogmoto.com\/2008\/01\/portfolio-de-la.html\">captures d&rsquo;\u00e9crans de la s\u00e9rie Prison Break<\/a>. En bonus, le g\u00e9n\u00e9rique de la s\u00e9rie:<\/p>\n<p><object width=\"425\" height=\"344\"><param value=\"http:\/\/www.youtube.com\/v\/Lz7hHeoGkuA&amp;hl=en&amp;fs=1\" name=\"movie\" \/><param value=\"true\" name=\"allowFullScreen\" \/><embed width=\"425\" height=\"344\" type=\"application\/x-shockwave-flash\" src=\"http:\/\/www.youtube.com\/v\/Lz7hHeoGkuA&amp;hl=en&amp;fs=1\"><\/embed><\/object><\/p>\n","protected":false},"excerpt":{"rendered":"<p>Le c\u00e9l\u00e8bre quotidien r\u00e9f\u00e9rence de la c\u00f4te ouest pr\u00e9sentait il y a quelques semaines dans ses pages, et maintenant en ligne, les diff\u00e9rentes motos de ses forces de l&rsquo;ordre. Et le moins que l&rsquo;on puisse dire est que la diversit\u00e9 est au rendez-vous, rien \u00e0 voir avec les m\u00e9ga-commandes de nos polices europ\u00e9ennes pour un [&hellip;]<\/p>\n","protected":false},"author":324,"featured_media":0,"comment_status":"open","ping_status":"open","sticky":false,"template":"","format":"standard","meta":{"footnotes":""},"categories":[17,27],"tags":[],"class_list":["post-562","post","type-post","status-publish","format-standard","hentry","category-divers","category-securite"],"yoast_head":"<!-- This site is optimized with the Yoast SEO plugin v26.0 - https:\/\/yoast.com\/wordpress\/plugins\/seo\/ -->\n<title>Le LA Times passe en revue les motos des polices de la r\u00e9gion. - leblogmoto.com<\/title>\n<meta name=\"robots\" content=\"index, follow, max-snippet:-1, max-image-preview:large, max-video-preview:-1\" \/>\n<link rel=\"canonical\" href=\"https:\/\/blogs.thesocialmedia.com\/leblogmoto\/2008\/07\/28\/le-la-times-pas\/\" \/>\n<meta name=\"twitter:card\" content=\"summary_large_image\" \/>\n<meta name=\"twitter:title\" content=\"Le LA Times passe en revue les motos des polices de la r\u00e9gion. - leblogmoto.com\" \/>\n<meta name=\"twitter:description\" content=\"Le c\u00e9l\u00e8bre quotidien r\u00e9f\u00e9rence de la c\u00f4te ouest pr\u00e9sentait il y a quelques semaines dans ses pages, et maintenant en ligne, les diff\u00e9rentes motos de ses forces de l&rsquo;ordre. Et le moins que l&rsquo;on puisse dire est que la diversit\u00e9 est au rendez-vous, rien \u00e0 voir avec les m\u00e9ga-commandes de nos polices europ\u00e9ennes pour un [&hellip;]\" \/>\n<meta name=\"twitter:image\" content=\"http:\/\/www.leblogmoto.com\/images\/2008\/07\/28\/moto_cal_honda_st1300p_2.jpg\" \/>\n<meta name=\"twitter:label1\" content=\"\u00c9crit par\" \/>\n\t<meta name=\"twitter:data1\" content=\"benoit rieu\" \/>\n\t<meta name=\"twitter:label2\" content=\"Dur\u00e9e de lecture estim\u00e9e\" \/>\n\t<meta name=\"twitter:data2\" content=\"3 minutes\" \/>\n<script type=\"application\/ld+json\" class=\"yoast-schema-graph\">{\"@context\":\"https:\/\/schema.org\",\"@graph\":[{\"@type\":\"WebPage\",\"@id\":\"https:\/\/blogs.thesocialmedia.com\/leblogmoto\/2008\/07\/28\/le-la-times-pas\/\",\"url\":\"https:\/\/blogs.thesocialmedia.com\/leblogmoto\/2008\/07\/28\/le-la-times-pas\/\",\"name\":\"Le LA Times passe en revue les motos des polices de la r\u00e9gion. - leblogmoto.com\",\"isPartOf\":{\"@id\":\"https:\/\/blogs.thesocialmedia.com\/leblogmoto\/#website\"},\"primaryImageOfPage\":{\"@id\":\"https:\/\/blogs.thesocialmedia.com\/leblogmoto\/2008\/07\/28\/le-la-times-pas\/#primaryimage\"},\"image\":{\"@id\":\"https:\/\/blogs.thesocialmedia.com\/leblogmoto\/2008\/07\/28\/le-la-times-pas\/#primaryimage\"},\"thumbnailUrl\":\"http:\/\/www.leblogmoto.com\/images\/2008\/07\/28\/moto_cal_honda_st1300p_2.jpg\",\"datePublished\":\"2008-07-28T23:54:55+00:00\",\"dateModified\":\"2012-07-11T16:09:54+00:00\",\"author\":{\"@id\":\"https:\/\/blogs.thesocialmedia.com\/leblogmoto\/#\/schema\/person\/18bfe773e5725ed6d24f743da805362a\"},\"breadcrumb\":{\"@id\":\"https:\/\/blogs.thesocialmedia.com\/leblogmoto\/2008\/07\/28\/le-la-times-pas\/#breadcrumb\"},\"inLanguage\":\"fr-FR\",\"potentialAction\":[{\"@type\":\"ReadAction\",\"target\":[\"https:\/\/blogs.thesocialmedia.com\/leblogmoto\/2008\/07\/28\/le-la-times-pas\/\"]}]},{\"@type\":\"ImageObject\",\"inLanguage\":\"fr-FR\",\"@id\":\"https:\/\/blogs.thesocialmedia.com\/leblogmoto\/2008\/07\/28\/le-la-times-pas\/#primaryimage\",\"url\":\"http:\/\/www.leblogmoto.com\/images\/2008\/07\/28\/moto_cal_honda_st1300p_2.jpg\",\"contentUrl\":\"http:\/\/www.leblogmoto.com\/images\/2008\/07\/28\/moto_cal_honda_st1300p_2.jpg\"},{\"@type\":\"BreadcrumbList\",\"@id\":\"https:\/\/blogs.thesocialmedia.com\/leblogmoto\/2008\/07\/28\/le-la-times-pas\/#breadcrumb\",\"itemListElement\":[{\"@type\":\"ListItem\",\"position\":1,\"name\":\"Accueil\",\"item\":\"https:\/\/blogs.thesocialmedia.com\/leblogmoto\/\"},{\"@type\":\"ListItem\",\"position\":2,\"name\":\"Le LA Times passe en revue les motos des polices de la r\u00e9gion.\"}]},{\"@type\":\"WebSite\",\"@id\":\"https:\/\/blogs.thesocialmedia.com\/leblogmoto\/#website\",\"url\":\"https:\/\/blogs.thesocialmedia.com\/leblogmoto\/\",\"name\":\"leblogmoto\",\"description\":\"Toute l&#039;actualit\u00e9 des 2 roues\",\"potentialAction\":[{\"@type\":\"SearchAction\",\"target\":{\"@type\":\"EntryPoint\",\"urlTemplate\":\"https:\/\/blogs.thesocialmedia.com\/leblogmoto\/?s={search_term_string}\"},\"query-input\":{\"@type\":\"PropertyValueSpecification\",\"valueRequired\":true,\"valueName\":\"search_term_string\"}}],\"inLanguage\":\"fr-FR\"},{\"@type\":\"Person\",\"@id\":\"https:\/\/blogs.thesocialmedia.com\/leblogmoto\/#\/schema\/person\/18bfe773e5725ed6d24f743da805362a\",\"name\":\"benoit rieu\",\"image\":{\"@type\":\"ImageObject\",\"inLanguage\":\"fr-FR\",\"@id\":\"https:\/\/blogs.thesocialmedia.com\/leblogmoto\/#\/schema\/person\/image\/\",\"url\":\"https:\/\/secure.gravatar.com\/avatar\/?s=96&d=mm&r=g\",\"contentUrl\":\"https:\/\/secure.gravatar.com\/avatar\/?s=96&d=mm&r=g\",\"caption\":\"benoit rieu\"},\"url\":\"https:\/\/blogs.thesocialmedia.com\/leblogmoto\/author\/benoit-rieu\/\"}]}<\/script>\n<!-- \/ Yoast SEO plugin. -->","yoast_head_json":{"title":"Le LA Times passe en revue les motos des polices de la r\u00e9gion. - leblogmoto.com","robots":{"index":"index","follow":"follow","max-snippet":"max-snippet:-1","max-image-preview":"max-image-preview:large","max-video-preview":"max-video-preview:-1"},"canonical":"https:\/\/blogs.thesocialmedia.com\/leblogmoto\/2008\/07\/28\/le-la-times-pas\/","twitter_card":"summary_large_image","twitter_title":"Le LA Times passe en revue les motos des polices de la r\u00e9gion. - leblogmoto.com","twitter_description":"Le c\u00e9l\u00e8bre quotidien r\u00e9f\u00e9rence de la c\u00f4te ouest pr\u00e9sentait il y a quelques semaines dans ses pages, et maintenant en ligne, les diff\u00e9rentes motos de ses forces de l&rsquo;ordre. Et le moins que l&rsquo;on puisse dire est que la diversit\u00e9 est au rendez-vous, rien \u00e0 voir avec les m\u00e9ga-commandes de nos polices europ\u00e9ennes pour un [&hellip;]","twitter_image":"http:\/\/www.leblogmoto.com\/images\/2008\/07\/28\/moto_cal_honda_st1300p_2.jpg","twitter_misc":{"\u00c9crit par":"benoit rieu","Dur\u00e9e de lecture estim\u00e9e":"3 minutes"},"schema":{"@context":"https:\/\/schema.org","@graph":[{"@type":"WebPage","@id":"https:\/\/blogs.thesocialmedia.com\/leblogmoto\/2008\/07\/28\/le-la-times-pas\/","url":"https:\/\/blogs.thesocialmedia.com\/leblogmoto\/2008\/07\/28\/le-la-times-pas\/","name":"Le LA Times passe en revue les motos des polices de la r\u00e9gion. - leblogmoto.com","isPartOf":{"@id":"https:\/\/blogs.thesocialmedia.com\/leblogmoto\/#website"},"primaryImageOfPage":{"@id":"https:\/\/blogs.thesocialmedia.com\/leblogmoto\/2008\/07\/28\/le-la-times-pas\/#primaryimage"},"image":{"@id":"https:\/\/blogs.thesocialmedia.com\/leblogmoto\/2008\/07\/28\/le-la-times-pas\/#primaryimage"},"thumbnailUrl":"http:\/\/www.leblogmoto.com\/images\/2008\/07\/28\/moto_cal_honda_st1300p_2.jpg","datePublished":"2008-07-28T23:54:55+00:00","dateModified":"2012-07-11T16:09:54+00:00","author":{"@id":"https:\/\/blogs.thesocialmedia.com\/leblogmoto\/#\/schema\/person\/18bfe773e5725ed6d24f743da805362a"},"breadcrumb":{"@id":"https:\/\/blogs.thesocialmedia.com\/leblogmoto\/2008\/07\/28\/le-la-times-pas\/#breadcrumb"},"inLanguage":"fr-FR","potentialAction":[{"@type":"ReadAction","target":["https:\/\/blogs.thesocialmedia.com\/leblogmoto\/2008\/07\/28\/le-la-times-pas\/"]}]},{"@type":"ImageObject","inLanguage":"fr-FR","@id":"https:\/\/blogs.thesocialmedia.com\/leblogmoto\/2008\/07\/28\/le-la-times-pas\/#primaryimage","url":"http:\/\/www.leblogmoto.com\/images\/2008\/07\/28\/moto_cal_honda_st1300p_2.jpg","contentUrl":"http:\/\/www.leblogmoto.com\/images\/2008\/07\/28\/moto_cal_honda_st1300p_2.jpg"},{"@type":"BreadcrumbList","@id":"https:\/\/blogs.thesocialmedia.com\/leblogmoto\/2008\/07\/28\/le-la-times-pas\/#breadcrumb","itemListElement":[{"@type":"ListItem","position":1,"name":"Accueil","item":"https:\/\/blogs.thesocialmedia.com\/leblogmoto\/"},{"@type":"ListItem","position":2,"name":"Le LA Times passe en revue les motos des polices de la r\u00e9gion."}]},{"@type":"WebSite","@id":"https:\/\/blogs.thesocialmedia.com\/leblogmoto\/#website","url":"https:\/\/blogs.thesocialmedia.com\/leblogmoto\/","name":"leblogmoto","description":"Toute l&#039;actualit\u00e9 des 2 roues","potentialAction":[{"@type":"SearchAction","target":{"@type":"EntryPoint","urlTemplate":"https:\/\/blogs.thesocialmedia.com\/leblogmoto\/?s={search_term_string}"},"query-input":{"@type":"PropertyValueSpecification","valueRequired":true,"valueName":"search_term_string"}}],"inLanguage":"fr-FR"},{"@type":"Person","@id":"https:\/\/blogs.thesocialmedia.com\/leblogmoto\/#\/schema\/person\/18bfe773e5725ed6d24f743da805362a","name":"benoit rieu","image":{"@type":"ImageObject","inLanguage":"fr-FR","@id":"https:\/\/blogs.thesocialmedia.com\/leblogmoto\/#\/schema\/person\/image\/","url":"https:\/\/secure.gravatar.com\/avatar\/?s=96&d=mm&r=g","contentUrl":"https:\/\/secure.gravatar.com\/avatar\/?s=96&d=mm&r=g","caption":"benoit rieu"},"url":"https:\/\/blogs.thesocialmedia.com\/leblogmoto\/author\/benoit-rieu\/"}]}},"_links":{"self":[{"href":"https:\/\/blogs.thesocialmedia.com\/leblogmoto\/wp-json\/wp\/v2\/posts\/562","targetHints":{"allow":["GET"]}}],"collection":[{"href":"https:\/\/blogs.thesocialmedia.com\/leblogmoto\/wp-json\/wp\/v2\/posts"}],"about":[{"href":"https:\/\/blogs.thesocialmedia.com\/leblogmoto\/wp-json\/wp\/v2\/types\/post"}],"author":[{"embeddable":true,"href":"https:\/\/blogs.thesocialmedia.com\/leblogmoto\/wp-json\/wp\/v2\/users\/324"}],"replies":[{"embeddable":true,"href":"https:\/\/blogs.thesocialmedia.com\/leblogmoto\/wp-json\/wp\/v2\/comments?post=562"}],"version-history":[{"count":2,"href":"https:\/\/blogs.thesocialmedia.com\/leblogmoto\/wp-json\/wp\/v2\/posts\/562\/revisions"}],"predecessor-version":[{"id":11360,"href":"https:\/\/blogs.thesocialmedia.com\/leblogmoto\/wp-json\/wp\/v2\/posts\/562\/revisions\/11360"}],"wp:attachment":[{"href":"https:\/\/blogs.thesocialmedia.com\/leblogmoto\/wp-json\/wp\/v2\/media?parent=562"}],"wp:term":[{"taxonomy":"category","embeddable":true,"href":"https:\/\/blogs.thesocialmedia.com\/leblogmoto\/wp-json\/wp\/v2\/categories?post=562"},{"taxonomy":"post_tag","embeddable":true,"href":"https:\/\/blogs.thesocialmedia.com\/leblogmoto\/wp-json\/wp\/v2\/tags?post=562"}],"curies":[{"name":"wp","href":"https:\/\/api.w.org\/{rel}","templated":true}]}}