{"id":563,"date":"2008-07-28T14:10:02","date_gmt":"2008-07-28T14:10:02","guid":{"rendered":"http:\/\/blogs.thesocialmedia.com\/leblogmoto\/2008\/07\/28\/la-hausse-du-pr\/"},"modified":"2012-07-11T16:09:43","modified_gmt":"2012-07-11T16:09:43","slug":"la-hausse-du-pr","status":"publish","type":"post","link":"https:\/\/blogs.thesocialmedia.com\/leblogmoto\/2008\/07\/28\/la-hausse-du-pr\/","title":{"rendered":"Les americains se mettent au scooter"},"content":{"rendered":"<p><a href=\"http:\/\/blogs.thesocialmedia.com\/leblogmoto\/files\/2012\/07\/vespa_paris.jpg\"><img loading=\"lazy\" decoding=\"async\" height=\"289\"  width=\"470\" src=\"http:\/\/www.leblogmoto.com\/images\/2008\/07\/28\/vespa_paris.jpg\" alt=\"Vespa_paris\" style=\"margin: 0px 5px 5px 0px;float: left\" \/><\/a> La hausse du prix du p\u00e9trole, la chute des ventes automobiles, \u00e7a profite \u00e0 certains. <\/p>\n<p>Aux \u00c9tats-Unis les ventes de scooters auraient augment\u00e9 de plus de 65% lors de la premi\u00e8re partie de l\u2019ann\u00e9e 2008. A New-York, la plus europ\u00e9enne des villes am\u00e9ricaines, <strong>les ventes de Vespa ont augment\u00e9 de 105% en mai et de 147% sur le mois de juin dernier<\/strong> (vs. mai 2007 et juin 2007) d\u2019apr\u00e8s l\u2019importateur officiel de la ville.<\/p>\n<p>Reste \u00e0 r\u00e9soudre le probl\u00e8me du stationnement : \u00e0 New-York il n\u2019existe quasiment pas de places r\u00e9serv\u00e9es aux deux-roues et le stationnement n\u2019est pas tol\u00e9r\u00e9 sur les trottoirs.<\/p>\n<p>Le plus gros concessionnaire Vespa de New-York a donc d\u00e9cid\u00e9 de mettre \u00e0 disposition de ses clients <strong>des places gratuites dans quelques parkings situ\u00e9s \u00e0 des endroits cl\u00e9s de Manhattan. <\/strong>Les heureux possesseurs de Vespa b\u00e9n\u00e9ficient donc du double luxe de ne pas \u00eatre coinc\u00e9s dans les embouteillages et de pouvoir se garer gratuitement dans Manhattan.<\/p>\n<p> C\u2019est un <strong>super coup marketing pour la marque<\/strong> qui esp\u00e8re ainsi s\u00e9duire de plus en plus d\u2019adeptes d\u2019ici la fin de l\u2019op\u00e9ration en septembre.<\/p>\n<p><a href=\"http:\/\/blogs.thesocialmedia.com\/leblogmoto\/files\/2012\/07\/free_parking_scooter_3.jpg\"><img loading=\"lazy\" decoding=\"async\" height=\"440\"  width=\"470\" alt=\"Free_parking_scooter_3\" src=\"http:\/\/www.leblogmoto.com\/images\/2008\/07\/28\/free_parking_scooter_3.jpg\" style=\"margin: 0px 5px 5px 0px;float: left\" \/><\/a> Quid une fois l&rsquo;op\u00e9ration termin\u00e9e ? <\/p>\n<p>Vue la vitesse \u00e0 laquelle les am\u00e9ricains ont su changer leur mentalit\u00e9 et d\u00e9laisser leurs 4&#215;4, j\u2019imagine que la situation va \u00e9voluer rapidement. Une place de stationnement de voiture permet de loger 7 deux-roues et il est probable que les propri\u00e9taires de parking fassent place aux deux-roues pour rentabiliser encore plus leur parking.<\/p>\n<p><strong>Les rues de NYC ressembleront-elles bient\u00f4t \u00e0 celle de Rome et de Paris ?<\/strong><\/p>\n<p><span style=\"font-size: 0.6em\"><em><a href=\"http:\/\/www.nytimes.com\/2007\/07\/13\/nyregion\/13scooters.html?ex=1341979200&amp;en=aa280f3297a23d0e&amp;ei=5090&amp;partner=rssuserland&amp;emc=rss\">Source New York Times<\/a><\/em><\/span><\/p>\n","protected":false},"excerpt":{"rendered":"<p>La hausse du prix du p\u00e9trole, la chute des ventes automobiles, \u00e7a profite \u00e0 certains. Aux \u00c9tats-Unis les ventes de scooters auraient augment\u00e9 de plus de 65% lors de la premi\u00e8re partie de l\u2019ann\u00e9e 2008. A New-York, la plus europ\u00e9enne des villes am\u00e9ricaines, les ventes de Vespa ont augment\u00e9 de 105% en mai et de [&hellip;]<\/p>\n","protected":false},"author":328,"featured_media":0,"comment_status":"open","ping_status":"open","sticky":false,"template":"","format":"standard","meta":{"footnotes":""},"categories":[1],"tags":[],"class_list":["post-563","post","type-post","status-publish","format-standard","hentry","category-uncategorized"],"yoast_head":"<!-- This site is optimized with the Yoast SEO plugin v26.0 - https:\/\/yoast.com\/wordpress\/plugins\/seo\/ -->\n<title>Les americains se mettent au scooter - leblogmoto.com<\/title>\n<meta name=\"robots\" content=\"index, follow, max-snippet:-1, max-image-preview:large, max-video-preview:-1\" \/>\n<link rel=\"canonical\" href=\"https:\/\/blogs.thesocialmedia.com\/leblogmoto\/2008\/07\/28\/la-hausse-du-pr\/\" \/>\n<meta name=\"twitter:card\" content=\"summary_large_image\" \/>\n<meta name=\"twitter:title\" content=\"Les americains se mettent au scooter - leblogmoto.com\" \/>\n<meta name=\"twitter:description\" content=\"La hausse du prix du p\u00e9trole, la chute des ventes automobiles, \u00e7a profite \u00e0 certains. Aux \u00c9tats-Unis les ventes de scooters auraient augment\u00e9 de plus de 65% lors de la premi\u00e8re partie de l\u2019ann\u00e9e 2008. A New-York, la plus europ\u00e9enne des villes am\u00e9ricaines, les ventes de Vespa ont augment\u00e9 de 105% en mai et de [&hellip;]\" \/>\n<meta name=\"twitter:image\" content=\"http:\/\/www.leblogmoto.com\/images\/2008\/07\/28\/vespa_paris.jpg\" \/>\n<meta name=\"twitter:label1\" content=\"\u00c9crit par\" \/>\n\t<meta name=\"twitter:data1\" content=\"thomas ceccaldi\" \/>\n\t<meta name=\"twitter:label2\" content=\"Dur\u00e9e de lecture estim\u00e9e\" \/>\n\t<meta name=\"twitter:data2\" content=\"1 minute\" \/>\n<script type=\"application\/ld+json\" class=\"yoast-schema-graph\">{\"@context\":\"https:\/\/schema.org\",\"@graph\":[{\"@type\":\"WebPage\",\"@id\":\"https:\/\/blogs.thesocialmedia.com\/leblogmoto\/2008\/07\/28\/la-hausse-du-pr\/\",\"url\":\"https:\/\/blogs.thesocialmedia.com\/leblogmoto\/2008\/07\/28\/la-hausse-du-pr\/\",\"name\":\"Les americains se mettent au scooter - leblogmoto.com\",\"isPartOf\":{\"@id\":\"https:\/\/blogs.thesocialmedia.com\/leblogmoto\/#website\"},\"primaryImageOfPage\":{\"@id\":\"https:\/\/blogs.thesocialmedia.com\/leblogmoto\/2008\/07\/28\/la-hausse-du-pr\/#primaryimage\"},\"image\":{\"@id\":\"https:\/\/blogs.thesocialmedia.com\/leblogmoto\/2008\/07\/28\/la-hausse-du-pr\/#primaryimage\"},\"thumbnailUrl\":\"http:\/\/www.leblogmoto.com\/images\/2008\/07\/28\/vespa_paris.jpg\",\"datePublished\":\"2008-07-28T14:10:02+00:00\",\"dateModified\":\"2012-07-11T16:09:43+00:00\",\"author\":{\"@id\":\"https:\/\/blogs.thesocialmedia.com\/leblogmoto\/#\/schema\/person\/55a1b27eb27b853144bd098e110e31f7\"},\"breadcrumb\":{\"@id\":\"https:\/\/blogs.thesocialmedia.com\/leblogmoto\/2008\/07\/28\/la-hausse-du-pr\/#breadcrumb\"},\"inLanguage\":\"fr-FR\",\"potentialAction\":[{\"@type\":\"ReadAction\",\"target\":[\"https:\/\/blogs.thesocialmedia.com\/leblogmoto\/2008\/07\/28\/la-hausse-du-pr\/\"]}]},{\"@type\":\"ImageObject\",\"inLanguage\":\"fr-FR\",\"@id\":\"https:\/\/blogs.thesocialmedia.com\/leblogmoto\/2008\/07\/28\/la-hausse-du-pr\/#primaryimage\",\"url\":\"http:\/\/www.leblogmoto.com\/images\/2008\/07\/28\/vespa_paris.jpg\",\"contentUrl\":\"http:\/\/www.leblogmoto.com\/images\/2008\/07\/28\/vespa_paris.jpg\"},{\"@type\":\"BreadcrumbList\",\"@id\":\"https:\/\/blogs.thesocialmedia.com\/leblogmoto\/2008\/07\/28\/la-hausse-du-pr\/#breadcrumb\",\"itemListElement\":[{\"@type\":\"ListItem\",\"position\":1,\"name\":\"Accueil\",\"item\":\"https:\/\/blogs.thesocialmedia.com\/leblogmoto\/\"},{\"@type\":\"ListItem\",\"position\":2,\"name\":\"Les americains se mettent au scooter\"}]},{\"@type\":\"WebSite\",\"@id\":\"https:\/\/blogs.thesocialmedia.com\/leblogmoto\/#website\",\"url\":\"https:\/\/blogs.thesocialmedia.com\/leblogmoto\/\",\"name\":\"leblogmoto\",\"description\":\"Toute l&#039;actualit\u00e9 des 2 roues\",\"potentialAction\":[{\"@type\":\"SearchAction\",\"target\":{\"@type\":\"EntryPoint\",\"urlTemplate\":\"https:\/\/blogs.thesocialmedia.com\/leblogmoto\/?s={search_term_string}\"},\"query-input\":{\"@type\":\"PropertyValueSpecification\",\"valueRequired\":true,\"valueName\":\"search_term_string\"}}],\"inLanguage\":\"fr-FR\"},{\"@type\":\"Person\",\"@id\":\"https:\/\/blogs.thesocialmedia.com\/leblogmoto\/#\/schema\/person\/55a1b27eb27b853144bd098e110e31f7\",\"name\":\"thomas ceccaldi\",\"image\":{\"@type\":\"ImageObject\",\"inLanguage\":\"fr-FR\",\"@id\":\"https:\/\/blogs.thesocialmedia.com\/leblogmoto\/#\/schema\/person\/image\/\",\"url\":\"https:\/\/secure.gravatar.com\/avatar\/?s=96&d=mm&r=g\",\"contentUrl\":\"https:\/\/secure.gravatar.com\/avatar\/?s=96&d=mm&r=g\",\"caption\":\"thomas ceccaldi\"},\"url\":\"https:\/\/blogs.thesocialmedia.com\/leblogmoto\/author\/thomas-ceccaldi\/\"}]}<\/script>\n<!-- \/ Yoast SEO plugin. -->","yoast_head_json":{"title":"Les americains se mettent au scooter - leblogmoto.com","robots":{"index":"index","follow":"follow","max-snippet":"max-snippet:-1","max-image-preview":"max-image-preview:large","max-video-preview":"max-video-preview:-1"},"canonical":"https:\/\/blogs.thesocialmedia.com\/leblogmoto\/2008\/07\/28\/la-hausse-du-pr\/","twitter_card":"summary_large_image","twitter_title":"Les americains se mettent au scooter - leblogmoto.com","twitter_description":"La hausse du prix du p\u00e9trole, la chute des ventes automobiles, \u00e7a profite \u00e0 certains. Aux \u00c9tats-Unis les ventes de scooters auraient augment\u00e9 de plus de 65% lors de la premi\u00e8re partie de l\u2019ann\u00e9e 2008. A New-York, la plus europ\u00e9enne des villes am\u00e9ricaines, les ventes de Vespa ont augment\u00e9 de 105% en mai et de [&hellip;]","twitter_image":"http:\/\/www.leblogmoto.com\/images\/2008\/07\/28\/vespa_paris.jpg","twitter_misc":{"\u00c9crit par":"thomas ceccaldi","Dur\u00e9e de lecture estim\u00e9e":"1 minute"},"schema":{"@context":"https:\/\/schema.org","@graph":[{"@type":"WebPage","@id":"https:\/\/blogs.thesocialmedia.com\/leblogmoto\/2008\/07\/28\/la-hausse-du-pr\/","url":"https:\/\/blogs.thesocialmedia.com\/leblogmoto\/2008\/07\/28\/la-hausse-du-pr\/","name":"Les americains se mettent au scooter - leblogmoto.com","isPartOf":{"@id":"https:\/\/blogs.thesocialmedia.com\/leblogmoto\/#website"},"primaryImageOfPage":{"@id":"https:\/\/blogs.thesocialmedia.com\/leblogmoto\/2008\/07\/28\/la-hausse-du-pr\/#primaryimage"},"image":{"@id":"https:\/\/blogs.thesocialmedia.com\/leblogmoto\/2008\/07\/28\/la-hausse-du-pr\/#primaryimage"},"thumbnailUrl":"http:\/\/www.leblogmoto.com\/images\/2008\/07\/28\/vespa_paris.jpg","datePublished":"2008-07-28T14:10:02+00:00","dateModified":"2012-07-11T16:09:43+00:00","author":{"@id":"https:\/\/blogs.thesocialmedia.com\/leblogmoto\/#\/schema\/person\/55a1b27eb27b853144bd098e110e31f7"},"breadcrumb":{"@id":"https:\/\/blogs.thesocialmedia.com\/leblogmoto\/2008\/07\/28\/la-hausse-du-pr\/#breadcrumb"},"inLanguage":"fr-FR","potentialAction":[{"@type":"ReadAction","target":["https:\/\/blogs.thesocialmedia.com\/leblogmoto\/2008\/07\/28\/la-hausse-du-pr\/"]}]},{"@type":"ImageObject","inLanguage":"fr-FR","@id":"https:\/\/blogs.thesocialmedia.com\/leblogmoto\/2008\/07\/28\/la-hausse-du-pr\/#primaryimage","url":"http:\/\/www.leblogmoto.com\/images\/2008\/07\/28\/vespa_paris.jpg","contentUrl":"http:\/\/www.leblogmoto.com\/images\/2008\/07\/28\/vespa_paris.jpg"},{"@type":"BreadcrumbList","@id":"https:\/\/blogs.thesocialmedia.com\/leblogmoto\/2008\/07\/28\/la-hausse-du-pr\/#breadcrumb","itemListElement":[{"@type":"ListItem","position":1,"name":"Accueil","item":"https:\/\/blogs.thesocialmedia.com\/leblogmoto\/"},{"@type":"ListItem","position":2,"name":"Les americains se mettent au scooter"}]},{"@type":"WebSite","@id":"https:\/\/blogs.thesocialmedia.com\/leblogmoto\/#website","url":"https:\/\/blogs.thesocialmedia.com\/leblogmoto\/","name":"leblogmoto","description":"Toute l&#039;actualit\u00e9 des 2 roues","potentialAction":[{"@type":"SearchAction","target":{"@type":"EntryPoint","urlTemplate":"https:\/\/blogs.thesocialmedia.com\/leblogmoto\/?s={search_term_string}"},"query-input":{"@type":"PropertyValueSpecification","valueRequired":true,"valueName":"search_term_string"}}],"inLanguage":"fr-FR"},{"@type":"Person","@id":"https:\/\/blogs.thesocialmedia.com\/leblogmoto\/#\/schema\/person\/55a1b27eb27b853144bd098e110e31f7","name":"thomas ceccaldi","image":{"@type":"ImageObject","inLanguage":"fr-FR","@id":"https:\/\/blogs.thesocialmedia.com\/leblogmoto\/#\/schema\/person\/image\/","url":"https:\/\/secure.gravatar.com\/avatar\/?s=96&d=mm&r=g","contentUrl":"https:\/\/secure.gravatar.com\/avatar\/?s=96&d=mm&r=g","caption":"thomas ceccaldi"},"url":"https:\/\/blogs.thesocialmedia.com\/leblogmoto\/author\/thomas-ceccaldi\/"}]}},"_links":{"self":[{"href":"https:\/\/blogs.thesocialmedia.com\/leblogmoto\/wp-json\/wp\/v2\/posts\/563","targetHints":{"allow":["GET"]}}],"collection":[{"href":"https:\/\/blogs.thesocialmedia.com\/leblogmoto\/wp-json\/wp\/v2\/posts"}],"about":[{"href":"https:\/\/blogs.thesocialmedia.com\/leblogmoto\/wp-json\/wp\/v2\/types\/post"}],"author":[{"embeddable":true,"href":"https:\/\/blogs.thesocialmedia.com\/leblogmoto\/wp-json\/wp\/v2\/users\/328"}],"replies":[{"embeddable":true,"href":"https:\/\/blogs.thesocialmedia.com\/leblogmoto\/wp-json\/wp\/v2\/comments?post=563"}],"version-history":[{"count":2,"href":"https:\/\/blogs.thesocialmedia.com\/leblogmoto\/wp-json\/wp\/v2\/posts\/563\/revisions"}],"predecessor-version":[{"id":11353,"href":"https:\/\/blogs.thesocialmedia.com\/leblogmoto\/wp-json\/wp\/v2\/posts\/563\/revisions\/11353"}],"wp:attachment":[{"href":"https:\/\/blogs.thesocialmedia.com\/leblogmoto\/wp-json\/wp\/v2\/media?parent=563"}],"wp:term":[{"taxonomy":"category","embeddable":true,"href":"https:\/\/blogs.thesocialmedia.com\/leblogmoto\/wp-json\/wp\/v2\/categories?post=563"},{"taxonomy":"post_tag","embeddable":true,"href":"https:\/\/blogs.thesocialmedia.com\/leblogmoto\/wp-json\/wp\/v2\/tags?post=563"}],"curies":[{"name":"wp","href":"https:\/\/api.w.org\/{rel}","templated":true}]}}