{"id":57,"date":"2009-10-12T08:25:00","date_gmt":"2009-10-12T08:25:00","guid":{"rendered":"http:\/\/blogs.thesocialmedia.com\/leblogmoto\/2009\/10\/12\/femmes-motos-gaza-interdiction\/"},"modified":"2012-07-11T17:39:29","modified_gmt":"2012-07-11T17:39:29","slug":"femmes-motos-gaza-interdiction","status":"publish","type":"post","link":"https:\/\/blogs.thesocialmedia.com\/leblogmoto\/2009\/10\/12\/femmes-motos-gaza-interdiction\/","title":{"rendered":"Ubu met au rebut les duos avec gazelles \u00e0 Gaza."},"content":{"rendered":"<p><a href=\"http:\/\/blogs.thesocialmedia.com\/leblogmoto\/files\/2012\/07\/6a00d83451b18369e20120a5dadafc970b-popup.png\"><img decoding=\"async\" alt=\"Moto Keystone via 24heures.ch\" class=\"asset asset-image at-xid-6a00d83451b18369e20120a5dadafc970b \" src=\"http:\/\/blogs.thesocialmedia.com\/leblogmoto\/files\/2012\/07\/6a00d83451b18369e20120a5dadafc970b-500wi.jpg\" \/><\/a><\/p>\n<p>Nul besoin d&#039;\u00eatre expert en g\u00e9opolitique pour savoir que depuis deux ans&#160;les territoires palestiniens sont administr\u00e9s diff\u00e9remment selon qu&#039;ils se trouvent en Cisjordanie ou dans la bande c\u00f4ti\u00e8re, dite &quot;de Gaza&quot;. Si la premi\u00e8re&#160;est dirig\u00e9e par le&#160;mouvement la\u00efc&#160;Fatah, la seconde l&#039;est&#160;par le Hamas&#160;dont les membres&#160;ont des convictions islamistes chevill\u00e9es au corps, pardon pour le pl\u00e9onasme. Des convictions qu&#039;ils imposent \u00e0 la population et qu&#039;ils mettent encore une fois en pratique, comme l&#039;explique cette <a href=\"http:\/\/www.lefigaro.fr\/flash-actu\/2009\/10\/08\/01011-20091008FILWWW00607-les-motos-interdites-aux-femmes-a-gaza.php\">d\u00e9p\u00eache AFP<\/a>. Une&#160;d\u00e9cision interdit \u00e0 pr\u00e9sent aux femmes de prendre place sur un deux-roues, moto comme scooter (quid des trikes, quads, et unicycles&#8230; ?). Le minist\u00e8re de l&#039;Int\u00e9rieur s&#039;est justifi\u00e9 de cette&#160;solution obscurantiste,&#160;en invoquant&#160;de sp\u00e9cieux soucis de s\u00e9curit\u00e9 et le maintien d&#039;un statu quo:&#160;&quot;Nous avons d\u00e9cid\u00e9 d&#039;interdire aux femmes de monter sur des motos pour pr\u00e9server la stabilit\u00e9 et les traditions de notre soci\u00e9t\u00e9&quot;.<\/p>\n<\/p>\n<p>Cela&#160;contribuera en fait&#160;\u00e0 aggraver la situation&#160;actuelle, puisque jusqu&#039;\u00e0 pr\u00e9sent les femmes <a href=\"http:\/\/blog-correspondant-a-jerusalem-tf1.lci.fr\/article-19698625.html\">gazaouites<\/a> se contentaient du r\u00f4le&#160;passif de&#160;passag\u00e8re, jamais de pilote\/conducteur. Et que les lectrices me pardonnent le mot argotique pour les d\u00e9signer en titre.<\/p>\n<p><em>Cr\u00e9dit photo: Keystone via 24Heures.ch<\/em><\/p>\n","protected":false},"excerpt":{"rendered":"<p>Nul besoin d&#039;\u00eatre expert en g\u00e9opolitique pour savoir que depuis deux ans&#160;les territoires palestiniens sont administr\u00e9s diff\u00e9remment selon qu&#039;ils se trouvent en Cisjordanie ou dans la bande c\u00f4ti\u00e8re, dite &quot;de Gaza&quot;. Si la premi\u00e8re&#160;est dirig\u00e9e par le&#160;mouvement la\u00efc&#160;Fatah, la seconde l&#039;est&#160;par le Hamas&#160;dont les membres&#160;ont des convictions islamistes chevill\u00e9es au corps, pardon pour le pl\u00e9onasme. [&hellip;]<\/p>\n","protected":false},"author":324,"featured_media":14198,"comment_status":"open","ping_status":"open","sticky":false,"template":"","format":"standard","meta":{"footnotes":""},"categories":[3,26,23],"tags":[],"class_list":["post-57","post","type-post","status-publish","format-standard","has-post-thumbnail","hentry","category-actualite","category-circulation","category-motophobie"],"yoast_head":"<!-- This site is optimized with the Yoast SEO plugin v26.0 - https:\/\/yoast.com\/wordpress\/plugins\/seo\/ -->\n<title>Ubu met au rebut les duos avec gazelles \u00e0 Gaza. - leblogmoto.com<\/title>\n<meta name=\"robots\" content=\"index, follow, max-snippet:-1, max-image-preview:large, max-video-preview:-1\" \/>\n<link rel=\"canonical\" href=\"https:\/\/blogs.thesocialmedia.com\/leblogmoto\/2009\/10\/12\/femmes-motos-gaza-interdiction\/\" \/>\n<meta name=\"twitter:card\" content=\"summary_large_image\" \/>\n<meta name=\"twitter:title\" content=\"Ubu met au rebut les duos avec gazelles \u00e0 Gaza. - leblogmoto.com\" \/>\n<meta name=\"twitter:description\" content=\"Nul besoin d&#039;\u00eatre expert en g\u00e9opolitique pour savoir que depuis deux ans&#160;les territoires palestiniens sont administr\u00e9s diff\u00e9remment selon qu&#039;ils se trouvent en Cisjordanie ou dans la bande c\u00f4ti\u00e8re, dite &quot;de Gaza&quot;. Si la premi\u00e8re&#160;est dirig\u00e9e par le&#160;mouvement la\u00efc&#160;Fatah, la seconde l&#039;est&#160;par le Hamas&#160;dont les membres&#160;ont des convictions islamistes chevill\u00e9es au corps, pardon pour le pl\u00e9onasme. [&hellip;]\" \/>\n<meta name=\"twitter:image\" content=\"https:\/\/blogs.thesocialmedia.com\/leblogmoto\/files\/2012\/07\/6a00d83451b18369e20120a5dadafc970b-500wi.jpg\" \/>\n<meta name=\"twitter:label1\" content=\"\u00c9crit par\" \/>\n\t<meta name=\"twitter:data1\" content=\"benoit rieu\" \/>\n\t<meta name=\"twitter:label2\" content=\"Dur\u00e9e de lecture estim\u00e9e\" \/>\n\t<meta name=\"twitter:data2\" content=\"1 minute\" \/>\n<script type=\"application\/ld+json\" class=\"yoast-schema-graph\">{\"@context\":\"https:\/\/schema.org\",\"@graph\":[{\"@type\":\"WebPage\",\"@id\":\"https:\/\/blogs.thesocialmedia.com\/leblogmoto\/2009\/10\/12\/femmes-motos-gaza-interdiction\/\",\"url\":\"https:\/\/blogs.thesocialmedia.com\/leblogmoto\/2009\/10\/12\/femmes-motos-gaza-interdiction\/\",\"name\":\"Ubu met au rebut les duos avec gazelles \u00e0 Gaza. - leblogmoto.com\",\"isPartOf\":{\"@id\":\"https:\/\/blogs.thesocialmedia.com\/leblogmoto\/#website\"},\"primaryImageOfPage\":{\"@id\":\"https:\/\/blogs.thesocialmedia.com\/leblogmoto\/2009\/10\/12\/femmes-motos-gaza-interdiction\/#primaryimage\"},\"image\":{\"@id\":\"https:\/\/blogs.thesocialmedia.com\/leblogmoto\/2009\/10\/12\/femmes-motos-gaza-interdiction\/#primaryimage\"},\"thumbnailUrl\":\"https:\/\/blogs.thesocialmedia.com\/leblogmoto\/files\/2012\/07\/6a00d83451b18369e20120a5dadafc970b-500wi.jpg\",\"datePublished\":\"2009-10-12T08:25:00+00:00\",\"dateModified\":\"2012-07-11T17:39:29+00:00\",\"author\":{\"@id\":\"https:\/\/blogs.thesocialmedia.com\/leblogmoto\/#\/schema\/person\/18bfe773e5725ed6d24f743da805362a\"},\"breadcrumb\":{\"@id\":\"https:\/\/blogs.thesocialmedia.com\/leblogmoto\/2009\/10\/12\/femmes-motos-gaza-interdiction\/#breadcrumb\"},\"inLanguage\":\"fr-FR\",\"potentialAction\":[{\"@type\":\"ReadAction\",\"target\":[\"https:\/\/blogs.thesocialmedia.com\/leblogmoto\/2009\/10\/12\/femmes-motos-gaza-interdiction\/\"]}]},{\"@type\":\"ImageObject\",\"inLanguage\":\"fr-FR\",\"@id\":\"https:\/\/blogs.thesocialmedia.com\/leblogmoto\/2009\/10\/12\/femmes-motos-gaza-interdiction\/#primaryimage\",\"url\":\"https:\/\/blogs.thesocialmedia.com\/leblogmoto\/files\/2012\/07\/6a00d83451b18369e20120a5dadafc970b-500wi.jpg\",\"contentUrl\":\"https:\/\/blogs.thesocialmedia.com\/leblogmoto\/files\/2012\/07\/6a00d83451b18369e20120a5dadafc970b-500wi.jpg\",\"width\":\"468\",\"height\":\"312\"},{\"@type\":\"BreadcrumbList\",\"@id\":\"https:\/\/blogs.thesocialmedia.com\/leblogmoto\/2009\/10\/12\/femmes-motos-gaza-interdiction\/#breadcrumb\",\"itemListElement\":[{\"@type\":\"ListItem\",\"position\":1,\"name\":\"Accueil\",\"item\":\"https:\/\/blogs.thesocialmedia.com\/leblogmoto\/\"},{\"@type\":\"ListItem\",\"position\":2,\"name\":\"Ubu met au rebut les duos avec gazelles \u00e0 Gaza.\"}]},{\"@type\":\"WebSite\",\"@id\":\"https:\/\/blogs.thesocialmedia.com\/leblogmoto\/#website\",\"url\":\"https:\/\/blogs.thesocialmedia.com\/leblogmoto\/\",\"name\":\"leblogmoto\",\"description\":\"Toute l&#039;actualit\u00e9 des 2 roues\",\"potentialAction\":[{\"@type\":\"SearchAction\",\"target\":{\"@type\":\"EntryPoint\",\"urlTemplate\":\"https:\/\/blogs.thesocialmedia.com\/leblogmoto\/?s={search_term_string}\"},\"query-input\":{\"@type\":\"PropertyValueSpecification\",\"valueRequired\":true,\"valueName\":\"search_term_string\"}}],\"inLanguage\":\"fr-FR\"},{\"@type\":\"Person\",\"@id\":\"https:\/\/blogs.thesocialmedia.com\/leblogmoto\/#\/schema\/person\/18bfe773e5725ed6d24f743da805362a\",\"name\":\"benoit rieu\",\"image\":{\"@type\":\"ImageObject\",\"inLanguage\":\"fr-FR\",\"@id\":\"https:\/\/blogs.thesocialmedia.com\/leblogmoto\/#\/schema\/person\/image\/\",\"url\":\"https:\/\/secure.gravatar.com\/avatar\/?s=96&d=mm&r=g\",\"contentUrl\":\"https:\/\/secure.gravatar.com\/avatar\/?s=96&d=mm&r=g\",\"caption\":\"benoit rieu\"},\"url\":\"https:\/\/blogs.thesocialmedia.com\/leblogmoto\/author\/benoit-rieu\/\"}]}<\/script>\n<!-- \/ Yoast SEO plugin. -->","yoast_head_json":{"title":"Ubu met au rebut les duos avec gazelles \u00e0 Gaza. - leblogmoto.com","robots":{"index":"index","follow":"follow","max-snippet":"max-snippet:-1","max-image-preview":"max-image-preview:large","max-video-preview":"max-video-preview:-1"},"canonical":"https:\/\/blogs.thesocialmedia.com\/leblogmoto\/2009\/10\/12\/femmes-motos-gaza-interdiction\/","twitter_card":"summary_large_image","twitter_title":"Ubu met au rebut les duos avec gazelles \u00e0 Gaza. - leblogmoto.com","twitter_description":"Nul besoin d&#039;\u00eatre expert en g\u00e9opolitique pour savoir que depuis deux ans&#160;les territoires palestiniens sont administr\u00e9s diff\u00e9remment selon qu&#039;ils se trouvent en Cisjordanie ou dans la bande c\u00f4ti\u00e8re, dite &quot;de Gaza&quot;. Si la premi\u00e8re&#160;est dirig\u00e9e par le&#160;mouvement la\u00efc&#160;Fatah, la seconde l&#039;est&#160;par le Hamas&#160;dont les membres&#160;ont des convictions islamistes chevill\u00e9es au corps, pardon pour le pl\u00e9onasme. [&hellip;]","twitter_image":"https:\/\/blogs.thesocialmedia.com\/leblogmoto\/files\/2012\/07\/6a00d83451b18369e20120a5dadafc970b-500wi.jpg","twitter_misc":{"\u00c9crit par":"benoit rieu","Dur\u00e9e de lecture estim\u00e9e":"1 minute"},"schema":{"@context":"https:\/\/schema.org","@graph":[{"@type":"WebPage","@id":"https:\/\/blogs.thesocialmedia.com\/leblogmoto\/2009\/10\/12\/femmes-motos-gaza-interdiction\/","url":"https:\/\/blogs.thesocialmedia.com\/leblogmoto\/2009\/10\/12\/femmes-motos-gaza-interdiction\/","name":"Ubu met au rebut les duos avec gazelles \u00e0 Gaza. - leblogmoto.com","isPartOf":{"@id":"https:\/\/blogs.thesocialmedia.com\/leblogmoto\/#website"},"primaryImageOfPage":{"@id":"https:\/\/blogs.thesocialmedia.com\/leblogmoto\/2009\/10\/12\/femmes-motos-gaza-interdiction\/#primaryimage"},"image":{"@id":"https:\/\/blogs.thesocialmedia.com\/leblogmoto\/2009\/10\/12\/femmes-motos-gaza-interdiction\/#primaryimage"},"thumbnailUrl":"https:\/\/blogs.thesocialmedia.com\/leblogmoto\/files\/2012\/07\/6a00d83451b18369e20120a5dadafc970b-500wi.jpg","datePublished":"2009-10-12T08:25:00+00:00","dateModified":"2012-07-11T17:39:29+00:00","author":{"@id":"https:\/\/blogs.thesocialmedia.com\/leblogmoto\/#\/schema\/person\/18bfe773e5725ed6d24f743da805362a"},"breadcrumb":{"@id":"https:\/\/blogs.thesocialmedia.com\/leblogmoto\/2009\/10\/12\/femmes-motos-gaza-interdiction\/#breadcrumb"},"inLanguage":"fr-FR","potentialAction":[{"@type":"ReadAction","target":["https:\/\/blogs.thesocialmedia.com\/leblogmoto\/2009\/10\/12\/femmes-motos-gaza-interdiction\/"]}]},{"@type":"ImageObject","inLanguage":"fr-FR","@id":"https:\/\/blogs.thesocialmedia.com\/leblogmoto\/2009\/10\/12\/femmes-motos-gaza-interdiction\/#primaryimage","url":"https:\/\/blogs.thesocialmedia.com\/leblogmoto\/files\/2012\/07\/6a00d83451b18369e20120a5dadafc970b-500wi.jpg","contentUrl":"https:\/\/blogs.thesocialmedia.com\/leblogmoto\/files\/2012\/07\/6a00d83451b18369e20120a5dadafc970b-500wi.jpg","width":"468","height":"312"},{"@type":"BreadcrumbList","@id":"https:\/\/blogs.thesocialmedia.com\/leblogmoto\/2009\/10\/12\/femmes-motos-gaza-interdiction\/#breadcrumb","itemListElement":[{"@type":"ListItem","position":1,"name":"Accueil","item":"https:\/\/blogs.thesocialmedia.com\/leblogmoto\/"},{"@type":"ListItem","position":2,"name":"Ubu met au rebut les duos avec gazelles \u00e0 Gaza."}]},{"@type":"WebSite","@id":"https:\/\/blogs.thesocialmedia.com\/leblogmoto\/#website","url":"https:\/\/blogs.thesocialmedia.com\/leblogmoto\/","name":"leblogmoto","description":"Toute l&#039;actualit\u00e9 des 2 roues","potentialAction":[{"@type":"SearchAction","target":{"@type":"EntryPoint","urlTemplate":"https:\/\/blogs.thesocialmedia.com\/leblogmoto\/?s={search_term_string}"},"query-input":{"@type":"PropertyValueSpecification","valueRequired":true,"valueName":"search_term_string"}}],"inLanguage":"fr-FR"},{"@type":"Person","@id":"https:\/\/blogs.thesocialmedia.com\/leblogmoto\/#\/schema\/person\/18bfe773e5725ed6d24f743da805362a","name":"benoit rieu","image":{"@type":"ImageObject","inLanguage":"fr-FR","@id":"https:\/\/blogs.thesocialmedia.com\/leblogmoto\/#\/schema\/person\/image\/","url":"https:\/\/secure.gravatar.com\/avatar\/?s=96&d=mm&r=g","contentUrl":"https:\/\/secure.gravatar.com\/avatar\/?s=96&d=mm&r=g","caption":"benoit rieu"},"url":"https:\/\/blogs.thesocialmedia.com\/leblogmoto\/author\/benoit-rieu\/"}]}},"_links":{"self":[{"href":"https:\/\/blogs.thesocialmedia.com\/leblogmoto\/wp-json\/wp\/v2\/posts\/57","targetHints":{"allow":["GET"]}}],"collection":[{"href":"https:\/\/blogs.thesocialmedia.com\/leblogmoto\/wp-json\/wp\/v2\/posts"}],"about":[{"href":"https:\/\/blogs.thesocialmedia.com\/leblogmoto\/wp-json\/wp\/v2\/types\/post"}],"author":[{"embeddable":true,"href":"https:\/\/blogs.thesocialmedia.com\/leblogmoto\/wp-json\/wp\/v2\/users\/324"}],"replies":[{"embeddable":true,"href":"https:\/\/blogs.thesocialmedia.com\/leblogmoto\/wp-json\/wp\/v2\/comments?post=57"}],"version-history":[{"count":2,"href":"https:\/\/blogs.thesocialmedia.com\/leblogmoto\/wp-json\/wp\/v2\/posts\/57\/revisions"}],"predecessor-version":[{"id":14200,"href":"https:\/\/blogs.thesocialmedia.com\/leblogmoto\/wp-json\/wp\/v2\/posts\/57\/revisions\/14200"}],"wp:featuredmedia":[{"embeddable":true,"href":"https:\/\/blogs.thesocialmedia.com\/leblogmoto\/wp-json\/wp\/v2\/media\/14198"}],"wp:attachment":[{"href":"https:\/\/blogs.thesocialmedia.com\/leblogmoto\/wp-json\/wp\/v2\/media?parent=57"}],"wp:term":[{"taxonomy":"category","embeddable":true,"href":"https:\/\/blogs.thesocialmedia.com\/leblogmoto\/wp-json\/wp\/v2\/categories?post=57"},{"taxonomy":"post_tag","embeddable":true,"href":"https:\/\/blogs.thesocialmedia.com\/leblogmoto\/wp-json\/wp\/v2\/tags?post=57"}],"curies":[{"name":"wp","href":"https:\/\/api.w.org\/{rel}","templated":true}]}}