{"id":570,"date":"2008-07-23T02:09:37","date_gmt":"2008-07-23T02:09:37","guid":{"rendered":"http:\/\/blogs.thesocialmedia.com\/leblogmoto\/2008\/07\/23\/sturgis-68-ans\/"},"modified":"2012-07-11T16:08:50","modified_gmt":"2012-07-11T16:08:50","slug":"sturgis-68-ans","status":"publish","type":"post","link":"https:\/\/blogs.thesocialmedia.com\/leblogmoto\/2008\/07\/23\/sturgis-68-ans\/","title":{"rendered":"Sturgis, 68 ans d&rsquo;hyperbole"},"content":{"rendered":"<p><a href=\"http:\/\/blogs.thesocialmedia.com\/leblogmoto\/files\/2012\/07\/sturgis1.jpg\"><img loading=\"lazy\" decoding=\"async\" width=\"470\" height=\"312\"  alt=\"Sturgis1\" src=\"http:\/\/www.leblogmoto.com\/images\/2008\/07\/22\/sturgis1.jpg\" \/><\/a> <\/p>\n<p>Le rassemblement de <a href=\"http:\/\/www.sturgis.com\/\">Sturgis<\/a> est, avec celui de Daytona, l\u2019un des plus courus par les motards nord-am\u00e9ricains. Se tenant depuis 1938 la premi\u00e8re semaine du mois d\u2019ao\u00fbt, il en sera cette ann\u00e9e \u00e0 sa 68e \u00e9dition, ayant d\u00fb interrompre les festivit\u00e9s lors de la Seconde Guerre mondiale pendant deux ans \u00e0 cause du rationnement en essence.<br \/>Le spectacle est partout, mais il est surtout dans la rue avec ces milliers de visiteurs en motos qui envahissent la ville.<\/p>\n<p>Au chapitre des activit\u00e9s cette ann\u00e9e, tous les go\u00fbts seront servis avec, pour les plus patriotes, la visite du candidat r\u00e9publicain \u00e0 la pr\u00e9sidence John McCain qui inaugurera les festivit\u00e9s comm\u00e9moratives pour les v\u00e9t\u00e9rans. Pour les autres, reste les diff\u00e9rents concours, tous plus divertissants les uns que les autres, comme celui des faux orgasmes, les \u00abBurn Out\u00bb en moto bien s\u00fbr, un truc avec des cornichons dont la nature m\u2019\u00e9chappe, et plusieurs concours de beaut\u00e9s, motos et dames. Ils ne le font pas pour les hommes, mais \u00e0 voir les images des ann\u00e9es pr\u00e9c\u00e9dentes, on comprend vite qu\u2019en effet, ce serait peine perdue.<\/p>\n<p>Indian, renaissant de ses cendres, fera une premi\u00e8re sortie publique \u00e0 Sturgis avec ses 4 mod\u00e8les (on vous parlait d\u2019Indian <a href=\"http:\/\/www.leblogmoto.com\/2008\/05\/la-renaissance.html\">ici<\/a>). Autre ic\u00f4ne culturelle faisant acte de pr\u00e9sence sera le Ace Cafe de Londres, l\u2019endroit mythique qui vu na\u00eetre le Caf\u00e9 Racer (on vous en parlait aussi <a href=\"http:\/\/www.leblogmoto.com\/2008\/07\/album-du-vendre.html\">par l\u00e0<\/a>).<\/p>\n<p>Toujours sur le plan culturel, surprenant non, sera la venue du photographe canadien <a href=\"http:\/\/www.edwardburtynsky.com\/\">Edward Burtynsky<\/a>, qui fera un portrait de groupe des milliers de motards r\u00e9unis sur la rue principale.<\/p>\n<p>Pour les allergiques \u00e0 la culture, des kiosques de tir \u00e0 la mitrailleuse seront aussi accessibles, comme la bouffe \u00e0 volont\u00e9, les spectacles partout, des randonn\u00e9es pour de bonnes causes ou vers les curiosit\u00e9s, et m\u00eame des comp\u00e9titions de moto, \u00e9tonnant.<\/p>\n<p>Pour plusieurs, ces rassemblements sont de nature presque mystique, et le p\u00e8lerinage annuel, sacr\u00e9. \u00c0 chacun son opium.<\/p>\n<p><a href=\"http:\/\/clabedan.typepad.com\/.shared\/image.html?\/photos\/uncategorized\/2008\/07\/22\/sturgis2.jpg\"><img loading=\"lazy\" decoding=\"async\" width=\"470\" height=\"352\"  alt=\"Sturgis2\" src=\"http:\/\/www.leblogmoto.com\/images\/2008\/07\/22\/sturgis2.jpg\" \/><\/a> <\/p>\n<p><a href=\"http:\/\/blogs.thesocialmedia.com\/leblogmoto\/files\/2012\/07\/sturgis3.jpg\"><img loading=\"lazy\" decoding=\"async\" width=\"470\" height=\"352\"  alt=\"Sturgis3\" src=\"http:\/\/www.leblogmoto.com\/images\/2008\/07\/22\/sturgis3.jpg\" \/><\/a> <\/p>\n<p><a href=\"http:\/\/blogs.thesocialmedia.com\/leblogmoto\/files\/2012\/07\/sturgis4.jpg\"><img loading=\"lazy\" decoding=\"async\" width=\"470\" height=\"352\"  alt=\"Sturgis4\" src=\"http:\/\/www.leblogmoto.com\/images\/2008\/07\/22\/sturgis4.jpg\" \/><\/a> <\/p>\n<p><a href=\"http:\/\/blogs.thesocialmedia.com\/leblogmoto\/files\/2012\/07\/sturgis5.jpg\"><img loading=\"lazy\" decoding=\"async\" width=\"470\" height=\"251\"  alt=\"Sturgis5\" src=\"http:\/\/www.leblogmoto.com\/images\/2008\/07\/22\/sturgis5.jpg\" \/><\/a> <\/p>\n<p><a href=\"http:\/\/blogs.thesocialmedia.com\/leblogmoto\/files\/2012\/07\/sturgis6.jpg\"><img loading=\"lazy\" decoding=\"async\" width=\"470\" height=\"232\"  alt=\"Sturgis6\" src=\"http:\/\/www.leblogmoto.com\/images\/2008\/07\/22\/sturgis6.jpg\" \/><\/a> <\/p>\n<p><object width=\"425\" height=\"349\"><param value=\"http:\/\/www.youtube.com\/v\/Y_8tkKaSOGM&amp;hl=en&amp;fs=1&amp;rel=0&amp;border=1\" name=\"movie\" \/><param value=\"true\" name=\"allowFullScreen\" \/><embed width=\"425\" height=\"349\" type=\"application\/x-shockwave-flash\" src=\"http:\/\/www.youtube.com\/v\/Y_8tkKaSOGM&amp;hl=en&amp;fs=1&amp;rel=0&amp;border=1\"><\/embed><\/object><\/p>\n","protected":false},"excerpt":{"rendered":"<p>Le rassemblement de Sturgis est, avec celui de Daytona, l\u2019un des plus courus par les motards nord-am\u00e9ricains. Se tenant depuis 1938 la premi\u00e8re semaine du mois d\u2019ao\u00fbt, il en sera cette ann\u00e9e \u00e0 sa 68e \u00e9dition, ayant d\u00fb interrompre les festivit\u00e9s lors de la Seconde Guerre mondiale pendant deux ans \u00e0 cause du rationnement en [&hellip;]<\/p>\n","protected":false},"author":325,"featured_media":0,"comment_status":"open","ping_status":"open","sticky":false,"template":"","format":"standard","meta":{"footnotes":""},"categories":[3,9,10,12],"tags":[],"class_list":["post-570","post","type-post","status-publish","format-standard","hentry","category-actualite","category-historique","category-meetings","category-videos"],"yoast_head":"<!-- This site is optimized with the Yoast SEO plugin v26.0 - https:\/\/yoast.com\/wordpress\/plugins\/seo\/ -->\n<title>Sturgis, 68 ans d&#039;hyperbole - leblogmoto.com<\/title>\n<meta name=\"robots\" content=\"index, follow, max-snippet:-1, max-image-preview:large, max-video-preview:-1\" \/>\n<link rel=\"canonical\" href=\"https:\/\/blogs.thesocialmedia.com\/leblogmoto\/2008\/07\/23\/sturgis-68-ans\/\" \/>\n<meta name=\"twitter:card\" content=\"summary_large_image\" \/>\n<meta name=\"twitter:title\" content=\"Sturgis, 68 ans d&#039;hyperbole - leblogmoto.com\" \/>\n<meta name=\"twitter:description\" content=\"Le rassemblement de Sturgis est, avec celui de Daytona, l\u2019un des plus courus par les motards nord-am\u00e9ricains. Se tenant depuis 1938 la premi\u00e8re semaine du mois d\u2019ao\u00fbt, il en sera cette ann\u00e9e \u00e0 sa 68e \u00e9dition, ayant d\u00fb interrompre les festivit\u00e9s lors de la Seconde Guerre mondiale pendant deux ans \u00e0 cause du rationnement en [&hellip;]\" \/>\n<meta name=\"twitter:image\" content=\"http:\/\/www.leblogmoto.com\/images\/2008\/07\/22\/sturgis1.jpg\" \/>\n<meta name=\"twitter:label1\" content=\"\u00c9crit par\" \/>\n\t<meta name=\"twitter:data1\" content=\"jacques lesage\" \/>\n\t<meta name=\"twitter:label2\" content=\"Dur\u00e9e de lecture estim\u00e9e\" \/>\n\t<meta name=\"twitter:data2\" content=\"2 minutes\" \/>\n<script type=\"application\/ld+json\" class=\"yoast-schema-graph\">{\"@context\":\"https:\/\/schema.org\",\"@graph\":[{\"@type\":\"WebPage\",\"@id\":\"https:\/\/blogs.thesocialmedia.com\/leblogmoto\/2008\/07\/23\/sturgis-68-ans\/\",\"url\":\"https:\/\/blogs.thesocialmedia.com\/leblogmoto\/2008\/07\/23\/sturgis-68-ans\/\",\"name\":\"Sturgis, 68 ans d'hyperbole - leblogmoto.com\",\"isPartOf\":{\"@id\":\"https:\/\/blogs.thesocialmedia.com\/leblogmoto\/#website\"},\"primaryImageOfPage\":{\"@id\":\"https:\/\/blogs.thesocialmedia.com\/leblogmoto\/2008\/07\/23\/sturgis-68-ans\/#primaryimage\"},\"image\":{\"@id\":\"https:\/\/blogs.thesocialmedia.com\/leblogmoto\/2008\/07\/23\/sturgis-68-ans\/#primaryimage\"},\"thumbnailUrl\":\"http:\/\/www.leblogmoto.com\/images\/2008\/07\/22\/sturgis1.jpg\",\"datePublished\":\"2008-07-23T02:09:37+00:00\",\"dateModified\":\"2012-07-11T16:08:50+00:00\",\"author\":{\"@id\":\"https:\/\/blogs.thesocialmedia.com\/leblogmoto\/#\/schema\/person\/e82a0ca8a9a63d031586097a3ed58526\"},\"breadcrumb\":{\"@id\":\"https:\/\/blogs.thesocialmedia.com\/leblogmoto\/2008\/07\/23\/sturgis-68-ans\/#breadcrumb\"},\"inLanguage\":\"fr-FR\",\"potentialAction\":[{\"@type\":\"ReadAction\",\"target\":[\"https:\/\/blogs.thesocialmedia.com\/leblogmoto\/2008\/07\/23\/sturgis-68-ans\/\"]}]},{\"@type\":\"ImageObject\",\"inLanguage\":\"fr-FR\",\"@id\":\"https:\/\/blogs.thesocialmedia.com\/leblogmoto\/2008\/07\/23\/sturgis-68-ans\/#primaryimage\",\"url\":\"http:\/\/www.leblogmoto.com\/images\/2008\/07\/22\/sturgis1.jpg\",\"contentUrl\":\"http:\/\/www.leblogmoto.com\/images\/2008\/07\/22\/sturgis1.jpg\"},{\"@type\":\"BreadcrumbList\",\"@id\":\"https:\/\/blogs.thesocialmedia.com\/leblogmoto\/2008\/07\/23\/sturgis-68-ans\/#breadcrumb\",\"itemListElement\":[{\"@type\":\"ListItem\",\"position\":1,\"name\":\"Accueil\",\"item\":\"https:\/\/blogs.thesocialmedia.com\/leblogmoto\/\"},{\"@type\":\"ListItem\",\"position\":2,\"name\":\"Sturgis, 68 ans d&rsquo;hyperbole\"}]},{\"@type\":\"WebSite\",\"@id\":\"https:\/\/blogs.thesocialmedia.com\/leblogmoto\/#website\",\"url\":\"https:\/\/blogs.thesocialmedia.com\/leblogmoto\/\",\"name\":\"leblogmoto\",\"description\":\"Toute l&#039;actualit\u00e9 des 2 roues\",\"potentialAction\":[{\"@type\":\"SearchAction\",\"target\":{\"@type\":\"EntryPoint\",\"urlTemplate\":\"https:\/\/blogs.thesocialmedia.com\/leblogmoto\/?s={search_term_string}\"},\"query-input\":{\"@type\":\"PropertyValueSpecification\",\"valueRequired\":true,\"valueName\":\"search_term_string\"}}],\"inLanguage\":\"fr-FR\"},{\"@type\":\"Person\",\"@id\":\"https:\/\/blogs.thesocialmedia.com\/leblogmoto\/#\/schema\/person\/e82a0ca8a9a63d031586097a3ed58526\",\"name\":\"jacques lesage\",\"image\":{\"@type\":\"ImageObject\",\"inLanguage\":\"fr-FR\",\"@id\":\"https:\/\/blogs.thesocialmedia.com\/leblogmoto\/#\/schema\/person\/image\/\",\"url\":\"https:\/\/secure.gravatar.com\/avatar\/?s=96&d=mm&r=g\",\"contentUrl\":\"https:\/\/secure.gravatar.com\/avatar\/?s=96&d=mm&r=g\",\"caption\":\"jacques lesage\"},\"url\":\"https:\/\/blogs.thesocialmedia.com\/leblogmoto\/author\/jacques-lesage\/\"}]}<\/script>\n<!-- \/ Yoast SEO plugin. -->","yoast_head_json":{"title":"Sturgis, 68 ans d'hyperbole - leblogmoto.com","robots":{"index":"index","follow":"follow","max-snippet":"max-snippet:-1","max-image-preview":"max-image-preview:large","max-video-preview":"max-video-preview:-1"},"canonical":"https:\/\/blogs.thesocialmedia.com\/leblogmoto\/2008\/07\/23\/sturgis-68-ans\/","twitter_card":"summary_large_image","twitter_title":"Sturgis, 68 ans d'hyperbole - leblogmoto.com","twitter_description":"Le rassemblement de Sturgis est, avec celui de Daytona, l\u2019un des plus courus par les motards nord-am\u00e9ricains. Se tenant depuis 1938 la premi\u00e8re semaine du mois d\u2019ao\u00fbt, il en sera cette ann\u00e9e \u00e0 sa 68e \u00e9dition, ayant d\u00fb interrompre les festivit\u00e9s lors de la Seconde Guerre mondiale pendant deux ans \u00e0 cause du rationnement en [&hellip;]","twitter_image":"http:\/\/www.leblogmoto.com\/images\/2008\/07\/22\/sturgis1.jpg","twitter_misc":{"\u00c9crit par":"jacques lesage","Dur\u00e9e de lecture estim\u00e9e":"2 minutes"},"schema":{"@context":"https:\/\/schema.org","@graph":[{"@type":"WebPage","@id":"https:\/\/blogs.thesocialmedia.com\/leblogmoto\/2008\/07\/23\/sturgis-68-ans\/","url":"https:\/\/blogs.thesocialmedia.com\/leblogmoto\/2008\/07\/23\/sturgis-68-ans\/","name":"Sturgis, 68 ans d'hyperbole - leblogmoto.com","isPartOf":{"@id":"https:\/\/blogs.thesocialmedia.com\/leblogmoto\/#website"},"primaryImageOfPage":{"@id":"https:\/\/blogs.thesocialmedia.com\/leblogmoto\/2008\/07\/23\/sturgis-68-ans\/#primaryimage"},"image":{"@id":"https:\/\/blogs.thesocialmedia.com\/leblogmoto\/2008\/07\/23\/sturgis-68-ans\/#primaryimage"},"thumbnailUrl":"http:\/\/www.leblogmoto.com\/images\/2008\/07\/22\/sturgis1.jpg","datePublished":"2008-07-23T02:09:37+00:00","dateModified":"2012-07-11T16:08:50+00:00","author":{"@id":"https:\/\/blogs.thesocialmedia.com\/leblogmoto\/#\/schema\/person\/e82a0ca8a9a63d031586097a3ed58526"},"breadcrumb":{"@id":"https:\/\/blogs.thesocialmedia.com\/leblogmoto\/2008\/07\/23\/sturgis-68-ans\/#breadcrumb"},"inLanguage":"fr-FR","potentialAction":[{"@type":"ReadAction","target":["https:\/\/blogs.thesocialmedia.com\/leblogmoto\/2008\/07\/23\/sturgis-68-ans\/"]}]},{"@type":"ImageObject","inLanguage":"fr-FR","@id":"https:\/\/blogs.thesocialmedia.com\/leblogmoto\/2008\/07\/23\/sturgis-68-ans\/#primaryimage","url":"http:\/\/www.leblogmoto.com\/images\/2008\/07\/22\/sturgis1.jpg","contentUrl":"http:\/\/www.leblogmoto.com\/images\/2008\/07\/22\/sturgis1.jpg"},{"@type":"BreadcrumbList","@id":"https:\/\/blogs.thesocialmedia.com\/leblogmoto\/2008\/07\/23\/sturgis-68-ans\/#breadcrumb","itemListElement":[{"@type":"ListItem","position":1,"name":"Accueil","item":"https:\/\/blogs.thesocialmedia.com\/leblogmoto\/"},{"@type":"ListItem","position":2,"name":"Sturgis, 68 ans d&rsquo;hyperbole"}]},{"@type":"WebSite","@id":"https:\/\/blogs.thesocialmedia.com\/leblogmoto\/#website","url":"https:\/\/blogs.thesocialmedia.com\/leblogmoto\/","name":"leblogmoto","description":"Toute l&#039;actualit\u00e9 des 2 roues","potentialAction":[{"@type":"SearchAction","target":{"@type":"EntryPoint","urlTemplate":"https:\/\/blogs.thesocialmedia.com\/leblogmoto\/?s={search_term_string}"},"query-input":{"@type":"PropertyValueSpecification","valueRequired":true,"valueName":"search_term_string"}}],"inLanguage":"fr-FR"},{"@type":"Person","@id":"https:\/\/blogs.thesocialmedia.com\/leblogmoto\/#\/schema\/person\/e82a0ca8a9a63d031586097a3ed58526","name":"jacques lesage","image":{"@type":"ImageObject","inLanguage":"fr-FR","@id":"https:\/\/blogs.thesocialmedia.com\/leblogmoto\/#\/schema\/person\/image\/","url":"https:\/\/secure.gravatar.com\/avatar\/?s=96&d=mm&r=g","contentUrl":"https:\/\/secure.gravatar.com\/avatar\/?s=96&d=mm&r=g","caption":"jacques lesage"},"url":"https:\/\/blogs.thesocialmedia.com\/leblogmoto\/author\/jacques-lesage\/"}]}},"_links":{"self":[{"href":"https:\/\/blogs.thesocialmedia.com\/leblogmoto\/wp-json\/wp\/v2\/posts\/570","targetHints":{"allow":["GET"]}}],"collection":[{"href":"https:\/\/blogs.thesocialmedia.com\/leblogmoto\/wp-json\/wp\/v2\/posts"}],"about":[{"href":"https:\/\/blogs.thesocialmedia.com\/leblogmoto\/wp-json\/wp\/v2\/types\/post"}],"author":[{"embeddable":true,"href":"https:\/\/blogs.thesocialmedia.com\/leblogmoto\/wp-json\/wp\/v2\/users\/325"}],"replies":[{"embeddable":true,"href":"https:\/\/blogs.thesocialmedia.com\/leblogmoto\/wp-json\/wp\/v2\/comments?post=570"}],"version-history":[{"count":2,"href":"https:\/\/blogs.thesocialmedia.com\/leblogmoto\/wp-json\/wp\/v2\/posts\/570\/revisions"}],"predecessor-version":[{"id":11322,"href":"https:\/\/blogs.thesocialmedia.com\/leblogmoto\/wp-json\/wp\/v2\/posts\/570\/revisions\/11322"}],"wp:attachment":[{"href":"https:\/\/blogs.thesocialmedia.com\/leblogmoto\/wp-json\/wp\/v2\/media?parent=570"}],"wp:term":[{"taxonomy":"category","embeddable":true,"href":"https:\/\/blogs.thesocialmedia.com\/leblogmoto\/wp-json\/wp\/v2\/categories?post=570"},{"taxonomy":"post_tag","embeddable":true,"href":"https:\/\/blogs.thesocialmedia.com\/leblogmoto\/wp-json\/wp\/v2\/tags?post=570"}],"curies":[{"name":"wp","href":"https:\/\/api.w.org\/{rel}","templated":true}]}}