{"id":572,"date":"2008-07-22T04:47:09","date_gmt":"2008-07-22T04:47:09","guid":{"rendered":"http:\/\/blogs.thesocialmedia.com\/leblogmoto\/2008\/07\/22\/laguna-seca-mot\/"},"modified":"2012-07-11T16:08:30","modified_gmt":"2012-07-11T16:08:30","slug":"laguna-seca-mot","status":"publish","type":"post","link":"https:\/\/blogs.thesocialmedia.com\/leblogmoto\/2008\/07\/22\/laguna-seca-mot\/","title":{"rendered":"Laguna Seca Moto GP, la faute \u00e0 Tom Cruise"},"content":{"rendered":"<p><a href=\"http:\/\/blogs.thesocialmedia.com\/leblogmoto\/files\/2012\/07\/lagunagp1.jpg\"><img loading=\"lazy\" decoding=\"async\" width=\"470\" height=\"196\"  src=\"http:\/\/www.leblogmoto.com\/images\/2008\/07\/21\/lagunagp1.jpg\" alt=\"Lagunagp1\" \/><\/a> <\/p>\n<p>L\u2019acteur am\u00e9ricain <a href=\"http:\/\/fr.wikipedia.org\/wiki\/Tom_Cruise\">Tom Cruise<\/a> \u00e9tait l\u2019invit\u00e9 de l\u2019\u00e9quipe Ducati en ce week-end Californien, et comme tout ce qu\u2019il touche en ce moment se transforme en <a href=\"http:\/\/www.angelfire.com\/pq\/lexique\/lexique1.html#S\">schnoute<\/a>, Casey Stoner n\u2019aura pu r\u00e9sister plus que 24 tours avant que l\u2019effet Cruise ne le rattrape. Bien s\u00fbr, Valentino Rossi, vainqueur au final de cette manche am\u00e9ricaine, y est \u00e9galement pour quelque chose, mais on aime l\u2019id\u00e9e de mettre \u00e7a sur le dos de la star.<\/p>\n<p>Revenons aux choses s\u00e9rieuses et \u00e0 ces 24 tours de cette premi\u00e8re manche en terre am\u00e9ricaine. Des plus z\u00e9l\u00e9s auront sans doute compt\u00e9 le nombre de fois o\u00f9 Rossi et Stoner se sont \u00e9chang\u00e9 la t\u00eate, mais la mani\u00e8re est beaucoup plus int\u00e9ressante que les statistiques. Casey Stoner sur sa Ducati avait la vitesse de pointe, lui permettant de passer Valentino Rossi en ligne droite, mais le pilote Yamaha, intraitable en courbe, reprenait son bien au freinage. Et ce fut ce jeu du chat et de la souris pendant 24 tours, jusqu\u2019\u00e0 ce qu\u2019une \u00aberreur\u00bb de Stoner \u00e0 un freinage l\u2019envoi dans le gravier, lui faisant perdre un bon dix secondes et tout espoir de recoller au meneur avant le drapeau \u00e0 damier.<\/p>\n<p>Ces derniers huit tours en solitaire de Casey Stoner n\u2019auront pas suffi \u00e0 calmer son temp\u00e9rament, car il s\u2019en prit \u00e0 Rossi, l\u2019accusant d\u2019avoir frein\u00e9 plus t\u00f4t, l\u2019obligeant \u00e0 faire l\u2019\u00e9cart fatal pour \u00e9viter la collision. All\u00e9gation r\u00e9fut\u00e9e par Rossi, parlant d\u2019une course agressive, mais propre. Un peu plus t\u00f4t dans le parc ferm\u00e9, Rossi tendant la main \u00e0 Stoner avec ces mots :\u00abSuperbe course!\u00bb, Stoner r\u00e9pliqua : \u00abNon, c\u2019est pas la mani\u00e8re!\u00bb, ce \u00e0 quoi Rossi r\u00e9torqua : \u00abC\u2019est \u00e7a la course Casey!\u00bb, Stoner ajoutant avant de tourner les talons : \u00abC\u2019est \u00e7a la course? On verra bien!\u00bb.<\/p>\n<p>Esp\u00e9rons, mais pas trop, que les esprits auront le temps de s\u2019a\u00e9rer un peu pendant la pause estivale. La suite promet donc, puisque 25 points d\u2019\u00e9cart entre les deux coqs n\u2019est en rien un gouffre insurmontable, et le suspense devrait dure jusqu\u2019\u00e0 la fin de la saison.<\/p>\n<p>Chris Vermeulen monte sur la troisi\u00e8me marche du podium, o\u00f9 apr\u00e8s un peu d\u2019action avec Nicky Hayden et Andrea Dovizioso dans les premiers tours, se contentera du paysage comme compagnon pour le reste de la course. Randy de Puniet, apr\u00e8s un d\u00e9part laborieux fera une honorable sixi\u00e8me place.<\/p>\n<p><a href=\"http:\/\/clabedan.typepad.com\/.shared\/image.html?\/photos\/uncategorized\/2008\/07\/21\/lagunagp2.jpg\"><img loading=\"lazy\" decoding=\"async\" width=\"470\" height=\"312\"  alt=\"Lagunagp2\" src=\"http:\/\/www.leblogmoto.com\/images\/2008\/07\/21\/lagunagp2.jpg\" \/><\/a> <\/p>\n<p><a href=\"http:\/\/blogs.thesocialmedia.com\/leblogmoto\/files\/2012\/07\/lagunagp3.jpg\"><img loading=\"lazy\" decoding=\"async\" width=\"470\" height=\"312\"  alt=\"Lagunagp3\" src=\"http:\/\/www.leblogmoto.com\/images\/2008\/07\/21\/lagunagp3.jpg\" \/><\/a> <\/p>\n<p><a href=\"http:\/\/blogs.thesocialmedia.com\/leblogmoto\/files\/2012\/07\/lagunagp4.jpg\"><img loading=\"lazy\" decoding=\"async\" width=\"470\" height=\"312\"  alt=\"Lagunagp4\" src=\"http:\/\/www.leblogmoto.com\/images\/2008\/07\/21\/lagunagp4.jpg\" \/><\/a> <\/p>\n<p><a href=\"http:\/\/blogs.thesocialmedia.com\/leblogmoto\/files\/2012\/07\/lagunagp5.jpg\"><img loading=\"lazy\" decoding=\"async\" width=\"470\" height=\"312\"  alt=\"Lagunagp5\" src=\"http:\/\/www.leblogmoto.com\/images\/2008\/07\/21\/lagunagp5.jpg\" \/><\/a> <\/p>\n<p><a href=\"http:\/\/blogs.thesocialmedia.com\/leblogmoto\/files\/2012\/07\/lagunagp6.jpg\"><img loading=\"lazy\" decoding=\"async\" width=\"470\" height=\"312\"  alt=\"Lagunagp6\" src=\"http:\/\/www.leblogmoto.com\/images\/2008\/07\/21\/lagunagp6.jpg\" \/><\/a> <\/p>\n<p><a href=\"http:\/\/blogs.thesocialmedia.com\/leblogmoto\/files\/2012\/07\/lagunagp7.jpg\"><img loading=\"lazy\" decoding=\"async\" width=\"470\" height=\"312\"  alt=\"Lagunagp7\" src=\"http:\/\/www.leblogmoto.com\/images\/2008\/07\/21\/lagunagp7.jpg\" \/><\/a> <\/p>\n<p><a href=\"http:\/\/blogs.thesocialmedia.com\/leblogmoto\/files\/2012\/07\/lagunagp8.jpg\"><img loading=\"lazy\" decoding=\"async\" width=\"470\" height=\"355\"  alt=\"Lagunagp8\" src=\"http:\/\/www.leblogmoto.com\/images\/2008\/07\/21\/lagunagp8.jpg\" \/><\/a> <\/p>\n<p><a href=\"http:\/\/blogs.thesocialmedia.com\/leblogmoto\/files\/2012\/07\/lagunagp9.jpg\"><img loading=\"lazy\" decoding=\"async\" width=\"470\" height=\"353\"  alt=\"Lagunagp9\" src=\"http:\/\/www.leblogmoto.com\/images\/2008\/07\/21\/lagunagp9.jpg\" \/><\/a><br \/><em>Photos Brian J. Nelson et Panoramic<\/em><\/p>\n","protected":false},"excerpt":{"rendered":"<p>L\u2019acteur am\u00e9ricain Tom Cruise \u00e9tait l\u2019invit\u00e9 de l\u2019\u00e9quipe Ducati en ce week-end Californien, et comme tout ce qu\u2019il touche en ce moment se transforme en schnoute, Casey Stoner n\u2019aura pu r\u00e9sister plus que 24 tours avant que l\u2019effet Cruise ne le rattrape. Bien s\u00fbr, Valentino Rossi, vainqueur au final de cette manche am\u00e9ricaine, y est [&hellip;]<\/p>\n","protected":false},"author":325,"featured_media":0,"comment_status":"open","ping_status":"open","sticky":false,"template":"","format":"standard","meta":{"footnotes":""},"categories":[22],"tags":[],"class_list":["post-572","post","type-post","status-publish","format-standard","hentry","category-motogp"],"yoast_head":"<!-- This site is optimized with the Yoast SEO plugin v26.0 - https:\/\/yoast.com\/wordpress\/plugins\/seo\/ -->\n<title>Laguna Seca Moto GP, la faute \u00e0 Tom Cruise - leblogmoto.com<\/title>\n<meta name=\"robots\" content=\"index, follow, max-snippet:-1, max-image-preview:large, max-video-preview:-1\" \/>\n<link rel=\"canonical\" href=\"https:\/\/blogs.thesocialmedia.com\/leblogmoto\/2008\/07\/22\/laguna-seca-mot\/\" \/>\n<meta name=\"twitter:card\" content=\"summary_large_image\" \/>\n<meta name=\"twitter:title\" content=\"Laguna Seca Moto GP, la faute \u00e0 Tom Cruise - leblogmoto.com\" \/>\n<meta name=\"twitter:description\" content=\"L\u2019acteur am\u00e9ricain Tom Cruise \u00e9tait l\u2019invit\u00e9 de l\u2019\u00e9quipe Ducati en ce week-end Californien, et comme tout ce qu\u2019il touche en ce moment se transforme en schnoute, Casey Stoner n\u2019aura pu r\u00e9sister plus que 24 tours avant que l\u2019effet Cruise ne le rattrape. Bien s\u00fbr, Valentino Rossi, vainqueur au final de cette manche am\u00e9ricaine, y est [&hellip;]\" \/>\n<meta name=\"twitter:image\" content=\"http:\/\/www.leblogmoto.com\/images\/2008\/07\/21\/lagunagp1.jpg\" \/>\n<meta name=\"twitter:label1\" content=\"\u00c9crit par\" \/>\n\t<meta name=\"twitter:data1\" content=\"jacques lesage\" \/>\n\t<meta name=\"twitter:label2\" content=\"Dur\u00e9e de lecture estim\u00e9e\" \/>\n\t<meta name=\"twitter:data2\" content=\"2 minutes\" \/>\n<script type=\"application\/ld+json\" class=\"yoast-schema-graph\">{\"@context\":\"https:\/\/schema.org\",\"@graph\":[{\"@type\":\"WebPage\",\"@id\":\"https:\/\/blogs.thesocialmedia.com\/leblogmoto\/2008\/07\/22\/laguna-seca-mot\/\",\"url\":\"https:\/\/blogs.thesocialmedia.com\/leblogmoto\/2008\/07\/22\/laguna-seca-mot\/\",\"name\":\"Laguna Seca Moto GP, la faute \u00e0 Tom Cruise - leblogmoto.com\",\"isPartOf\":{\"@id\":\"https:\/\/blogs.thesocialmedia.com\/leblogmoto\/#website\"},\"primaryImageOfPage\":{\"@id\":\"https:\/\/blogs.thesocialmedia.com\/leblogmoto\/2008\/07\/22\/laguna-seca-mot\/#primaryimage\"},\"image\":{\"@id\":\"https:\/\/blogs.thesocialmedia.com\/leblogmoto\/2008\/07\/22\/laguna-seca-mot\/#primaryimage\"},\"thumbnailUrl\":\"http:\/\/www.leblogmoto.com\/images\/2008\/07\/21\/lagunagp1.jpg\",\"datePublished\":\"2008-07-22T04:47:09+00:00\",\"dateModified\":\"2012-07-11T16:08:30+00:00\",\"author\":{\"@id\":\"https:\/\/blogs.thesocialmedia.com\/leblogmoto\/#\/schema\/person\/e82a0ca8a9a63d031586097a3ed58526\"},\"breadcrumb\":{\"@id\":\"https:\/\/blogs.thesocialmedia.com\/leblogmoto\/2008\/07\/22\/laguna-seca-mot\/#breadcrumb\"},\"inLanguage\":\"fr-FR\",\"potentialAction\":[{\"@type\":\"ReadAction\",\"target\":[\"https:\/\/blogs.thesocialmedia.com\/leblogmoto\/2008\/07\/22\/laguna-seca-mot\/\"]}]},{\"@type\":\"ImageObject\",\"inLanguage\":\"fr-FR\",\"@id\":\"https:\/\/blogs.thesocialmedia.com\/leblogmoto\/2008\/07\/22\/laguna-seca-mot\/#primaryimage\",\"url\":\"http:\/\/www.leblogmoto.com\/images\/2008\/07\/21\/lagunagp1.jpg\",\"contentUrl\":\"http:\/\/www.leblogmoto.com\/images\/2008\/07\/21\/lagunagp1.jpg\"},{\"@type\":\"BreadcrumbList\",\"@id\":\"https:\/\/blogs.thesocialmedia.com\/leblogmoto\/2008\/07\/22\/laguna-seca-mot\/#breadcrumb\",\"itemListElement\":[{\"@type\":\"ListItem\",\"position\":1,\"name\":\"Accueil\",\"item\":\"https:\/\/blogs.thesocialmedia.com\/leblogmoto\/\"},{\"@type\":\"ListItem\",\"position\":2,\"name\":\"Laguna Seca Moto GP, la faute \u00e0 Tom Cruise\"}]},{\"@type\":\"WebSite\",\"@id\":\"https:\/\/blogs.thesocialmedia.com\/leblogmoto\/#website\",\"url\":\"https:\/\/blogs.thesocialmedia.com\/leblogmoto\/\",\"name\":\"leblogmoto\",\"description\":\"Toute l&#039;actualit\u00e9 des 2 roues\",\"potentialAction\":[{\"@type\":\"SearchAction\",\"target\":{\"@type\":\"EntryPoint\",\"urlTemplate\":\"https:\/\/blogs.thesocialmedia.com\/leblogmoto\/?s={search_term_string}\"},\"query-input\":{\"@type\":\"PropertyValueSpecification\",\"valueRequired\":true,\"valueName\":\"search_term_string\"}}],\"inLanguage\":\"fr-FR\"},{\"@type\":\"Person\",\"@id\":\"https:\/\/blogs.thesocialmedia.com\/leblogmoto\/#\/schema\/person\/e82a0ca8a9a63d031586097a3ed58526\",\"name\":\"jacques lesage\",\"image\":{\"@type\":\"ImageObject\",\"inLanguage\":\"fr-FR\",\"@id\":\"https:\/\/blogs.thesocialmedia.com\/leblogmoto\/#\/schema\/person\/image\/\",\"url\":\"https:\/\/secure.gravatar.com\/avatar\/?s=96&d=mm&r=g\",\"contentUrl\":\"https:\/\/secure.gravatar.com\/avatar\/?s=96&d=mm&r=g\",\"caption\":\"jacques lesage\"},\"url\":\"https:\/\/blogs.thesocialmedia.com\/leblogmoto\/author\/jacques-lesage\/\"}]}<\/script>\n<!-- \/ Yoast SEO plugin. -->","yoast_head_json":{"title":"Laguna Seca Moto GP, la faute \u00e0 Tom Cruise - leblogmoto.com","robots":{"index":"index","follow":"follow","max-snippet":"max-snippet:-1","max-image-preview":"max-image-preview:large","max-video-preview":"max-video-preview:-1"},"canonical":"https:\/\/blogs.thesocialmedia.com\/leblogmoto\/2008\/07\/22\/laguna-seca-mot\/","twitter_card":"summary_large_image","twitter_title":"Laguna Seca Moto GP, la faute \u00e0 Tom Cruise - leblogmoto.com","twitter_description":"L\u2019acteur am\u00e9ricain Tom Cruise \u00e9tait l\u2019invit\u00e9 de l\u2019\u00e9quipe Ducati en ce week-end Californien, et comme tout ce qu\u2019il touche en ce moment se transforme en schnoute, Casey Stoner n\u2019aura pu r\u00e9sister plus que 24 tours avant que l\u2019effet Cruise ne le rattrape. Bien s\u00fbr, Valentino Rossi, vainqueur au final de cette manche am\u00e9ricaine, y est [&hellip;]","twitter_image":"http:\/\/www.leblogmoto.com\/images\/2008\/07\/21\/lagunagp1.jpg","twitter_misc":{"\u00c9crit par":"jacques lesage","Dur\u00e9e de lecture estim\u00e9e":"2 minutes"},"schema":{"@context":"https:\/\/schema.org","@graph":[{"@type":"WebPage","@id":"https:\/\/blogs.thesocialmedia.com\/leblogmoto\/2008\/07\/22\/laguna-seca-mot\/","url":"https:\/\/blogs.thesocialmedia.com\/leblogmoto\/2008\/07\/22\/laguna-seca-mot\/","name":"Laguna Seca Moto GP, la faute \u00e0 Tom Cruise - leblogmoto.com","isPartOf":{"@id":"https:\/\/blogs.thesocialmedia.com\/leblogmoto\/#website"},"primaryImageOfPage":{"@id":"https:\/\/blogs.thesocialmedia.com\/leblogmoto\/2008\/07\/22\/laguna-seca-mot\/#primaryimage"},"image":{"@id":"https:\/\/blogs.thesocialmedia.com\/leblogmoto\/2008\/07\/22\/laguna-seca-mot\/#primaryimage"},"thumbnailUrl":"http:\/\/www.leblogmoto.com\/images\/2008\/07\/21\/lagunagp1.jpg","datePublished":"2008-07-22T04:47:09+00:00","dateModified":"2012-07-11T16:08:30+00:00","author":{"@id":"https:\/\/blogs.thesocialmedia.com\/leblogmoto\/#\/schema\/person\/e82a0ca8a9a63d031586097a3ed58526"},"breadcrumb":{"@id":"https:\/\/blogs.thesocialmedia.com\/leblogmoto\/2008\/07\/22\/laguna-seca-mot\/#breadcrumb"},"inLanguage":"fr-FR","potentialAction":[{"@type":"ReadAction","target":["https:\/\/blogs.thesocialmedia.com\/leblogmoto\/2008\/07\/22\/laguna-seca-mot\/"]}]},{"@type":"ImageObject","inLanguage":"fr-FR","@id":"https:\/\/blogs.thesocialmedia.com\/leblogmoto\/2008\/07\/22\/laguna-seca-mot\/#primaryimage","url":"http:\/\/www.leblogmoto.com\/images\/2008\/07\/21\/lagunagp1.jpg","contentUrl":"http:\/\/www.leblogmoto.com\/images\/2008\/07\/21\/lagunagp1.jpg"},{"@type":"BreadcrumbList","@id":"https:\/\/blogs.thesocialmedia.com\/leblogmoto\/2008\/07\/22\/laguna-seca-mot\/#breadcrumb","itemListElement":[{"@type":"ListItem","position":1,"name":"Accueil","item":"https:\/\/blogs.thesocialmedia.com\/leblogmoto\/"},{"@type":"ListItem","position":2,"name":"Laguna Seca Moto GP, la faute \u00e0 Tom Cruise"}]},{"@type":"WebSite","@id":"https:\/\/blogs.thesocialmedia.com\/leblogmoto\/#website","url":"https:\/\/blogs.thesocialmedia.com\/leblogmoto\/","name":"leblogmoto","description":"Toute l&#039;actualit\u00e9 des 2 roues","potentialAction":[{"@type":"SearchAction","target":{"@type":"EntryPoint","urlTemplate":"https:\/\/blogs.thesocialmedia.com\/leblogmoto\/?s={search_term_string}"},"query-input":{"@type":"PropertyValueSpecification","valueRequired":true,"valueName":"search_term_string"}}],"inLanguage":"fr-FR"},{"@type":"Person","@id":"https:\/\/blogs.thesocialmedia.com\/leblogmoto\/#\/schema\/person\/e82a0ca8a9a63d031586097a3ed58526","name":"jacques lesage","image":{"@type":"ImageObject","inLanguage":"fr-FR","@id":"https:\/\/blogs.thesocialmedia.com\/leblogmoto\/#\/schema\/person\/image\/","url":"https:\/\/secure.gravatar.com\/avatar\/?s=96&d=mm&r=g","contentUrl":"https:\/\/secure.gravatar.com\/avatar\/?s=96&d=mm&r=g","caption":"jacques lesage"},"url":"https:\/\/blogs.thesocialmedia.com\/leblogmoto\/author\/jacques-lesage\/"}]}},"_links":{"self":[{"href":"https:\/\/blogs.thesocialmedia.com\/leblogmoto\/wp-json\/wp\/v2\/posts\/572","targetHints":{"allow":["GET"]}}],"collection":[{"href":"https:\/\/blogs.thesocialmedia.com\/leblogmoto\/wp-json\/wp\/v2\/posts"}],"about":[{"href":"https:\/\/blogs.thesocialmedia.com\/leblogmoto\/wp-json\/wp\/v2\/types\/post"}],"author":[{"embeddable":true,"href":"https:\/\/blogs.thesocialmedia.com\/leblogmoto\/wp-json\/wp\/v2\/users\/325"}],"replies":[{"embeddable":true,"href":"https:\/\/blogs.thesocialmedia.com\/leblogmoto\/wp-json\/wp\/v2\/comments?post=572"}],"version-history":[{"count":2,"href":"https:\/\/blogs.thesocialmedia.com\/leblogmoto\/wp-json\/wp\/v2\/posts\/572\/revisions"}],"predecessor-version":[{"id":11314,"href":"https:\/\/blogs.thesocialmedia.com\/leblogmoto\/wp-json\/wp\/v2\/posts\/572\/revisions\/11314"}],"wp:attachment":[{"href":"https:\/\/blogs.thesocialmedia.com\/leblogmoto\/wp-json\/wp\/v2\/media?parent=572"}],"wp:term":[{"taxonomy":"category","embeddable":true,"href":"https:\/\/blogs.thesocialmedia.com\/leblogmoto\/wp-json\/wp\/v2\/categories?post=572"},{"taxonomy":"post_tag","embeddable":true,"href":"https:\/\/blogs.thesocialmedia.com\/leblogmoto\/wp-json\/wp\/v2\/tags?post=572"}],"curies":[{"name":"wp","href":"https:\/\/api.w.org\/{rel}","templated":true}]}}