{"id":573,"date":"2008-07-22T04:28:22","date_gmt":"2008-07-22T04:28:22","guid":{"rendered":"http:\/\/blogs.thesocialmedia.com\/leblogmoto\/2008\/07\/22\/laguna-seca-ama\/"},"modified":"2012-07-11T16:08:07","modified_gmt":"2012-07-11T16:08:07","slug":"laguna-seca-ama","status":"publish","type":"post","link":"https:\/\/blogs.thesocialmedia.com\/leblogmoto\/2008\/07\/22\/laguna-seca-ama\/","title":{"rendered":"Laguna Seca AMA Superbike, Spies en carence d\u2019adr\u00e9naline"},"content":{"rendered":"<p><a href=\"http:\/\/blogs.thesocialmedia.com\/leblogmoto\/files\/2012\/07\/lagunama1.jpg\"><img loading=\"lazy\" decoding=\"async\" width=\"470\" height=\"312\"  src=\"http:\/\/www.leblogmoto.com\/images\/2008\/07\/21\/lagunama1.jpg\" alt=\"Lagunama1\" \/><\/a><br \/><em>Photos Brian J. Nelson<\/em><\/p>\n<p>Ben Spies, l\u2019esprit clair la journ\u00e9e du samedi, profitait de l\u2019am\u00e9lioration des conditions de piste pour soutirer lors de son dernier tour de qualif, sa cinqui\u00e8me pole cons\u00e9cutive dans sa discipline. Mais le dimanche, alors qu\u2019il venait de faire une tr\u00e8s belle 8e place en Moto GP (saoul\u00e9 par l\u2019exploit et les propos du directeur de l\u2019\u00e9curie Rizla Suzuki <a href=\"http:\/\/www.motogp.com\/fr\/node\/318354\">Paul Denning<\/a> qui se disait impressionn\u00e9 par la course de Spies, l\u2019assurant, au figur\u00e9, qu\u2019il avait sa place en Moto GP), Spies sembla manquer un peu de oumph en Superbike.<\/p>\n<p>Revendiquant toujours la t\u00eate apr\u00e8s le premier tour, il la perdit pour de bon \u00e0 Mat Mladin d\u00e8s la courbe suivante. Spies tentera en vain de s\u2019accrocher \u00e0 son co\u00e9quipier, mais Mladin se grignotera petit \u00e0 petit une avance gr\u00e2ce \u00e0 une cadence soutenue.<\/p>\n<p>Derri\u00e8re les deux Suzuki, l\u2019habitu\u00e9 de la troisi\u00e8me marche se verra lui aussi pris au d\u00e9pourvu par une autre Suzuki, celle de Aaron Yates, Hacking terminant dans sa roue certes, mais hors podium. Sans doute que lui aussi, apr\u00e8s une 11e place en Moto GP, remontant m\u00eame tout pr\u00e8s de Ben Spies en fin du premier tier de la course, plus pr\u00e8s qu\u2019il ne le fit jamais cette saison en Superbike, fut \u00e0 court d\u2019\u00e9nergie pour aller chercher ce petit plus qui lui aurait offert le podium.<\/p>\n<p>Et si chez Rizla Suzuki en Moto GP, ni Vermeulen qui se montre quand m\u00eame un peu plus v\u00e9loce depuis quelques courses, et ni Capirossi qui s\u2019ent\u00eate \u00e0 rouler malgr\u00e9 sa condition d\u2019\u00e9clop\u00e9, n\u2019ont trop \u00e0 s\u2019inqui\u00e9ter pour leur avenir, ce n\u2019est pas le cas d\u2019<a href=\"http:\/\/www.antwest14.com\/News.html\">Anthony West<\/a> qui se vit mettre \u00e0 mal par <a href=\"http:\/\/www.jamiehacking.com\/\">Jamie Hacking<\/a> qui su, malgr\u00e9 son manque d\u2019exp\u00e9rience avec la <a href=\"http:\/\/en.wikipedia.org\/wiki\/Kawasaki_Ninja_ZX-RR\">Ninja ZX-RR<\/a>, la mettre \u00e0 sa main, contrairement \u00e0 West. \u00c0 moins d\u2019un revirement spectaculaire, il devrait y avoir une place disponible chez Kawasaki en Moto GP avant la fin de l\u2019ann\u00e9e. Mais les amateurs du AMA Superbike ne devrait pas se r\u00e9jouir et esp\u00e9rer voir Hacking faire le saut, \u00e0 37 ans, son avenir n\u2019est plus aux \u00e9tages sup\u00e9rieurs.<\/p>\n<p>\u00c0 noter une 10e place laborieuse du qu\u00e9b\u00e9cois Miguel Duhamel, englu\u00e9 dans un peloton comprenant Bostrom, DiSalvo, son co\u00e9quipier Neil Hodgson et le plus jeune des fr\u00e8res Hayden.<\/p>\n<p><\/p>\n<p><a href=\"http:\/\/clabedan.typepad.com\/.shared\/image.html?\/photos\/uncategorized\/2008\/07\/21\/lagunama2.jpg\"><img loading=\"lazy\" decoding=\"async\" width=\"470\" height=\"312\"  alt=\"Lagunama2\" src=\"http:\/\/www.leblogmoto.com\/images\/2008\/07\/21\/lagunama2.jpg\" \/><\/a> <\/p>\n<p><a href=\"http:\/\/blogs.thesocialmedia.com\/leblogmoto\/files\/2012\/07\/lagunama3.jpg\"><img loading=\"lazy\" decoding=\"async\" width=\"470\" height=\"312\"  alt=\"Lagunama3\" src=\"http:\/\/www.leblogmoto.com\/images\/2008\/07\/21\/lagunama3.jpg\" \/><\/a> <\/p>\n<p><a href=\"http:\/\/blogs.thesocialmedia.com\/leblogmoto\/files\/2012\/07\/lagunama4.jpg\"><img loading=\"lazy\" decoding=\"async\" width=\"470\" height=\"312\"  alt=\"Lagunama4\" src=\"http:\/\/www.leblogmoto.com\/images\/2008\/07\/21\/lagunama4.jpg\" \/><\/a> <\/p>\n<p>&nbsp;<\/p>\n<table  align=\"left\">\n<tbody>\n<tr>\n<td width=\"340\" height=\"50\" colspan=\"4\"><em>R\u00e9sultats, AMA Superbike<\/em><\/td>\n<\/tr>\n<tr>\n<td width=\"60\">1. #6<\/td>\n<td width=\"150\">Mathew Mladin<\/td>\n<td width=\"170\">Suzuki GSX-R1000<\/td>\n<\/tr>\n<tr>\n<td width=\"60\">2. #1<\/td>\n<td width=\"150\">Ben Spies<\/td>\n<td width=\"170\">Suzuki GSX-R1000<\/td>\n<td width=\"60\">10,114<\/td>\n<\/tr>\n<tr>\n<td width=\"60\">3. #20<\/td>\n<td width=\"150\">Aaron W. Yates<\/td>\n<td width=\"170\">Suzuki GSX-R1000<\/td>\n<td width=\"60\">20,691<\/td>\n<\/tr>\n<tr>\n<td width=\"60\">4. #2<\/td>\n<td width=\"150\">Jamie A. Hacking<\/td>\n<td width=\"170\">Kawasaki ZX-10R<\/td>\n<td width=\"60\">20,744<\/td>\n<\/tr>\n<tr>\n<td width=\"60\">5. #22<\/td>\n<td width=\"150\">Tommy Hayden<\/td>\n<td width=\"170\">Suzuki GSX-R1000<\/td>\n<td width=\"60\">21,216<\/td>\n<\/tr>\n<tr>\n<td width=\"60\">6. #95<\/td>\n<td width=\"150\">Roger Hayden<\/td>\n<td width=\"170\">Kawasaki ZX-10R<\/td>\n<td width=\"60\">28,462<\/td>\n<\/tr>\n<tr>\n<td width=\"60\">7. #100<\/td>\n<td width=\"150\">Neil Hodgson<\/td>\n<td width=\"170\">Honda CBR1000RR<\/td>\n<td width=\"60\">29,711<\/td>\n<\/tr>\n<tr>\n<td width=\"60\">8. #40<\/td>\n<td width=\"150\">Jason Disalvo<\/td>\n<td width=\"170\">Yamaha YZF-R1<\/td>\n<td width=\"60\">29,894<\/td>\n<\/tr>\n<tr>\n<td width=\"340\" height=\"50\" colspan=\"4\"><em>Championnat 2008 apr\u00e8s 12 courses<\/em><\/td>\n<\/tr>\n<tr>\n<td width=\"60\">1. #1<\/td>\n<td width=\"150\">Ben Spies<\/td>\n<td width=\"60\">411<\/td>\n<\/tr>\n<tr>\n<td width=\"60\">2. #6<\/td>\n<td width=\"150\">Mathew Mladin<\/td>\n<td width=\"60\">375<\/td>\n<\/tr>\n<tr>\n<td width=\"60\">3. #2<\/td>\n<td width=\"150\">Jamie A. Hacking<\/td>\n<td width=\"60\">319<\/td>\n<\/tr>\n<tr>\n<td width=\"60\">4. #100<\/td>\n<td width=\"150\">Neil Hodgson<\/td>\n<td width=\"60\">317<\/td>\n<\/tr>\n<tr>\n<td width=\"60\">5. #40<\/td>\n<td width=\"150\">Jason Disalvo<\/td>\n<td width=\"60\">288<\/td>\n<\/tr>\n<tr>\n<td width=\"60\">6. #32<\/td>\n<td width=\"150\">Eric Bostrom<\/td>\n<td width=\"60\">276<\/td>\n<\/tr>\n<tr>\n<td width=\"60\">7. #20<\/td>\n<td width=\"150\">Aaron W. Yates<\/td>\n<td width=\"60\">263<\/td>\n<\/tr>\n<tr>\n<td width=\"60\">8. #17<\/td>\n<td width=\"150\">Miguel Duhamel<\/td>\n<td width=\"60\">259<\/td>\n<\/tr>\n<\/tbody>\n<\/table>\n","protected":false},"excerpt":{"rendered":"<p>Photos Brian J. Nelson Ben Spies, l\u2019esprit clair la journ\u00e9e du samedi, profitait de l\u2019am\u00e9lioration des conditions de piste pour soutirer lors de son dernier tour de qualif, sa cinqui\u00e8me pole cons\u00e9cutive dans sa discipline. Mais le dimanche, alors qu\u2019il venait de faire une tr\u00e8s belle 8e place en Moto GP (saoul\u00e9 par l\u2019exploit et [&hellip;]<\/p>\n","protected":false},"author":325,"featured_media":0,"comment_status":"open","ping_status":"open","sticky":false,"template":"","format":"standard","meta":{"footnotes":""},"categories":[74],"tags":[],"class_list":["post-573","post","type-post","status-publish","format-standard","hentry","category-ama-superbike"],"yoast_head":"<!-- This site is optimized with the Yoast SEO plugin v26.0 - https:\/\/yoast.com\/wordpress\/plugins\/seo\/ -->\n<title>Laguna Seca AMA Superbike, Spies en carence d\u2019adr\u00e9naline - leblogmoto.com<\/title>\n<meta name=\"robots\" content=\"index, follow, max-snippet:-1, max-image-preview:large, max-video-preview:-1\" \/>\n<link rel=\"canonical\" href=\"https:\/\/blogs.thesocialmedia.com\/leblogmoto\/2008\/07\/22\/laguna-seca-ama\/\" \/>\n<meta name=\"twitter:card\" content=\"summary_large_image\" \/>\n<meta name=\"twitter:title\" content=\"Laguna Seca AMA Superbike, Spies en carence d\u2019adr\u00e9naline - leblogmoto.com\" \/>\n<meta name=\"twitter:description\" content=\"Photos Brian J. Nelson Ben Spies, l\u2019esprit clair la journ\u00e9e du samedi, profitait de l\u2019am\u00e9lioration des conditions de piste pour soutirer lors de son dernier tour de qualif, sa cinqui\u00e8me pole cons\u00e9cutive dans sa discipline. Mais le dimanche, alors qu\u2019il venait de faire une tr\u00e8s belle 8e place en Moto GP (saoul\u00e9 par l\u2019exploit et [&hellip;]\" \/>\n<meta name=\"twitter:image\" content=\"http:\/\/www.leblogmoto.com\/images\/2008\/07\/21\/lagunama1.jpg\" \/>\n<meta name=\"twitter:label1\" content=\"\u00c9crit par\" \/>\n\t<meta name=\"twitter:data1\" content=\"jacques lesage\" \/>\n\t<meta name=\"twitter:label2\" content=\"Dur\u00e9e de lecture estim\u00e9e\" \/>\n\t<meta name=\"twitter:data2\" content=\"2 minutes\" \/>\n<script type=\"application\/ld+json\" class=\"yoast-schema-graph\">{\"@context\":\"https:\/\/schema.org\",\"@graph\":[{\"@type\":\"WebPage\",\"@id\":\"https:\/\/blogs.thesocialmedia.com\/leblogmoto\/2008\/07\/22\/laguna-seca-ama\/\",\"url\":\"https:\/\/blogs.thesocialmedia.com\/leblogmoto\/2008\/07\/22\/laguna-seca-ama\/\",\"name\":\"Laguna Seca AMA Superbike, Spies en carence d\u2019adr\u00e9naline - leblogmoto.com\",\"isPartOf\":{\"@id\":\"https:\/\/blogs.thesocialmedia.com\/leblogmoto\/#website\"},\"primaryImageOfPage\":{\"@id\":\"https:\/\/blogs.thesocialmedia.com\/leblogmoto\/2008\/07\/22\/laguna-seca-ama\/#primaryimage\"},\"image\":{\"@id\":\"https:\/\/blogs.thesocialmedia.com\/leblogmoto\/2008\/07\/22\/laguna-seca-ama\/#primaryimage\"},\"thumbnailUrl\":\"http:\/\/www.leblogmoto.com\/images\/2008\/07\/21\/lagunama1.jpg\",\"datePublished\":\"2008-07-22T04:28:22+00:00\",\"dateModified\":\"2012-07-11T16:08:07+00:00\",\"author\":{\"@id\":\"https:\/\/blogs.thesocialmedia.com\/leblogmoto\/#\/schema\/person\/e82a0ca8a9a63d031586097a3ed58526\"},\"breadcrumb\":{\"@id\":\"https:\/\/blogs.thesocialmedia.com\/leblogmoto\/2008\/07\/22\/laguna-seca-ama\/#breadcrumb\"},\"inLanguage\":\"fr-FR\",\"potentialAction\":[{\"@type\":\"ReadAction\",\"target\":[\"https:\/\/blogs.thesocialmedia.com\/leblogmoto\/2008\/07\/22\/laguna-seca-ama\/\"]}]},{\"@type\":\"ImageObject\",\"inLanguage\":\"fr-FR\",\"@id\":\"https:\/\/blogs.thesocialmedia.com\/leblogmoto\/2008\/07\/22\/laguna-seca-ama\/#primaryimage\",\"url\":\"http:\/\/www.leblogmoto.com\/images\/2008\/07\/21\/lagunama1.jpg\",\"contentUrl\":\"http:\/\/www.leblogmoto.com\/images\/2008\/07\/21\/lagunama1.jpg\"},{\"@type\":\"BreadcrumbList\",\"@id\":\"https:\/\/blogs.thesocialmedia.com\/leblogmoto\/2008\/07\/22\/laguna-seca-ama\/#breadcrumb\",\"itemListElement\":[{\"@type\":\"ListItem\",\"position\":1,\"name\":\"Accueil\",\"item\":\"https:\/\/blogs.thesocialmedia.com\/leblogmoto\/\"},{\"@type\":\"ListItem\",\"position\":2,\"name\":\"Laguna Seca AMA Superbike, Spies en carence d\u2019adr\u00e9naline\"}]},{\"@type\":\"WebSite\",\"@id\":\"https:\/\/blogs.thesocialmedia.com\/leblogmoto\/#website\",\"url\":\"https:\/\/blogs.thesocialmedia.com\/leblogmoto\/\",\"name\":\"leblogmoto\",\"description\":\"Toute l&#039;actualit\u00e9 des 2 roues\",\"potentialAction\":[{\"@type\":\"SearchAction\",\"target\":{\"@type\":\"EntryPoint\",\"urlTemplate\":\"https:\/\/blogs.thesocialmedia.com\/leblogmoto\/?s={search_term_string}\"},\"query-input\":{\"@type\":\"PropertyValueSpecification\",\"valueRequired\":true,\"valueName\":\"search_term_string\"}}],\"inLanguage\":\"fr-FR\"},{\"@type\":\"Person\",\"@id\":\"https:\/\/blogs.thesocialmedia.com\/leblogmoto\/#\/schema\/person\/e82a0ca8a9a63d031586097a3ed58526\",\"name\":\"jacques lesage\",\"image\":{\"@type\":\"ImageObject\",\"inLanguage\":\"fr-FR\",\"@id\":\"https:\/\/blogs.thesocialmedia.com\/leblogmoto\/#\/schema\/person\/image\/\",\"url\":\"https:\/\/secure.gravatar.com\/avatar\/?s=96&d=mm&r=g\",\"contentUrl\":\"https:\/\/secure.gravatar.com\/avatar\/?s=96&d=mm&r=g\",\"caption\":\"jacques lesage\"},\"url\":\"https:\/\/blogs.thesocialmedia.com\/leblogmoto\/author\/jacques-lesage\/\"}]}<\/script>\n<!-- \/ Yoast SEO plugin. -->","yoast_head_json":{"title":"Laguna Seca AMA Superbike, Spies en carence d\u2019adr\u00e9naline - leblogmoto.com","robots":{"index":"index","follow":"follow","max-snippet":"max-snippet:-1","max-image-preview":"max-image-preview:large","max-video-preview":"max-video-preview:-1"},"canonical":"https:\/\/blogs.thesocialmedia.com\/leblogmoto\/2008\/07\/22\/laguna-seca-ama\/","twitter_card":"summary_large_image","twitter_title":"Laguna Seca AMA Superbike, Spies en carence d\u2019adr\u00e9naline - leblogmoto.com","twitter_description":"Photos Brian J. Nelson Ben Spies, l\u2019esprit clair la journ\u00e9e du samedi, profitait de l\u2019am\u00e9lioration des conditions de piste pour soutirer lors de son dernier tour de qualif, sa cinqui\u00e8me pole cons\u00e9cutive dans sa discipline. Mais le dimanche, alors qu\u2019il venait de faire une tr\u00e8s belle 8e place en Moto GP (saoul\u00e9 par l\u2019exploit et [&hellip;]","twitter_image":"http:\/\/www.leblogmoto.com\/images\/2008\/07\/21\/lagunama1.jpg","twitter_misc":{"\u00c9crit par":"jacques lesage","Dur\u00e9e de lecture estim\u00e9e":"2 minutes"},"schema":{"@context":"https:\/\/schema.org","@graph":[{"@type":"WebPage","@id":"https:\/\/blogs.thesocialmedia.com\/leblogmoto\/2008\/07\/22\/laguna-seca-ama\/","url":"https:\/\/blogs.thesocialmedia.com\/leblogmoto\/2008\/07\/22\/laguna-seca-ama\/","name":"Laguna Seca AMA Superbike, Spies en carence d\u2019adr\u00e9naline - leblogmoto.com","isPartOf":{"@id":"https:\/\/blogs.thesocialmedia.com\/leblogmoto\/#website"},"primaryImageOfPage":{"@id":"https:\/\/blogs.thesocialmedia.com\/leblogmoto\/2008\/07\/22\/laguna-seca-ama\/#primaryimage"},"image":{"@id":"https:\/\/blogs.thesocialmedia.com\/leblogmoto\/2008\/07\/22\/laguna-seca-ama\/#primaryimage"},"thumbnailUrl":"http:\/\/www.leblogmoto.com\/images\/2008\/07\/21\/lagunama1.jpg","datePublished":"2008-07-22T04:28:22+00:00","dateModified":"2012-07-11T16:08:07+00:00","author":{"@id":"https:\/\/blogs.thesocialmedia.com\/leblogmoto\/#\/schema\/person\/e82a0ca8a9a63d031586097a3ed58526"},"breadcrumb":{"@id":"https:\/\/blogs.thesocialmedia.com\/leblogmoto\/2008\/07\/22\/laguna-seca-ama\/#breadcrumb"},"inLanguage":"fr-FR","potentialAction":[{"@type":"ReadAction","target":["https:\/\/blogs.thesocialmedia.com\/leblogmoto\/2008\/07\/22\/laguna-seca-ama\/"]}]},{"@type":"ImageObject","inLanguage":"fr-FR","@id":"https:\/\/blogs.thesocialmedia.com\/leblogmoto\/2008\/07\/22\/laguna-seca-ama\/#primaryimage","url":"http:\/\/www.leblogmoto.com\/images\/2008\/07\/21\/lagunama1.jpg","contentUrl":"http:\/\/www.leblogmoto.com\/images\/2008\/07\/21\/lagunama1.jpg"},{"@type":"BreadcrumbList","@id":"https:\/\/blogs.thesocialmedia.com\/leblogmoto\/2008\/07\/22\/laguna-seca-ama\/#breadcrumb","itemListElement":[{"@type":"ListItem","position":1,"name":"Accueil","item":"https:\/\/blogs.thesocialmedia.com\/leblogmoto\/"},{"@type":"ListItem","position":2,"name":"Laguna Seca AMA Superbike, Spies en carence d\u2019adr\u00e9naline"}]},{"@type":"WebSite","@id":"https:\/\/blogs.thesocialmedia.com\/leblogmoto\/#website","url":"https:\/\/blogs.thesocialmedia.com\/leblogmoto\/","name":"leblogmoto","description":"Toute l&#039;actualit\u00e9 des 2 roues","potentialAction":[{"@type":"SearchAction","target":{"@type":"EntryPoint","urlTemplate":"https:\/\/blogs.thesocialmedia.com\/leblogmoto\/?s={search_term_string}"},"query-input":{"@type":"PropertyValueSpecification","valueRequired":true,"valueName":"search_term_string"}}],"inLanguage":"fr-FR"},{"@type":"Person","@id":"https:\/\/blogs.thesocialmedia.com\/leblogmoto\/#\/schema\/person\/e82a0ca8a9a63d031586097a3ed58526","name":"jacques lesage","image":{"@type":"ImageObject","inLanguage":"fr-FR","@id":"https:\/\/blogs.thesocialmedia.com\/leblogmoto\/#\/schema\/person\/image\/","url":"https:\/\/secure.gravatar.com\/avatar\/?s=96&d=mm&r=g","contentUrl":"https:\/\/secure.gravatar.com\/avatar\/?s=96&d=mm&r=g","caption":"jacques lesage"},"url":"https:\/\/blogs.thesocialmedia.com\/leblogmoto\/author\/jacques-lesage\/"}]}},"_links":{"self":[{"href":"https:\/\/blogs.thesocialmedia.com\/leblogmoto\/wp-json\/wp\/v2\/posts\/573","targetHints":{"allow":["GET"]}}],"collection":[{"href":"https:\/\/blogs.thesocialmedia.com\/leblogmoto\/wp-json\/wp\/v2\/posts"}],"about":[{"href":"https:\/\/blogs.thesocialmedia.com\/leblogmoto\/wp-json\/wp\/v2\/types\/post"}],"author":[{"embeddable":true,"href":"https:\/\/blogs.thesocialmedia.com\/leblogmoto\/wp-json\/wp\/v2\/users\/325"}],"replies":[{"embeddable":true,"href":"https:\/\/blogs.thesocialmedia.com\/leblogmoto\/wp-json\/wp\/v2\/comments?post=573"}],"version-history":[{"count":2,"href":"https:\/\/blogs.thesocialmedia.com\/leblogmoto\/wp-json\/wp\/v2\/posts\/573\/revisions"}],"predecessor-version":[{"id":11305,"href":"https:\/\/blogs.thesocialmedia.com\/leblogmoto\/wp-json\/wp\/v2\/posts\/573\/revisions\/11305"}],"wp:attachment":[{"href":"https:\/\/blogs.thesocialmedia.com\/leblogmoto\/wp-json\/wp\/v2\/media?parent=573"}],"wp:term":[{"taxonomy":"category","embeddable":true,"href":"https:\/\/blogs.thesocialmedia.com\/leblogmoto\/wp-json\/wp\/v2\/categories?post=573"},{"taxonomy":"post_tag","embeddable":true,"href":"https:\/\/blogs.thesocialmedia.com\/leblogmoto\/wp-json\/wp\/v2\/tags?post=573"}],"curies":[{"name":"wp","href":"https:\/\/api.w.org\/{rel}","templated":true}]}}