{"id":575,"date":"2008-07-19T03:25:32","date_gmt":"2008-07-19T03:25:32","guid":{"rendered":"http:\/\/blogs.thesocialmedia.com\/leblogmoto\/2008\/07\/19\/laguna-seca-les\/"},"modified":"2012-07-11T16:07:58","modified_gmt":"2012-07-11T16:07:58","slug":"laguna-seca-les","status":"publish","type":"post","link":"https:\/\/blogs.thesocialmedia.com\/leblogmoto\/2008\/07\/19\/laguna-seca-les\/","title":{"rendered":"Laguna Seca, les cartes de Ben Spies"},"content":{"rendered":"<p><a href=\"http:\/\/blogs.thesocialmedia.com\/leblogmoto\/files\/2012\/07\/motogp1.jpg\"><img loading=\"lazy\" decoding=\"async\" width=\"470\" height=\"312\"  src=\"http:\/\/www.leblogmoto.com\/images\/2008\/07\/18\/motogp.jpg\" alt=\"Motogp\" \/><\/a> <br \/><em>Photos Brian J. Nelson<\/em><\/p>\n<p>Ben Spies joue son avenir ce week-end \u00e0 <a href=\"http:\/\/www.laguna-seca.com\/\">Laguna Seca<\/a>, c\u2019est du moins ce qu\u2019il doit se dire, avant d\u2019entreprendre la double t\u00e2che du Moto GP et de l\u2019AMA Superbike sur Suzuki.<\/p>\n<p>Au guidon de la GSX-R1000 num\u00e9ro 1, ce sera la victoire ou rien. Il doit asseoir sa domination de belle mani\u00e8re, histoire de clairement d\u00e9montrer aux d\u00e9cideurs de Moto GP que sa place est d\u00e9finitivement dans la cour des grands.<\/p>\n<p>Heureusement pour lui, la concurrence en AMA Superbike est assez limit\u00e9e, mais \u00e0 sa place, je porterais une attention sp\u00e9ciale \u00e0 <a href=\"http:\/\/www.jamiehacking.com\/\">Jamie Hacking<\/a> (le petit barbu sur les podiums \u00e0 la gauche de Spies et Mladin) plut\u00f4t que sur son co\u00e9quipier. Mladin ne laisserait pas \u00e9chapper la victoire si on la lui offrait, mais il ne devrait pas trop forcer la mise \u00e0 Spies. Hacking cependant, participe, lui aussi, \u00e0 la double f\u00eate avec Kawasaki, et il ne veut pas moins qu\u2019impressionner la galerie. Le Superbike, c\u2019est bien beau, mais c\u2019est comme le droit, l\u2019important, c\u2019est d\u2019en sortir.<br \/>Hacking vise donc Spies dans les deux programmes, mais Ben Spies sait qu\u2019une seule victoire dans sa s\u00e9rie ne sera pas suffisante, il doit aussi \u00eatre impressionnant dans l\u2019autre.<\/p>\n<p>Sa cible sera le chef de clan Rossi, (Et plus prosa\u00efquement dit, Spies d\u00e9clarait en conf\u00e9rence de presse qu&rsquo;il esp\u00e9rait faire au moins le premier tour devant Rossi. Supposant une meilleure place sur la grille gr\u00e2ce \u00e0 sa parfaite connaissance du circuit.) laissant les jeunes loups faire le spectacle \u00e0 l\u2019avant. A moins bien s\u00fbr que le chef ne retrouve son panache, qu\u2019il semble perdre et retrouver plus ou moins r\u00e9guli\u00e8rement cette saison. Dans ce cas, Spies devra oublier l\u2019id\u00e9e de cible et se concentrer sur le projectile que sera sa <a href=\"http:\/\/en.wikipedia.org\/wiki\/Suzuki_GSV-R\">GSV-R<\/a> num\u00e9ro 11.<\/p>\n<p><a href=\"http:\/\/clabedan.typepad.com\/.shared\/image.html?\/photos\/uncategorized\/2008\/07\/18\/spies1.jpg\"><img loading=\"lazy\" decoding=\"async\" width=\"470\" height=\"312\"  src=\"http:\/\/www.leblogmoto.com\/images\/2008\/07\/18\/spies1.jpg\" alt=\"Spies1\" \/><\/a> <\/p>\n<p><a href=\"http:\/\/blogs.thesocialmedia.com\/leblogmoto\/files\/2012\/07\/spies2.jpg\"><img loading=\"lazy\" decoding=\"async\" width=\"470\" height=\"312\"  src=\"http:\/\/www.leblogmoto.com\/images\/2008\/07\/18\/spies2.jpg\" alt=\"Spies2\" \/><\/a> <\/p>\n<p><a href=\"http:\/\/blogs.thesocialmedia.com\/leblogmoto\/files\/2012\/07\/spies3.jpg\"><img loading=\"lazy\" decoding=\"async\" width=\"470\" height=\"312\"  src=\"http:\/\/www.leblogmoto.com\/images\/2008\/07\/18\/spies3.jpg\" alt=\"Spies3\" \/><\/a> <\/p>\n","protected":false},"excerpt":{"rendered":"<p>Photos Brian J. Nelson Ben Spies joue son avenir ce week-end \u00e0 Laguna Seca, c\u2019est du moins ce qu\u2019il doit se dire, avant d\u2019entreprendre la double t\u00e2che du Moto GP et de l\u2019AMA Superbike sur Suzuki. Au guidon de la GSX-R1000 num\u00e9ro 1, ce sera la victoire ou rien. Il doit asseoir sa domination de [&hellip;]<\/p>\n","protected":false},"author":325,"featured_media":0,"comment_status":"open","ping_status":"open","sticky":false,"template":"","format":"standard","meta":{"footnotes":""},"categories":[45,22,46,51],"tags":[],"class_list":["post-575","post","type-post","status-publish","format-standard","hentry","category-kawasaki","category-motogp","category-superbike","category-suzuki"],"yoast_head":"<!-- This site is optimized with the Yoast SEO plugin v26.0 - https:\/\/yoast.com\/wordpress\/plugins\/seo\/ -->\n<title>Laguna Seca, les cartes de Ben Spies - leblogmoto.com<\/title>\n<meta name=\"robots\" content=\"index, follow, max-snippet:-1, max-image-preview:large, max-video-preview:-1\" \/>\n<link rel=\"canonical\" href=\"https:\/\/blogs.thesocialmedia.com\/leblogmoto\/2008\/07\/19\/laguna-seca-les\/\" \/>\n<meta name=\"twitter:card\" content=\"summary_large_image\" \/>\n<meta name=\"twitter:title\" content=\"Laguna Seca, les cartes de Ben Spies - leblogmoto.com\" \/>\n<meta name=\"twitter:description\" content=\"Photos Brian J. Nelson Ben Spies joue son avenir ce week-end \u00e0 Laguna Seca, c\u2019est du moins ce qu\u2019il doit se dire, avant d\u2019entreprendre la double t\u00e2che du Moto GP et de l\u2019AMA Superbike sur Suzuki. Au guidon de la GSX-R1000 num\u00e9ro 1, ce sera la victoire ou rien. Il doit asseoir sa domination de [&hellip;]\" \/>\n<meta name=\"twitter:image\" content=\"http:\/\/www.leblogmoto.com\/images\/2008\/07\/18\/motogp.jpg\" \/>\n<meta name=\"twitter:label1\" content=\"\u00c9crit par\" \/>\n\t<meta name=\"twitter:data1\" content=\"jacques lesage\" \/>\n\t<meta name=\"twitter:label2\" content=\"Dur\u00e9e de lecture estim\u00e9e\" \/>\n\t<meta name=\"twitter:data2\" content=\"2 minutes\" \/>\n<script type=\"application\/ld+json\" class=\"yoast-schema-graph\">{\"@context\":\"https:\/\/schema.org\",\"@graph\":[{\"@type\":\"WebPage\",\"@id\":\"https:\/\/blogs.thesocialmedia.com\/leblogmoto\/2008\/07\/19\/laguna-seca-les\/\",\"url\":\"https:\/\/blogs.thesocialmedia.com\/leblogmoto\/2008\/07\/19\/laguna-seca-les\/\",\"name\":\"Laguna Seca, les cartes de Ben Spies - leblogmoto.com\",\"isPartOf\":{\"@id\":\"https:\/\/blogs.thesocialmedia.com\/leblogmoto\/#website\"},\"primaryImageOfPage\":{\"@id\":\"https:\/\/blogs.thesocialmedia.com\/leblogmoto\/2008\/07\/19\/laguna-seca-les\/#primaryimage\"},\"image\":{\"@id\":\"https:\/\/blogs.thesocialmedia.com\/leblogmoto\/2008\/07\/19\/laguna-seca-les\/#primaryimage\"},\"thumbnailUrl\":\"http:\/\/www.leblogmoto.com\/images\/2008\/07\/18\/motogp.jpg\",\"datePublished\":\"2008-07-19T03:25:32+00:00\",\"dateModified\":\"2012-07-11T16:07:58+00:00\",\"author\":{\"@id\":\"https:\/\/blogs.thesocialmedia.com\/leblogmoto\/#\/schema\/person\/e82a0ca8a9a63d031586097a3ed58526\"},\"breadcrumb\":{\"@id\":\"https:\/\/blogs.thesocialmedia.com\/leblogmoto\/2008\/07\/19\/laguna-seca-les\/#breadcrumb\"},\"inLanguage\":\"fr-FR\",\"potentialAction\":[{\"@type\":\"ReadAction\",\"target\":[\"https:\/\/blogs.thesocialmedia.com\/leblogmoto\/2008\/07\/19\/laguna-seca-les\/\"]}]},{\"@type\":\"ImageObject\",\"inLanguage\":\"fr-FR\",\"@id\":\"https:\/\/blogs.thesocialmedia.com\/leblogmoto\/2008\/07\/19\/laguna-seca-les\/#primaryimage\",\"url\":\"http:\/\/www.leblogmoto.com\/images\/2008\/07\/18\/motogp.jpg\",\"contentUrl\":\"http:\/\/www.leblogmoto.com\/images\/2008\/07\/18\/motogp.jpg\"},{\"@type\":\"BreadcrumbList\",\"@id\":\"https:\/\/blogs.thesocialmedia.com\/leblogmoto\/2008\/07\/19\/laguna-seca-les\/#breadcrumb\",\"itemListElement\":[{\"@type\":\"ListItem\",\"position\":1,\"name\":\"Accueil\",\"item\":\"https:\/\/blogs.thesocialmedia.com\/leblogmoto\/\"},{\"@type\":\"ListItem\",\"position\":2,\"name\":\"Laguna Seca, les cartes de Ben Spies\"}]},{\"@type\":\"WebSite\",\"@id\":\"https:\/\/blogs.thesocialmedia.com\/leblogmoto\/#website\",\"url\":\"https:\/\/blogs.thesocialmedia.com\/leblogmoto\/\",\"name\":\"leblogmoto\",\"description\":\"Toute l&#039;actualit\u00e9 des 2 roues\",\"potentialAction\":[{\"@type\":\"SearchAction\",\"target\":{\"@type\":\"EntryPoint\",\"urlTemplate\":\"https:\/\/blogs.thesocialmedia.com\/leblogmoto\/?s={search_term_string}\"},\"query-input\":{\"@type\":\"PropertyValueSpecification\",\"valueRequired\":true,\"valueName\":\"search_term_string\"}}],\"inLanguage\":\"fr-FR\"},{\"@type\":\"Person\",\"@id\":\"https:\/\/blogs.thesocialmedia.com\/leblogmoto\/#\/schema\/person\/e82a0ca8a9a63d031586097a3ed58526\",\"name\":\"jacques lesage\",\"image\":{\"@type\":\"ImageObject\",\"inLanguage\":\"fr-FR\",\"@id\":\"https:\/\/blogs.thesocialmedia.com\/leblogmoto\/#\/schema\/person\/image\/\",\"url\":\"https:\/\/secure.gravatar.com\/avatar\/?s=96&d=mm&r=g\",\"contentUrl\":\"https:\/\/secure.gravatar.com\/avatar\/?s=96&d=mm&r=g\",\"caption\":\"jacques lesage\"},\"url\":\"https:\/\/blogs.thesocialmedia.com\/leblogmoto\/author\/jacques-lesage\/\"}]}<\/script>\n<!-- \/ Yoast SEO plugin. -->","yoast_head_json":{"title":"Laguna Seca, les cartes de Ben Spies - leblogmoto.com","robots":{"index":"index","follow":"follow","max-snippet":"max-snippet:-1","max-image-preview":"max-image-preview:large","max-video-preview":"max-video-preview:-1"},"canonical":"https:\/\/blogs.thesocialmedia.com\/leblogmoto\/2008\/07\/19\/laguna-seca-les\/","twitter_card":"summary_large_image","twitter_title":"Laguna Seca, les cartes de Ben Spies - leblogmoto.com","twitter_description":"Photos Brian J. Nelson Ben Spies joue son avenir ce week-end \u00e0 Laguna Seca, c\u2019est du moins ce qu\u2019il doit se dire, avant d\u2019entreprendre la double t\u00e2che du Moto GP et de l\u2019AMA Superbike sur Suzuki. Au guidon de la GSX-R1000 num\u00e9ro 1, ce sera la victoire ou rien. Il doit asseoir sa domination de [&hellip;]","twitter_image":"http:\/\/www.leblogmoto.com\/images\/2008\/07\/18\/motogp.jpg","twitter_misc":{"\u00c9crit par":"jacques lesage","Dur\u00e9e de lecture estim\u00e9e":"2 minutes"},"schema":{"@context":"https:\/\/schema.org","@graph":[{"@type":"WebPage","@id":"https:\/\/blogs.thesocialmedia.com\/leblogmoto\/2008\/07\/19\/laguna-seca-les\/","url":"https:\/\/blogs.thesocialmedia.com\/leblogmoto\/2008\/07\/19\/laguna-seca-les\/","name":"Laguna Seca, les cartes de Ben Spies - leblogmoto.com","isPartOf":{"@id":"https:\/\/blogs.thesocialmedia.com\/leblogmoto\/#website"},"primaryImageOfPage":{"@id":"https:\/\/blogs.thesocialmedia.com\/leblogmoto\/2008\/07\/19\/laguna-seca-les\/#primaryimage"},"image":{"@id":"https:\/\/blogs.thesocialmedia.com\/leblogmoto\/2008\/07\/19\/laguna-seca-les\/#primaryimage"},"thumbnailUrl":"http:\/\/www.leblogmoto.com\/images\/2008\/07\/18\/motogp.jpg","datePublished":"2008-07-19T03:25:32+00:00","dateModified":"2012-07-11T16:07:58+00:00","author":{"@id":"https:\/\/blogs.thesocialmedia.com\/leblogmoto\/#\/schema\/person\/e82a0ca8a9a63d031586097a3ed58526"},"breadcrumb":{"@id":"https:\/\/blogs.thesocialmedia.com\/leblogmoto\/2008\/07\/19\/laguna-seca-les\/#breadcrumb"},"inLanguage":"fr-FR","potentialAction":[{"@type":"ReadAction","target":["https:\/\/blogs.thesocialmedia.com\/leblogmoto\/2008\/07\/19\/laguna-seca-les\/"]}]},{"@type":"ImageObject","inLanguage":"fr-FR","@id":"https:\/\/blogs.thesocialmedia.com\/leblogmoto\/2008\/07\/19\/laguna-seca-les\/#primaryimage","url":"http:\/\/www.leblogmoto.com\/images\/2008\/07\/18\/motogp.jpg","contentUrl":"http:\/\/www.leblogmoto.com\/images\/2008\/07\/18\/motogp.jpg"},{"@type":"BreadcrumbList","@id":"https:\/\/blogs.thesocialmedia.com\/leblogmoto\/2008\/07\/19\/laguna-seca-les\/#breadcrumb","itemListElement":[{"@type":"ListItem","position":1,"name":"Accueil","item":"https:\/\/blogs.thesocialmedia.com\/leblogmoto\/"},{"@type":"ListItem","position":2,"name":"Laguna Seca, les cartes de Ben Spies"}]},{"@type":"WebSite","@id":"https:\/\/blogs.thesocialmedia.com\/leblogmoto\/#website","url":"https:\/\/blogs.thesocialmedia.com\/leblogmoto\/","name":"leblogmoto","description":"Toute l&#039;actualit\u00e9 des 2 roues","potentialAction":[{"@type":"SearchAction","target":{"@type":"EntryPoint","urlTemplate":"https:\/\/blogs.thesocialmedia.com\/leblogmoto\/?s={search_term_string}"},"query-input":{"@type":"PropertyValueSpecification","valueRequired":true,"valueName":"search_term_string"}}],"inLanguage":"fr-FR"},{"@type":"Person","@id":"https:\/\/blogs.thesocialmedia.com\/leblogmoto\/#\/schema\/person\/e82a0ca8a9a63d031586097a3ed58526","name":"jacques lesage","image":{"@type":"ImageObject","inLanguage":"fr-FR","@id":"https:\/\/blogs.thesocialmedia.com\/leblogmoto\/#\/schema\/person\/image\/","url":"https:\/\/secure.gravatar.com\/avatar\/?s=96&d=mm&r=g","contentUrl":"https:\/\/secure.gravatar.com\/avatar\/?s=96&d=mm&r=g","caption":"jacques lesage"},"url":"https:\/\/blogs.thesocialmedia.com\/leblogmoto\/author\/jacques-lesage\/"}]}},"_links":{"self":[{"href":"https:\/\/blogs.thesocialmedia.com\/leblogmoto\/wp-json\/wp\/v2\/posts\/575","targetHints":{"allow":["GET"]}}],"collection":[{"href":"https:\/\/blogs.thesocialmedia.com\/leblogmoto\/wp-json\/wp\/v2\/posts"}],"about":[{"href":"https:\/\/blogs.thesocialmedia.com\/leblogmoto\/wp-json\/wp\/v2\/types\/post"}],"author":[{"embeddable":true,"href":"https:\/\/blogs.thesocialmedia.com\/leblogmoto\/wp-json\/wp\/v2\/users\/325"}],"replies":[{"embeddable":true,"href":"https:\/\/blogs.thesocialmedia.com\/leblogmoto\/wp-json\/wp\/v2\/comments?post=575"}],"version-history":[{"count":2,"href":"https:\/\/blogs.thesocialmedia.com\/leblogmoto\/wp-json\/wp\/v2\/posts\/575\/revisions"}],"predecessor-version":[{"id":11301,"href":"https:\/\/blogs.thesocialmedia.com\/leblogmoto\/wp-json\/wp\/v2\/posts\/575\/revisions\/11301"}],"wp:attachment":[{"href":"https:\/\/blogs.thesocialmedia.com\/leblogmoto\/wp-json\/wp\/v2\/media?parent=575"}],"wp:term":[{"taxonomy":"category","embeddable":true,"href":"https:\/\/blogs.thesocialmedia.com\/leblogmoto\/wp-json\/wp\/v2\/categories?post=575"},{"taxonomy":"post_tag","embeddable":true,"href":"https:\/\/blogs.thesocialmedia.com\/leblogmoto\/wp-json\/wp\/v2\/tags?post=575"}],"curies":[{"name":"wp","href":"https:\/\/api.w.org\/{rel}","templated":true}]}}