{"id":579,"date":"2008-07-15T04:21:57","date_gmt":"2008-07-15T04:21:57","guid":{"rendered":"http:\/\/blogs.thesocialmedia.com\/leblogmoto\/2008\/07\/15\/hell-ride-la-ba\/"},"modified":"2012-07-11T16:07:12","modified_gmt":"2012-07-11T16:07:12","slug":"hell-ride-la-ba","status":"publish","type":"post","link":"https:\/\/blogs.thesocialmedia.com\/leblogmoto\/2008\/07\/15\/hell-ride-la-ba\/","title":{"rendered":"Hell Ride, La bande-annonce"},"content":{"rendered":"<p><a href=\"http:\/\/blogs.thesocialmedia.com\/leblogmoto\/files\/2012\/07\/ride1.jpg\"><img loading=\"lazy\" decoding=\"async\" width=\"470\" height=\"199\"  src=\"http:\/\/www.leblogmoto.com\/images\/2008\/07\/14\/ride1.jpg\" alt=\"Ride1\" \/><\/a> <\/p>\n<p>Ce film r\u00e9alis\u00e9 et interpr\u00e9t\u00e9 par Larry Bishop, mais produit par Quentin Tarantino, et projet\u00e9 en premi\u00e8re \u00e0 Sundance l\u2019hiver dernier, on vous en faisait <a href=\"http:\/\/blogs.thesocialmedia.com\/leblogmoto\/files\/2012\/07\/hell-ride-vire.html_.png\">\u00e9cho ici<\/a>, voit appara\u00eetre enfin sa bande-annonce. Ce qui n\u2019est pas trop t\u00f4t, le film prend l\u2019affiche le 8 ao\u00fbt en Am\u00e9rique du Nord.<\/p>\n<p><a href=\"http:\/\/www.grindhouse.com\/\">Gras, sale, b\u00eate et m\u00e9chant<\/a>, c\u2019est l\u2019impression qui s\u2019impose apr\u00e8s le visionnement de ces quelques minutes du film. Langage abusif, violence gratuite, nudit\u00e9 gratuite, seul le billet de cin\u00e9ma ne sera pas gratuit.<\/p>\n<p>Il ne semble pas y avoir encore de date ferme pour la sortie du film en Europe, les distributeurs attendant sans doute de voir l\u2019accueil qui lui sera r\u00e9serv\u00e9 en Am\u00e9rique.<\/p>\n<p><a href=\"http:\/\/clabedan.typepad.com\/.shared\/image.html?\/photos\/uncategorized\/2008\/07\/14\/ride2.jpg\"><img loading=\"lazy\" decoding=\"async\" width=\"470\" height=\"199\"  alt=\"Ride2\" src=\"http:\/\/www.leblogmoto.com\/images\/2008\/07\/14\/ride2.jpg\" \/><\/a> <\/p>\n<p><a href=\"http:\/\/blogs.thesocialmedia.com\/leblogmoto\/files\/2012\/07\/ride3.jpg\"><img loading=\"lazy\" decoding=\"async\" width=\"470\" height=\"199\"  alt=\"Ride3\" src=\"http:\/\/www.leblogmoto.com\/images\/2008\/07\/14\/ride3.jpg\" \/><\/a> <\/p>\n<p><a href=\"http:\/\/blogs.thesocialmedia.com\/leblogmoto\/files\/2012\/07\/ride4.jpg\"><img loading=\"lazy\" decoding=\"async\" width=\"470\" height=\"199\"  alt=\"Ride4\" src=\"http:\/\/www.leblogmoto.com\/images\/2008\/07\/14\/ride4.jpg\" \/><\/a> <\/p>\n<p><object width=\"425\" height=\"349\"><param value=\"http:\/\/www.youtube.com\/v\/Z31p7GOzOdU&amp;hl=en&amp;fs=1&amp;rel=0&amp;border=1\" name=\"movie\" \/><param value=\"true\" name=\"allowFullScreen\" \/><embed width=\"425\" height=\"349\" type=\"application\/x-shockwave-flash\" src=\"http:\/\/www.youtube.com\/v\/Z31p7GOzOdU&amp;hl=en&amp;fs=1&amp;rel=0&amp;border=1\"><\/embed><\/object><\/p>\n","protected":false},"excerpt":{"rendered":"<p>Ce film r\u00e9alis\u00e9 et interpr\u00e9t\u00e9 par Larry Bishop, mais produit par Quentin Tarantino, et projet\u00e9 en premi\u00e8re \u00e0 Sundance l\u2019hiver dernier, on vous en faisait \u00e9cho ici, voit appara\u00eetre enfin sa bande-annonce. Ce qui n\u2019est pas trop t\u00f4t, le film prend l\u2019affiche le 8 ao\u00fbt en Am\u00e9rique du Nord. Gras, sale, b\u00eate et m\u00e9chant, c\u2019est [&hellip;]<\/p>\n","protected":false},"author":325,"featured_media":0,"comment_status":"open","ping_status":"open","sticky":false,"template":"","format":"standard","meta":{"footnotes":""},"categories":[13,8,12],"tags":[],"class_list":["post-579","post","type-post","status-publish","format-standard","hentry","category-aventure","category-chaines-et-cuirs","category-videos"],"yoast_head":"<!-- This site is optimized with the Yoast SEO plugin v26.0 - https:\/\/yoast.com\/wordpress\/plugins\/seo\/ -->\n<title>Hell Ride, La bande-annonce - leblogmoto.com<\/title>\n<meta name=\"robots\" content=\"index, follow, max-snippet:-1, max-image-preview:large, max-video-preview:-1\" \/>\n<link rel=\"canonical\" href=\"https:\/\/blogs.thesocialmedia.com\/leblogmoto\/2008\/07\/15\/hell-ride-la-ba\/\" \/>\n<meta name=\"twitter:card\" content=\"summary_large_image\" \/>\n<meta name=\"twitter:title\" content=\"Hell Ride, La bande-annonce - leblogmoto.com\" \/>\n<meta name=\"twitter:description\" content=\"Ce film r\u00e9alis\u00e9 et interpr\u00e9t\u00e9 par Larry Bishop, mais produit par Quentin Tarantino, et projet\u00e9 en premi\u00e8re \u00e0 Sundance l\u2019hiver dernier, on vous en faisait \u00e9cho ici, voit appara\u00eetre enfin sa bande-annonce. Ce qui n\u2019est pas trop t\u00f4t, le film prend l\u2019affiche le 8 ao\u00fbt en Am\u00e9rique du Nord. Gras, sale, b\u00eate et m\u00e9chant, c\u2019est [&hellip;]\" \/>\n<meta name=\"twitter:image\" content=\"http:\/\/www.leblogmoto.com\/images\/2008\/07\/14\/ride1.jpg\" \/>\n<meta name=\"twitter:label1\" content=\"\u00c9crit par\" \/>\n\t<meta name=\"twitter:data1\" content=\"jacques lesage\" \/>\n\t<meta name=\"twitter:label2\" content=\"Dur\u00e9e de lecture estim\u00e9e\" \/>\n\t<meta name=\"twitter:data2\" content=\"1 minute\" \/>\n<script type=\"application\/ld+json\" class=\"yoast-schema-graph\">{\"@context\":\"https:\/\/schema.org\",\"@graph\":[{\"@type\":\"WebPage\",\"@id\":\"https:\/\/blogs.thesocialmedia.com\/leblogmoto\/2008\/07\/15\/hell-ride-la-ba\/\",\"url\":\"https:\/\/blogs.thesocialmedia.com\/leblogmoto\/2008\/07\/15\/hell-ride-la-ba\/\",\"name\":\"Hell Ride, La bande-annonce - leblogmoto.com\",\"isPartOf\":{\"@id\":\"https:\/\/blogs.thesocialmedia.com\/leblogmoto\/#website\"},\"primaryImageOfPage\":{\"@id\":\"https:\/\/blogs.thesocialmedia.com\/leblogmoto\/2008\/07\/15\/hell-ride-la-ba\/#primaryimage\"},\"image\":{\"@id\":\"https:\/\/blogs.thesocialmedia.com\/leblogmoto\/2008\/07\/15\/hell-ride-la-ba\/#primaryimage\"},\"thumbnailUrl\":\"http:\/\/www.leblogmoto.com\/images\/2008\/07\/14\/ride1.jpg\",\"datePublished\":\"2008-07-15T04:21:57+00:00\",\"dateModified\":\"2012-07-11T16:07:12+00:00\",\"author\":{\"@id\":\"https:\/\/blogs.thesocialmedia.com\/leblogmoto\/#\/schema\/person\/e82a0ca8a9a63d031586097a3ed58526\"},\"breadcrumb\":{\"@id\":\"https:\/\/blogs.thesocialmedia.com\/leblogmoto\/2008\/07\/15\/hell-ride-la-ba\/#breadcrumb\"},\"inLanguage\":\"fr-FR\",\"potentialAction\":[{\"@type\":\"ReadAction\",\"target\":[\"https:\/\/blogs.thesocialmedia.com\/leblogmoto\/2008\/07\/15\/hell-ride-la-ba\/\"]}]},{\"@type\":\"ImageObject\",\"inLanguage\":\"fr-FR\",\"@id\":\"https:\/\/blogs.thesocialmedia.com\/leblogmoto\/2008\/07\/15\/hell-ride-la-ba\/#primaryimage\",\"url\":\"http:\/\/www.leblogmoto.com\/images\/2008\/07\/14\/ride1.jpg\",\"contentUrl\":\"http:\/\/www.leblogmoto.com\/images\/2008\/07\/14\/ride1.jpg\"},{\"@type\":\"BreadcrumbList\",\"@id\":\"https:\/\/blogs.thesocialmedia.com\/leblogmoto\/2008\/07\/15\/hell-ride-la-ba\/#breadcrumb\",\"itemListElement\":[{\"@type\":\"ListItem\",\"position\":1,\"name\":\"Accueil\",\"item\":\"https:\/\/blogs.thesocialmedia.com\/leblogmoto\/\"},{\"@type\":\"ListItem\",\"position\":2,\"name\":\"Hell Ride, La bande-annonce\"}]},{\"@type\":\"WebSite\",\"@id\":\"https:\/\/blogs.thesocialmedia.com\/leblogmoto\/#website\",\"url\":\"https:\/\/blogs.thesocialmedia.com\/leblogmoto\/\",\"name\":\"leblogmoto\",\"description\":\"Toute l&#039;actualit\u00e9 des 2 roues\",\"potentialAction\":[{\"@type\":\"SearchAction\",\"target\":{\"@type\":\"EntryPoint\",\"urlTemplate\":\"https:\/\/blogs.thesocialmedia.com\/leblogmoto\/?s={search_term_string}\"},\"query-input\":{\"@type\":\"PropertyValueSpecification\",\"valueRequired\":true,\"valueName\":\"search_term_string\"}}],\"inLanguage\":\"fr-FR\"},{\"@type\":\"Person\",\"@id\":\"https:\/\/blogs.thesocialmedia.com\/leblogmoto\/#\/schema\/person\/e82a0ca8a9a63d031586097a3ed58526\",\"name\":\"jacques lesage\",\"image\":{\"@type\":\"ImageObject\",\"inLanguage\":\"fr-FR\",\"@id\":\"https:\/\/blogs.thesocialmedia.com\/leblogmoto\/#\/schema\/person\/image\/\",\"url\":\"https:\/\/secure.gravatar.com\/avatar\/?s=96&d=mm&r=g\",\"contentUrl\":\"https:\/\/secure.gravatar.com\/avatar\/?s=96&d=mm&r=g\",\"caption\":\"jacques lesage\"},\"url\":\"https:\/\/blogs.thesocialmedia.com\/leblogmoto\/author\/jacques-lesage\/\"}]}<\/script>\n<!-- \/ Yoast SEO plugin. -->","yoast_head_json":{"title":"Hell Ride, La bande-annonce - leblogmoto.com","robots":{"index":"index","follow":"follow","max-snippet":"max-snippet:-1","max-image-preview":"max-image-preview:large","max-video-preview":"max-video-preview:-1"},"canonical":"https:\/\/blogs.thesocialmedia.com\/leblogmoto\/2008\/07\/15\/hell-ride-la-ba\/","twitter_card":"summary_large_image","twitter_title":"Hell Ride, La bande-annonce - leblogmoto.com","twitter_description":"Ce film r\u00e9alis\u00e9 et interpr\u00e9t\u00e9 par Larry Bishop, mais produit par Quentin Tarantino, et projet\u00e9 en premi\u00e8re \u00e0 Sundance l\u2019hiver dernier, on vous en faisait \u00e9cho ici, voit appara\u00eetre enfin sa bande-annonce. Ce qui n\u2019est pas trop t\u00f4t, le film prend l\u2019affiche le 8 ao\u00fbt en Am\u00e9rique du Nord. Gras, sale, b\u00eate et m\u00e9chant, c\u2019est [&hellip;]","twitter_image":"http:\/\/www.leblogmoto.com\/images\/2008\/07\/14\/ride1.jpg","twitter_misc":{"\u00c9crit par":"jacques lesage","Dur\u00e9e de lecture estim\u00e9e":"1 minute"},"schema":{"@context":"https:\/\/schema.org","@graph":[{"@type":"WebPage","@id":"https:\/\/blogs.thesocialmedia.com\/leblogmoto\/2008\/07\/15\/hell-ride-la-ba\/","url":"https:\/\/blogs.thesocialmedia.com\/leblogmoto\/2008\/07\/15\/hell-ride-la-ba\/","name":"Hell Ride, La bande-annonce - leblogmoto.com","isPartOf":{"@id":"https:\/\/blogs.thesocialmedia.com\/leblogmoto\/#website"},"primaryImageOfPage":{"@id":"https:\/\/blogs.thesocialmedia.com\/leblogmoto\/2008\/07\/15\/hell-ride-la-ba\/#primaryimage"},"image":{"@id":"https:\/\/blogs.thesocialmedia.com\/leblogmoto\/2008\/07\/15\/hell-ride-la-ba\/#primaryimage"},"thumbnailUrl":"http:\/\/www.leblogmoto.com\/images\/2008\/07\/14\/ride1.jpg","datePublished":"2008-07-15T04:21:57+00:00","dateModified":"2012-07-11T16:07:12+00:00","author":{"@id":"https:\/\/blogs.thesocialmedia.com\/leblogmoto\/#\/schema\/person\/e82a0ca8a9a63d031586097a3ed58526"},"breadcrumb":{"@id":"https:\/\/blogs.thesocialmedia.com\/leblogmoto\/2008\/07\/15\/hell-ride-la-ba\/#breadcrumb"},"inLanguage":"fr-FR","potentialAction":[{"@type":"ReadAction","target":["https:\/\/blogs.thesocialmedia.com\/leblogmoto\/2008\/07\/15\/hell-ride-la-ba\/"]}]},{"@type":"ImageObject","inLanguage":"fr-FR","@id":"https:\/\/blogs.thesocialmedia.com\/leblogmoto\/2008\/07\/15\/hell-ride-la-ba\/#primaryimage","url":"http:\/\/www.leblogmoto.com\/images\/2008\/07\/14\/ride1.jpg","contentUrl":"http:\/\/www.leblogmoto.com\/images\/2008\/07\/14\/ride1.jpg"},{"@type":"BreadcrumbList","@id":"https:\/\/blogs.thesocialmedia.com\/leblogmoto\/2008\/07\/15\/hell-ride-la-ba\/#breadcrumb","itemListElement":[{"@type":"ListItem","position":1,"name":"Accueil","item":"https:\/\/blogs.thesocialmedia.com\/leblogmoto\/"},{"@type":"ListItem","position":2,"name":"Hell Ride, La bande-annonce"}]},{"@type":"WebSite","@id":"https:\/\/blogs.thesocialmedia.com\/leblogmoto\/#website","url":"https:\/\/blogs.thesocialmedia.com\/leblogmoto\/","name":"leblogmoto","description":"Toute l&#039;actualit\u00e9 des 2 roues","potentialAction":[{"@type":"SearchAction","target":{"@type":"EntryPoint","urlTemplate":"https:\/\/blogs.thesocialmedia.com\/leblogmoto\/?s={search_term_string}"},"query-input":{"@type":"PropertyValueSpecification","valueRequired":true,"valueName":"search_term_string"}}],"inLanguage":"fr-FR"},{"@type":"Person","@id":"https:\/\/blogs.thesocialmedia.com\/leblogmoto\/#\/schema\/person\/e82a0ca8a9a63d031586097a3ed58526","name":"jacques lesage","image":{"@type":"ImageObject","inLanguage":"fr-FR","@id":"https:\/\/blogs.thesocialmedia.com\/leblogmoto\/#\/schema\/person\/image\/","url":"https:\/\/secure.gravatar.com\/avatar\/?s=96&d=mm&r=g","contentUrl":"https:\/\/secure.gravatar.com\/avatar\/?s=96&d=mm&r=g","caption":"jacques lesage"},"url":"https:\/\/blogs.thesocialmedia.com\/leblogmoto\/author\/jacques-lesage\/"}]}},"_links":{"self":[{"href":"https:\/\/blogs.thesocialmedia.com\/leblogmoto\/wp-json\/wp\/v2\/posts\/579","targetHints":{"allow":["GET"]}}],"collection":[{"href":"https:\/\/blogs.thesocialmedia.com\/leblogmoto\/wp-json\/wp\/v2\/posts"}],"about":[{"href":"https:\/\/blogs.thesocialmedia.com\/leblogmoto\/wp-json\/wp\/v2\/types\/post"}],"author":[{"embeddable":true,"href":"https:\/\/blogs.thesocialmedia.com\/leblogmoto\/wp-json\/wp\/v2\/users\/325"}],"replies":[{"embeddable":true,"href":"https:\/\/blogs.thesocialmedia.com\/leblogmoto\/wp-json\/wp\/v2\/comments?post=579"}],"version-history":[{"count":2,"href":"https:\/\/blogs.thesocialmedia.com\/leblogmoto\/wp-json\/wp\/v2\/posts\/579\/revisions"}],"predecessor-version":[{"id":11276,"href":"https:\/\/blogs.thesocialmedia.com\/leblogmoto\/wp-json\/wp\/v2\/posts\/579\/revisions\/11276"}],"wp:attachment":[{"href":"https:\/\/blogs.thesocialmedia.com\/leblogmoto\/wp-json\/wp\/v2\/media?parent=579"}],"wp:term":[{"taxonomy":"category","embeddable":true,"href":"https:\/\/blogs.thesocialmedia.com\/leblogmoto\/wp-json\/wp\/v2\/categories?post=579"},{"taxonomy":"post_tag","embeddable":true,"href":"https:\/\/blogs.thesocialmedia.com\/leblogmoto\/wp-json\/wp\/v2\/tags?post=579"}],"curies":[{"name":"wp","href":"https:\/\/api.w.org\/{rel}","templated":true}]}}