{"id":580,"date":"2008-07-12T20:57:16","date_gmt":"2008-07-12T20:57:16","guid":{"rendered":"http:\/\/blogs.thesocialmedia.com\/leblogmoto\/2008\/07\/12\/ouverture-du-mu\/"},"modified":"2012-07-11T16:07:07","modified_gmt":"2012-07-11T16:07:07","slug":"ouverture-du-mu","status":"publish","type":"post","link":"https:\/\/blogs.thesocialmedia.com\/leblogmoto\/2008\/07\/12\/ouverture-du-mu\/","title":{"rendered":"Ouverture du Mus\u00e9e Harley-Davidson"},"content":{"rendered":"<p><a href=\"http:\/\/blogs.thesocialmedia.com\/leblogmoto\/files\/2012\/07\/musee.jpg\"><img loading=\"lazy\" decoding=\"async\" width=\"470\" height=\"248\"  src=\"http:\/\/www.leblogmoto.com\/images\/2008\/07\/12\/musee.jpg\" alt=\"Musee\" \/><\/a> <\/p>\n<p>Le grand jour est arriv\u00e9, ce matin \u00e0 Milwaukee au Wisconsin, le nouveau <a href=\"http:\/\/www.harley-davidson.com\/wcm\/Content\/Pages\/HD_Museum\/Museum.jsp?locale=en_US\">mus\u00e9e Harley-Davidson<\/a> ouvrait ses portes au grand public.<br \/>Situ\u00e9 sur les berges sud de la rivi\u00e8re Menomonee en plein quartier industriel en mal de revitalisation, l\u2019\u00e9difice de 12000 m\u00e8tres carr\u00e9s tend la perche au pass\u00e9 de l\u2019endroit avec son allure d\u2019usine en brique rouge, de verres et de m\u00e9tal.<br \/>Mais c\u2019est bel et bien d\u2019un mus\u00e9e qu\u2019il s\u2019agit, vou\u00e9 \u00e0 la gloire de Harley-Davidson.<\/p>\n<p>L\u2019exp\u00e9rience d\u00e9bute non pas \u00e0 la porte, mais d\u00e8s le stationnement, adapt\u00e9 aux motos avec ses 18 m\u00e8tres de large. Les autres v\u00e9hicules se voyant repouss\u00e9s en p\u00e9riph\u00e9rie.<\/p>\n<p><a href=\"http:\/\/clabedan.typepad.com\/.shared\/image.html?\/photos\/uncategorized\/2008\/07\/12\/harley1.jpg\"><img loading=\"lazy\" decoding=\"async\" width=\"470\" height=\"343\"  src=\"http:\/\/www.leblogmoto.com\/images\/2008\/07\/12\/harley1.jpg\" alt=\"Harley1\" \/><\/a> <\/p>\n<p>Pass\u00e9 l\u2019entr\u00e9e principale, le spectre fait XR-750 d\u2019Evel Knievel nous accueille. Un peu plus loin, on d\u00e9couvre que cette intrigante silhouette au pied de l\u2019escalier est l\u2019ombre projet\u00e9e de la c\u00e9l\u00e8bre Harley du cascadeur, suspendue dans les airs, fig\u00e9e dans un dernier saut.<br \/>Le joyau de la place est le fameux No 1, le premier Harley construit par <a href=\"http:\/\/motorcyclemuseum.org\/halloffame\/hofbiopage.asp?id=45\">William Harley<\/a> et <a href=\"http:\/\/motorcyclemuseum.org\/halloffame\/hofbiopage.asp?id=37\">Arthur Davidson<\/a> en 1903 dans leur petit hangar de 3 par 5 m\u00e8tres.<br \/>\u00c9videmment, toutes les Harley ou presque construite depuis 1915 s\u2019y retrouve, un visionnaire ayant eu l\u2019id\u00e9e de conserver une moto de chaque mod\u00e8le sortant de la cha\u00eene de montage. Ce qui fait que la majorit\u00e9 des 400 motos expos\u00e9es sont des originales n\u2019ayant jamais roul\u00e9 ou si peu.<\/p>\n<p>Comme tout bon mus\u00e9e moderne, les bornes interactives, les pr\u00e9sentations multim\u00e9dias et la possibilit\u00e9 de se mettre au guidon de bon nombre des classiques Harley font partit de l\u2019exp\u00e9rience. Mais avec son demi-million de visiteurs attendus chaque ann\u00e9e, qui voudrait savourer chaque instant devrait soigneusement choisir la p\u00e9riode de l\u2019ann\u00e9e pour s\u2019y rendre.<\/p>\n<p>Construit au co\u00fbt de 75 millions de dollars par et \u00e0 la seule gloire de Harley-Davidson, le mus\u00e9e aura besoin de tous ses visiteurs pour ne pas devenir un \u00e9l\u00e9phant blanc, pour cette compagnie fragilis\u00e9e par la situation \u00e9conomique pr\u00e9caire aux \u00c9tats-Unis, par le vieillissement de sa base et son impossibilit\u00e9, du moins jusqu\u2019\u00e0 maintenant, d\u2019offrir des motos r\u00e9pondant aux aspirations d\u2019une client\u00e8le plus jeune.<\/p>\n<p><a href=\"http:\/\/clabedan.typepad.com\/.shared\/image.html?\/photos\/uncategorized\/2008\/07\/12\/harley8.jpg\"><img loading=\"lazy\" decoding=\"async\" width=\"470\" height=\"296\"  src=\"http:\/\/www.leblogmoto.com\/images\/2008\/07\/12\/harley8.jpg\" alt=\"Harley8\" \/><\/a> <\/p>\n<p><a href=\"http:\/\/blogs.thesocialmedia.com\/leblogmoto\/files\/2012\/07\/harley7.jpg\"><img loading=\"lazy\" decoding=\"async\" width=\"470\" height=\"309\"  src=\"http:\/\/www.leblogmoto.com\/images\/2008\/07\/12\/harley7.jpg\" alt=\"Harley7\" \/><\/a> <\/p>\n<p><a href=\"http:\/\/blogs.thesocialmedia.com\/leblogmoto\/files\/2012\/07\/harley61.jpg\"><img loading=\"lazy\" decoding=\"async\" width=\"470\" height=\"303\"  src=\"http:\/\/www.leblogmoto.com\/images\/2008\/07\/12\/harley6.jpg\" alt=\"Harley6\" \/><\/a> <\/p>\n<p><a href=\"http:\/\/blogs.thesocialmedia.com\/leblogmoto\/files\/2012\/07\/harley5.jpg\"><img loading=\"lazy\" decoding=\"async\" width=\"470\" height=\"283\"  src=\"http:\/\/www.leblogmoto.com\/images\/2008\/07\/12\/harley5.jpg\" alt=\"Harley5\" \/><\/a> <\/p>\n<p><a href=\"http:\/\/blogs.thesocialmedia.com\/leblogmoto\/files\/2012\/07\/harley41.jpg\"><img loading=\"lazy\" decoding=\"async\" width=\"470\" height=\"303\"  src=\"http:\/\/www.leblogmoto.com\/images\/2008\/07\/12\/harley4.jpg\" alt=\"Harley4\" \/><\/a> <\/p>\n<p><a href=\"http:\/\/blogs.thesocialmedia.com\/leblogmoto\/files\/2012\/07\/harley3.jpg\"><img loading=\"lazy\" decoding=\"async\" width=\"470\" height=\"243\"  src=\"http:\/\/www.leblogmoto.com\/images\/2008\/07\/12\/harley3.jpg\" alt=\"Harley3\" \/><\/a> <\/p>\n<p><a href=\"http:\/\/blogs.thesocialmedia.com\/leblogmoto\/files\/2012\/07\/harley22.jpg\"><img loading=\"lazy\" decoding=\"async\" width=\"470\" height=\"254\"  src=\"http:\/\/www.leblogmoto.com\/images\/2008\/07\/12\/harley2.jpg\" alt=\"Harley2\" \/><\/a> <\/p>\n<p><a href=\"http:\/\/blogs.thesocialmedia.com\/leblogmoto\/files\/2012\/07\/harley.jpg\"><img loading=\"lazy\" decoding=\"async\" width=\"470\" height=\"253\"  src=\"http:\/\/www.leblogmoto.com\/images\/2008\/07\/12\/harley.jpg\" alt=\"Harley\" \/><\/a> <\/p>\n","protected":false},"excerpt":{"rendered":"<p>Le grand jour est arriv\u00e9, ce matin \u00e0 Milwaukee au Wisconsin, le nouveau mus\u00e9e Harley-Davidson ouvrait ses portes au grand public.Situ\u00e9 sur les berges sud de la rivi\u00e8re Menomonee en plein quartier industriel en mal de revitalisation, l\u2019\u00e9difice de 12000 m\u00e8tres carr\u00e9s tend la perche au pass\u00e9 de l\u2019endroit avec son allure d\u2019usine en brique [&hellip;]<\/p>\n","protected":false},"author":325,"featured_media":0,"comment_status":"open","ping_status":"open","sticky":false,"template":"","format":"standard","meta":{"footnotes":""},"categories":[49,29,9],"tags":[],"class_list":["post-580","post","type-post","status-publish","format-standard","hentry","category-actualites-entreprise","category-harley-davidson","category-historique"],"yoast_head":"<!-- This site is optimized with the Yoast SEO plugin v26.0 - https:\/\/yoast.com\/wordpress\/plugins\/seo\/ -->\n<title>Ouverture du Mus\u00e9e Harley-Davidson - leblogmoto.com<\/title>\n<meta name=\"robots\" content=\"index, follow, max-snippet:-1, max-image-preview:large, max-video-preview:-1\" \/>\n<link rel=\"canonical\" href=\"https:\/\/blogs.thesocialmedia.com\/leblogmoto\/2008\/07\/12\/ouverture-du-mu\/\" \/>\n<meta name=\"twitter:card\" content=\"summary_large_image\" \/>\n<meta name=\"twitter:title\" content=\"Ouverture du Mus\u00e9e Harley-Davidson - leblogmoto.com\" \/>\n<meta name=\"twitter:description\" content=\"Le grand jour est arriv\u00e9, ce matin \u00e0 Milwaukee au Wisconsin, le nouveau mus\u00e9e Harley-Davidson ouvrait ses portes au grand public.Situ\u00e9 sur les berges sud de la rivi\u00e8re Menomonee en plein quartier industriel en mal de revitalisation, l\u2019\u00e9difice de 12000 m\u00e8tres carr\u00e9s tend la perche au pass\u00e9 de l\u2019endroit avec son allure d\u2019usine en brique [&hellip;]\" \/>\n<meta name=\"twitter:image\" content=\"http:\/\/www.leblogmoto.com\/images\/2008\/07\/12\/musee.jpg\" \/>\n<meta name=\"twitter:label1\" content=\"\u00c9crit par\" \/>\n\t<meta name=\"twitter:data1\" content=\"jacques lesage\" \/>\n\t<meta name=\"twitter:label2\" content=\"Dur\u00e9e de lecture estim\u00e9e\" \/>\n\t<meta name=\"twitter:data2\" content=\"2 minutes\" \/>\n<script type=\"application\/ld+json\" class=\"yoast-schema-graph\">{\"@context\":\"https:\/\/schema.org\",\"@graph\":[{\"@type\":\"WebPage\",\"@id\":\"https:\/\/blogs.thesocialmedia.com\/leblogmoto\/2008\/07\/12\/ouverture-du-mu\/\",\"url\":\"https:\/\/blogs.thesocialmedia.com\/leblogmoto\/2008\/07\/12\/ouverture-du-mu\/\",\"name\":\"Ouverture du Mus\u00e9e Harley-Davidson - leblogmoto.com\",\"isPartOf\":{\"@id\":\"https:\/\/blogs.thesocialmedia.com\/leblogmoto\/#website\"},\"primaryImageOfPage\":{\"@id\":\"https:\/\/blogs.thesocialmedia.com\/leblogmoto\/2008\/07\/12\/ouverture-du-mu\/#primaryimage\"},\"image\":{\"@id\":\"https:\/\/blogs.thesocialmedia.com\/leblogmoto\/2008\/07\/12\/ouverture-du-mu\/#primaryimage\"},\"thumbnailUrl\":\"http:\/\/www.leblogmoto.com\/images\/2008\/07\/12\/musee.jpg\",\"datePublished\":\"2008-07-12T20:57:16+00:00\",\"dateModified\":\"2012-07-11T16:07:07+00:00\",\"author\":{\"@id\":\"https:\/\/blogs.thesocialmedia.com\/leblogmoto\/#\/schema\/person\/e82a0ca8a9a63d031586097a3ed58526\"},\"breadcrumb\":{\"@id\":\"https:\/\/blogs.thesocialmedia.com\/leblogmoto\/2008\/07\/12\/ouverture-du-mu\/#breadcrumb\"},\"inLanguage\":\"fr-FR\",\"potentialAction\":[{\"@type\":\"ReadAction\",\"target\":[\"https:\/\/blogs.thesocialmedia.com\/leblogmoto\/2008\/07\/12\/ouverture-du-mu\/\"]}]},{\"@type\":\"ImageObject\",\"inLanguage\":\"fr-FR\",\"@id\":\"https:\/\/blogs.thesocialmedia.com\/leblogmoto\/2008\/07\/12\/ouverture-du-mu\/#primaryimage\",\"url\":\"http:\/\/www.leblogmoto.com\/images\/2008\/07\/12\/musee.jpg\",\"contentUrl\":\"http:\/\/www.leblogmoto.com\/images\/2008\/07\/12\/musee.jpg\"},{\"@type\":\"BreadcrumbList\",\"@id\":\"https:\/\/blogs.thesocialmedia.com\/leblogmoto\/2008\/07\/12\/ouverture-du-mu\/#breadcrumb\",\"itemListElement\":[{\"@type\":\"ListItem\",\"position\":1,\"name\":\"Accueil\",\"item\":\"https:\/\/blogs.thesocialmedia.com\/leblogmoto\/\"},{\"@type\":\"ListItem\",\"position\":2,\"name\":\"Ouverture du Mus\u00e9e Harley-Davidson\"}]},{\"@type\":\"WebSite\",\"@id\":\"https:\/\/blogs.thesocialmedia.com\/leblogmoto\/#website\",\"url\":\"https:\/\/blogs.thesocialmedia.com\/leblogmoto\/\",\"name\":\"leblogmoto\",\"description\":\"Toute l&#039;actualit\u00e9 des 2 roues\",\"potentialAction\":[{\"@type\":\"SearchAction\",\"target\":{\"@type\":\"EntryPoint\",\"urlTemplate\":\"https:\/\/blogs.thesocialmedia.com\/leblogmoto\/?s={search_term_string}\"},\"query-input\":{\"@type\":\"PropertyValueSpecification\",\"valueRequired\":true,\"valueName\":\"search_term_string\"}}],\"inLanguage\":\"fr-FR\"},{\"@type\":\"Person\",\"@id\":\"https:\/\/blogs.thesocialmedia.com\/leblogmoto\/#\/schema\/person\/e82a0ca8a9a63d031586097a3ed58526\",\"name\":\"jacques lesage\",\"image\":{\"@type\":\"ImageObject\",\"inLanguage\":\"fr-FR\",\"@id\":\"https:\/\/blogs.thesocialmedia.com\/leblogmoto\/#\/schema\/person\/image\/\",\"url\":\"https:\/\/secure.gravatar.com\/avatar\/?s=96&d=mm&r=g\",\"contentUrl\":\"https:\/\/secure.gravatar.com\/avatar\/?s=96&d=mm&r=g\",\"caption\":\"jacques lesage\"},\"url\":\"https:\/\/blogs.thesocialmedia.com\/leblogmoto\/author\/jacques-lesage\/\"}]}<\/script>\n<!-- \/ Yoast SEO plugin. -->","yoast_head_json":{"title":"Ouverture du Mus\u00e9e Harley-Davidson - leblogmoto.com","robots":{"index":"index","follow":"follow","max-snippet":"max-snippet:-1","max-image-preview":"max-image-preview:large","max-video-preview":"max-video-preview:-1"},"canonical":"https:\/\/blogs.thesocialmedia.com\/leblogmoto\/2008\/07\/12\/ouverture-du-mu\/","twitter_card":"summary_large_image","twitter_title":"Ouverture du Mus\u00e9e Harley-Davidson - leblogmoto.com","twitter_description":"Le grand jour est arriv\u00e9, ce matin \u00e0 Milwaukee au Wisconsin, le nouveau mus\u00e9e Harley-Davidson ouvrait ses portes au grand public.Situ\u00e9 sur les berges sud de la rivi\u00e8re Menomonee en plein quartier industriel en mal de revitalisation, l\u2019\u00e9difice de 12000 m\u00e8tres carr\u00e9s tend la perche au pass\u00e9 de l\u2019endroit avec son allure d\u2019usine en brique [&hellip;]","twitter_image":"http:\/\/www.leblogmoto.com\/images\/2008\/07\/12\/musee.jpg","twitter_misc":{"\u00c9crit par":"jacques lesage","Dur\u00e9e de lecture estim\u00e9e":"2 minutes"},"schema":{"@context":"https:\/\/schema.org","@graph":[{"@type":"WebPage","@id":"https:\/\/blogs.thesocialmedia.com\/leblogmoto\/2008\/07\/12\/ouverture-du-mu\/","url":"https:\/\/blogs.thesocialmedia.com\/leblogmoto\/2008\/07\/12\/ouverture-du-mu\/","name":"Ouverture du Mus\u00e9e Harley-Davidson - leblogmoto.com","isPartOf":{"@id":"https:\/\/blogs.thesocialmedia.com\/leblogmoto\/#website"},"primaryImageOfPage":{"@id":"https:\/\/blogs.thesocialmedia.com\/leblogmoto\/2008\/07\/12\/ouverture-du-mu\/#primaryimage"},"image":{"@id":"https:\/\/blogs.thesocialmedia.com\/leblogmoto\/2008\/07\/12\/ouverture-du-mu\/#primaryimage"},"thumbnailUrl":"http:\/\/www.leblogmoto.com\/images\/2008\/07\/12\/musee.jpg","datePublished":"2008-07-12T20:57:16+00:00","dateModified":"2012-07-11T16:07:07+00:00","author":{"@id":"https:\/\/blogs.thesocialmedia.com\/leblogmoto\/#\/schema\/person\/e82a0ca8a9a63d031586097a3ed58526"},"breadcrumb":{"@id":"https:\/\/blogs.thesocialmedia.com\/leblogmoto\/2008\/07\/12\/ouverture-du-mu\/#breadcrumb"},"inLanguage":"fr-FR","potentialAction":[{"@type":"ReadAction","target":["https:\/\/blogs.thesocialmedia.com\/leblogmoto\/2008\/07\/12\/ouverture-du-mu\/"]}]},{"@type":"ImageObject","inLanguage":"fr-FR","@id":"https:\/\/blogs.thesocialmedia.com\/leblogmoto\/2008\/07\/12\/ouverture-du-mu\/#primaryimage","url":"http:\/\/www.leblogmoto.com\/images\/2008\/07\/12\/musee.jpg","contentUrl":"http:\/\/www.leblogmoto.com\/images\/2008\/07\/12\/musee.jpg"},{"@type":"BreadcrumbList","@id":"https:\/\/blogs.thesocialmedia.com\/leblogmoto\/2008\/07\/12\/ouverture-du-mu\/#breadcrumb","itemListElement":[{"@type":"ListItem","position":1,"name":"Accueil","item":"https:\/\/blogs.thesocialmedia.com\/leblogmoto\/"},{"@type":"ListItem","position":2,"name":"Ouverture du Mus\u00e9e Harley-Davidson"}]},{"@type":"WebSite","@id":"https:\/\/blogs.thesocialmedia.com\/leblogmoto\/#website","url":"https:\/\/blogs.thesocialmedia.com\/leblogmoto\/","name":"leblogmoto","description":"Toute l&#039;actualit\u00e9 des 2 roues","potentialAction":[{"@type":"SearchAction","target":{"@type":"EntryPoint","urlTemplate":"https:\/\/blogs.thesocialmedia.com\/leblogmoto\/?s={search_term_string}"},"query-input":{"@type":"PropertyValueSpecification","valueRequired":true,"valueName":"search_term_string"}}],"inLanguage":"fr-FR"},{"@type":"Person","@id":"https:\/\/blogs.thesocialmedia.com\/leblogmoto\/#\/schema\/person\/e82a0ca8a9a63d031586097a3ed58526","name":"jacques lesage","image":{"@type":"ImageObject","inLanguage":"fr-FR","@id":"https:\/\/blogs.thesocialmedia.com\/leblogmoto\/#\/schema\/person\/image\/","url":"https:\/\/secure.gravatar.com\/avatar\/?s=96&d=mm&r=g","contentUrl":"https:\/\/secure.gravatar.com\/avatar\/?s=96&d=mm&r=g","caption":"jacques lesage"},"url":"https:\/\/blogs.thesocialmedia.com\/leblogmoto\/author\/jacques-lesage\/"}]}},"_links":{"self":[{"href":"https:\/\/blogs.thesocialmedia.com\/leblogmoto\/wp-json\/wp\/v2\/posts\/580","targetHints":{"allow":["GET"]}}],"collection":[{"href":"https:\/\/blogs.thesocialmedia.com\/leblogmoto\/wp-json\/wp\/v2\/posts"}],"about":[{"href":"https:\/\/blogs.thesocialmedia.com\/leblogmoto\/wp-json\/wp\/v2\/types\/post"}],"author":[{"embeddable":true,"href":"https:\/\/blogs.thesocialmedia.com\/leblogmoto\/wp-json\/wp\/v2\/users\/325"}],"replies":[{"embeddable":true,"href":"https:\/\/blogs.thesocialmedia.com\/leblogmoto\/wp-json\/wp\/v2\/comments?post=580"}],"version-history":[{"count":2,"href":"https:\/\/blogs.thesocialmedia.com\/leblogmoto\/wp-json\/wp\/v2\/posts\/580\/revisions"}],"predecessor-version":[{"id":11272,"href":"https:\/\/blogs.thesocialmedia.com\/leblogmoto\/wp-json\/wp\/v2\/posts\/580\/revisions\/11272"}],"wp:attachment":[{"href":"https:\/\/blogs.thesocialmedia.com\/leblogmoto\/wp-json\/wp\/v2\/media?parent=580"}],"wp:term":[{"taxonomy":"category","embeddable":true,"href":"https:\/\/blogs.thesocialmedia.com\/leblogmoto\/wp-json\/wp\/v2\/categories?post=580"},{"taxonomy":"post_tag","embeddable":true,"href":"https:\/\/blogs.thesocialmedia.com\/leblogmoto\/wp-json\/wp\/v2\/tags?post=580"}],"curies":[{"name":"wp","href":"https:\/\/api.w.org\/{rel}","templated":true}]}}